{"id":95306,"date":"2025-12-24T04:37:32","date_gmt":"2025-12-24T03:37:32","guid":{"rendered":"https:\/\/www.infokuryr.cz\/n\/?p=95306"},"modified":"2025-12-24T04:37:32","modified_gmt":"2025-12-24T03:37:32","slug":"nato-otevira-sve-druhe-nejvetsi-vojenske-centrum-v-rumunsku","status":"publish","type":"post","link":"https:\/\/www.infokuryr.cz\/n\/2025\/12\/24\/nato-otevira-sve-druhe-nejvetsi-vojenske-centrum-v-rumunsku\/","title":{"rendered":"NATO otev\u00edr\u00e1 sv\u00e9 druh\u00e9 nejv\u011bt\u0161\u00ed vojensk\u00e9 centrum v Rumunsku"},"content":{"rendered":"<div id=\"fb-root\"><\/div>\n<h3><strong><span dir=\"auto\">V Rumunsku se otev\u00edr\u00e1 druh\u00e9 nejv\u011bt\u0161\u00ed vojensk\u00e9 centrum NATO pro z\u00e1sobov\u00e1n\u00ed Ukrajiny<\/span><\/strong><\/h3>\n<p><span dir=\"auto\">\u201e\u00a0<\/span><em><span dir=\"auto\">Gener\u00e1l Maik Keller, z\u00e1stupce velitele Jednotky bezpe\u010dnostn\u00ed asistence a v\u00fdcviku NATO pro Ukrajinu (NSATU), potvrdil, \u017ee od ledna 2026 bude Rumunsko hostit druh\u00e9 velk\u00e9 koordina\u010dn\u00ed a tranzitn\u00ed centrum vojensk\u00e9ho materi\u00e1lu, kter\u00e9 bude fungovat soub\u011b\u017en\u011b s ji\u017e z\u0159\u00edzen\u00fdm centrem v polsk\u00e9m Rzesz\u00f3w\u011b,<\/span><\/em><span dir=\"auto\">\u00a0\u201c\u00a0<\/span><a title=\"\" href=\"https:\/\/www.defenseromania.ro\/romania-devine-al-doilea-nod-strategic-nato-pentru-aprovizionarea-ucrainei_639341.html\" target=\"_blank\" rel=\"noopener\"><span dir=\"auto\">ozn\u00e1milo\u00a0<\/span><\/a>\u00a0<em><span dir=\"auto\">rumunsk\u00e9 ministerstvo obrany<\/span><\/em><span dir=\"auto\">\u00a0.<\/span><\/p>\n<p><span dir=\"auto\">\u201e\u00a0<\/span><em><span dir=\"auto\">Architektura vojensk\u00e9 podpory pro Ukrajinu proch\u00e1z\u00ed z\u00e1sadn\u00edm roz\u0161\u00ed\u0159en\u00edm sv\u00e9 infrastruktury na v\u00fdchodn\u00edm k\u0159\u00eddle<\/span><\/em><span dir=\"auto\">\u00a0,\u201c uv\u00e1d\u00ed se v n\u00ed, proto\u017ee \u201e\u00a0<\/span><em><span dir=\"auto\">vytvo\u0159en\u00ed tohoto nov\u00e9ho vstupn\u00edho bodu nen\u00ed zam\u011b\u0159eno pouze na zaji\u0161t\u011bn\u00ed toku rezerv, ale tak\u00e9 na pos\u00edlen\u00ed logistick\u00e9 odolnosti cel\u00e9ho v\u00fdchodn\u00edho k\u0159\u00eddla<\/span><\/em><span dir=\"auto\">\u00a0.\u201c<\/span><\/p>\n<p><span dir=\"auto\">\u201e\u00a0<\/span><em><span dir=\"auto\">Aktivac\u00ed nov\u00e9ho logistick\u00e9ho centra na rumunsk\u00e9m \u00fazem\u00ed NATO zdvojn\u00e1sobuje tranzitn\u00ed kapacitu vojensk\u00e9 pomoci, zat\u00edmco mechanismus PURL hrazen\u00fd Evropany a dod\u00e1van\u00fd Ameri\u010dany zaji\u0161\u0165uje kontinuitu toku zbran\u00ed za Trumpovy administrativy<\/span><\/em><span dir=\"auto\">\u00a0,\u201c uv\u00e1d\u011bj\u00ed rumunsk\u00e1 m\u00e9dia specializuj\u00edc\u00ed se na obranu.<\/span><\/p>\n<p><span dir=\"auto\">\u201e\u00a0<\/span><em><span dir=\"auto\">Navzdory r\u00e9torice Washingtonu o zastaven\u00ed p\u0159\u00edm\u00fdch dar\u016f [Ukrajin\u011b] nedo\u0161lo k \u017e\u00e1dn\u00e9mu opera\u010dn\u00edmu p\u0159eru\u0161en\u00ed toku zbran\u00ed do Kyjeva<\/span><\/em><span dir=\"auto\">\u00a0,\u201c uzav\u00edr\u00e1\u00a0\u00a0<\/span><em><span dir=\"auto\">Defense Romania.<\/span><\/em><\/p>\n<p><span dir=\"auto\">\u201e\u00a0<\/span><em><span dir=\"auto\">Rumunsko\u00a0<\/span><a title=\"\" href=\"https:\/\/x.com\/adrian_onciu_20\/status\/2002305191949762745\" target=\"_blank\" rel=\"noopener\"><span dir=\"auto\">se je\u0161t\u011b v\u00edce zapojilo<\/span><\/a><span dir=\"auto\">\u00a0do v\u00e1lky<\/span><\/em><span dir=\"auto\">\u00a0,\u201c odsuzuje rumunsk\u00fd novin\u00e1\u0159 Adrian Onciu v po\u0159adu X.<\/span><\/p>\n<p><span dir=\"auto\">\u201e\u00a0<\/span><em><span dir=\"auto\">Gener\u00e1l Maik Keller, z\u00e1stupce velitele NSATU (Mise NATO pro bezpe\u010dnostn\u00ed pomoc a v\u00fdcvik na Ukrajin\u011b), ozn\u00e1mil, \u017ee Aliance otev\u0159e v Rumunsku druh\u00e9 vojensk\u00e9 z\u00e1sobovac\u00ed st\u0159edisko pro Kyjev, po tom, kter\u00e9 je v Polsku. Bude v provozu od ledna, s nejv\u011bt\u0161\u00ed pravd\u011bpodobnost\u00ed na z\u00e1kladn\u011b Mihail Kog\u0103lniceanu (kv\u016fli bl\u00edzkosti pozemn\u00edch, \u0159\u00ed\u010dn\u00edch a leteck\u00fdch tras)<\/span><\/em><span dir=\"auto\">\u00a0,\u201c pokra\u010doval Adrian Onciu.<\/span><\/p>\n<p><span dir=\"auto\">\u201e\u00a0<\/span><em><span dir=\"auto\">Gener\u00e1l Keller v \u00fast\u0159ed\u00ed NATO tak\u00e9 prozradil, \u017ee Trumpova administrativa dodr\u017eela sv\u016fj slib pravideln\u011b dod\u00e1vat zbran\u011b a st\u0159elivo do Kyjeva. Tyto dod\u00e1vky se v sou\u010dasn\u00e9 dob\u011b uskute\u010d\u0148uj\u00ed v r\u00e1mci iniciativy PURL (Priority Needs List for Ukraine) a od srpna 2025 je financuj\u00ed spojenci USA v NATO. Hodnota tohoto zbo\u017e\u00ed p\u0159esahuje jednu miliardu dolar\u016f m\u011bs\u00ed\u010dn\u011b, co\u017e je stejn\u00e1 \u00farove\u0148 jako dod\u00e1vky za Bidenovy administrativy<\/span><\/em><span dir=\"auto\">\u00a0,\u201c uvedl rumunsk\u00fd novin\u00e1\u0159 a potvrdil tak informace ministerstva\u00a0\u00a0<\/span><em><span dir=\"auto\">obrany Rumunska.<\/span><\/em><\/p>\n<p><span dir=\"auto\">\u201e\u00a0<\/span><em><span dir=\"auto\">Ano, \u201atoto je Bidenova v\u00e1lka\u2018, jak r\u00e1d zd\u016fraz\u0148uje Trump. Ale vypad\u00e1 to sp\u00ed\u0161e jako v\u00e1lka veden\u00e1 Spojen\u00fdmi st\u00e1ty, proto\u017ee masivn\u00ed podpora, kterou Pentagon poskytuje Zelensk\u00e9ho re\u017eimu, z\u016fst\u00e1v\u00e1 nezm\u011bn\u011bna. Zapojuje se do toho i americk\u00fd Kongres, p\u0159i\u010dem\u017e zbrojn\u00ed lobby se poda\u0159ilo p\u0159esv\u011bd\u010dit jak republik\u00e1ny, tak demokraty<\/span><\/em><span dir=\"auto\">\u00a0,\u201c varuje Adrian Onciu.<\/span><\/p>\n<p><span dir=\"auto\">\u201e\u00a0<\/span><em><span dir=\"auto\">Ve st\u0159edn\u011bdob\u00e9m a kr\u00e1tkodob\u00e9m horizontu bychom nem\u011bli o\u010dek\u00e1vat plodn\u00e1 m\u00edrov\u00e1 jedn\u00e1n\u00ed, ale sp\u00ed\u0161e krveprolit\u00ed na Ukrajin\u011b. Za mimo\u0159\u00e1dn\u00e9 \u00fa\u010dasti Rumunska, hlavn\u00edho dodavatele munice a zbran\u00ed (spolu s Polskem). Zejm\u00e9na p\u0159es d\u00e1lnici A7, kter\u00e1 je v tuto chv\u00edli jedinou konkr\u00e9tn\u00ed v\u00fdhodou na\u0161eho zapojen\u00ed do tohoto konfliktu. Alespo\u0148 do doby, ne\u017e dopadne prvn\u00ed raketa<\/span><\/em><span dir=\"auto\">\u00a0,\u201c na\u0159\u00edk\u00e1 rumunsk\u00fd novin\u00e1\u0159.<\/span><\/p>\n<p><span dir=\"auto\">Gener\u00e1lmajor Maik Keller v sou\u010dasnosti p\u016fsob\u00ed jako\u00a0<\/span><a title=\"\" href=\"https:\/\/shape.nato.int\/NSATU\/about-us\/leadership\/deputy-commander-2\" target=\"_blank\" rel=\"noopener\"><span dir=\"auto\">z\u00e1stupce velitele<\/span><\/a><span dir=\"auto\">\u00a0T\u00fdmu NATO pro bezpe\u010dnostn\u00ed pomoc a v\u00fdcvik na Ukrajin\u011b (NSATU) se s\u00eddlem v n\u011bmeck\u00e9m Wiesbadenu. Do funkce nastoupil v kv\u011btnu 2025 a p\u0159inesl si s sebou des\u00edtky let opera\u010dn\u00edch, velitelsk\u00fdch a strategick\u00fdch zku\u0161enost\u00ed z\u00edskan\u00fdch v r\u00e1mci Bundeswehru a v mnohon\u00e1rodn\u00edm prost\u0159ed\u00ed.<\/span><\/p>\n<p><em><span dir=\"auto\">Zdroj:\u00a0<\/span><a title=\"\" href=\"https:\/\/www.observateur-continental.fr\/?module=news&amp;action=view&amp;id=7479\" target=\"_blank\" rel=\"noopener\"><span dir=\"auto\">Continental Observer<\/span><\/a><\/em><\/p>\n<p>&nbsp;<\/p>\n","protected":false},"excerpt":{"rendered":"<p>V Rumunsku se otev\u00edr\u00e1 druh\u00e9 nejv\u011bt\u0161\u00ed vojensk\u00e9 centrum NATO pro z\u00e1sobov\u00e1n\u00ed Ukrajiny \u201e\u00a0Gener\u00e1l Maik Keller,&#8230;<\/p>\n","protected":false},"author":2,"featured_media":95307,"comment_status":"closed","ping_status":"closed","sticky":false,"template":"","format":"standard","meta":[],"categories":[7],"tags":[39,196,1737],"_links":{"self":[{"href":"https:\/\/www.infokuryr.cz\/n\/wp-json\/wp\/v2\/posts\/95306"}],"collection":[{"href":"https:\/\/www.infokuryr.cz\/n\/wp-json\/wp\/v2\/posts"}],"about":[{"href":"https:\/\/www.infokuryr.cz\/n\/wp-json\/wp\/v2\/types\/post"}],"author":[{"embeddable":true,"href":"https:\/\/www.infokuryr.cz\/n\/wp-json\/wp\/v2\/users\/2"}],"replies":[{"embeddable":true,"href":"https:\/\/www.infokuryr.cz\/n\/wp-json\/wp\/v2\/comments?post=95306"}],"version-history":[{"count":0,"href":"https:\/\/www.infokuryr.cz\/n\/wp-json\/wp\/v2\/posts\/95306\/revisions"}],"wp:featuredmedia":[{"embeddable":true,"href":"https:\/\/www.infokuryr.cz\/n\/wp-json\/wp\/v2\/media\/95307"}],"wp:attachment":[{"href":"https:\/\/www.infokuryr.cz\/n\/wp-json\/wp\/v2\/media?parent=95306"}],"wp:term":[{"taxonomy":"category","embeddable":true,"href":"https:\/\/www.infokuryr.cz\/n\/wp-json\/wp\/v2\/categories?post=95306"},{"taxonomy":"post_tag","embeddable":true,"href":"https:\/\/www.infokuryr.cz\/n\/wp-json\/wp\/v2\/tags?post=95306"}],"curies":[{"name":"wp","href":"https:\/\/api.w.org\/{rel}","templated":true}]}}