{"id":95301,"date":"2025-12-24T04:23:45","date_gmt":"2025-12-24T03:23:45","guid":{"rendered":"https:\/\/www.infokuryr.cz\/n\/?p=95301"},"modified":"2025-12-24T04:23:45","modified_gmt":"2025-12-24T03:23:45","slug":"sedel-jsem-za-kulometem-a-premyslel-zda-strilet-do-lidi-byl-stedry-vecer","status":"publish","type":"post","link":"https:\/\/www.infokuryr.cz\/n\/2025\/12\/24\/sedel-jsem-za-kulometem-a-premyslel-zda-strilet-do-lidi-byl-stedry-vecer\/","title":{"rendered":"Sed\u011bl jsem za kulometem a p\u0159em\u00fd\u0161lel, zda st\u0159\u00edlet &#8230; do lid\u00ed. Byl \u0160t\u011bdr\u00fd ve\u010der"},"content":{"rendered":"<div id=\"fb-root\"><\/div>\n<h3>Z vypr\u00e1v\u011bn\u00ed pam\u011btn\u00edka 1. sv\u011btov\u00e9 v\u00e1lky<\/h3>\n<p><strong>\u201eZasn\u011b\u017een\u00e9 pl\u00e1n\u011b vypadaly idylicky, krev z minul\u00fdch boj\u016f se vs\u00e1kla\u2026 jenom slzy poz\u016fstal\u00fdch se je\u0161t\u011b t\u0159pytily v d\u00e1lk\u00e1ch\u2026 dlouho se budou t\u0159pytit\u2026<\/strong><\/p>\n<p><strong>Nen\u00ed ka\u017ed\u00e1 v\u00e1lka bojem proti evangeliu?<\/strong><\/p>\n<p>M\u011bl jsem tehdy na starosti kousek svahu, \u2026tam, kde kon\u010dil m\u016fj \u00fasek, sed\u011bl zase jin\u00fd voj\u00e1k, a kde kon\u010dil jeho \u00fasek, sed\u011bl dal\u0161\u00ed se sv\u00fdm kulometem\u2026 takhle jsme tam byli rozesazeni na \u00fabo\u010d\u00ed. Podivn\u00ed koledn\u00edci\u2026<\/p>\n<p>M\u016fj \u00fasek byl zvl\u00e1\u0161\u0165 d\u016fle\u017eit\u00fd, stezka ve skaln\u00ed sout\u011bsce.<\/p>\n<p>Ne\u010dekal se \u017e\u00e1dn\u00fd \u00fatok. Tehdej\u0161\u00ed v\u00e1l\u010den\u00ed za prvn\u00ed v\u00e1lky bylo nesm\u00edrn\u011b krut\u00e9, \u2026p\u0159esto se jist\u00e9 starod\u00e1vn\u00e9 oby\u010deje \u010dasto zachov\u00e1valy.<\/p>\n<p>A k nim pat\u0159ilo \u201enebudit Je\u017e\u00ed\u0161ka\u201c.<\/p>\n<p>Tak se tomu aspo\u0148 na na\u0161\u00ed stran\u011b fronty \u0159\u00edk\u00e1valo.<\/p>\n<p>Kdy\u017e \u0159\u00edk\u00e1m \u201ena na\u0161\u00ed stran\u011b fronty\u201c, nemysl\u00edm t\u00edm jenom jednu stranu boji\u0161t\u011b. \u201eNa\u0161e strana boji\u0161t\u011b\u201c je zde m\u00edn\u011bna jako ta strana, na kter\u00e9 proti sob\u011b st\u00e1ly dv\u011b nep\u0159\u00e1telsk\u00e9 arm\u00e1dy.<\/p>\n<p>Proto\u017ee j\u00e1 jsem c\u00edtil, \u017ee ob\u011b strany boji\u0161t\u011b jsou \u201ena\u0161e\u201c, \u2026ob\u011b jsou pln\u00e9 ne\u0161\u0165astn\u00fdch mlad\u00ed\u010dk\u016f\u2026<\/p>\n<p>P\u0159estalo sn\u011b\u017eit. Z vysok\u00fdch sn\u011b\u017en\u00fdch oblak\u016f klesaly jenom vlo\u010dky ticha.<\/p>\n<p>\u010cetl jsem si ve sv\u011btle mali\u010dk\u00e9 lampy dopisy z domova. Znovu a znovu\u2026<\/p>\n<p>Maminka mi ps\u00e1vala dlouh\u00e9 dopisy a j\u00e1 jsem si p\u0159i jejich \u010detb\u011b p\u0159ipadal, jako bych sed\u011bl u n\u00ed v na\u0161\u00ed venkovsk\u00e9 kuchyni a jako bych se ned\u00edval na p\u00edsmenka, \u2026 jako bych j\u00ed naslouchal.<\/p>\n<p>Tak\u00e9 mi psali str\u00fdcov\u00e9 a kamar\u00e1di\u2026 a profesor ze \u0161koly\u2026 m\u011bl jsem ty dopisy se\u0159azen\u00e9 a \u010d\u00edtal jsem si v nich denn\u011b, jinou \u010detbu jsem v z\u00e1kopech stejn\u011b ani nem\u011bl.<\/p>\n<p>A v tom \u2013<\/p>\n<p>\u00datok.<\/p>\n<p>Vylet\u011bly sv\u011btlice.<\/p>\n<p>Vzl\u00e9tly d\u011blost\u0159eleck\u00e9 gran\u00e1ty.<\/p>\n<p>Z druh\u00e9 strany, \u201enep\u0159\u00e1telsk\u00e9\u201c strany, vyb\u011bhli voj\u00e1ci.<\/p>\n<p>Copak o to, vymy\u0161len\u00e9 to m\u011bli dob\u0159e. Nep\u0159edpokl\u00e1dali jsme, \u017ee by se o v\u00e1no\u010dn\u00ed noci p\u0159estalo zachov\u00e1vat nepsan\u00e9 p\u0159\u00edm\u011b\u0159\u00ed, a pr\u00e1v\u011b tento \u00fasek fronty mohl b\u00fdt pr\u016flomov\u00fd, kdyby se nep\u0159\u00e1tel\u016fm poda\u0159ilo na tomhle svahu vy\u0159adit na\u0161i obranu, mohli touto \u0161t\u011brbinou, jako prasklinou ve vodn\u00ed hr\u00e1zi, prot\u00e9kat jejich jednotky do na\u0161eho t\u00fdlu a obej\u00edt n\u00e1s zezadu. Dostat n\u00e1s t\u00edm do neproniknuteln\u00e9ho sev\u0159en\u00ed a napadnout n\u00e1s pak zep\u0159edu i zezadu\u2026 ZNI\u010cIT.<\/p>\n<p>Strategicky to bylo vymy\u0161len\u00e9 skv\u011ble.<\/p>\n<p>P\u0159i spole\u010densk\u00fdch hr\u00e1ch prohr\u00e1v\u00e1 ten, kdo poru\u0161\u00ed pravidla.<\/p>\n<p>Za v\u00e1lky se naopak fale\u0161n\u00ed hr\u00e1\u010di mohou dostat k medail\u00edm, k v\u00edt\u011bzstv\u00ed\u2026<\/p>\n<p>A za\u00fato\u010dit na \u0160t\u011bdr\u00fd den \u2013 nen\u00ed to fale\u0161n\u00e1 hra?<\/p>\n<p>D\u00edval jsem se na voj\u00e1ky, b\u011b\u017e\u00ed s pu\u0161kami, na nich maj\u00ed nasazen\u00e9 bajonety\u2026 p\u00e1d\u00ed proti m\u00e9mu \u00faseku fronty \u2013<\/p>\n<p>A j\u00e1 sed\u00edm za kulometem\u2026<\/p>\n<p>Sta\u010d\u00ed \u2013<\/p>\n<p>Sta\u010d\u00ed, abych za\u010dal st\u0159\u00edlet.<\/p>\n<p>M\u011bl jsem dobr\u00e9 postaven\u00ed. A z m\u00e9ho m\u00edsta jsem \u2026v pom\u011brn\u011b jasn\u00e9 \u0161t\u011bdrove\u010dern\u00ed noci\u2026 mohl st\u0159\u00edlet na jisto, \u2026jako bych byl u n\u00e1s doma na pou\u0165ov\u00e9 st\u0159elnici\u2026<\/p>\n<p>Chvilka \u2013<\/p>\n<p>A v\u0161ichni ti, kdo se v tuhle chv\u00edli dr\u00e1pou proti mn\u011b na svah, budou \u2013<\/p>\n<p>Mrtv\u00ed.<\/p>\n<p>P\u0159edstavil jsem si, \u017ee budou MRTV\u00cd. Ne jenom \u201emrtv\u00ed\u201c, mrtv\u00ed v uvozovk\u00e1ch\u2026. Tedy: nep\u0159edstavil jsem si jenom obvyklou \u00fa\u0159edn\u00ed zpr\u00e1vu, ve kter\u00e9 n\u011bjak\u00fd poz\u00edv\u00e1vaj\u00edc\u00ed novin\u00e1\u0159 nap\u00ed\u0161e \u201edo\u0161lo k tolika a tolika ztr\u00e1t\u00e1m na \u017eivotech.\u201c U\u017e jen formulace, jakou jsem \u010d\u00edt\u00e1val ve v\u00e1le\u010dn\u00fdch novin\u00e1ch \u201edo\u0161lo ke ztr\u00e1t\u00e1m na \u017eivotech\u201c se mi jevila odporn\u00e1\u2026 Jako by to nepsal \u010dlov\u011bk, jako by tyto hl\u00e1sky \u010drtal\u2026 \u010f\u00e1bl\u016fv dr\u00e1p\u2026<\/p>\n<p>Sed\u011bl jsem za kulometem a uv\u011bdomoval si \u2013<\/p>\n<p>TOHLE JSOU MO\u017dN\u00c1 POSLEDN\u00cd MINUTY M\u00c9HO \u017dIVOTA.<\/p>\n<p>V novin\u00e1ch se objev\u00ed zpr\u00e1va \u2013<\/p>\n<p>\u201eP\u0159i \u00fatoku na p\u0159esunut\u00e9 posice na\u0161eho z\u00e1kopov\u00e9ho opevn\u011bn\u00ed padl ten a ten\u2026\u201c<\/p>\n<p>Ten a ten?<\/p>\n<p>J\u00c1.<\/p>\n<p>Ka\u017ed\u00fd, kdo za n\u011bjak\u00e9 v\u00e1lky padne, je p\u0159ece n\u011bjak\u00fd J\u00c1.<\/p>\n<p>Mo\u017en\u00e1 ani nenap\u00ed\u0161\u00ed jm\u00e9no\u2026 m\u00e9 jm\u00e9no.<\/p>\n<p>N\u011bkdy se p\u00ed\u0161e jenom po\u010det podl\u00fdch, mrtv\u00ed se jako by prom\u011b\u0148ovali\u2026 do \u010d\u00edslic\u2026<\/p>\n<p>P\u0159edstavil jsem si, \u017ee ka\u017ed\u00fd z t\u011bch, co na m\u011b b\u011b\u017e\u00ed, \u2026aby m\u011b zabili, zast\u0159elili, probodli bajonetem\u2026 m\u00e1 jist\u011b n\u011bkoho, kdo ho m\u00e1 r\u00e1d \u2013<\/p>\n<p>N\u011bkoho, kdo dostane zpr\u00e1vu o jeho smrti\u2026, otev\u0159e dopis, \u2026rozpl\u00e1\u010de se\u2026<\/p>\n<p>Uv\u011bdom\u00ed si, \u017ee ten, kdo padl, jej miloval\u2026 a ti dva se u\u017e nikdy na tomto sv\u011bt\u011b neshledaj\u00ed\u2026<\/p>\n<p>Samoz\u0159ejm\u011b, \u2026nemut\u00fdroval jsem \u201ep\u0159\u00edmo takhle\u201c, \u2026to ne\u2026, na to nebyl \u010das v mo\u0159i z\u00e1blesk\u016f\u2026 v pablesc\u00edch ze sv\u011btlic, \u2026z d\u011blost\u0159eleck\u00fdch salv, prov\u00e1zej\u00edc\u00edch \u00fatok\u2026, \u2026vn\u00edmal jsem my\u0161lenky pouze v podob\u011b rozpl\u00fdvav\u00fdch pocit\u016f\u2026 V t\u00e9 kv\u00edliv\u00e9 st\u0159elb\u011b, za\u010dala kolem m\u011b hv\u00edzdat nad z\u00e1kopem\u2026<\/p>\n<p>Nemyslel jsem si to \u2013<\/p>\n<p>Ale c\u00edtil.<\/p>\n<p>Tak jasn\u011b, jako jsem c\u00edtil, \u017ee jestli n\u011bjak\u00e1 z t\u011bch kulek, co bzu\u010d\u00ed kolem m\u011b, se do m\u011b tref\u00ed\u2026 bude jednou st\u00e1t listono\u0161 s m\u00fdm \u00famrtn\u00edm ozn\u00e1men\u00edm p\u0159ed na\u0161\u00edm domkem\u2026<\/p>\n<p>Listono\u0161, pan Bodl\u00e1k\u2026 rozpa\u010dit\u00fd jako v\u017edy, kdy\u017e p\u0159in\u00e1\u0161\u00ed\u2026 \u2026smrt\u2026<\/p>\n<p>\u201eU\u017e jdu, u\u017e jdu,\u201c zavol\u00e1 m\u00e1 babi\u010dka, v\u00fdmink\u00e1\u0159ka\u2026 a bude se \u0161trachat ze vr\u00e1tek.<\/p>\n<p>A pak \u2013<\/p>\n<p>Pak bude \u010d\u00edst t\u011bch p\u00e1r \u0159\u00e1dk\u016f, \u017ee j\u00e1\u2026<\/p>\n<p>\u017de j\u00e1 jsem \u2013<\/p>\n<p>Vlastn\u011b: \u017ee j\u00e1 NEJSEM.<\/p>\n<p>Zkr\u00e1tka\u2026<\/p>\n<p>D\u00edval jsem se up\u0159en\u011b na roj st\u0159elc\u016f b\u011b\u017e\u00edc\u00edch proti mn\u011b\u2026 a nest\u0159\u00edlel jsem.<\/p>\n<p>ANI JEDNOU JSEM NEVYST\u0158ELIL.<\/p>\n<p>Ne, nebyl jsem pacifista, kdepak. Tohle byl sice m\u016fj prvn\u00ed \u201ev\u00e1le\u010dn\u00fd k\u0159est\u201c, do t\u00e9 doby jsem je\u0161t\u011b nikdy na nikoho nevyst\u0159elil, nikoho neranil, nikoho nezabil. A mo\u017en\u00e1, kdyby nebyla pr\u00e1v\u011b \u0161t\u011bdrove\u010dern\u00ed noc, stiskl bych spou\u0161\u0165 kulometu\u2026 jako ji stisklo v jin\u00fdch zem\u00edch v t\u011bch dnech tolik lid\u00ed \u2026 a za chvilku by z t\u011bch voj\u00e1k\u016f, co se na m\u011b \u0159inuli po zasn\u011b\u017een\u00e9m no\u010dn\u00edm svahu, z t\u011bch, co p\u0159ich\u00e1zeli, aby m\u011b zabili, by pro m\u011b nebyl nebezpe\u010dn\u00fd u\u017e ani jeden. V\u0161ichni by le\u017eeli \u2026nehybn\u011b\u2026 nebo by se sv\u00edjeli\u2026 na zmrzl\u00e9 italsk\u00e9 hl\u00edn\u011b\u2026<\/p>\n<p>A j\u00e1\u2026 bych byl \u017eiv\u00fd.<\/p>\n<p>Ale st\u0159\u00edlet na n\u011bkoho \u2026o V\u00e1noc\u00edch?<\/p>\n<p>Sed\u011bl jsem u kulometu a nest\u0159\u00edlel.<\/p>\n<p>Zabij\u00ed m\u011b.<\/p>\n<p>Co se d\u00e1 d\u011blat\u2026<\/p>\n<p>Nikoho nezabiju.<\/p>\n<p>NEMOHU.<\/p>\n<p>Zab\u00edt m\u011b mohou.<\/p>\n<p>Ale p\u0159inutit m\u011b, abych j\u00e1 n\u011bkoho zabil \u2013<\/p>\n<p>NEMOHOU.<\/p>\n<p>Pamatuji se, \u017ee jsem se je\u0161t\u011b pod\u00edval na hodinky, \u2026velk\u00e9 bachrat\u00e9 hodinky\u2026, dostal jsem je od d\u011bde\u010dka, kdy\u017e jsem rukoval.<\/p>\n<p>\u201eA\u0165 ti, hochu, m\u011b\u0159\u00ed jen dobr\u00fd \u010das,\u201c za\u0161eptal sta\u0159e\u010dek, kdy\u017e mi je na n\u00e1dra\u017e\u00ed p\u0159ed\u00e1val.<\/p>\n<p>M\u017eikl jsem na hodinky\u2026 Byla p\u0159esn\u011b doba, kdy u n\u00e1s doma, kdesi v d\u00e1lce, pod t\u011bmi sam\u00fdmi hv\u011bzdami, pod kter\u00fdmi se na m\u011b \u0159\u00edt\u00ed s bajonety ciz\u00ed voj\u00e1ci, byla p\u0159esn\u011b ta doba, kdy pod t\u011bmi sam\u00fdmi hv\u011bzdami v d\u00e1lce sed\u00ed m\u00ed bl\u00edzc\u00ed \u2026v na\u0161em venkovsk\u00e9m kostele \u2026a zp\u00edvaj\u00ed\u2026 jsou pr\u00e1v\u011b na p\u016flno\u010dn\u00ed. ZP\u00cdVAJ\u00ed. Kolik jich asi mysl\u00ed na m\u011b\u2026<\/p>\n<p>Kn\u011bz pozvedne monstranci \u2013<\/p>\n<p>SED\u011aL JSEM U KULOMETU A NEST\u0158\u00cdLEL.<\/p>\n<p>C\u00edtil jsem takovou \u2013<\/p>\n<p>Ani ne \u201ebl\u00edzkost Bo\u017e\u00ed\u201c\u2026 to by bylo v tu chv\u00edli slab\u00e9, hodn\u011b slab\u00e9 slovo\u2026<\/p>\n<p>C\u00edtil jsem takovou \u2026jednotu \u2026jednotu s P\u00e1nem \u017eivota\u2026, jakou jsem nepoc\u00edtil nikdy p\u0159edt\u00edm ani potom\u2026<\/p>\n<p>NEVYST\u0158ELIL JSEM.<\/p>\n<p>Vid\u011bl jsem za dobu, kdy jsem byl na vojn\u011b \u2026pom\u00e1hal jsem v lazaret\u011b\u2026 n\u011bkolik stra\u0161liv\u00fdch um\u00edt\u00e1n\u00ed\u2026 vid\u011bl jsem t\u011bla, kter\u00e1 byla tak rozbit\u00e1, \u017ee jsem nech\u00e1pal, jak se v nich je\u0161t\u011b m\u016f\u017ee dr\u017eet \u017eivot\u2026 vid\u011bl jsem tolik pr\u016fst\u0159el\u016f a mohl jsem pozorovat tolik ran, jak\u00e9 zp\u016fsobily na\u0161im voj\u00e1k\u016fm bajonety\u2026 Um\u011bl bych si p\u0159edstavit, \u017ee nyn\u00ed se i j\u00e1 stanu jedn\u00edm z t\u011bch, co v nejlep\u0161\u00edm p\u0159\u00edpad\u011b budou le\u017eet v nemocni\u010dn\u00edm s\u00e1le\u2026 ale pravd\u011bpodobn\u011b se na n\u011bj ani nedostanou\u2026 nalo\u017e\u00ed je na f\u016fru a odvezou do n\u011bjak\u00e9 j\u00e1my\u2026 tady se nepoh\u0159b\u00edvalo s poctami a salvami\u2026 mrtv\u00fdch bylo na italsk\u00e9 front\u011b tolik\u2026<\/p>\n<p>Zav\u0159el jsem o\u010di.<\/p>\n<p>Necht\u011bl jsem vid\u011bt toho, kdo do m\u011b vraz\u00ed bajonet.<\/p>\n<p>A pak \u2013<\/p>\n<p>Pak jsem zaslechl hlasy.<\/p>\n<p>Mate\u0159\u0161tinu.<\/p>\n<p>Nech\u00e1pal jsem, \u2026\u017ee \u2026na m\u011b \u2026\u00fato\u010d\u00ed na\u0161i \u2013<\/p>\n<p>\u201eKuc\u00ed\u00ed\u00ed\u00ed\u00ed\u00ed\u00ed, nebl\u00e1zn\u011bte, tady jsme my,\u201c za\u0159val jsem a volal to znovu a znovu.<\/p>\n<p>B\u011b\u017e\u00edc\u00ed voj\u00e1ci m\u011b zaslechli\u2026 v tich\u00e9 v\u00e1no\u010dn\u00ed noci zcela jasn\u011b\u2026 zav\u00e1hali\u2026 asi je napadlo, jestli to nen\u00ed lest\u2026<\/p>\n<p>Ale zastavili se.<\/p>\n<p>Zavolal jsem \u010d\u00edslo sv\u00e9ho regimentu a svoje jm\u00e9no a svou hodnost.<\/p>\n<p>Voj\u00e1ci st\u00e1li na zasn\u011b\u017een\u00e9m svahu, ml\u010deli.<\/p>\n<p>Po v\u00e1lce jsem se vydal do vojensk\u00fdch archiv\u016f, abych zjistil, jak bylo mo\u017en\u00e9, \u017ee n\u011bjak\u00fd velitel vydal nesmysln\u00fd p\u0159\u00edkaz, aby na\u0161i voj\u00e1ci za\u00fato\u010dili na na\u0161e voj\u00e1ky. \u017d\u00e1dn\u00fd doklad jsem o tom nena\u0161el.<\/p>\n<p>Nebylo divu. Hodn\u011b materi\u00e1l\u016f se skartovalo a mysl\u00edm, \u017ee ti, kdo byli odpov\u011bdn\u00ed za tento absurdn\u00ed rozkaz, se sami a v\u010das postarali, aby doklady o n\u011bm zmizely.\u201c<\/p>\n<p>Kdy\u017e uva\u017euji o d\u011bde\u010dkov\u011b vypr\u00e1v\u011bn\u00ed nyn\u00ed po letech, nep\u0159ipad\u00e1 mi absurdn\u00ed, jako mi p\u0159ipadalo, kdy\u017e jsem mu naslouchal v d\u011btstv\u00ed.<\/p>\n<p>Ono to, \u017ee jedna jednotka arm\u00e1dy za\u00fato\u010d\u00ed p\u0159i boji na jednotku stejn\u00e9 arm\u00e1dy, nen\u00ed, \u2026jak dob\u0159e v\u011bd\u00ed vojen\u0161t\u00ed historici\u2026, zase nic tak neoby\u010dejn\u00e9ho. \u0158\u00edk\u00e1v\u00e1 se tomu \u201efriendly fire\u201c, je to tak zvan\u00fd, ironicky naz\u00fdvan\u00fd \u201ep\u0159\u00e1telsk\u00fd \u00fatok\u201c. V dob\u011b, kdy nebyla spojovac\u00ed technika je\u0161t\u011b rozvinut\u00e1, to nebylo nic neobvykl\u00e9ho\u2026 v d\u011bjin\u00e1ch v\u00e1lek se o tom najde zm\u00ednek\u2026 i ve \u0160vejkovi se o n\u011b\u010dem podobn\u00e9m lze do\u010d\u00edst. Ale i v dob\u011b, kdy byla dorozum\u00edvac\u00ed schopnost vojensk\u00fdch korpus\u016f na skv\u011bl\u00e9 \u00farovn\u00ed, doch\u00e1zelo k p\u0159ehmat\u016fm\u2026 \u2026Co teprve v t\u011bch \u010dasech, ve kter\u00fdch se dorozum\u00edvalo p\u0159es dr\u00e1ty, nata\u017een\u00e9 frontov\u00fdm \u00fazem\u00edm \u2026a zpr\u00e1vy byly kolikr\u00e1t zkomoleny, \u017ee se nedalo porozum\u011bt v\u011bt\u00e1m, pochopit slova\u2026<\/p>\n<p>Nech\u00e1m d\u011bde\u010dkovy vzpom\u00ednky zn\u00edt d\u00e1l\u2026<\/p>\n<p>\u201eKdy\u017e jsme se dozv\u011bd\u011bli, \u017ee bychom byli pobili sami sebe \u2013<\/p>\n<p>N\u011bkte\u0159\u00ed se rozb\u011bsnili.<\/p>\n<p>Jin\u00ed se dali do sm\u00edchu.<\/p>\n<p>Uva\u0159ili jsme \u010daj ve velk\u00e9m kotli a prosed\u011bli jsme tu \u0161t\u011bdrove\u010dern\u00ed noc v nezn\u00e1m\u00e9 italsk\u00e9 krajin\u011b\u2026 zp\u00edvali jsme, modlili se\u2026<\/p>\n<p>Skr\u00fdvali jsme se v z\u00e1kopech, co kdyby nep\u0159\u00edtel za\u00fato\u010dil u v tuto noc\u2026<\/p>\n<p>Kdyby, jak se na\u0161\u00edm vojensk\u00fdm \u017eargonem \u0159\u00edkalo, p\u0159ece jenom \u201eJe\u017e\u00ed\u0161ka probudil\u201c.<\/p>\n<p>Hovo\u0159ili jsme, modlili se\u2026 Tuto noc jsme p\u0159e\u017eili\u2026 Ale co z\u00edtra r\u00e1no\u2026<\/p>\n<p>V z\u00e1kopech nejsou ateist\u00e9.<\/p>\n<p>\u201eRudo\u2026\u201c<\/p>\n<p>B\u011b\u017e\u00ed ke mn\u011b mlad\u00edk.<\/p>\n<p>Nejd\u0159\u00edv ho v tom \u0161eru a v plnovousu, jak\u00fd si na vojn\u011b dop\u0159\u00e1l, nepozn\u00e1v\u00e1m\u2026, pak jsem ho poznal\u2026 syn starosty z jedn\u00e9 jihomoravsk\u00e9 vesnice, kam jsem p\u00e1rkr\u00e1t p\u0159ijel k p\u0159\u00edbuzn\u00fdm na pr\u00e1zdniny.<\/p>\n<p>M\u016fj vzd\u00e1len\u00fd bratranec.<\/p>\n<p>Mrazilo m\u011b.<\/p>\n<p>Kdybych vyst\u0159elil \u2013<\/p>\n<p>Byl bych zab\u00edjel nejenom krajany.<\/p>\n<p>Byl bych zabil i kamar\u00e1da, byl bych zast\u0159elil jedin\u00e9ho syna na\u0161eho dobr\u00e9ho zn\u00e1m\u00e9ho,\u2026 Rudu starostovic\u2026<\/p>\n<p>Sv\u00edtalo\u2026<\/p>\n<p>Po opraven\u00e9m telegrafn\u00edm veden\u00ed p\u0159i\u0161la zpr\u00e1va, \u017ee se jednotka, kter\u00e1 \u201enedobila na\u0161i posici\u201c m\u00e1 p\u0159em\u00edstit zp\u011bt na \u201esv\u00e9 v\u00fdchoz\u00ed stanovi\u0161t\u011b\u201c.<\/p>\n<p>\u017d\u00e1dn\u00e1 omluva, \u017e\u00e1dn\u00e9 vysv\u011btlen\u00ed.<\/p>\n<p>Voj\u00e1ka potrestaj\u00ed, kdy\u017e nem\u00e1 dob\u0159e vy\u010di\u0161t\u011bn\u00fd knofl\u00edk uniformy, \u2026gener\u00e1la nepotrestaj\u00ed, kdy\u017e nech\u00e1 nesmysln\u011b padnout celou svou jednotku.<\/p>\n<p>Pak jsem bojoval d\u00e1l \u2026a dal\u0161\u00ed l\u00e9ta, \u2026dostal jsem se do zajet\u00ed \u2013<\/p>\n<p>\u201eJe\u0161t\u011b dlouho vypr\u00e1v\u011bl d\u011bde\u010dek o sv\u00fdch vojensk\u00fdch anab\u00e1z\u00edch, o sv\u00e9 cest\u011b kolem Japonska a \u010d\u00ednsk\u00fdm mo\u0159em, o cest\u011b legi\u00ed\u2026<\/p>\n<p>O t\u011bch v\u011bcech se d\u00e1 do\u010d\u00edst, lze je nal\u00e9zt v tolika knih\u00e1ch, sv\u011bdectv\u00edch.<\/p>\n<p>Ale m\u011b zaujal hlavn\u011b tenhle bod\u2026 \u0161t\u011bdrove\u010dern\u00ed chv\u00edle.<\/p>\n<p>Symbol?<\/p>\n<p>Jist\u011b, VELIK\u00dd SYMBOL.<\/p>\n<p>\u010clov\u011bk se nem\u00e1 pt\u00e1t, \u2026\u0159\u00edk\u00e1v\u00e1 se\u2026 komu zvon\u00ed hrana, zvon\u00ed jemu.<\/p>\n<p>\u010clov\u011bk se nem\u00e1 pt\u00e1t, na koho st\u0159\u00edl\u00ed, \u2026v\u017edycky st\u0159\u00edl\u00ed na n\u011bjak\u00e9 J\u00c1.<\/p>\n<p>Kdyby d\u011bde\u010dek nezaslechl mate\u0159\u0161tinu, rozst\u0159\u00edlel by odd\u00edl sv\u00e9ho n\u00e1roda\u2026, odd\u00edl sv\u00e9 vlastn\u00ed arm\u00e1dy\u2026 Co by se mu stalo? Na tomto sv\u011bt\u011b asi nic.<\/p>\n<p>Ututlalo by se to.<\/p>\n<p>Ale\u2026 na onom sv\u011bt\u011b?<\/p>\n<p>Na onom sv\u011bt\u011b nelze nic UTUTLAT.<\/p>\n<p>Kone\u010dn\u011b \u2013<\/p>\n<p>Co kdyby d\u011bde\u010dek byl v onu \u0161t\u011bdrove\u010dern\u00ed noc za\u010dal st\u0159\u00edlet na ciz\u00ed jednotku, \u2026kdyby na jeho k\u00f3tu byly vysl\u00e1ny jednotky ciz\u00ed arm\u00e1dy, aby d\u011bde\u010dka opravdu zabily \u2013<\/p>\n<p>Zm\u011bnilo by se vlastn\u011b p\u0159\u00edli\u0161?<\/p>\n<p>Tekly by slzy jin\u00fdm matk\u00e1m po padl\u00fdch synech.<\/p>\n<p>Ale slzy matk\u00e1m by tekly\u2026<\/p>\n<p>Op\u011bt by d\u011bde\u010dek st\u0159\u00edlel do lid\u00ed, kte\u0159\u00ed by c\u00edtili bolest, \u2026um\u00edrali\u2026, le\u017eeli zoufal\u00ed na zmrzl\u00e9 italsk\u00e9 hl\u00edn\u011b\u2026<\/p>\n<p>Mluvili by jinou \u0159e\u010d\u00ed.<\/p>\n<p>Ale \u2026srdce v\u0161ech lid\u00ed maj\u00ed stejnou mate\u0159\u0161tinu.<\/p>\n<p>Bolest v\u0161ech lid\u00ed m\u00e1 stejnou mate\u0159\u0161tinu.<\/p>\n<p>Byla zase \u0161t\u011bdrove\u010dern\u00ed noc.<\/p>\n<p>Na\u0161e rodina sed\u011bla kolem stolu a d\u011bti se sm\u00e1ly\u2026 a v d\u00e1lce \u017eilo tolik rodin, kter\u00e9 \u017eily\u2026 d\u00edky tomu, \u017ee d\u011bde\u010dek jednou nevyst\u0159elil\u2026<\/p>\n<p>Kolik strun \u017eivota by se p\u0159etrhlo, kdyby byl st\u0159\u00edlel\u2026<\/p>\n<p>Kolik m\u00edst u \u0161t\u011bdrove\u010dern\u00edch stol\u016f by bylo pr\u00e1zdn\u00fdch.<\/p>\n<p>Kolik d\u011bt\u00ed by se nesm\u00e1lo u v\u00e1no\u010dn\u00edch stromk\u016f \u2013<\/p>\n<p>Nenarodily by se.<\/p>\n<p>Na zdi pokoje, ve kter\u00e9m m\u00e1me v\u00e1no\u010dn\u00ed strom, je zav\u011b\u0161en\u00e1 podobizna na\u0161eho d\u011bde\u010dka, kolorovan\u00e1 v\u00e1le\u010dn\u00e1 fotografie\u2026<\/p>\n<p>D\u00edv\u00e1m se na ni.<\/p>\n<p>D\u011bde\u010dek se d\u00edval kdesi v It\u00e1lii p\u0159\u00edmo do objektivu fotografa\u2026 a tak nyn\u00ed jeho pohled vypad\u00e1, jako by se d\u011bde\u010dek d\u00edval do o\u010d\u00ed tomu, kdo pozoruje fotografii.<\/p>\n<p>D\u00edv\u00e1 se mi do o\u010d\u00ed \u2013<\/p>\n<p>D\u00edv\u00e1m se mu do o\u010d\u00ed.<\/p>\n<p>D\u011bde\u010dek se trochu usm\u00edv\u00e1.<\/p>\n<p>Trochu, jak se mi zd\u00e1, ironicky.<\/p>\n<p>Jako by jeho pohled \u0159\u00edkal: \u201eA\u0165 vyst\u0159el\u00ed\u0161 na kohokoliv, v\u017edycky jsi vyst\u0159elil na n\u011bjak\u00e9 J\u00c1\u2026<\/p>\n<p>A\u0165 ubl\u00ed\u017e\u00ed\u0161 komukoliv, v\u017edycky jsi ubl\u00ed\u017eil n\u011bjak\u00e9mu J\u00c1\u2026<\/p>\n<p>A\u0165 kv\u016fli tob\u011b c\u00edt\u00ed v tuto chv\u00edli \u00fazkost, smutek, samotu, kdokoliv, \u2026v\u017edy kv\u016fli tob\u011b je zran\u011bn\u00fd n\u011bjak\u00fd\u2026<\/p>\n<p>J\u00c1.\u201c<\/p>\n<div class=\"podcarou\">\n<p><em>Zpracov\u00e1no podle knihy Eduarda Martina:\u00a0Je tu p\u0159ece Je\u017e\u00ed\u0161ek (z pov\u00eddky V\u00e1le\u010dn\u00e9 V\u00e1noce).<\/em><\/p>\n<p><span style=\"font-size: 10pt;\"><a href=\"https:\/\/zvedavec.news\/klasika\/2025\/12\/10839-sedel-jsem-za-kulometem-a-premyslel-zda-strilet-do-lidi-byl-stedry-vecer.htm\">ZDROJ<\/a><\/span><\/p>\n<p><img decoding=\"async\" loading=\"lazy\" class=\"wp-image-94843 aligncenter\" src=\"http:\/\/www.infokuryr.cz\/n\/wp-content\/uploads\/2025\/12\/popelka-hrad-300x141.jpg\" alt=\"\" width=\"1153\" height=\"542\" srcset=\"https:\/\/www.infokuryr.cz\/n\/wp-content\/uploads\/2025\/12\/popelka-hrad-300x141.jpg 300w, https:\/\/www.infokuryr.cz\/n\/wp-content\/uploads\/2025\/12\/popelka-hrad-768x360.jpg 768w, https:\/\/www.infokuryr.cz\/n\/wp-content\/uploads\/2025\/12\/popelka-hrad.jpg 977w\" sizes=\"(max-width: 1153px) 100vw, 1153px\" \/><\/p>\n<p>&nbsp;<\/p>\n<\/div>\n","protected":false},"excerpt":{"rendered":"<p>Z vypr\u00e1v\u011bn\u00ed pam\u011btn\u00edka 1. sv\u011btov\u00e9 v\u00e1lky \u201eZasn\u011b\u017een\u00e9 pl\u00e1n\u011b vypadaly idylicky, krev z minul\u00fdch boj\u016f se&#8230;<\/p>\n","protected":false},"author":2,"featured_media":71601,"comment_status":"closed","ping_status":"closed","sticky":false,"template":"","format":"standard","meta":[],"categories":[6],"tags":[7775,10307,40,1471],"_links":{"self":[{"href":"https:\/\/www.infokuryr.cz\/n\/wp-json\/wp\/v2\/posts\/95301"}],"collection":[{"href":"https:\/\/www.infokuryr.cz\/n\/wp-json\/wp\/v2\/posts"}],"about":[{"href":"https:\/\/www.infokuryr.cz\/n\/wp-json\/wp\/v2\/types\/post"}],"author":[{"embeddable":true,"href":"https:\/\/www.infokuryr.cz\/n\/wp-json\/wp\/v2\/users\/2"}],"replies":[{"embeddable":true,"href":"https:\/\/www.infokuryr.cz\/n\/wp-json\/wp\/v2\/comments?post=95301"}],"version-history":[{"count":0,"href":"https:\/\/www.infokuryr.cz\/n\/wp-json\/wp\/v2\/posts\/95301\/revisions"}],"wp:featuredmedia":[{"embeddable":true,"href":"https:\/\/www.infokuryr.cz\/n\/wp-json\/wp\/v2\/media\/71601"}],"wp:attachment":[{"href":"https:\/\/www.infokuryr.cz\/n\/wp-json\/wp\/v2\/media?parent=95301"}],"wp:term":[{"taxonomy":"category","embeddable":true,"href":"https:\/\/www.infokuryr.cz\/n\/wp-json\/wp\/v2\/categories?post=95301"},{"taxonomy":"post_tag","embeddable":true,"href":"https:\/\/www.infokuryr.cz\/n\/wp-json\/wp\/v2\/tags?post=95301"}],"curies":[{"name":"wp","href":"https:\/\/api.w.org\/{rel}","templated":true}]}}