{"id":95297,"date":"2025-12-24T04:16:48","date_gmt":"2025-12-24T03:16:48","guid":{"rendered":"https:\/\/www.infokuryr.cz\/n\/?p=95297"},"modified":"2025-12-24T04:16:48","modified_gmt":"2025-12-24T03:16:48","slug":"izrael-nikdy-neopusti-gazu-uvedl-ministr-obrany","status":"publish","type":"post","link":"https:\/\/www.infokuryr.cz\/n\/2025\/12\/24\/izrael-nikdy-neopusti-gazu-uvedl-ministr-obrany\/","title":{"rendered":"Izrael nikdy neopust\u00ed Gazu, uvedl ministr obrany"},"content":{"rendered":"<div id=\"fb-root\"><\/div>\n<h3>Ministr obrany Israel Katz zva\u017euje obnoven\u00ed izraelsk\u00fdch osad v Gaze v rozporu s m\u00edrov\u00fdm pl\u00e1nem zprost\u0159edkovan\u00fdm USA<\/h3>\n<p><span dir=\"auto\">\u201e Izrael\u00a0<\/span><em><span dir=\"auto\">nikdy neopust\u00ed Gazu,\u201c<\/span><\/em><span dir=\"auto\">\u00a0prohl\u00e1sil ministr obrany Israel Katz a zva\u017eoval my\u0161lenku obnoven\u00ed neleg\u00e1ln\u00edch osad v palestinsk\u00e9 enkl\u00e1v\u011b. Tato slova vyvolala rozs\u00e1hlou negativn\u00ed reakci, kter\u00e1 Katze p\u0159im\u011bla k tomu, aby od sv\u00e9ho tvrzen\u00ed pon\u011bkud ustoupil.<\/span><\/p>\n<p><span dir=\"auto\">Ministr toto prohl\u00e1\u0161en\u00ed u\u010dinil v \u00fater\u00fd b\u011bhem \u00fa\u010dasti na slavnostn\u00edm otev\u0159en\u00ed 1200 nov\u00fdch dom\u016f v osad\u011b Beit El na okupovan\u00e9m Z\u00e1padn\u00edm b\u0159ehu Jord\u00e1nu. Ve sv\u00e9m projevu Katz sl\u00edbil obnovu osad v severn\u00ed Gaze, kter\u00e9 Izrael opustil v roce 2005.<\/span><\/p>\n<p><em><span dir=\"auto\">\u201eJsme hluboko v Gaze a Gazu nikdy neopust\u00edme, nic takov\u00e9ho se nestane,\u201c<\/span><\/em><span dir=\"auto\">\u00a0prohl\u00e1sil.<\/span><\/p>\n<p><em><span dir=\"auto\">\u201eA\u017e p\u0159ijde \u010das, d\u00e1-li B\u016fh, z\u0159\u00edd\u00edme v severn\u00ed Gaze z\u00e1kladny Nahal na m\u00edst\u011b vyko\u0159en\u011bn\u00fdch komunit,\u201c<\/span><\/em><span dir=\"auto\">\u00a0dodal Katz.<\/span><\/p>\n<p><span dir=\"auto\">Ministr m\u011bl na mysli typ vojensko-zem\u011bd\u011blsk\u00e9 z\u00e1kladny, kterou izraelsk\u00e9 jednotky z\u0159\u00eddily v Izraeli i na izraelskem okupovan\u00fdch \u00fazem\u00edch v pr\u016fb\u011bhu druh\u00e9 poloviny 20. stolet\u00ed. V\u011bt\u0161ina t\u011bchto z\u00e1kladen byla nakonec p\u0159em\u011bn\u011bna na trval\u00e9 civiln\u00ed osady.<\/span><\/p>\n<p><span dir=\"auto\">Prohl\u00e1\u0161en\u00ed ministra obrany jsou v rozporu s politikou premi\u00e9ra Benjamina Netanjahua, kter\u00fd opakovan\u011b prohl\u00e1sil, \u017ee z\u00e1padn\u00ed Jeruzal\u00e9m nem\u00e1 v pl\u00e1nu znovu os\u00eddlovat Gazu. Jeho prohl\u00e1\u0161en\u00ed jsou tak\u00e9 v rozporu s m\u00edrov\u00fdm pl\u00e1nem prezidenta Donalda Trumpa, kter\u00fd p\u0159im\u011bl v\u00e1l\u010d\u00edc\u00ed strany k uzav\u0159en\u00ed k\u0159ehk\u00e9ho p\u0159\u00edm\u011b\u0159\u00ed. Nadch\u00e1zej\u00edc\u00ed f\u00e1ze americk\u00e9ho pl\u00e1nu p\u0159edpokl\u00e1daj\u00ed sta\u017een\u00ed Izraele z palestinsk\u00e9 enkl\u00e1vy a v\u00fdslovn\u011b uv\u00e1d\u011bj\u00ed, \u017ee\u00a0<\/span><em><span dir=\"auto\">\u201eIzrael Gazu neobsad\u00ed ani neanektuje\u201c.<\/span><\/em><\/p>\n<p><span dir=\"auto\">Ministrovy v\u00fdroky vyvolaly kritiku r\u016fzn\u00fdch stran, kter\u00e9 Katze obvi\u0148uj\u00ed z provokativn\u00edch prohl\u00e1\u0161en\u00ed v\u00a0<\/span><em><span dir=\"auto\">\u201ekritick\u00e9m\u201c<\/span><\/em><span dir=\"auto\">\u00a0okam\u017eiku pro n\u00e1rodn\u00ed bezpe\u010dnost zem\u011b a z odm\u00edt\u00e1n\u00ed mezin\u00e1rodn\u00edch partner\u016f.\u00a0\u00a0<\/span><em><span dir=\"auto\">\u201eZat\u00edmco vl\u00e1da jednou rukou hlasuje pro Trump\u016fv pl\u00e1n, druhou rukou \u0161\u00ed\u0159\u00ed bajky o izolovan\u00fdch osad\u00e1ch v P\u00e1smu,\u201c<\/span><\/em><span dir=\"auto\">\u00a0napsal na X b\u00fdval\u00fd \u0161\u00e9f person\u00e1lu Gadi Eisenkot.<\/span><\/p>\n<p><span dir=\"auto\">Negativn\u00ed reakce p\u0159im\u011bly Katze k tomu, aby sv\u00e1 slova pon\u011bkud st\u00e1hl. Jeho kancel\u00e1\u0159 uvedla, \u017ee\u00a0<\/span><em><span dir=\"auto\">\u201evl\u00e1da nem\u00e1 v \u00famyslu budovat osady v p\u00e1smu Gazy\u201c<\/span><\/em><span dir=\"auto\">\u00a0a tvrdila, \u017ee koment\u00e1\u0159e byly u\u010din\u011bny\u00a0<\/span><em><span dir=\"auto\">\u201ev\u00fdhradn\u011b v bezpe\u010dnostn\u00edm kontextu\u201c.<\/span><\/em><\/p>\n<p><img decoding=\"async\" loading=\"lazy\" class=\"alignnone size-full wp-image-1185\" src=\"http:\/\/www.infokuryr.cz\/n\/wp-content\/uploads\/2021\/04\/kuryr-podpis.png\" alt=\"\" width=\"84\" height=\"24\" \/><\/p>\n<p>&nbsp;<\/p>\n","protected":false},"excerpt":{"rendered":"<p>Ministr obrany Israel Katz zva\u017euje obnoven\u00ed izraelsk\u00fdch osad v Gaze v rozporu s m\u00edrov\u00fdm pl\u00e1nem&#8230;<\/p>\n","protected":false},"author":2,"featured_media":95298,"comment_status":"closed","ping_status":"closed","sticky":false,"template":"","format":"standard","meta":[],"categories":[7],"tags":[348,107,458,811],"_links":{"self":[{"href":"https:\/\/www.infokuryr.cz\/n\/wp-json\/wp\/v2\/posts\/95297"}],"collection":[{"href":"https:\/\/www.infokuryr.cz\/n\/wp-json\/wp\/v2\/posts"}],"about":[{"href":"https:\/\/www.infokuryr.cz\/n\/wp-json\/wp\/v2\/types\/post"}],"author":[{"embeddable":true,"href":"https:\/\/www.infokuryr.cz\/n\/wp-json\/wp\/v2\/users\/2"}],"replies":[{"embeddable":true,"href":"https:\/\/www.infokuryr.cz\/n\/wp-json\/wp\/v2\/comments?post=95297"}],"version-history":[{"count":0,"href":"https:\/\/www.infokuryr.cz\/n\/wp-json\/wp\/v2\/posts\/95297\/revisions"}],"wp:featuredmedia":[{"embeddable":true,"href":"https:\/\/www.infokuryr.cz\/n\/wp-json\/wp\/v2\/media\/95298"}],"wp:attachment":[{"href":"https:\/\/www.infokuryr.cz\/n\/wp-json\/wp\/v2\/media?parent=95297"}],"wp:term":[{"taxonomy":"category","embeddable":true,"href":"https:\/\/www.infokuryr.cz\/n\/wp-json\/wp\/v2\/categories?post=95297"},{"taxonomy":"post_tag","embeddable":true,"href":"https:\/\/www.infokuryr.cz\/n\/wp-json\/wp\/v2\/tags?post=95297"}],"curies":[{"name":"wp","href":"https:\/\/api.w.org\/{rel}","templated":true}]}}