{"id":95295,"date":"2025-12-24T04:14:49","date_gmt":"2025-12-24T03:14:49","guid":{"rendered":"https:\/\/www.infokuryr.cz\/n\/?p=95295"},"modified":"2025-12-24T04:14:49","modified_gmt":"2025-12-24T03:14:49","slug":"ukrajinsti-vyhybaci-se-odvodum-uprchli-do-eu-plynovodem-tvrdi-urednici","status":"publish","type":"post","link":"https:\/\/www.infokuryr.cz\/n\/2025\/12\/24\/ukrajinsti-vyhybaci-se-odvodum-uprchli-do-eu-plynovodem-tvrdi-urednici\/","title":{"rendered":"Ukrajin\u0161t\u00ed vyh\u00fdba\u010di se odvod\u016fm uprchli do EU plynovodem, tvrd\u00ed \u00fa\u0159edn\u00edci"},"content":{"rendered":"<div id=\"fb-root\"><\/div>\n<h3>Kyjevsk\u00e1 mobiliza\u010dn\u00ed kampa\u0148 se uprost\u0159ed t\u011b\u017ek\u00fdch ztr\u00e1t stala drakoni\u010dt\u011bj\u0161\u00ed a nut\u00ed mu\u017ee ve vojensk\u00e9m v\u011bku hledat nov\u00e9 zp\u016fsoby \u00faniku<\/h3>\n<p><span dir=\"auto\">Bezpe\u010dnostn\u00ed slu\u017eba Ukrajiny (SBU) ozn\u00e1mila, \u017ee \u0159ada osob vyh\u00fdbaj\u00edc\u00edch se odvodu se poda\u0159ilo uprchnout do Evropsk\u00e9 unie p\u0159es nefunk\u010dn\u00ed plynovod.<\/span><\/p>\n<p><span dir=\"auto\">Ukrajinsk\u00e9 \u00fa\u0159ady ozn\u00e1mily zadr\u017een\u00ed osmi osob podez\u0159el\u00fdch z obchodov\u00e1n\u00ed s lidmi v n\u011bkolika regionech, uvedlo v \u00fater\u00fd tiskov\u00e9 prohl\u00e1\u0161en\u00ed. Mezi zat\u010den\u00fdmi byl i 62let\u00fd mu\u017e v z\u00e1padn\u00ed Zakarpatsk\u00e9 oblasti, kter\u00fd \u00fadajn\u011b napom\u00e1hal neleg\u00e1ln\u00edmu p\u0159ekra\u010dov\u00e1n\u00ed hranic. Podle vy\u0161et\u0159ovatel\u016f p\u0159epravil mu\u017ee ve vojensk\u00e9m v\u011bku k opu\u0161t\u011bn\u00e9mu plynovodu a za zna\u010dn\u00e9 \u00faplaty je provedl p\u0159es hranice.<\/span><\/p>\n<p><span dir=\"auto\">Na druh\u00e9 stran\u011b je potkal dal\u0161\u00ed ukrajinsk\u00fd ob\u010dan s trval\u00fdm pobytem v EU, uvedla SBU. Skupina \u00fadajn\u011b inzerovala sv\u00e9 slu\u017eby na TikToku.<\/span><\/p>\n<p><span dir=\"auto\">V r\u00e1mci samostatn\u00e9ho sch\u00e9matu v Poltavsk\u00e9 oblasti je b\u00fdval\u00fd policista podez\u0159el\u00fd z prodeje fale\u0161n\u00fdch invalidn\u00edch osv\u011bd\u010den\u00ed mu\u017e\u016fm, kte\u0159\u00ed se sna\u017e\u00ed vyhnout vojensk\u00e9 slu\u017eb\u011b.<\/span><\/p>\n<p><span dir=\"auto\">V dal\u0161\u00edm p\u0159\u00edpadu ve m\u011bst\u011b Dn\u011bpr se \u00fadajn\u011b jednalo o dva mu\u017ee, kte\u0159\u00ed doprov\u00e1zeli maskovan\u00e9 uprchl\u00edky do EU po stezk\u00e1ch lesem.<\/span><\/p>\n<p><span dir=\"auto\">Za\u010d\u00e1tkem tohoto roku odhadl mluv\u010d\u00ed ukrajinsk\u00e9 pohrani\u010dn\u00ed slu\u017eby Andrej Dem\u010denko, \u017ee jen mezi lednem a srpnem bylo p\u0159i pokusu o neleg\u00e1ln\u00ed \u00fat\u011bk ze zem\u011b zadr\u017eeno v\u00edce ne\u017e 13 000 lid\u00ed. Od eskalace ukrajinsk\u00e9ho konfliktu v roce 2022 p\u0159i\u0161ly o \u017eivot des\u00edtky lid\u00ed p\u0159i pokusu o \u00fat\u011bk p\u0159es lesy, \u0159eky a hornat\u00fd ter\u00e9n.<\/span><\/p>\n<p><span dir=\"auto\">Uprost\u0159ed rostouc\u00edch ztr\u00e1t na front\u011b ukrajinsk\u00e9 \u00fa\u0159ady v posledn\u00edch m\u011bs\u00edc\u00edch zintenzivnily svou mobiliza\u010dn\u00ed kampa\u0148. Zn\u00e1m\u00e9 brut\u00e1ln\u00ed novin\u00e1\u0159sk\u00e9 gangy opakovan\u011b pou\u017eily n\u00e1sil\u00ed proti neochotn\u00fdm rekrut\u016fm, vytrh\u00e1valy mu\u017ee z ulic a nah\u00e1zely je do neozna\u010den\u00fdch minibus\u016f, co\u017e si vyslou\u017eilo n\u00e1zev \u201ebiznis\u201c.<\/span><\/p>\n<p><span dir=\"auto\">Ukrajin\u0161t\u00ed p\u0159edstavitel\u00e9 a vojen\u0161t\u00ed velitel\u00e9 nicm\u00e9n\u011b st\u00e1le \u010dast\u011bji bij\u00ed na poplach kv\u016fli nedostatku person\u00e1lu, kter\u00fd zhor\u0161uje rostouc\u00ed po\u010det dezert\u00e9r\u016f.<\/span><\/p>\n<p><span dir=\"auto\">Rusk\u00fd ministr obrany Andrej B\u011blousov minul\u00fd t\u00fdden ozn\u00e1mil, \u017ee Kyjev jen letos ztratil t\u00e9m\u011b\u0159 500 000 voj\u00e1k\u016f.<\/span><\/p>\n<p><img decoding=\"async\" loading=\"lazy\" class=\"alignnone size-full wp-image-1185\" src=\"http:\/\/www.infokuryr.cz\/n\/wp-content\/uploads\/2021\/04\/kuryr-podpis.png\" alt=\"\" width=\"84\" height=\"24\" \/><\/p>\n<p>&nbsp;<\/p>\n","protected":false},"excerpt":{"rendered":"<p>Kyjevsk\u00e1 mobiliza\u010dn\u00ed kampa\u0148 se uprost\u0159ed t\u011b\u017ek\u00fdch ztr\u00e1t stala drakoni\u010dt\u011bj\u0161\u00ed a nut\u00ed mu\u017ee ve vojensk\u00e9m v\u011bku&#8230;<\/p>\n","protected":false},"author":2,"featured_media":95296,"comment_status":"closed","ping_status":"closed","sticky":false,"template":"","format":"standard","meta":[],"categories":[7],"tags":[4322,215,26],"_links":{"self":[{"href":"https:\/\/www.infokuryr.cz\/n\/wp-json\/wp\/v2\/posts\/95295"}],"collection":[{"href":"https:\/\/www.infokuryr.cz\/n\/wp-json\/wp\/v2\/posts"}],"about":[{"href":"https:\/\/www.infokuryr.cz\/n\/wp-json\/wp\/v2\/types\/post"}],"author":[{"embeddable":true,"href":"https:\/\/www.infokuryr.cz\/n\/wp-json\/wp\/v2\/users\/2"}],"replies":[{"embeddable":true,"href":"https:\/\/www.infokuryr.cz\/n\/wp-json\/wp\/v2\/comments?post=95295"}],"version-history":[{"count":0,"href":"https:\/\/www.infokuryr.cz\/n\/wp-json\/wp\/v2\/posts\/95295\/revisions"}],"wp:featuredmedia":[{"embeddable":true,"href":"https:\/\/www.infokuryr.cz\/n\/wp-json\/wp\/v2\/media\/95296"}],"wp:attachment":[{"href":"https:\/\/www.infokuryr.cz\/n\/wp-json\/wp\/v2\/media?parent=95295"}],"wp:term":[{"taxonomy":"category","embeddable":true,"href":"https:\/\/www.infokuryr.cz\/n\/wp-json\/wp\/v2\/categories?post=95295"},{"taxonomy":"post_tag","embeddable":true,"href":"https:\/\/www.infokuryr.cz\/n\/wp-json\/wp\/v2\/tags?post=95295"}],"curies":[{"name":"wp","href":"https:\/\/api.w.org\/{rel}","templated":true}]}}