{"id":95294,"date":"2025-12-24T04:04:51","date_gmt":"2025-12-24T03:04:51","guid":{"rendered":"https:\/\/www.infokuryr.cz\/n\/?p=95294"},"modified":"2025-12-24T04:05:23","modified_gmt":"2025-12-24T03:05:23","slug":"miroslav-kelnar-jak-za-nove-vlady-s-financovanim-neziskovek","status":"publish","type":"post","link":"https:\/\/www.infokuryr.cz\/n\/2025\/12\/24\/miroslav-kelnar-jak-za-nove-vlady-s-financovanim-neziskovek\/","title":{"rendered":"Miroslav Kelnar: Jak za nov\u00e9 vl\u00e1dy s financov\u00e1n\u00edm neziskovek?"},"content":{"rendered":"<div id=\"fb-root\"><\/div>\n<p align=\"justify\">Hovo\u0159\u00ed se v posledn\u00ed dob\u011b, \u017ee by se nov\u00e1 \u010desk\u00e1 vl\u00e1da m\u011bla tak\u00e9 pod\u00edvat na zoubek neziskov\u00fdm organizac\u00edm, kter\u00e9 jsou p\u0159is\u00e1ty na rozpo\u010dty r\u016fzn\u00fdch \u010desk\u00fdch ministerstev a dal\u0161\u00edch na\u0161ich st\u00e1tn\u00edch organizac\u00ed. Za m\u011b, k\u00e9\u017e by k takov\u00e9muto kroku nastupuj\u00edc\u00ed vl\u00e1da p\u0159ikro\u010dila a kone\u010dn\u011b by se za\u010dalo odpov\u011bdn\u011b prov\u011b\u0159ovat, zdali ka\u017ed\u00e1 ta jednotliv\u00e1 neziskovka n\u011bco p\u0159in\u00e1\u0161\u00ed a nebo je to jen odchoz\u00ed kan\u00e1l na na\u0161e pen\u00edze a zdroj pro snadn\u00e9 v\u00fdd\u011blky ur\u010dit\u00e9ho segmentu \u010desk\u00e9 spole\u010dnosti. Proto\u017ee, popravd\u011b \u0159e\u010deno, se tyto neziskov\u00e9 organizace zde chovaj\u00ed jako st\u00e1t ve st\u00e1t\u011b, kdy je nikdo nekontroluje na \u00fa\u010delnost vynakl\u00e1dan\u00ed st\u00e1tn\u00edch prost\u0159edk\u016f.<\/p>\n<p align=\"justify\">M\u011bl jsem p\u0159\u00edle\u017eitost se sezn\u00e1mit se sektorem neziskov\u00fdch organizac\u00ed zab\u00fdvaj\u00edc\u00edch se korupc\u00ed a do t\u00e9to sf\u00e9ry bych se cht\u011bl zam\u011b\u0159it a mysl\u00edm, \u017ee je to celkem reprezentativn\u00ed vzorek, abych na n\u011bm mohl demonstrovat,<strong>\u00a0zdali se na\u0161\u00ed spole\u010dnosti prost\u0159edky vlo\u017een\u00e9 do tohoto segmentu neziskov\u00fdch organizac\u00ed vrac\u00ed a nebo jsou to jen vyhozen\u00e9 pen\u00edze.<\/strong>\u00a0Proto\u017ee na rozd\u00edl od neziskovek, kter\u00e9 chod\u00ed do \u0161kol m\u00e1st rozum mlad\u00fdm \u0161kol\u00e1k\u016fm s r\u016fzn\u00fdmi LGBT apod., kde je v\u00fdstup jejich kon\u00e1n\u00ed nekvantifikovateln\u00fd (mo\u017en\u00e1 jen po\u010dtem podan\u00fdch \u017e\u00e1dost\u00ed o p\u0159eoperov\u00e1n\u00ed), zde u korup\u010dn\u00edch kauz by se dala n\u011bjak vyj\u00e1d\u0159it \u00fasp\u011b\u0161nost jednotliv\u00fdch aktivit u t\u011bchto organizac\u00ed a prezentovat je n\u011bjakou m\u011b\u0159itelnou veli\u010dinou. Jen tak z patra m\u011b napad\u00e1 t\u0159eba ukazatel: po\u010det zav\u0159en\u00fdch korup\u010dn\u00edk\u016f.<\/p>\n<p align=\"justify\"><strong>T\u011bch korup\u010dn\u00edch kauz bylo za posledn\u00ed Fialovy vl\u00e1dy dost, a tak v \u017e\u00e1dn\u00e9m p\u0159\u00edpad\u011b se ned\u00e1 hodnotit, \u017ee se rozsah korupce d\u00edky financov\u00e1n\u00ed neziskov\u00fdch organizac\u00ed v t\u00e9to zemi sni\u017euje.<\/strong>\u00a0Sta\u010d\u00ed jen p\u0159ipomenout v\u0161echny ty kauzy, jako jsou Dozimetr, Bitcoiny, IKEM, Fialova kampeli\u010dka atd. a jak je vid\u011bt, trend je tu sp\u00ed\u0161e opa\u010dn\u00fd.<\/p>\n<p align=\"justify\">Norm\u00e1ln\u011b bych prohl\u00e1sil, \u017ee jsem je\u0161t\u011b nesly\u0161el, \u017ee by se n\u011bkde rozm\u00e1zla n\u011bjak\u00e1 ta korup\u010dn\u00ed af\u00e9ra d\u00edky pr\u00e1ci ur\u010dit\u00e9 protikorup\u010dn\u00ed nadace, ale mus\u00edm \u0159\u00edci, \u017ee u\u017e jsem sly\u0161el. Byla to protikorup\u010dn\u00ed neziskovka <strong>INVESTIGACE<\/strong>, kter\u00e1 rozm\u00e1zla Babi\u0161\u016fv n\u00e1kup domu ve Francii. Tato informace zaz\u00e1\u0159ila, ale pak zase hned zhasla, proto\u017ee na tomto Babi\u0161ov\u011b n\u00e1kupu domu ve Francii nemohl nikdo naj\u00edt nic korup\u010dn\u00edho a ani nic nez\u00e1konn\u00e9ho. A je vrcholn\u011b podivn\u00e9, \u017ee pr\u00e1v\u011b i tuto neziskovku INVESTIGACE jsem oslovil s\u00a0<a href=\"https:\/\/narodnidemokracie.cz\/ing-miroslav-kelnar-co-se-v-zahranici-vi-a-my-nevime\/\">re\u00e1lnou korup\u010dn\u00ed kauzou ADULARYA<\/a>\u00a0s ofici\u00e1ln\u011b vy\u010d\u00edslenou \u0161kodou 14 miliard korun. Ale jakmile jsem na tuto neziskovku poslal popis t\u00e9to m\u00e9 kauzy, tak komunikace z jejich strany se mnou skon\u010dila.<\/p>\n<p align=\"justify\">Jen p\u00e1r informac\u00ed na za\u010d\u00e1tek o tomto projektu Adularya pro prvo\u010dten\u00e1\u0159e, kte\u0159\u00ed o t\u00e9to kauze dosud nic ne\u010detli, kdy j\u00e1 tvrd\u00edm, \u017ee <strong>tento projekt zkolaboval kv\u016fli korupci a byla to darda se \u0161kodou on\u011bch zm\u00edn\u011bn\u00fdch 14 miliard korun.<\/strong><\/p>\n<p align=\"justify\">V roce 2011 se za\u010dala stav\u011bt elektr\u00e1rna Adularya v Turecku, kde gener\u00e1ln\u00edm dodavatelem dvou blok\u016f elektr\u00e1rny byla \u010desk\u00e1 firma, a kdy\u017e se koncem roku 2015 dokon\u010dil prvn\u00ed blok elektr\u00e1rny, tak se zjistilo, \u017ee ten blok nem\u016f\u017ee b\u00fdt provozov\u00e1n, proto\u017ee se nalepuje pop\u00edlek na vnit\u0159n\u00ed \u010d\u00e1sti kotle. Kotel, respektive dva kotle byly dod\u00e1ny rakouskou firmou Andritz a <strong>bylo naprosto logick\u00e9 podat reklamaci na tyto vadn\u00e9 produkty<\/strong>\u00a0z Rakouska a samoz\u0159ejm\u011b po\u017e\u00e1dat rakousk\u00e9ho dodavatele kotl\u016f o jejich opravu.\u00a0<strong>A k tomuto naprosto logick\u00e9mu aktu tzv. reklamov\u00e1n\u00ed velice podez\u0159ele nedo\u0161lo<\/strong>\u00a0a celou tu \u0161kodu na sebe p\u0159evzal dobrovoln\u011b a v\u011bdom\u011b \u010desk\u00fd gener\u00e1ln\u00ed dodavatel a \u010desk\u00fd st\u00e1t.<\/p>\n<p align=\"justify\">Vykonal jsem velk\u00e9 \u00fasil\u00ed, abych donutit jak gener\u00e1ln\u00edho dodavatele, tak i \u010desk\u00fd st\u00e1t, aby si nechali odborn\u011b posoudit technick\u00e9 \u0159e\u0161en\u00ed kotl\u016f a ty kotle pak eventu\u00e1ln\u011b reklamovali, ale neu\u010dinili tak. Proto\u017ee\u00a0\u00a0jsem pracoval d\u0159\u00edve ve firm\u011b, kter\u00e1 energetick\u00e9 celky do Turecka vyv\u00e1\u017eela a bylo mi z\u0159ejm\u00e9, \u017ee toto \u201eopomenut\u00ed\u201c vadn\u00fd produkt reklamovat nemohlo b\u00fdt realizov\u00e1no bez toho, aby tento akt opomenut\u00ed pod\u00e1n\u00ed reklamace nebyl n\u011bjak finan\u010dn\u011b stimulov\u00e1n. <strong>A tak jsem za\u010dal v roce 2017 hledat mo\u017enost, jak p\u0159inutit policii, aby vy\u0161et\u0159ovala, kdo byl v pozad\u00ed tohoto opomenut\u00ed<\/strong>, d\u00edky kter\u00e9mu ta rakousk\u00e1 firma u\u0161et\u0159ila miliardy korun za opravu vadn\u00fdch za\u0159\u00edzen\u00ed. A proto\u017ee jsem nikdy p\u0159edt\u00edm nepod\u00e1val \u017e\u00e1dn\u00e9 trestn\u00ed ozn\u00e1men\u00ed, tak jsem hledat mo\u017enost, od koho bych se to p\u0159iu\u010dil.<\/p>\n<p align=\"justify\">Prvn\u011b m\u011b napadlo, se obr\u00e1tit na n\u011bjak\u00e9 ty protikorup\u010dn\u00ed neziskovky v dobr\u00e9 v\u00ed\u0159e, \u017ee mi pomohou. Nejd\u0159\u00edve jsem napsal na <strong>Transparency International<\/strong>, co\u017e je neziskovka, kter\u00e1 m\u00e1 svoje \u00fast\u0159ed\u00ed v\u00a0Berl\u00edn\u011b, zdali by mi nepomohla se \u017ealov\u00e1n\u00edm t\u00e9to kauzy. Oni\u00a0\u00a0mi\u00a0\u00a0sice z\u00a0Transparency International odpov\u011bd\u011bli, ale poslali mi jen takov\u00e9 ty obecn\u00e9 hrab\u011bc\u00ed rady. Na Transparency International jsem odv\u011btil, \u017ee m\u00edsto t\u011bchto rad pot\u0159ebuji sp\u00ed\u0161e pomoci se seps\u00e1n\u00edm sv\u00e9ho trestn\u00edho ozn\u00e1men\u00ed, proto\u017ee jsem nic podobn\u00e9ho v\u00a0\u017eivot\u011b ned\u011blal. Pak u\u017e se od nich nikdo neozval.<\/p>\n<p align=\"justify\"><img decoding=\"async\" loading=\"lazy\" class=\"wp-image-94843 aligncenter\" src=\"http:\/\/www.infokuryr.cz\/n\/wp-content\/uploads\/2025\/12\/popelka-hrad-300x141.jpg\" alt=\"\" width=\"1132\" height=\"532\" srcset=\"https:\/\/www.infokuryr.cz\/n\/wp-content\/uploads\/2025\/12\/popelka-hrad-300x141.jpg 300w, https:\/\/www.infokuryr.cz\/n\/wp-content\/uploads\/2025\/12\/popelka-hrad-768x360.jpg 768w, https:\/\/www.infokuryr.cz\/n\/wp-content\/uploads\/2025\/12\/popelka-hrad.jpg 977w\" sizes=\"(max-width: 1132px) 100vw, 1132px\" \/><\/p>\n<p align=\"justify\">D\u00e1le jsem oslovil <strong>Nada\u010dn\u00ed fond proti korupci<\/strong>\u00a0zalo\u017een\u00fd podnikatelem Jane\u010dkem, a ti m\u011b pozvali k setk\u00e1n\u00ed,\u00a0pohovo\u0159ili se mnou a pak se u\u017e nikdy nikdo od nich neozval, i kdy\u017e jsem spolupr\u00e1ci u nich urgoval.<\/p>\n<p align=\"justify\">A jedeme d\u00e1le. Oslovil jsem tak\u00e9 neziskovou organizaci <strong>Kverulant<\/strong>, ti mi alespo\u0148 slu\u0161n\u011b odpov\u011bd\u011bli, \u017ee ten p\u0159\u00edpad je pro n\u011b velk\u00fd. D\u00e1le jsem to zkusil s\u00a0nada\u010dn\u00edm fondem\u00a0<strong>Sv\u011bdom\u00ed n\u00e1roda<\/strong>, kde mi po n\u011bjak\u00e9 kr\u00e1tk\u00e9 komunikaci sd\u011blili, \u017ee ke mn\u011b jako k\u00a0osob\u011b nemaj\u00ed ani \u0161petku d\u016fv\u011bry a t\u00edm na\u0161e spolupr\u00e1ce skon\u010dila. Nikdy jsme se nepotkali, tak odkud se vzala ta jejich ned\u016fv\u011bra ke mn\u011b, to mi jaksi zapomn\u011bli vysv\u011btlit.<\/p>\n<p align=\"justify\">A nyn\u00ed se vr\u00e1t\u00edm k Transparency International, proto\u017ee s nimi jsem pak nav\u00e1zal znovu komunikaci po p\u00e1r letech. Co bylo d\u016fvodem pro na\u0161i novou komunikaci?<\/p>\n<p align=\"justify\">Mysl\u00edm, \u017ee to bylo v roce 2023, kdy jsem si p\u0159e\u010detl v novin\u00e1ch, \u017ee \u010cesk\u00e9 republice \u00fast\u0159ed\u00ed Transparency International v Berl\u00edn\u011b vylep\u0161ilo postaven\u00ed v \u017eeb\u0159\u00ed\u010dku korupce a n\u011bkter\u00fdch dal\u0161\u00edch krit\u00e9ri\u00ed o dv\u011b\u00a0\u00a0m\u00edsta. T\u00edm jako by tato jejich organizace cht\u011bla \u0159\u00edci, \u017ee se u n\u00e1s v z\u00e1sad\u011b za rok 2023 situace v korupci zlep\u0161ila. A proto\u017ee pr\u00e1v\u011b rok 2023 byl rokem, kdy proti mn\u011b otev\u0159elo Vrchn\u00ed st\u00e1tn\u00ed zastupitelstv\u00ed v Praze <a href=\"https:\/\/narodnidemokracie.cz\/ing-miroslav-kelnar-zlo-triumfovalo-spravedlnost-zaplakala\/\">vykonstruovan\u00e9 trestn\u00ed ozn\u00e1men\u00ed<\/a>, tak jsem jim napsal na tu jejich \u010deskou pobo\u010dku zde v\u00a0Praze rozho\u0159\u010den\u00fd dopis. V\u00a0tomto dopise jsem jim vy\u010dinil, \u017ee sice pod tou starou Babi\u0161ovou vl\u00e1dou se nic na m\u00e9m podan\u00e9m trestn\u00edm ozn\u00e1men\u00ed z\u00a0podez\u0159en\u00ed z\u00a0korupce nevy\u0161et\u0159ovalo, ale \u017ee se m\u011b alespo\u0148 za ty moje protikorup\u010dn\u00ed aktivity nepokou\u0161ela ta Babi\u0161ova vl\u00e1da dostat za katr.\u00a0<strong>A naopak tato Fialova vl\u00e1da p\u0159e\u0161la na vy\u0161\u0161\u00ed formu boje proti t\u011bm, co se tu postav\u00ed korupci, a poslala m\u011b k soudu.<\/strong><\/p>\n<p align=\"justify\">Pak jsme si vym\u011bnili s Transparency International n\u011bjak\u00e9 ty e maily a informoval jsem je o v\u00fdvoji v m\u00e9m soudn\u00edm st\u00edh\u00e1n\u00ed. Pozval jsem je k \u00fa\u010dasti na m\u00fdch soudn\u00edch procesech, a nab\u00eddl jsem jim po skon\u010den\u00ed m\u00e9ho soudn\u00edho kon\u00e1n\u00ed rozhovor pro Parlamentn\u00ed Listy, kde by mohli ten soudn\u00ed proces komentovat. Bohu\u017eel nikdy z Transparency International na m\u016fj soud nikdo nep\u0159i\u0161el, o rozhovor s novin\u00e1\u0159em z Parlamentn\u00edch List\u016f nem\u011bli z\u00e1jem, sami napsat \u010dl\u00e1nek k tomuto t\u00e9matu tak\u00e9 necht\u011bli a nakonec se mnou p\u0159estali komunikovat.<\/p>\n<p align=\"justify\">Tak\u017ee jsem byl nakonec odsouzen bez z\u00e1jmu Transparency International a i v\u0161ech dal\u0161\u00edch\u00a0\u00a0nadac\u00ed, k podm\u00edne\u010dn\u00e9mu trestu ve vykonstruovan\u00e9m obvin\u011bn\u00ed. Mus\u00edm ale nyn\u00ed ud\u011blit pochvalu Transparency International, proto\u017ee za rok 2025 tato organizace posunula \u010ceskou republiku ve sv\u00e9 tabulce korup\u010dnosti a dal\u0161\u00edch krit\u00e9ri\u00ed o 4 m\u00edsta k hor\u0161\u00edmu. Asi by to bylo po t\u011bch Bitcoinech a kampeli\u010dk\u00e1ch a Dozimetrech atd. opravdu do nebe volaj\u00edc\u00ed arogance, \u0159\u00edci, \u017ee za Fialovy vl\u00e1dy se korupce v \u010desk\u00fdch zem\u00edch sn\u00ed\u017eila.<\/p>\n<p align=\"justify\">Tak\u017ee mohu prov\u00e9st z\u00e1v\u011bre\u010dn\u00e9 hodnocen\u00ed, \u017ee <strong>v\u00fdsledkem m\u00e9 spolupr\u00e1ce s neziskov\u00fdmi organizacemi byla jedna velk\u00e1 nula<\/strong>. Nezaj\u00edmalo je ani to, \u017ee \u010desk\u00fd da\u0148ov\u00fd poplatn\u00edk zaplatil za vadn\u00fd produkt rakousk\u00e9 firmy 14 miliard korun a nevadilo jim ani to, \u017ee nakonec jedin\u00fdm, kdo byl vy\u0161et\u0159ov\u00e1n, souzen\u00a0\u00a0a odsouzen byl ten, co na tuto kauzu upozornil.\u00a0<strong>A tak se pt\u00e1m po tomto m\u00e9m 8let\u00e9m boji s hydrou korupce v\u00a0t\u00e9to zemi, k\u00a0\u010demu jsou vlastn\u011b ty neziskov\u00e9 organizace, na kter\u00e9 ka\u017ed\u00fd z\u00a0n\u00e1s p\u0159isp\u00edv\u00e1 ze sv\u00fdch dan\u00ed a ony n\u00e1m nep\u0159in\u00e1\u0161\u00ed \u017e\u00e1dn\u00fd u\u017eitek?<\/strong><\/p>\n<p align=\"justify\">Nakonec si s\u00e1m polo\u017e\u00edm ot\u00e1zku, a to, zdali si mysl\u00edm, \u017ee po objeven\u00ed se informac\u00ed o zlat\u00e9m z\u00e1chod\u011b (\u0159\u00edkejme mu t\u0159eba DANA) na Ukrajin\u011b, kde je docela re\u00e1ln\u00e1 pravd\u011bpodobnost, \u017ee na ten zlat\u00fd z\u00e1chod na Ukrajin\u011b p\u0159isp\u00edvali i \u010de\u0161t\u00ed da\u0148ov\u00ed poplatn\u00edci, jestli se n\u011bco zm\u011bn\u00ed v my\u0161len\u00ed lid\u00ed, a \u017ee se tito stanou v\u00edce protikorup\u010dn\u011b nalad\u011bn\u00ed? Odpov\u00edm, \u017ee ne, proto\u017ee v t\u00e9to spole\u010dnosti ten z\u00e1kladn\u00ed probl\u00e9m je propad mor\u00e1ln\u00edch kvalit \u010desk\u00e9ho n\u00e1roda. Dnes kladn\u00fd charakter osoby nen\u00ed \u017e\u00e1dn\u00fdm pozitivn\u00edm krit\u00e9riem pro hodnocen\u00ed \u010dlov\u011bka. Pokud se tento p\u0159\u00edstup chce zm\u011bnit, a aby se op\u011bt okr\u00e1d\u00e1n\u00ed bli\u017en\u00edch a nebo spole\u010dnosti stalo pro ob\u010dany na\u0161\u00ed republiky mor\u00e1ln\u011b nep\u0159ijateln\u00e9, pak by bylo nutno za\u010d\u00edt s n\u00e1pravou okam\u017eit\u011b od \u0161koln\u00edch lavic, a to <strong>m\u00edsto toho, aby studenti chodili po demonstrac\u00edch za klima, tak by m\u011bli rad\u011bji absolvovat hodiny v\u00fdchovy dobr\u00fdch mrav\u016f.<\/strong><\/p>\n<p align=\"justify\">Tento \u010dl\u00e1nek m\u00e1 za c\u00edl p\u0159isp\u011bt k rozproud\u011bn\u00ed diskuse kolem dal\u0161\u00edho financov\u00e1n\u00ed neziskov\u00fdch organizac\u00ed.<\/p>\n<p align=\"justify\"><em><a href=\"https:\/\/narodnidemokracie.cz\/ing-miroslav-kelnar-jak-za-nove-vlady-s-financovanim-neziskovek\/\">Ing. Miroslav Kelnar<\/a>, \u010dlen N\u00e1rodn\u00ed demokracie<\/em><\/p>\n<p align=\"justify\"><img decoding=\"async\" loading=\"lazy\" class=\"alignnone size-full wp-image-87632\" src=\"http:\/\/www.infokuryr.cz\/n\/wp-content\/uploads\/2025\/09\/kelnar.jpg\" alt=\"\" width=\"200\" height=\"259\" \/><\/p>\n","protected":false},"excerpt":{"rendered":"<p>Hovo\u0159\u00ed se v posledn\u00ed dob\u011b, \u017ee by se nov\u00e1 \u010desk\u00e1 vl\u00e1da m\u011bla tak\u00e9 pod\u00edvat na&#8230;<\/p>\n","protected":false},"author":2,"featured_media":1907,"comment_status":"closed","ping_status":"closed","sticky":false,"template":"","format":"standard","meta":[],"categories":[6],"tags":[45,1503,69],"_links":{"self":[{"href":"https:\/\/www.infokuryr.cz\/n\/wp-json\/wp\/v2\/posts\/95294"}],"collection":[{"href":"https:\/\/www.infokuryr.cz\/n\/wp-json\/wp\/v2\/posts"}],"about":[{"href":"https:\/\/www.infokuryr.cz\/n\/wp-json\/wp\/v2\/types\/post"}],"author":[{"embeddable":true,"href":"https:\/\/www.infokuryr.cz\/n\/wp-json\/wp\/v2\/users\/2"}],"replies":[{"embeddable":true,"href":"https:\/\/www.infokuryr.cz\/n\/wp-json\/wp\/v2\/comments?post=95294"}],"version-history":[{"count":0,"href":"https:\/\/www.infokuryr.cz\/n\/wp-json\/wp\/v2\/posts\/95294\/revisions"}],"wp:featuredmedia":[{"embeddable":true,"href":"https:\/\/www.infokuryr.cz\/n\/wp-json\/wp\/v2\/media\/1907"}],"wp:attachment":[{"href":"https:\/\/www.infokuryr.cz\/n\/wp-json\/wp\/v2\/media?parent=95294"}],"wp:term":[{"taxonomy":"category","embeddable":true,"href":"https:\/\/www.infokuryr.cz\/n\/wp-json\/wp\/v2\/categories?post=95294"},{"taxonomy":"post_tag","embeddable":true,"href":"https:\/\/www.infokuryr.cz\/n\/wp-json\/wp\/v2\/tags?post=95294"}],"curies":[{"name":"wp","href":"https:\/\/api.w.org\/{rel}","templated":true}]}}