{"id":95265,"date":"2025-12-24T00:30:19","date_gmt":"2025-12-23T23:30:19","guid":{"rendered":"https:\/\/www.infokuryr.cz\/n\/?p=95265"},"modified":"2025-12-23T14:08:00","modified_gmt":"2025-12-23T13:08:00","slug":"skandal-elysejsky-palac-byl-dva-roky-rabovan-zevnitr-vlastnimi-zamestnanci","status":"publish","type":"post","link":"https:\/\/www.infokuryr.cz\/n\/2025\/12\/24\/skandal-elysejsky-palac-byl-dva-roky-rabovan-zevnitr-vlastnimi-zamestnanci\/","title":{"rendered":"Skand\u00e1l: Elysejsk\u00fd pal\u00e1c byl dva roky rabov\u00e1n zevnit\u0159 vlastn\u00edmi zam\u011bstnanci"},"content":{"rendered":"<div id=\"fb-root\"><\/div>\n<p><span dir=\"auto\">Uprost\u0159ed opulentn\u00edho prost\u0159ed\u00ed republiky vyvol\u00e1v\u00e1 pobou\u0159en\u00ed skand\u00e1l: Ghislain M., str\u00e1\u017en\u00fd v Louvru a nad\u0161enec do porcel\u00e1nu, se spolu se sv\u00fdm komplicem Thomasem M., spr\u00e1vcem Elysejsk\u00e9ho pal\u00e1ce, p\u0159iznal ke kr\u00e1de\u017ei a ukryt\u00ed v\u00edce ne\u017e stovky kus\u016f s\u00e8vresk\u00e9ho porcel\u00e1nu, on\u011bch ru\u010dn\u011b vyr\u00e1b\u011bn\u00fdch poklad\u016f p\u0159edstavuj\u00edc\u00edch vrchol francouzsk\u00e9ho \u0159emesln\u00e9ho um\u011bn\u00ed. T\u00e9m\u011b\u0159 v\u0161echny se od t\u00e9 doby znovu objevily na reg\u00e1lech Elysejsk\u00e9ho pal\u00e1ce.<\/span><\/p>\n<p><span dir=\"auto\">Ale ironie je kousav\u00e1. 20. \u0159\u00edjna, kr\u00e1tce po kr\u00e1de\u017ei osmi korunova\u010dn\u00edch klenot\u016f z Louvru, Ghislain b\u011bhem intern\u00ed sch\u016fze vstal a zu\u0159iv\u011b zvolal:<\/span><\/p>\n<p><span dir=\"auto\">\u201e\u00a0<\/span><em><span dir=\"auto\">V ur\u010dit\u00e9m okam\u017eiku budete muset sl\u00e9zt ze sv\u00fdch kancel\u00e1\u0159\u00ed; nejste v kontaktu s publikem, ned\u011blejte z n\u00e1s bl\u00e1zny!<\/span><\/em><span dir=\"auto\">\u00a0\u201c<\/span><\/p>\n<p><span dir=\"auto\">On, str\u00e1\u017ece chodeb, kritizuje veden\u00ed za jeho odtr\u017een\u00ed od reality. A te\u010f se jeho vlastn\u00ed v\u00e1\u0161e\u0148 pro tyto imperi\u00e1ln\u00ed objekty m\u011bn\u00ed v zlo\u010dineckou posedlost, proklouz\u00e1v\u00e1 pod rou\u0161kou spole\u010densk\u00fdch jemnost\u00ed do zej\u00edc\u00edch trhlin v syst\u00e9mu sledov\u00e1n\u00ed.<\/span><\/p>\n<p><span dir=\"auto\">Str\u00e1\u017eci na\u0161ich pal\u00e1c\u016f se m\u011bn\u00ed ve vnit\u0159n\u00ed rabova\u010de: minul\u00e1 velkolepost Francie utrp\u011bla t\u011b\u017ekou r\u00e1nu.<\/span><\/p>\n<figure class=\"wp-block-embed is-type-rich is-provider-twitter wp-block-embed-twitter\">\n<div class=\"wp-block-embed__wrapper\">\n<div class=\"embed-twitter\">\n<div class=\"twitter-tweet twitter-tweet-rendered\"><iframe id=\"twitter-widget-0\" class=\"\" title=\"X Post\" src=\"https:\/\/platform.twitter.com\/embed\/Tweet.html?dnt=true&amp;embedId=twitter-widget-0&amp;features=eyJ0ZndfdGltZWxpbmVfbGlzdCI6eyJidWNrZXQiOltdLCJ2ZXJzaW9uIjpudWxsfSwidGZ3X2ZvbGxvd2VyX2NvdW50X3N1bnNldCI6eyJidWNrZXQiOnRydWUsInZlcnNpb24iOm51bGx9LCJ0ZndfdHdlZXRfZWRpdF9iYWNrZW5kIjp7ImJ1Y2tldCI6Im9uIiwidmVyc2lvbiI6bnVsbH0sInRmd19yZWZzcmNfc2Vzc2lvbiI6eyJidWNrZXQiOiJvbiIsInZlcnNpb24iOm51bGx9LCJ0ZndfZm9zbnJfc29mdF9pbnRlcnZlbnRpb25zX2VuYWJsZWQiOnsiYnVja2V0Ijoib24iLCJ2ZXJzaW9uIjpudWxsfSwidGZ3X21peGVkX21lZGlhXzE1ODk3Ijp7ImJ1Y2tldCI6InRyZWF0bWVudCIsInZlcnNpb24iOm51bGx9LCJ0ZndfZXhwZXJpbWVudHNfY29va2llX2V4cGlyYXRpb24iOnsiYnVja2V0IjoxMjA5NjAwLCJ2ZXJzaW9uIjpudWxsfSwidGZ3X3Nob3dfYmlyZHdhdGNoX3Bpdm90c19lbmFibGVkIjp7ImJ1Y2tldCI6Im9uIiwidmVyc2lvbiI6bnVsbH0sInRmd19kdXBsaWNhdGVfc2NyaWJlc190b19zZXR0aW5ncyI6eyJidWNrZXQiOiJvbiIsInZlcnNpb24iOm51bGx9LCJ0ZndfdXNlX3Byb2ZpbGVfaW1hZ2Vfc2hhcGVfZW5hYmxlZCI6eyJidWNrZXQiOiJvbiIsInZlcnNpb24iOm51bGx9LCJ0ZndfdmlkZW9faGxzX2R5bmFtaWNfbWFuaWZlc3RzXzE1MDgyIjp7ImJ1Y2tldCI6InRydWVfYml0cmF0ZSIsInZlcnNpb24iOm51bGx9LCJ0ZndfbGVnYWN5X3RpbWVsaW5lX3N1bnNldCI6eyJidWNrZXQiOnRydWUsInZlcnNpb24iOm51bGx9LCJ0ZndfdHdlZXRfZWRpdF9mcm9udGVuZCI6eyJidWNrZXQiOiJvbiIsInZlcnNpb24iOm51bGx9fQ%3D%3D&amp;frame=false&amp;hideCard=false&amp;hideThread=false&amp;id=2002009260645875917&amp;lang=cs&amp;origin=https%3A%2F%2Freseauinternational.net%2Fscandale-lelysee-pille-de-linterieur-par-son-propre-personnel-pendant-deux-ans%2F&amp;sessionId=c6e769779cc7757d146d861c8ade8f9844811967&amp;theme=light&amp;widgetsVersion=2615f7e52b7e0%3A1702314776716&amp;width=550px\" frameborder=\"0\" scrolling=\"no\" allowfullscreen=\"allowfullscreen\" data-tweet-id=\"2002009260645875917\" data-mce-fragment=\"1\"><\/iframe><\/div>\n<\/div>\n<\/div>\n<\/figure>\n<h3 class=\"wp-block-heading\"><strong><span dir=\"auto\">Ghislain M., str\u00e1\u017ece Louvru, kter\u00fd vystavoval svou ko\u0159ist pod rou\u0161kou v\u00e1\u0161n\u011b<\/span><\/strong><\/h3>\n<p><span dir=\"auto\">Ghislain, najat\u00fd jako ostraha v Louvru od listopadu 2023, vedl dvoj\u00ed \u017eivot. Prezentoval se jako osv\u00edcen\u00fd sb\u011bratel, t\u00e9m\u011b\u0159 samozvan\u00fd d\u011bdic francouzsk\u00e9 sl\u00e1vy. Jeho soukrom\u00e1 sb\u00edrka \u010d\u00edtaj\u00edc\u00ed t\u00e9m\u011b\u0159 500 p\u0159edm\u011bt\u016f zam\u011b\u0159en\u00fdch na kr\u00e1lovsk\u00fd a c\u00edsa\u0159sk\u00fd s\u00e8vresk\u00fd porcel\u00e1n byla vystavena v pavilonu Jind\u0159icha II. ve Villers-Cotter\u00eats do 18. ledna.<\/span><\/p>\n<p><span dir=\"auto\">Mluv\u00ed o poct\u011b:<\/span><\/p>\n<p><span dir=\"auto\">\u201e\u00a0<\/span><em><span dir=\"auto\">Moje v\u00e1\u0161e\u0148 je poctou t\u011bm, kte\u0159\u00ed v d\u00edln\u00e1ch tov\u00e1rny v S\u00e8vres dali zaz\u00e1\u0159it francouzsk\u00e9 dokonalosti<\/span><\/em><span dir=\"auto\">\u00a0.\u201c<\/span><\/p>\n<p><span dir=\"auto\">Zve\u0159ej\u0148ovan\u00e1 v\u00e1\u0161e\u0148, organizovan\u00e1 kr\u00e1de\u017e: tato pom\u00fdlen\u00e1 horlivost zav\u00e1n\u00ed pokrytectv\u00edm. Pr\u00e1v\u011b ten \u010dlov\u011bk, kter\u00fd uk\u00e1zal prstem na veden\u00ed Louvru, u\u017e ve\u0159ejn\u011b projevoval svou zlo\u010dineckou horlivost. Smutn\u00e1 ironie pro syst\u00e9m, kde se str\u00e1\u017eci pal\u00e1c\u016f st\u00e1vaj\u00ed hrobn\u00edky d\u011bdictv\u00ed.<\/span><\/p>\n<h3 class=\"wp-block-heading\"><strong><span dir=\"auto\">Thomas a Ghislain: duo, kter\u00e9 drancuje c\u00edsa\u0159sk\u00e9 poklady<\/span><\/strong><\/h3>\n<p><span dir=\"auto\">V centru cel\u00e9 z\u00e1le\u017eitosti byl Thomas M., spr\u00e1vce Elysejsk\u00e9ho pal\u00e1ce, kter\u00fd m\u011bl na starosti p\u00e9\u010di o st\u00e1tn\u00ed n\u00e1dob\u00ed, a kter\u00fd slou\u017eil jako Ghislain\u016fv dodavatel. Oba mu\u017ei se dopustili \u0161pinav\u00e9 spolu\u00fa\u010dasti: Thomas ukradl ze S\u00e8vres v\u00edce ne\u017e sto vyroben\u00fdch p\u0159edm\u011bt\u016f, kter\u00e9 byly ulo\u017eeny v prezidentsk\u00e9m pal\u00e1ci, a p\u0159edal je Ghislainovi, kter\u00fd je uskladnil ve sv\u00e9m dom\u011b.<\/span><\/p>\n<p><span dir=\"auto\">Mezi t\u011bmito uko\u0159ist\u011bn\u00fdmi p\u0159edm\u011bty je tal\u00ed\u0159 ze serv\u00edrov\u00e1n\u00ed Capraire z doby Napoleona I., kter\u00fd se mo\u017en\u00e1 kdysi pou\u017e\u00edval v t\u011bch sam\u00fdch salonech Elysejsk\u00e9ho pal\u00e1ce.<\/span><\/p>\n<p><span dir=\"auto\">Ghislain bezosty\u0161n\u011b projevil svou v\u00e1\u0161e\u0148 pro tyto relikvie na Instagramu a hrd\u011b p\u00f3zoval p\u0159ed galeri\u00ed Apollo v Louvru \u2013 krut\u00e1 ironie, pr\u00e1v\u011b na m\u00edst\u011b, odkud byly pr\u00e1v\u011b ukradeny korunova\u010dn\u00ed klenoty.<\/span><\/p>\n<p><span dir=\"auto\">Jeho pr\u00e1vn\u00edk Thomas Malvolti se sna\u017e\u00ed ud\u00e1losti zleh\u010dit:<\/span><\/p>\n<p><span dir=\"auto\">\u201e\u00a0<\/span><em><span dir=\"auto\">M\u016fj klient to neza\u010dal. Zpo\u010d\u00e1tku mu byly nab\u00eddnuty d\u00edly, kter\u00e9 nem\u011bly velkou hodnotu, a on se na nic neptal. Pak, jak se kvalita zlep\u0161ila, za\u010dal n\u011bco tu\u0161it<\/span><\/em><span dir=\"auto\">\u00a0.\u201c<\/span><\/p>\n<p><span dir=\"auto\">To podle n\u011bj dokazuje, \u017ee Ghislain \u201e\u00a0<\/span><em><span dir=\"auto\">nen\u00ed obchodn\u00edk s lidmi, ale byl unesen svou v\u00e1\u0161n\u00ed<\/span><\/em><span dir=\"auto\">\u00a0\u201c.<\/span><\/p>\n<p><span dir=\"auto\">Tohle je sp\u00ed\u0161e posedlost slou\u017e\u00edc\u00ed k maskov\u00e1n\u00ed zlo\u010dineck\u00e9ho \u0161\u00edlenstv\u00ed. Jak mohl zam\u011bstnanec Elysejsk\u00e9ho pal\u00e1ce takto prodat n\u00e1rodn\u00ed poklady? Tyto zjevn\u00e9 nedostatky v srdci mocensk\u00fdch s\u00edn\u00ed odr\u00e1\u017eej\u00ed elit\u00e1\u0159skou nedbalost, kde francouzsk\u00e9 d\u011bdictv\u00ed taje jako sn\u00edh na slunci.<\/span><\/p>\n<h3 class=\"wp-block-heading\"><strong><span dir=\"auto\">Let, kter\u00fd se vle\u010de, a zpov\u011bdi, kter\u00e9 n\u00e1sleduj\u00ed<\/span><\/strong><\/h3>\n<p><span dir=\"auto\">Vz\u00e1cn\u00fd s\u00e8vresk\u00fd porcel\u00e1n mizel z rezerv Elysejsk\u00e9ho pal\u00e1ce nejm\u00e9n\u011b dva roky. Nakonec a\u017e spr\u00e1vce pal\u00e1ce podal st\u00ed\u017enost, upozorn\u011bn hromad\u011bn\u00edm zmizen\u00ed.<\/span><\/p>\n<p><span dir=\"auto\">Thomas dokonce v listopadu rezignoval, jako by se sna\u017eil af\u00e9ru ukon\u010dit. \u010cetn\u00edci pa\u0159\u00ed\u017esk\u00e9 SR (region\u00e1ln\u00ed sekce) se v\u0161ak p\u0159\u00edpadu nevzdali: v \u00fater\u00fd 16. prosince zatkli Thomase v oblasti Loiret a Ghislaina ve Versailles.<\/span><\/p>\n<p><span dir=\"auto\">B\u011bhem policejn\u00ed vazby se oba mu\u017ei ke v\u0161emu p\u0159iznali. \u201e\u00a0<\/span><em><span dir=\"auto\">M\u016fj klient pot\u00e9 \u0159ekl, \u017ee si ulevilo, \u017ee tato sestupn\u00e1 spir\u00e1la, do kter\u00e9 se ocitl, kon\u010d\u00ed<\/span><\/em><span dir=\"auto\">\u00a0,\u201c vypov\u00eddal Thomas Malvolti.<\/span><\/p>\n<p><span dir=\"auto\">Ghislain \u010del\u00ed z\u00e1va\u017en\u011bj\u0161\u00edmu obvin\u011bn\u00ed: p\u0159ij\u00edm\u00e1n\u00ed kraden\u00e9ho zbo\u017e\u00ed (utajovan\u00fdch kulturn\u00edch statk\u016f). Dostal z\u00e1kaz vr\u00e1tit se do pr\u00e1ce v Louvru a chyb\u00ed mu jeho m\u00edsto ostrahy.<\/span><\/p>\n<p><span dir=\"auto\">Z pohledu muzea se doporu\u010duje opatrnost:<\/span><\/p>\n<p><span dir=\"auto\">\u201e\u00a0<\/span><em><span dir=\"auto\">Justice n\u00e1s nekontaktovala a muzeum v sou\u010dasn\u00e9 dob\u011b nem\u00e1 \u017e\u00e1dn\u00e9 informace o skute\u010dnostech odhalen\u00fdch tiskem. Pokud by se tyto skute\u010dnosti potvrdily, instituce by p\u0159irozen\u011b vyvodila v\u0161echny pot\u0159ebn\u00e9 z\u00e1v\u011bry<\/span><\/em><span dir=\"auto\">\u00a0.\u201c<\/span><\/p>\n<p><span dir=\"auto\">Rozsudek je odlo\u017een na \u00fanor 2026, co\u017e umo\u017en\u00ed odhalit bezpe\u010dnostn\u00ed nedostatky republik\u00e1nsk\u00fdch pal\u00e1c\u016f.<\/span><\/p>\n<h3 class=\"wp-block-heading\"><strong><span dir=\"auto\">Zachr\u00e1n\u011bn\u00e9 poklady a instituce v \u0161oku<\/span><\/strong><\/h3>\n<p><span dir=\"auto\">Na\u0161t\u011bst\u00ed se nejhor\u0161\u00edmu poda\u0159ilo zabr\u00e1nit: zdroj bl\u00edzk\u00fd p\u0159\u00edpadu potvrzuje, \u017ee t\u00e9m\u011b\u0159 ve\u0161ker\u00fd prezidentsk\u00fd porcel\u00e1n byl do soboty z\u00edsk\u00e1n zp\u011bt, a\u0165 u\u017e od samotn\u00e9ho zlod\u011bje, p\u0159\u00edjemce kraden\u00e9ho zbo\u017e\u00ed, nebo od t\u0159et\u00edch stran jednaj\u00edc\u00edch v dobr\u00e9 v\u00ed\u0159e. Pro d\u011bdictv\u00ed republiky to byla \u00faleva uprost\u0159ed t\u00e9to katastrofy.<\/span><\/p>\n<p><span dir=\"auto\">V manufaktur\u00e1ch S\u00e8vres National a Mobilier National je i nad\u00e1le nezbytn\u00e1 ostra\u017eitost. \u201e\u00a0<\/span><em><span dir=\"auto\">Prob\u00edh\u00e1 vy\u0161et\u0159ov\u00e1n\u00ed a t\u00fdmy s n\u00edm spolupracuj\u00ed<\/span><\/em><span dir=\"auto\">\u00a0,\u201c uvedli stru\u010dn\u011b.<\/span><\/p>\n<p><span dir=\"auto\">Pokud jde o Sdru\u017een\u00ed p\u0159\u00e1tel pavilonu Jind\u0159icha II., kter\u00e9 hostilo v\u00fdstavu Ghislaina M., t\u00f3n vyjad\u0159uje up\u0159\u00edmnou l\u00edtost. \u201e\u00a0<\/span><em><span dir=\"auto\">Kdy\u017e jsme souhlasili s vystaven\u00edm jeho sb\u00edrky, o tom v\u0161em jsme si zjevn\u011b nebyli v\u011bdomi<\/span><\/em><span dir=\"auto\">\u00a0,\u201c vysv\u011btluje jeho z\u00e1stupce.<\/span><\/p>\n<p><span dir=\"auto\">Sdru\u017een\u00ed tak\u00e9 \u201e\u00a0<\/span><em><span dir=\"auto\">kontaktovalo p\u0159\u00edslu\u0161n\u00e9 org\u00e1ny a dalo se jim k dispozici pro vy\u0161et\u0159ov\u00e1n\u00ed<\/span><\/em><span dir=\"auto\">\u00a0\u201c.<\/span><\/p>\n<p>&nbsp;<\/p>\n<p><span dir=\"auto\">Zdroj:\u00a0<\/span><a title=\"\" href=\"https:\/\/geopolitique-profonde.com\/actualite\/scandale-lelysee-pille-de-linterieur-par-son-propre-personnel-pendant-deux-ans\/\" target=\"_blank\" rel=\"noopener\"><span dir=\"auto\">Hlubok\u00e1 geopolitika<\/span><\/a><\/p>\n","protected":false},"excerpt":{"rendered":"<p>Uprost\u0159ed opulentn\u00edho prost\u0159ed\u00ed republiky vyvol\u00e1v\u00e1 pobou\u0159en\u00ed skand\u00e1l: Ghislain M., str\u00e1\u017en\u00fd v Louvru a nad\u0161enec do&#8230;<\/p>\n","protected":false},"author":2,"featured_media":95266,"comment_status":"closed","ping_status":"closed","sticky":false,"template":"","format":"standard","meta":[],"categories":[7],"tags":[10305,2156,3102,10304,674],"_links":{"self":[{"href":"https:\/\/www.infokuryr.cz\/n\/wp-json\/wp\/v2\/posts\/95265"}],"collection":[{"href":"https:\/\/www.infokuryr.cz\/n\/wp-json\/wp\/v2\/posts"}],"about":[{"href":"https:\/\/www.infokuryr.cz\/n\/wp-json\/wp\/v2\/types\/post"}],"author":[{"embeddable":true,"href":"https:\/\/www.infokuryr.cz\/n\/wp-json\/wp\/v2\/users\/2"}],"replies":[{"embeddable":true,"href":"https:\/\/www.infokuryr.cz\/n\/wp-json\/wp\/v2\/comments?post=95265"}],"version-history":[{"count":0,"href":"https:\/\/www.infokuryr.cz\/n\/wp-json\/wp\/v2\/posts\/95265\/revisions"}],"wp:featuredmedia":[{"embeddable":true,"href":"https:\/\/www.infokuryr.cz\/n\/wp-json\/wp\/v2\/media\/95266"}],"wp:attachment":[{"href":"https:\/\/www.infokuryr.cz\/n\/wp-json\/wp\/v2\/media?parent=95265"}],"wp:term":[{"taxonomy":"category","embeddable":true,"href":"https:\/\/www.infokuryr.cz\/n\/wp-json\/wp\/v2\/categories?post=95265"},{"taxonomy":"post_tag","embeddable":true,"href":"https:\/\/www.infokuryr.cz\/n\/wp-json\/wp\/v2\/tags?post=95265"}],"curies":[{"name":"wp","href":"https:\/\/api.w.org\/{rel}","templated":true}]}}