{"id":95257,"date":"2025-12-24T00:29:31","date_gmt":"2025-12-23T23:29:31","guid":{"rendered":"https:\/\/www.infokuryr.cz\/n\/?p=95257"},"modified":"2025-12-23T13:49:23","modified_gmt":"2025-12-23T12:49:23","slug":"erik-best-ministr-obrany-a-valecny-prezident","status":"publish","type":"post","link":"https:\/\/www.infokuryr.cz\/n\/2025\/12\/24\/erik-best-ministr-obrany-a-valecny-prezident\/","title":{"rendered":"Erik Best: Ministr obrany a v\u00e1le\u010dn\u00fd prezident"},"content":{"rendered":"<div id=\"fb-root\"><\/div>\n<p>Hnut\u00ed SPD ve sv\u00e9m\u00a0<a href=\"https:\/\/spd.cz\/wp-content\/uploads\/2025\/09\/Program-SPD-pro-volby-do-Poslanecke-snemovny-2025.pdf\" target=\"_blank\" rel=\"noopener\">volebn\u00edm programu<\/a>\u00a0uvedlo: \u201e\u010cesk\u00e1 republika nechce v\u00e1lku. Chceme arm\u00e1du, kter\u00e1 bude br\u00e1nit na\u0161e \u00fazem\u00ed a\u00a0ob\u010dany, ale odm\u00edt\u00e1me z\u00e1vody ve zbrojen\u00ed a\u00a0podporu Ukrajiny nav\u00edc na dluh, a\u00a0t\u00edm p\u00e1dem i\u00a0zatahov\u00e1n\u00ed \u010cesk\u00e9 republiky do konflikt\u016f, kter\u00e9 nejsou v\u00a0na\u0161em z\u00e1jmu.\u201c<\/p>\n<p>Kdy\u017e ministr obrany Jarom\u00edr Z\u016fna, p\u0159esto\u017ee zastupuje SPD, toto stanovisko zpochybnil, p\u0159edstavitel\u00e9 strany i\u00a0jej\u00ed voli\u010di se proti tomu ost\u0159e vyhradili. Prezident Petr Pavel se pot\u00e9\u00a0<a href=\"https:\/\/www.idnes.cz\/zpravy\/domaci\/spd-neuvazuje-o-tom-ze-vymeni-ministra-zunu-rekl-sef-poslancu-hnuti.A251222_091401_domaci_kop\" target=\"_blank\" rel=\"noopener\">Z\u016fny zastal<\/a>, kdy\u017e v\u010dera prohl\u00e1sil, \u017ee \u201ene\u0159ekl (Z\u016fna) nic jin\u00e9ho, ne\u017e to, k\u00a0\u010demu se sama SPD p\u0159ihl\u00e1sila hned po zah\u00e1jen\u00ed agrese v\u00a0roce 2022.\u201c<\/p>\n<p>Pavel nar\u00e1\u017eel na\u00a0<a href=\"https:\/\/www.psp.cz\/zprava\/15627\" target=\"_blank\" rel=\"noopener\">usnesen\u00ed Sn\u011bmovny na podporu Ukrajiny<\/a>, kter\u00e9 bylo jednomysln\u011b schv\u00e1leno 24. \u00fanora 2022. O\u00a0dva roky pozd\u011bji v\u0161ak\u00a0<a href=\"https:\/\/www.psp.cz\/sqw\/hlasy.sqw?G=82623\" target=\"_blank\" rel=\"noopener\">ANO i\u00a0SPD<\/a>\u00a0odm\u00edtly podpo\u0159it nov\u00e9\u00a0<a href=\"https:\/\/www.psp.cz\/sqw\/text\/orig2.sqw?idd=241578\" target=\"_blank\" rel=\"noopener\">sn\u011bmovn\u00ed usnesen\u00ed<\/a>\u00a0a\u00a0SPD je od t\u00e9 doby v\u00a0tomto postoji konzistentn\u00ed.<\/p>\n<p>Pavel ve sporu s\u00a0poslancem Filipem Turkem m\u016f\u017ee usp\u011bt,\u00a0<a href=\"https:\/\/www.hrad.cz\/cs\/pro-media\/tiskove-zpravy\/aktualni-tiskove-zpravy\/prezident-republiky-dnes-na-prazskem-hrade-prijal-filipa-turka-18998\" target=\"_blank\" rel=\"noopener\">op\u0159e-li se o\u00a0ve\u0159ejn\u00e9 m\u00edn\u011bn\u00ed<\/a>, ale u\u00a0SPD to fungovat nebude. \u010c\u00edm v\u00edce o\u00a0to bude usilovat, t\u00edm v\u00edce bude vn\u00edm\u00e1n jako v\u00e1le\u010dn\u00fd prezident.<\/p>\n<p><a href=\"https:\/\/www.fsfinalword.cz\/?page=archive&amp;day=2025-12-23&amp;utm_source=utm_source%3Dnewsletter&amp;utm_medium=utm_medium%3De-mail&amp;utm_campaign=utm_campaign%3Dfinal_word_23.12.2025\">Erik Best<\/a><\/p>\n<p><img decoding=\"async\" loading=\"lazy\" class=\"alignnone  wp-image-1179\" src=\"http:\/\/www.infokuryr.cz\/n\/wp-content\/uploads\/2021\/04\/erik-best.jpg\" alt=\"\" width=\"102\" height=\"115\" \/><\/p>\n<p><img decoding=\"async\" loading=\"lazy\" class=\"wp-image-94843 aligncenter\" src=\"http:\/\/www.infokuryr.cz\/n\/wp-content\/uploads\/2025\/12\/popelka-hrad-300x141.jpg\" alt=\"\" width=\"1115\" height=\"524\" srcset=\"https:\/\/www.infokuryr.cz\/n\/wp-content\/uploads\/2025\/12\/popelka-hrad-300x141.jpg 300w, https:\/\/www.infokuryr.cz\/n\/wp-content\/uploads\/2025\/12\/popelka-hrad-768x360.jpg 768w, https:\/\/www.infokuryr.cz\/n\/wp-content\/uploads\/2025\/12\/popelka-hrad.jpg 977w\" sizes=\"(max-width: 1115px) 100vw, 1115px\" \/><\/p>\n<p>&nbsp;<\/p>\n","protected":false},"excerpt":{"rendered":"<p>Hnut\u00ed SPD ve sv\u00e9m\u00a0volebn\u00edm programu\u00a0uvedlo: \u201e\u010cesk\u00e1 republika nechce v\u00e1lku. Chceme arm\u00e1du, kter\u00e1 bude br\u00e1nit na\u0161e&#8230;<\/p>\n","protected":false},"author":2,"featured_media":95258,"comment_status":"closed","ping_status":"closed","sticky":false,"template":"","format":"standard","meta":[],"categories":[6],"tags":[10302,1503,1173,176],"_links":{"self":[{"href":"https:\/\/www.infokuryr.cz\/n\/wp-json\/wp\/v2\/posts\/95257"}],"collection":[{"href":"https:\/\/www.infokuryr.cz\/n\/wp-json\/wp\/v2\/posts"}],"about":[{"href":"https:\/\/www.infokuryr.cz\/n\/wp-json\/wp\/v2\/types\/post"}],"author":[{"embeddable":true,"href":"https:\/\/www.infokuryr.cz\/n\/wp-json\/wp\/v2\/users\/2"}],"replies":[{"embeddable":true,"href":"https:\/\/www.infokuryr.cz\/n\/wp-json\/wp\/v2\/comments?post=95257"}],"version-history":[{"count":0,"href":"https:\/\/www.infokuryr.cz\/n\/wp-json\/wp\/v2\/posts\/95257\/revisions"}],"wp:featuredmedia":[{"embeddable":true,"href":"https:\/\/www.infokuryr.cz\/n\/wp-json\/wp\/v2\/media\/95258"}],"wp:attachment":[{"href":"https:\/\/www.infokuryr.cz\/n\/wp-json\/wp\/v2\/media?parent=95257"}],"wp:term":[{"taxonomy":"category","embeddable":true,"href":"https:\/\/www.infokuryr.cz\/n\/wp-json\/wp\/v2\/categories?post=95257"},{"taxonomy":"post_tag","embeddable":true,"href":"https:\/\/www.infokuryr.cz\/n\/wp-json\/wp\/v2\/tags?post=95257"}],"curies":[{"name":"wp","href":"https:\/\/api.w.org\/{rel}","templated":true}]}}