{"id":9525,"date":"2022-03-31T12:02:54","date_gmt":"2022-03-31T10:02:54","guid":{"rendered":"http:\/\/www.infokuryr.cz\/n\/?p=9525"},"modified":"2022-04-10T12:44:45","modified_gmt":"2022-04-10T10:44:45","slug":"jini-mohou-utocit-ale-rusko-ne-a-jak-je-s-tim-spojeno-proroctvi-z-fatimy","status":"publish","type":"post","link":"https:\/\/www.infokuryr.cz\/n\/2022\/03\/31\/jini-mohou-utocit-ale-rusko-ne-a-jak-je-s-tim-spojeno-proroctvi-z-fatimy\/","title":{"rendered":"Jin\u00ed mohou \u00fato\u010dit, ale Rusko ne a jak je s\u00a0t\u00edm spojeno proroctv\u00ed z F\u00e1timy"},"content":{"rendered":"<div id=\"fb-root\"><\/div>\n<p>P\u0159echod z\u00a0Covidu na stra\u0161en\u00ed s\u00a0nukle\u00e1rn\u00ed v\u00e1lkou je p\u0159esn\u011b podle pl\u00e1nu globalist\u016f, kte\u0159\u00ed zkou\u0161ej\u00ed zgleichschaltovat v\u0161ecky lidi na naprosto stejn\u00e9 tvory, kte\u0159\u00ed nebudou p\u0159em\u00fd\u0161let, budou spol\u00e9hat ve v\u0161em na vl\u00e1du, nebo na jinou autoritu a budou \u017e\u00edt v\u00a0neust\u00e1l\u00e9m strachu. Jak zn\u00e1te dne\u0161n\u00ed politiky \u2013 byli byste ochotni sv\u011b\u0159it kter\u00e9mukoliv z\u00a0nich svoji budoucnost? Nejsp\u00ed\u0161 ne. A jedna sv\u011btov\u00e1 vl\u00e1da bude je\u0161t\u011b hor\u0161\u00ed, tam u\u017e ani nebudeme v\u011bd\u011bt kdo \u0159\u00edd\u00ed n\u00e1\u0161 \u017eivot a kter\u00fdm sm\u011brem n\u00e1s vede. Bude to nevolen\u00e1 vl\u00e1da byrokrat\u016f a temn\u00fdch tvor\u016f, kte\u0159\u00ed nen\u00e1vid\u00ed lidstvo.<\/p>\n<p>Z\u0159ejm\u011b globalist\u016fm obvykl\u00e1 propaganda nesta\u010dila, mo\u017en\u00e1 byla p\u0159\u00edli\u0161 pomal\u00e1, anebo nepodchytila v\u0161ecky a tak se uch\u00fdlili k\u00a0pl\u00e1nu Velk\u00e9ho znovunastaven\u00ed (Great Reset), kde pomoc\u00ed stra\u0161\u00e1k\u016f v\u00a0podob\u011b t\u011b\u017ek\u00fdch nemoc\u00ed (s 99.9% mo\u017enost\u00ed uzdraven\u00ed i bez l\u00e9k\u016f) n\u00e1s zkou\u0161ej\u00ed donutit nechat se o\u010dkovat. Vlivem o\u010dkov\u00e1n\u00ed n\u00e1s potom zmanipuluj\u00ed do souhlasu se v\u0161\u00edm, co podnikaj\u00ed a hrozba jadern\u00e9 v\u00e1lky se m\u00e1 postarat, abychom souhlasili s\u00a0jednou, celosv\u011btovou vl\u00e1dou.<\/p>\n<p>To v\u0161ecko je pl\u00e1n a nic z\u00a0toho nen\u00ed n\u00e1hodn\u00e9.<\/p>\n<p>Rusko jim tento pl\u00e1n zkou\u0161\u00ed zhatit a tak je d\u00e9monizuj\u00ed kde mohou a jak nejv\u00edc to jde. Dokonce pr\u00fd i mal\u00fdm d\u011btem ve \u0161kol\u00e1ch u n\u00e1s vtloukaj\u00ed do hlav rasistickou nen\u00e1vist v\u016f\u010di Rus\u016fm. To je samoz\u0159ejm\u011b zlo\u010din! Na to nem\u00e1 nikdo pr\u00e1vo! Jen\u017ee dikt\u00e1torsk\u00e9 vl\u00e1dy se na to neohl\u00ed\u017eej\u00ed.<\/p>\n<p>Kde byli v\u0161ichni tito spr\u00e1vn\u00ed a spravedliv\u00ed, kdy\u017e Amerika, spolu s\u00a0NATO bombardovali Ir\u00e1k, Afghanist\u00e1n, Som\u00e1lsko, Jugosl\u00e1vii a mnoh\u00e9 dal\u0161\u00ed zem\u011b? Jak to, \u017ee tehdy nevolali po sankc\u00edch a po trestech a neu\u010dili d\u011bti ve \u0161kol\u00e1ch nen\u00e1visti v\u016f\u010di \u00fato\u010dn\u00edk\u016fm a naopak si je p\u0159edch\u00e1zeli?<\/p>\n<p><span style=\"font-size: 18pt;\"><strong>Spojitost mezi Jugosl\u00e1vi\u00ed a Ukrajinou<\/strong><\/span><\/p>\n<ol start=\"24\">\n<li>b\u0159ezna 1999 napadli NATO a Amerika spole\u010dn\u011b Jugosl\u00e1vii a za\u010dali v\u00e1lku, kter\u00e1 trvala 78 dn\u016f. <a href=\"https:\/\/sputniknews.com\/20220324\/how-us-nato-illegal-bombing-of-yugoslavia-undermined-rule-of-law-in-the-world-23-years-ago-1094157612.html\">B\u011bhem t\u00e9 doby<\/a> podnikli \u201espojenci\u201c 38 400 leteck\u00fdch \u00fatok\u016f, z\u00a0nich\u017e 10 484 byly za \u00fa\u010delem bombardov\u00e1n\u00ed a vypustili na ubohou zemi 23 614 bomb, \u010d\u00edm\u017e zabili asi 2 000 obyvatel a zranili 12 500. Bombardovali srbskou \u010d\u00e1st zem\u011b a roz\u0161i\u0159ovali o Srbech pomluvy, \u017ee jejich obyvatel\u00e9 napadli sousedn\u00ed Kosovskou osvobozuj\u00edc\u00ed arm\u00e1du, co\u017e byla v\u00a0podstat\u011b alb\u00e1nsk\u00e1 vojensk\u00e1 slo\u017eka, pova\u017eovan\u00e1 p\u0159edt\u00edm za teroristy.<\/li>\n<\/ol>\n<p>NATO, ve spolupr\u00e1ci s\u00a0Amerikou se v\u016fbec nesoust\u0159edili na jugosl\u00e1vskou arm\u00e1du, ale v\u00a0pr\u016fb\u011bhu boj\u016f zni\u010dili 25 000 obytn\u00fdch dom\u016f, 470 km cest, 595 km \u017eeleznice, 38 most\u016f, 18 mate\u0159sk\u00fdch \u0161kolek a 176 kulturn\u00edch pam\u00e1tek. T\u00edm zp\u016fsobili \u0161kodu za stovky miliard. V\u00a0medi\u00edch to bylo p\u0159edkl\u00e1d\u00e1no d\u016fv\u011b\u0159iv\u00fdm div\u00e1k\u016fm jako \u017ee katoli\u010dt\u00ed Srbov\u00e9 napadli Alb\u00e1nce, proto\u017ee jsou Muslimov\u00e9 a dokonce i filmy s\u00a0t\u00edmto n\u00e1m\u011btem byly vyrobeny. Ve skute\u010dnosti, ani jeden d\u016fm, n\u00e1le\u017e\u00edc\u00ed Alb\u00e1nc\u016fm, nebyl po\u0161kozen, ani jedna me\u0161ita, nebo cokoliv, co pat\u0159ilo jim.<\/p>\n<p>Podle srbsk\u00fdch historik\u016f do\u0161lo k\u00a0\u00fatoku proto, \u017ee Srbov\u00e9 odm\u00edtli podepsat smlouvu, p\u0159ipravenou v\u00a0z\u00e1me\u010dku Rambouillet, bl\u00edzko Pa\u0159\u00ed\u017ee. Byla to m\u00edrov\u00e1 smlouva mezi Srby a obyvateli Kosova, kte\u0159\u00ed po\u017eadovali samostatnost. Smlouvu vyhotovilo NATO a Srbov\u00e9 si st\u011b\u017eovali, \u017ee Ameri\u010dan\u00e9 z\u00e1m\u011brn\u011b nedovolili b\u011bhem jedn\u00e1n\u00ed \u017e\u00e1dn\u00e9 skute\u010dn\u011b m\u00edrov\u00e9 vypo\u0159\u00e1d\u00e1n\u00ed a jednodu\u0161e rozbili Jugosl\u00e1vii na kousky, jak se jim zl\u00edbilo, a\u0165 si to lid\u00e9 p\u0159\u00e1li, nebo ne.<\/p>\n<p>Srbov\u00e9 hlavn\u011b oponovali podm\u00ednce, \u017ee do Kosova bude p\u0159em\u00edst\u011bno 30 000 voj\u00e1k\u016f NATO a tito m\u011bli m\u00edt voln\u00fd p\u0159\u00edstup skrze Srbsko, kter\u00fd by byl vyu\u017e\u00edv\u00e1n k\u00a0p\u0159esunu vojsk a v\u00e1le\u010dn\u00e9 ma\u0161inerie. S\u00a0n\u011b\u010d\u00edm takov\u00fdm nebylo mo\u017eno souhlasit.<\/p>\n<p>Daniel Kovalik, profesor pr\u00e1v na americk\u00e9 Universit\u011b v\u00a0Pittsburghu prohl\u00e1sil, \u017ee hlavn\u00edm c\u00edlem t\u00e9to operace bylo zni\u010dit ve\u0161ker\u00e9 poz\u016fstatky socialismu v\u00a0Evrop\u011b a uk\u00e1zat sv\u011btu, \u017ee te\u010f jsou vl\u00e1dci sv\u011bta NATO a Amerika a mohou j\u00edt do v\u00e1lky kdykoliv a kdekoliv cht\u011bj\u00ed, ani\u017e by k\u00a0tomu pot\u0159ebovali souhlas Bezpe\u010dnostn\u00edho v\u00fdboru OSN. \u201eBylo to fat\u00e1ln\u00ed poru\u0161en\u00ed mezin\u00e1rodn\u00edho sv\u011btov\u00e9ho pr\u00e1va,\u201c \u0159\u00edk\u00e1.<\/p>\n<p>P\u0159e\u010diny Ameriky a NATO nebyly nikdy vy\u0161et\u0159ov\u00e1ny, nikdo neplatil Srb\u016fm reparace, na nikoho nebyly uvaleny sankce, nikdo nebyl potrest\u00e1n. Slobodana Milo\u0161evi\u010de zasebevra\u017edili ve v\u011bzen\u00ed, aby n\u00e1hodou pravda p\u0159ece jenom nevy\u0161la najevo. V\u00e1le\u010dn\u00ed zlo\u010dinci, co\u017e byl tehdej\u0161\u00ed americk\u00fd president Bill Clinton, Madeleine Albright, Javier Solana, Gener\u00e1l Wesley Clark a britsk\u00fd Tony Blair, plus veden\u00ed NATO, nebyli nikdy potrest\u00e1ni.<\/p>\n<p>Po (pro n\u011b) \u00fasp\u011b\u0161n\u00e9 v\u00e1le\u010dn\u00e9 kampani se za\u010dali posunovat sm\u011brem na v\u00fdchod, co\u017e podle profesora Kovalika vedlo ke konfliktu na Ukrajin\u011b. \u201eAmerika si zjevn\u011b tento konflikt p\u0159\u00e1la a d\u011blali co mohli, aby k\u00a0n\u011bmu do\u0161lo a i te\u010f, zkou\u0161ej\u00ed zabr\u00e1nit m\u00edru za ka\u017edou cenu,\u201c \u0159ekl. T\u011bch 14000 ob\u010dan\u016f Donbasu, zavra\u017ed\u011bn\u00fdch se souhlasem veden\u00ed Ukrajiny, pro n\u011b prost\u011b neexistuje.<\/p>\n<p>Podle dal\u0161\u00edch pozorovatel\u016f byl d\u016fvod k\u00a0bombardov\u00e1n\u00ed Jugosl\u00e1vie je\u0161t\u011b jin\u00fd. <a href=\"https:\/\/sites.google.com\/site\/profgeorgeleesrevelations\/greg-hallett-a-death-threatened-species-the-honest-historian\/princess-di-batard-by-the-goldsmiths-destroys-the-big-ears-illegitimate-windsor-line-hallett-5b\">Jak n\u00e1s informuje<\/a> George Hallett, neuzn\u00e1van\u00fd, ale pr\u00e1voplatn\u00fd britsk\u00fd kr\u00e1l, o kter\u00e9m bylo ps\u00e1no v\u00a0srpnu 2020 v\u00a0\u010dl\u00e1nku \u201eAnglie m\u00e1 nov\u00e9ho kr\u00e1le \u2013 Joseph Gregory Hallett,\u201c jeho inform\u00e1tor z\u00a0britsk\u00e9 tajn\u00e9 slu\u017eby mu vyjevil o co doopravdy \u0161lo.<\/p>\n<p>N\u00e1v\u0161t\u011bvou britsk\u00e9 kr\u00e1lovny Al\u017eb\u011bty v Australii v\u00a0r. 2011 a n\u00e1sledovnou n\u00e1v\u0161t\u011bvou prince Charlese tamt\u00e9\u017e v\u00a0r. 2012, vznikl pod ochranou anglick\u00e9 koruny nov\u00fd obchod s\u00a0drogami. V Australii byla tehdy vyvinuta nov\u00e1 droga, co\u017e byla sm\u00ed\u0161enina afgh\u00e1nsk\u00e9ho heroinu s\u00a0methamfetaminy. Je pr\u00fd to velice \u00fa\u010dinn\u00e1 a tak\u00e9 velice n\u00e1vykov\u00e1 droga. Kr\u00e1lovsk\u00e1 n\u00e1v\u0161t\u011bva d\u011blala kryt\u00ed pro dov\u00e1\u017een\u00ed t\u00e9to drogy do Evropy. Hell\u2019s Angels, americk\u00fd motocyklov\u00fd gang, spolu s\u00a0jinou skupinou, kter\u00e1 si \u0159\u00edk\u00e1 Headhunters m\u011bli tyto drogy p\u0159ev\u00e1\u017eet a australsk\u00e1 vl\u00e1da jim k\u00a0tomu \u00fa\u010delu poskytla ozbrojen\u00fd doprovod.<\/p>\n<p>Droga pro Evropsk\u00fd trh je z\u00a0Australie dov\u00e1\u017eena do Alb\u00e1nie a odtud p\u0159es Makedonii a Kosovo do Evropy. No a Srbov\u00e9 st\u00e1li v\u00a0cest\u011b obrovsk\u00fdch zisk\u016f. Je docela mo\u017en\u00e9, \u017ee dne\u0161n\u00ed emigrace, jak p\u0159ich\u00e1z\u00ed z\u00a0jihu a z\u00a0Afriky, m\u00e1 rovn\u011b\u017e za \u00fakol tuto drogu do Evropy transportovat.<\/p>\n<p><span style=\"font-size: 18pt;\"><strong>Anebo co tak Israel<\/strong><\/span><\/p>\n<p><a href=\"https:\/\/sputniknews.com\/20220330\/israeli-air-force-dropped-9100-bombs-since-2017-working-on-regional-air-defence-pact-reports-1094324209.html\">Tel Aviv pr\u00e1v\u011b p\u0159iznal<\/a>, \u017ee podnikli \u201estovky\u201c n\u00e1let\u016f na Syrii, s\u00a0pou\u017eit\u00edm bombardovac\u00edch letadel, dr\u00f3n\u016f a raket a tak\u00e9 \u017ee odst\u0159elovali jednotky v\u00a0Libanonu a v\u00a0Ir\u00e1ku, kter\u00e9 podle nich byly podporov\u00e1ny Ir\u00e1nem. Uk\u00e1zalo se, \u017ee t\u011bch n\u00e1let\u016f nebyly stovky, ale bylo jich v\u00edce ne\u017e 9000.<\/p>\n<p>Pod veden\u00edm Amikam Norkina, israelsk\u00e9 letectvo shodilo od srpna 2017, kdy byl tento jmenov\u00e1n velitelem, p\u0159es 9175 bomb a raket na 2259 c\u00edl\u016f na St\u0159edn\u00edm V\u00fdchod\u011b. Z\u00a0toho 5580 raket a bomb byly zam\u011b\u0159eny p\u0159\u00edmo na infrastrukturu a podez\u0159\u00edvan\u00e9 dod\u00e1vky zbran\u00ed.<\/p>\n<p>P\u0159i n\u00e1letech na Syrii se israelsk\u00e1 letadla schov\u00e1vala v\u00a0libanonsk\u00e9m leteck\u00e9m prostoru a \u010d\u00edtali s\u00a0t\u00edm, \u017ee obrann\u00e9 jednotky Syrie nebudou st\u0159\u00edlet do sousedova vzdu\u0161n\u00e9ho prostoru a ohro\u017eovat t\u00edm jejich civiln\u00ed leteck\u00fd provoz.<\/p>\n<p>Norkin\u016fv n\u00e1stupce, Gener\u00e1l Tormer Bar \u00fadajn\u011b p\u0159ipravuje \u00fatok p\u0159\u00edmo na Ir\u00e1nsk\u00e9 jadern\u00e9 centrum, co\u017e m\u016f\u017ee b\u00fdt dokonal\u00fd zlo\u010din, jestli\u017ee bude zasa\u017een n\u011bkter\u00fd reaktor. Nen\u00ed p\u0159esn\u011b \u0159e\u010deno co \u201ejadern\u00e9 centrum\u201c p\u0159edstavuje.<\/p>\n<p>Sly\u0161eli jste n\u011bkdy o t\u011bchto ud\u00e1lostech? Ur\u010dit\u011b ne a d\u016fvod pro to je jednoduch\u00fd, Zionist\u00e9 vlastn\u00ed ve\u0161ker\u00e1 media, tak\u017ee Israel je v\u017edycky svat\u00fd, zat\u00edm co v\u0161ichni ostatn\u00ed kolem jsou lot\u0159i. Nic nen\u00ed tak t\u011b\u017ece v\u00a0medi\u00edch censurov\u00e1no jako jak\u00e1koliv zm\u00ednka o Israeli, Zionistech a o \u017didech.<\/p>\n<p><a href=\"https:\/\/www.rt.com\/russia\/552988-russia-ukraine-weapons-synagogue\/\">Na Ukrajin\u011b bylo pr\u00e1v\u011b zji\u0161t\u011bno<\/a>, \u017ee ukrajinsk\u00e1 vojska skladuj\u00ed zbran\u011b a munici v\u00a0synagoze v\u00a0Umanu, co\u017e je poutnick\u00e9 m\u00edsto hasidick\u00fdch \u017did\u016f. Desetitis\u00edce \u017did\u016f se tam b\u011b\u017en\u011b sch\u00e1zej\u00ed, aby vzdali poctu jejich zem\u0159el\u00e9mu n\u00e1bo\u017eensk\u00e9mu p\u0159edstaviteli. Je snad mo\u017en\u00e9, \u017ee to je d\u016fvod pro zbran\u011b pr\u00e1v\u011b v\u00a0tom m\u00edst\u011b, kde maj\u00ed plnou ochranu velk\u00e9ho mno\u017estv\u00ed civiln\u00edho obyvatelstva a Rusov\u00e9 po civilistech nest\u0159\u00edl\u00ed? Vyu\u017e\u00edvaj\u00ed snad Ukrajici n\u00e1bo\u017eenskou instituci na v\u00e1le\u010dn\u00e9 \u00fa\u010dely a se souhlasem \u017did\u016f?<\/p>\n<p><span style=\"font-size: 18pt;\"><strong>A co tak ADL<\/strong><\/span><\/p>\n<p>ADL, <a href=\"https:\/\/www.informationliberation.com\/?id=62981\">co\u017e je v\u00a0p\u0159ekladu<\/a> \u201eLiga proti poni\u017eov\u00e1n\u00ed\u201c (Anti-Defamation League) je velice mocn\u00e1 \u017eidovsk\u00e1 organizace v\u00a0Americe. V\u00a0sou\u010dasn\u00e9 dob\u011b vydali \u010dl\u00e1nek na obhajobu ukrajinsk\u00fdch nacistick\u00fdch skupin, nazvan\u00fd \u201ePro\u010d Putin naz\u00fdv\u00e1 ukrajinskou vl\u00e1du bandou Nacist\u016f,\u201c ve kter\u00e9m zve\u0159ejnili n\u00e1zor Profesora \u017eidovsk\u00e9 historie, Davida Fishmana.<\/p>\n<p>Profesor Fishman v\u00a0\u010dl\u00e1nku \u0159\u00edk\u00e1, \u017ee:<\/p>\n<p><em>\u201eNa Ukrajin\u011b jsou Nacist\u00e9 asi tak, jako jsou v\u00a0U.S. a tak\u00e9 v\u00a0Rusku. Je to okrajov\u00e1 skupina, kter\u00e1 nem\u00e1 politick\u00fd vliv a nenapadaj\u00ed \u017didy, nebo \u017eidovsk\u00e9 instituce. Putinova propaganda je tak daleko od pravdy, \u017ee i mal\u00e9 mno\u017estv\u00ed v\u011bdomost\u00ed ji zni\u010d\u00ed.\u201c<\/em><\/p>\n<p>A jinde \u0159\u00edk\u00e1:<\/p>\n<p><em>\u201eCel\u00e9 roky zd\u016fraz\u0148ovalo Rusko \u010dinnost okrajov\u00e9 skupiny ukrajinsk\u00fdch ultra-nacionalist\u016f, co\u017e pou\u017e\u00edvali ke stigmatizov\u00e1n\u00ed cel\u00e9 Ukrajiny. Je pravda, \u017ee n\u011bkte\u0159\u00ed \u010dlenov\u00e9 t\u011bchto skupin pou\u017e\u00edvali nacistickou symboliku, Hitlerovo salutov\u00e1n\u00ed a proti-semitskou r\u00e9toriku, ale tito lid\u00e9 jsou politicky ned\u016fle\u017eit\u00ed a v\u00a0\u017e\u00e1dn\u00e9m sm\u011bru nep\u0159edstavuj\u00ed Ukrajinu. Politick\u00e9 strany, kter\u00e9 ultra-nacionalist\u00e9 vedou, z\u00edskaly ve 2019 volb\u00e1ch pouze n\u011bco p\u0159es 2% hlas\u016f voli\u010d\u016f. Ukrajina m\u00e1 sice \u0161patnou demokracii, ale beze sporu je to demokracie a v\u00a0\u017e\u00e1dn\u00e9m p\u0159\u00edpad\u011b nacistick\u00fd re\u017eim.\u201c<\/em><\/p>\n<p>Profesorovi zjevn\u011b uniklo, \u017ee tato \u201epoliticky ned\u016fle\u017eit\u00e1\u201c skupina p\u0159edstavuje v\u011bt\u0161\u00ed \u010d\u00e1st ukrajinsk\u00e9 arm\u00e1dy a \u017ee za osm let sv\u00e9 p\u016fsobnosti zavra\u017edili 14 000 ob\u010dan\u016f donbassk\u00e9 \u010d\u00e1sti Ukrajiny a zni\u010dili nes\u010detn\u00e9 mno\u017estv\u00ed obytn\u00fdch dom\u016f a infrastruktury tamt\u00e9\u017e. Tyto zlo\u010diny nemohli v\u00a0\u017e\u00e1dn\u00e9m p\u0159\u00edpad\u011b p\u00e1chat z\u00a0vlastn\u00ed v\u016fle, ale museli k\u00a0tomu m\u00edt p\u0159\u00edkaz od vl\u00e1dy.<\/p>\n<p>Ale zkuste sami zalo\u017eit takovou \u201epoliticky ned\u016fle\u017eitou\u201c skupinu Nacist\u016f v\u00a0zemi, kde \u017eijete. Sta\u010d\u00ed 3-5 lid\u00ed a nemus\u00edte m\u00edt v\u016fbec \u017e\u00e1dn\u00e9 volebn\u00ed hlasy. Uvid\u00edte, jak rychle budete za m\u0159\u00ed\u017eemi!<\/p>\n<p><span style=\"font-size: 18pt;\"><strong>Pochybnosti a \u00favahy<\/strong><\/span><\/p>\n<p>Je t\u011b\u017ek\u00e9 uv\u011b\u0159it \u010demukoliv, v\u00a0t\u00e9to dob\u011b vrcholn\u00e9 propagandy a nestydat\u00fdch l\u017e\u00ed. Media sopt\u00ed nen\u00e1vist\u00ed proti Rusku, v\u011bt\u0161ina sv\u011btov\u00fdch vl\u00e1d zaujala protirusk\u00fd postoj a tento nut\u00ed n\u00e1sil\u00edm i na sv\u00e9 lidi. Rusov\u00e9, roztrou\u0161en\u00ed po sv\u011bt\u011b jsou v\u0161ude napad\u00e1ni, poni\u017eov\u00e1ni, mnoh\u00fdm jsou zabavov\u00e1ny \u00fa\u010dty v\u00a0bance a i jinak jsou trest\u00e1ni za to, \u017ee jsou Rusov\u00e9, p\u0159esto \u017ee s ta\u017een\u00edm na Ukrajinu nemaj\u00ed absolutn\u011b nic spole\u010dn\u00e9ho.<\/p>\n<p>Zato Ukrajinci jsou p\u0159edstavov\u00e1ni jako sv\u011btci, jako mu\u010dedn\u00edci, kte\u0159\u00ed se smilovali nad n\u00e1mi a poctili n\u00e1s svou p\u0159\u00edtomnost\u00ed, kterou budeme platit a platit a\u017e do jejich posledn\u00edho dechu. V\u0161ecky \u0161koly a ve\u0159ejn\u00e9 instituce dnes hl\u00e1saj\u00ed p\u0159ednost pro Ukrajince p\u0159ed m\u00edstn\u00edm obyvatelstvem a finan\u010dn\u00ed firmy houfn\u011b vy\u0159azuj\u00ed ze sv\u00e9ho z\u00e1kaznick\u00e9ho obvodu v\u0161ecko rusk\u00e9.<\/p>\n<p>Asi se v\u0161ichni zbl\u00e1znili.<\/p>\n<p>Co z\u00a0n\u00e1s, z\u00a0uboh\u00fdch, zb\u00edda\u010del\u00fdch 10 milion\u016f \u010cech\u016f a 4,5 milion\u016f Slov\u00e1k\u016f zbyde, kdy\u017e n\u00e1s krom\u011b p\u0159ivandrovalc\u016f z\u00a0Afriky a St\u0159edn\u00edho V\u00fdchodu zaval\u00ed dal\u0161\u00ed vlna Ukrajinc\u016f? Z\u016fstane \u010cesk\u00e1 republika \u010deskou a Slovensk\u00e1 slovenskou? U\u017e dnes, ka\u017ed\u00fd komol\u00ed \u010de\u0161tinu jak se mu to hod\u00ed, nikdo nedb\u00e1 na spr\u00e1vn\u00e9 p\u0159edpony a sm\u011ble \u201edohled\u00e1vaj\u00ed\u201c to, co maj\u00ed \u201evyhled\u00e1vat.\u201c \u010ce\u0161tin\u00e1\u0159 Tr\u00e1vn\u00ed\u010dek se mus\u00ed obracet v\u00a0hrob\u011b.<\/p>\n<p>Jen\u017ee \u010dlov\u011bk si za\u010dne opravdu v\u00e1\u017eit sv\u00e9 mate\u0159\u0161tiny a\u017e teprve zn\u00e1 n\u011bjakou jinou, ciz\u00ed \u0159e\u010d a pochop\u00ed, jak stroh\u00e1 a nepru\u017en\u00e1 je. A\u017e do t\u00e9 doby pouze relaxuje, je erudovan\u00fd nebo flexibiln\u00ed, m\u00e1 post v \u00fa\u0159ad\u011b, nakoup\u00ed si boxy, sna\u017e\u00ed se edukovat a bydl\u00ed v p\u0159\u00edhrani\u010d\u00ed. J\u00e1 sama jsem pouze vd\u011b\u010dn\u00e1 za to, \u017ee jsem se nikdy nemusela u\u010dit \u010de\u0161tinu, ale byla mi p\u0159ed\u00e1na voln\u011b, bez vlastn\u00edho p\u0159i\u010din\u011bn\u00ed. Nev\u00edm, jestli bych kdy zvl\u00e1dla se tuto \u0159e\u010d nau\u010dit, kdyby mi byla ciz\u00ed.<\/p>\n<p>Na Ukrajin\u011b zatracovali Ru\u0161tinu u\u017e p\u0159ed revoluc\u00ed 1917 a po\u017eadovali, aby byla v\u00a0zemi pou\u017e\u00edv\u00e1na pouze Ukrajin\u0161tina. Jenom\u017ee nemohli tento n\u00e1zor prosadit, proto\u017ee nebyli u\u010ditel\u00e9, kte\u0159\u00ed by znali ukrajinskou mluvnici. Ukrajin\u0161tina je s\u00a0nejv\u011bt\u0161\u00ed pravd\u011bpodobnost\u00ed pouze dialekt Ru\u0161tiny.<\/p>\n<p>Je zde ov\u0161em ot\u00e1zka \u2013 nebylo to v\u0161ecko tak pl\u00e1nov\u00e1no, abychom byli zavaleni ciz\u00edmi n\u00e1rodnostmi, abychom t\u00edm byli doslova vymaz\u00e1ni ze sv\u011bta? Co kdy\u017e rusk\u00fd President Putin pouze vykon\u00e1v\u00e1 dikt\u00e1t Z\u00e1padu a aby se na to nep\u0159i\u0161lo, tak proti n\u011bmu po\u0161tvali cel\u00fd sv\u011bt a ten, jako sme\u010dka vztekl\u00fdch ps\u016f ho te\u010f rve v\u00a0tisku, v\u00a0televizi a i v\u00a0praktick\u00e9m \u017eivot\u011b?<\/p>\n<p><span style=\"font-size: 18pt;\"><strong>Proroctv\u00ed tomu odporuj\u00ed<\/strong><\/span><\/p>\n<p>Edgar Cayce, zn\u00e1m\u00fd americk\u00fd prorok, zvan\u00fd \u201esp\u00edc\u00ed prorok,\u201c proto\u017ee v\u011bt\u0161inu sv\u00fdch rad a proroctv\u00ed \u0159ekl ve sp\u00e1nku, prohl\u00e1sil, \u017ee v\u00a0posledn\u00edch dnech na\u0161eho sv\u011bta to bude Rusko, kter\u00e9 zachr\u00e1n\u00ed lidstvo. Proroctv\u00ed z\u00a0Med\u017eugorje \u00fadajn\u011b \u0159\u00edk\u00e1 to stejn\u00e9.<\/p>\n<p>Z historie v\u00edme, \u017ee se Panna Maria <a href=\"https:\/\/en.wikipedia.org\/wiki\/Three_Secrets_of_F%C3%A1tima\">za\u010dala zjevovat t\u0159em<\/a> portugalsk\u00fdm d\u011btem v\u00a0r. 1917 ve F\u00e1tim\u011b. Postupn\u011b jim vyjevila t\u0159i tajemstv\u00ed, z\u00a0nich\u017e dv\u011b byla zve\u0159ejn\u011bna. Prvn\u00ed z\u00a0nich uk\u00e1zalo d\u011btem peklo, se v\u0161emi d\u00e9mony a hroziv\u00fdmi sc\u00e9nami. Druh\u00e9 tajemstv\u00ed ohla\u0161ovalo konec prvn\u00ed sv\u011btov\u00e9 v\u00e1lky a za\u010d\u00e1tek druh\u00e9, kterou bylo mo\u017eno odvr\u00e1tit t\u00edm, \u017ee lid\u00e9 p\u0159estanou ur\u00e1\u017eet Boha a v Rusku nedojde ke zm\u011bn\u00e1m, \u010d\u00edm\u017e bylo ur\u010dit\u011b my\u0161leno nastolen\u00ed komunismu. Z\u00e1rove\u0148 bylo po\u017eadov\u00e1no, aby Rusko bylo zasv\u011bceno neposkvrn\u011bn\u00e9mu srdci Panny Marie.<\/p>\n<p>T\u0159et\u00ed tajemstv\u00ed nebylo zve\u0159ejn\u011bno, proto\u017ee Lucie, jedna ze t\u0159\u00ed d\u011bt\u00ed, kter\u00fdm byla tato tajemstv\u00ed vyjevena, byla zjeven\u00edm Panny Marie \u017e\u00e1d\u00e1na, aby je dr\u017eela v tajnosti. Na \u017e\u00e1dost Biskupa pozd\u011bji t\u011b\u017ece nemocn\u00e1 Lucie toto tajemstv\u00ed sepsala s\u00a0t\u00edm, \u017ee bude uchov\u00e1no v\u00a0tajnosti.<\/p>\n<p>M\u00e1lokdo v\u00ed, co napsala; m\u00e1lokdo tento z\u00e1pis \u010detl. Jedn\u00edm z\u00a0t\u011bch, kter\u00fdm bylo dovoleno zn\u00e1t t\u0159et\u00ed tajemstv\u00ed F\u00e1timy byl far\u00e1\u0159 Malachi Martin z\u00a0Vatik\u00e1nu a ani ten je nevyzradil, pouze ozn\u00e1mil, \u017ee se t\u00fdk\u00e1 Ruska a Ukrajiny.<\/p>\n<p>P\u00e1ter Martin zem\u0159el v\u00a0r. 1999, ale p\u0159edt\u00edm, v\u00a0r. 1996 \u0159ekl v\u00a0radiov\u00e9m po\u0159adu, \u017ee \u201esp\u00e1sa sv\u011bta za\u010dne v\u00a0Rusku, spolu s v\u00edt\u011bzstv\u00edm neposkvrn\u011bn\u00e9ho srdce Panny Marie.\u201c \u0158ekl d\u00e1le, \u017ee zjeven\u00ed ve F\u00e1tim\u011b je velice d\u016fle\u017eit\u00e9 pro cel\u00fd sv\u011bt, proto\u017ee n\u00e1s informuje o tom, \u017ee sp\u00e1sa sv\u011bta a odstran\u011bn\u00ed v\u0161ech sv\u011btsk\u00fdch probl\u00e9m\u016f za\u010dne na Ukrajin\u011b a v\u00a0Rusku. Rusko mus\u00ed b\u00fdt prvn\u011b vyl\u00e9\u010deno z\u00a0jeho chyb (asi komunismus?) a pak m\u016f\u017ee pomoci cel\u00e9mu sv\u011btu oprostit se od h\u0159\u00edch\u016f.<\/p>\n<p>P\u00e1ter Martin dodal, \u017ee utajen\u00fd spis, kter\u00fd Lucie o t\u0159et\u00edm tajemstv\u00ed napsala obsahuje t\u0159i body: (1) fyzick\u00fd trest n\u00e1rod\u016f; (2) spiritu\u00e1ln\u00ed trest; (3) Rusko bude v\u00a0obou dvou bodech zast\u00e1vat kl\u00ed\u010dovou \u00falohu a stane se to v\u00a0dob\u00e1ch, kdy Rusko bude pova\u017eov\u00e1no za zavr\u017een\u00edhodn\u00e9.<\/p>\n<p>Je v\u00edce ne\u017e jist\u00e9, \u017ee globalist\u00e9 toto t\u0159et\u00ed tajemstv\u00ed znaj\u00ed. Mo\u017en\u00e1 proto takov\u00e1 nen\u00e1vist v\u016f\u010di Rusku, proto\u017ee mohou sledovat, jak se tato p\u0159edpov\u011b\u010f napl\u0148uje, co\u017e bude znamenat konec jejich nadvl\u00e1dy a mo\u017en\u00e1 i jejich tot\u00e1ln\u00ed zatracen\u00ed. Mo\u017en\u00e1 proto tak obrovsk\u00fd odpor a snaha zvr\u00e1tit situaci k\u00a0jejich prosp\u011bchu, i kdy\u017e je zjevn\u00e9, \u017ee p\u0159\u00edmo si zas\u00e1hnout z\u00a0n\u011bjak\u00e9ho d\u016fvodu netroufaj\u00ed. A tak si vyl\u00e9vaj\u00ed vztek na pomluv\u00e1ch, sankc\u00edch a terorizov\u00e1n\u00ed prost\u00fdch rusk\u00fdch ob\u010dan\u016f.<\/p>\n<p>Proto Putina tolik nen\u00e1vid\u00ed:<\/p>\n<p><img decoding=\"async\" loading=\"lazy\" class=\"wp-image-9526 aligncenter\" src=\"http:\/\/www.infokuryr.cz\/n\/wp-content\/uploads\/2022\/04\/vys.1-300x171.png\" alt=\"\" width=\"619\" height=\"353\" srcset=\"https:\/\/www.infokuryr.cz\/n\/wp-content\/uploads\/2022\/04\/vys.1-300x171.png 300w, https:\/\/www.infokuryr.cz\/n\/wp-content\/uploads\/2022\/04\/vys.1.png 643w\" sizes=\"(max-width: 619px) 100vw, 619px\" \/><\/p>\n<p>&nbsp;<\/p>\n<p><strong>Jane Kaufman, 31. b\u0159ezna 2022<\/strong><\/p>\n<p>&#8212;&#8212;&#8212;&#8212;&#8212;&#8212;&#8212;&#8212;-<\/p>\n<p><strong>POZN\u00c1MKA:<\/strong> Na n\u011bkter\u00e9 odkazy v\u00a0tomto \u010dl\u00e1nku se s\u00a0\u010deskou IP adresou nedostanete. To proto, \u017ee to jsou str\u00e1nky, blokovan\u00e9 Evropskou Uni\u00ed. Mus\u00edte zm\u011bnit svoji IP adresu na americkou, pak to funguje.<\/p>\n<p>&nbsp;<\/p>\n","protected":false},"excerpt":{"rendered":"<p>P\u0159echod z\u00a0Covidu na stra\u0161en\u00ed s\u00a0nukle\u00e1rn\u00ed v\u00e1lkou je p\u0159esn\u011b podle pl\u00e1nu globalist\u016f, kte\u0159\u00ed zkou\u0161ej\u00ed zgleichschaltovat v\u0161ecky&#8230;<\/p>\n","protected":false},"author":2,"featured_media":1664,"comment_status":"closed","ping_status":"closed","sticky":false,"template":"","format":"standard","meta":[],"categories":[6],"tags":[2148,1488,102,22,40],"_links":{"self":[{"href":"https:\/\/www.infokuryr.cz\/n\/wp-json\/wp\/v2\/posts\/9525"}],"collection":[{"href":"https:\/\/www.infokuryr.cz\/n\/wp-json\/wp\/v2\/posts"}],"about":[{"href":"https:\/\/www.infokuryr.cz\/n\/wp-json\/wp\/v2\/types\/post"}],"author":[{"embeddable":true,"href":"https:\/\/www.infokuryr.cz\/n\/wp-json\/wp\/v2\/users\/2"}],"replies":[{"embeddable":true,"href":"https:\/\/www.infokuryr.cz\/n\/wp-json\/wp\/v2\/comments?post=9525"}],"version-history":[{"count":0,"href":"https:\/\/www.infokuryr.cz\/n\/wp-json\/wp\/v2\/posts\/9525\/revisions"}],"wp:featuredmedia":[{"embeddable":true,"href":"https:\/\/www.infokuryr.cz\/n\/wp-json\/wp\/v2\/media\/1664"}],"wp:attachment":[{"href":"https:\/\/www.infokuryr.cz\/n\/wp-json\/wp\/v2\/media?parent=9525"}],"wp:term":[{"taxonomy":"category","embeddable":true,"href":"https:\/\/www.infokuryr.cz\/n\/wp-json\/wp\/v2\/categories?post=9525"},{"taxonomy":"post_tag","embeddable":true,"href":"https:\/\/www.infokuryr.cz\/n\/wp-json\/wp\/v2\/tags?post=9525"}],"curies":[{"name":"wp","href":"https:\/\/api.w.org\/{rel}","templated":true}]}}