{"id":95231,"date":"2025-12-24T00:15:54","date_gmt":"2025-12-23T23:15:54","guid":{"rendered":"https:\/\/www.infokuryr.cz\/n\/?p=95231"},"modified":"2025-12-23T12:30:00","modified_gmt":"2025-12-23T11:30:00","slug":"martin-armstrong-eu-a-kanada-spolupracuji-na-digitalnich-identitach","status":"publish","type":"post","link":"https:\/\/www.infokuryr.cz\/n\/2025\/12\/24\/martin-armstrong-eu-a-kanada-spolupracuji-na-digitalnich-identitach\/","title":{"rendered":"Martin Armstrong: EU a Kanada spolupracuj\u00ed na digit\u00e1ln\u00edch identit\u00e1ch"},"content":{"rendered":"<div id=\"fb-root\"><\/div>\n<div class=\"elementor-element elementor-element-1fb4c2c elementor-widget elementor-widget-theme-post-content\" data-id=\"1fb4c2c\" data-element_type=\"widget\" data-widget_type=\"theme-post-content.default\">\n<div class=\"elementor-widget-container\">\n<p><strong><span dir=\"auto\">EU a Kanada se dohodly na spolupr\u00e1ci v oblasti vz\u00e1jemn\u00e9ho uzn\u00e1v\u00e1n\u00ed digit\u00e1ln\u00edch identifika\u010dn\u00edch doklad\u016f a pilotn\u00edch projekt\u016f.<\/span><\/strong><\/p>\n<p><span dir=\"auto\">Ned\u00e1vn\u00e1 dohoda mezi Evropskou uni\u00ed a Kanadou o spolupr\u00e1ci v oblasti vz\u00e1jemn\u00e9ho uzn\u00e1v\u00e1n\u00ed digit\u00e1ln\u00edch identit je jen dal\u0161\u00edm krokem v tom, p\u0159ed \u010d\u00edm jsem varoval u\u017e l\u00e9ta. Kdykoli se rozpadne d\u016fv\u011bra ve vl\u00e1dy, politick\u00e1 t\u0159\u00edda ut\u00e1hne ot\u011b\u017ee. Digit\u00e1ln\u00ed identifikace nen\u00ed o pohodl\u00ed; jde o sledov\u00e1n\u00ed kapit\u00e1lu a kontrolu pohyb\u016f, zat\u00edmco se glob\u00e1ln\u00ed krize st\u00e1tn\u00edho dluhu stup\u0148uje.<\/span><\/p>\n<p><span dir=\"auto\">Nebezpe\u010d\u00ed je z\u0159ejm\u00e9. Vz\u00e1jemn\u00e9 uzn\u00e1v\u00e1n\u00ed znamen\u00e1 jednotn\u00fd r\u00e1mec. Pokl\u00e1d\u00e1 z\u00e1klady pro\u00a0<\/span><strong><span dir=\"auto\">glob\u00e1ln\u00ed digit\u00e1ln\u00ed identitu<\/span><\/strong><span dir=\"auto\">\u00a0. Jakmile tyto syst\u00e9my za\u010dnou vz\u00e1jemn\u011b komunikovat, objev\u00ed se architektura celosv\u011btov\u00e9 datab\u00e1ze ovl\u00e1dan\u00e9 politickou elitou. P\u0159esn\u011b to\u00a0<\/span><strong><span dir=\"auto\">Evropsk\u00e1 unie<\/span><\/strong><span dir=\"auto\">\u00a0prosazuje u\u017e l\u00e9ta \u2013 prost\u0159ednictv\u00edm\u00a0<\/span><strong><span dir=\"auto\">z\u00e1kona o digit\u00e1ln\u00edch slu\u017eb\u00e1ch<\/span><\/strong><span dir=\"auto\">\u00a0a nechvaln\u011b zn\u00e1m\u00e9ho n\u00e1vrhu na \u201edigit\u00e1ln\u00ed pen\u011b\u017eenku\u201c. Nyn\u00ed se tento model vyv\u00e1\u017e\u00ed, stejn\u011b jako p\u0159ed n\u00edm ne\u00fasp\u011b\u0161n\u00e9 koncepty Net Zero a finan\u010dn\u00ed regulace.\u00a0<\/span><strong><span dir=\"auto\">Kanada<\/span><\/strong><span dir=\"auto\">\u00a0, kter\u00e1 se nach\u00e1z\u00ed v ekonomick\u00e9m a politick\u00e9m \u00fapadku, n\u00e1sleduje Brusel do propasti.<\/span><\/p>\n<p><span dir=\"auto\">EU a Kanada budou spole\u010dn\u011b testovat pilotn\u00ed projekt digit\u00e1ln\u00edch pen\u011b\u017eenek s identitou. Pro\u010d mus\u00ed dva odd\u011blen\u00e9 kontinenty integrovat sv\u00e9 syst\u00e9my? P\u0159eshrani\u010dn\u00ed digit\u00e1ln\u00ed identifikace je nemo\u017en\u00e1 bez centr\u00e1ln\u00edho org\u00e1nu. A jakmile bude st\u00e1t schopen monitorovat ka\u017edou transakci, ka\u017ed\u00fd pohyb a ka\u017edou identifikaci, bude to nevyhnuteln\u011b spojeno se zdan\u011bn\u00edm, cestovn\u00edmi povolen\u00edmi, p\u0159\u00edstupem k bankovn\u00edmu syst\u00e9mu a dokonce i s politickou konformitou. Takto vl\u00e1dy v\u017edy reaguj\u00ed v z\u00e1v\u011bre\u010dn\u00fdch f\u00e1z\u00edch sv\u00e9ho fisk\u00e1ln\u00edho cyklu. \u0158\u00edm zavedl cestovn\u00ed povolen\u00ed. Sov\u011btsk\u00fd svaz vytvo\u0159il vnit\u0159n\u00ed pas. Nyn\u00ed Z\u00e1pad d\u011bl\u00e1 tot\u00e9\u017e \u2013 jen s lep\u0161\u00ed technologi\u00ed.<\/span><\/p>\n<p><span dir=\"auto\">Kapit\u00e1l bude ut\u00edkat z region\u016f sm\u011b\u0159uj\u00edc\u00edch k centralizovan\u00e9 digit\u00e1ln\u00ed identifikaci. Pr\u00e1v\u011b proto jsme sv\u011bdky \u00faniku kapit\u00e1lu z Evropy a st\u00e1le \u010dast\u011bji i z Kanady. Ob\u011b zem\u011b se posouvaj\u00ed k marxistick\u00e9mu modelu, v n\u011bm\u017e ob\u010dan existuje pouze proto, aby financoval st\u00e1t. Tlak na digit\u00e1ln\u00ed identifika\u010dn\u00ed \u00fadaje dokonale zapad\u00e1 do rostouc\u00ed autorit\u00e1\u0159sk\u00e9 vlny do roku 2032, kdy se vl\u00e1dy sna\u017e\u00ed udr\u017eet u moci tv\u00e1\u0159\u00ed v tv\u00e1\u0159 syst\u00e9mov\u00e9mu kolapsu.<\/span><\/p>\n<\/div>\n<\/div>\n<div class=\"elementor-element elementor-element-8c57238 quelle dc-has-condition dc-condition-empty elementor-widget elementor-widget-heading\" data-id=\"8c57238\" data-element_type=\"widget\" data-widget_type=\"heading.default\">\n<div class=\"elementor-widget-container\">\n<h3 class=\"elementor-heading-title elementor-size-default\"><span style=\"font-size: 10pt;\"><a href=\"https:\/\/www.armstrongeconomics.com\/international-news\/europes-current-economy\/the-eu-and-canada-collaborate-on-digital-ids\/\" target=\"_blank\" rel=\"nofollow noopener\"><span dir=\"auto\">Zdroj<\/span><\/a><\/span><\/h3>\n<p>&nbsp;<\/p>\n<\/div>\n<\/div>\n","protected":false},"excerpt":{"rendered":"<p>EU a Kanada se dohodly na spolupr\u00e1ci v oblasti vz\u00e1jemn\u00e9ho uzn\u00e1v\u00e1n\u00ed digit\u00e1ln\u00edch identifika\u010dn\u00edch doklad\u016f a&#8230;<\/p>\n","protected":false},"author":2,"featured_media":95232,"comment_status":"closed","ping_status":"closed","sticky":false,"template":"","format":"standard","meta":[],"categories":[7],"tags":[2214,41,248],"_links":{"self":[{"href":"https:\/\/www.infokuryr.cz\/n\/wp-json\/wp\/v2\/posts\/95231"}],"collection":[{"href":"https:\/\/www.infokuryr.cz\/n\/wp-json\/wp\/v2\/posts"}],"about":[{"href":"https:\/\/www.infokuryr.cz\/n\/wp-json\/wp\/v2\/types\/post"}],"author":[{"embeddable":true,"href":"https:\/\/www.infokuryr.cz\/n\/wp-json\/wp\/v2\/users\/2"}],"replies":[{"embeddable":true,"href":"https:\/\/www.infokuryr.cz\/n\/wp-json\/wp\/v2\/comments?post=95231"}],"version-history":[{"count":0,"href":"https:\/\/www.infokuryr.cz\/n\/wp-json\/wp\/v2\/posts\/95231\/revisions"}],"wp:featuredmedia":[{"embeddable":true,"href":"https:\/\/www.infokuryr.cz\/n\/wp-json\/wp\/v2\/media\/95232"}],"wp:attachment":[{"href":"https:\/\/www.infokuryr.cz\/n\/wp-json\/wp\/v2\/media?parent=95231"}],"wp:term":[{"taxonomy":"category","embeddable":true,"href":"https:\/\/www.infokuryr.cz\/n\/wp-json\/wp\/v2\/categories?post=95231"},{"taxonomy":"post_tag","embeddable":true,"href":"https:\/\/www.infokuryr.cz\/n\/wp-json\/wp\/v2\/tags?post=95231"}],"curies":[{"name":"wp","href":"https:\/\/api.w.org\/{rel}","templated":true}]}}