{"id":95146,"date":"2025-12-22T05:43:22","date_gmt":"2025-12-22T04:43:22","guid":{"rendered":"https:\/\/www.infokuryr.cz\/n\/?p=95146"},"modified":"2025-12-22T06:17:49","modified_gmt":"2025-12-22T05:17:49","slug":"ukrajina-se-brani-rusko-je-agresor-a-podpora-ukrajiny-bude-pokracovat-ministr-za-spd-je-clenem","status":"publish","type":"post","link":"https:\/\/www.infokuryr.cz\/n\/2025\/12\/22\/ukrajina-se-brani-rusko-je-agresor-a-podpora-ukrajiny-bude-pokracovat-ministr-za-spd-je-clenem\/","title":{"rendered":"Ukrajina se br\u00e1n\u00ed, Rusko je agresor a podpora Ukrajiny bude pokra\u010dovat! Ministr za SPD je \u010dlenem&#8230;"},"content":{"rendered":"<div id=\"fb-root\"><\/div>\n<h4>Ukrajina se br\u00e1n\u00ed, Rusko je agresor a podpora Ukrajiny bude pokra\u010dovat! Ministr za SPD je \u010dlenem pra\u017esk\u00e9 pobo\u010dky Aspen Institutu! Tento think-tank prosazuje z\u00e1jmy americk\u00fdch neocon\u016f v Evrop\u011b p\u0159esn\u011b tak, jak na sjezdu Turning Point USA pr\u00e1v\u011b varovala \u0159editelka N\u00e1rodn\u00ed zpravodajsk\u00e9 slu\u017eby USA! Podle n\u00ed Deep State spolu s EU a NATO se sna\u017e\u00ed o zata\u017een\u00ed USA do v\u00e1lky s Ruskem!<\/h4>\n<p>Vl\u00e1da Andreje Babi\u0161e funguje teprve p\u00e1r dn\u00ed a vl\u00e1dn\u00ed koali\u010dn\u00ed stranou SPD ji\u017e od p\u00e1tku ot\u0159\u00e1s\u00e1 neuv\u011b\u0159iteln\u00fd skand\u00e1l, kter\u00fd pouze ukazuje na to, \u017ee volby v podstat\u011b nic nem\u011bn\u00ed, bez ohledu na to, koho tam zvol\u00edte, proto\u017ee nakonec je to v\u0161echno jinak.<\/p>\n<p>&nbsp;<\/p>\n<div class='videoWrapper'>\r\n\t            <iframe src='https:\/\/rumble.com\/embed\/pj.v714506\/' frameborder='0' allowfullscreen><\/iframe>\r\n\t        <\/div>\n<p>&nbsp;<\/p>\n<p>Probl\u00e9m za\u010dal u\u017e v okam\u017eiku, kdy SPD ozn\u00e1mila, \u017ee do vl\u00e1dy s Andrejem Babi\u0161em a na ministerstva nevy\u0161le sv\u00e9 politiky, sv\u00e9 stran\u00edky, \u010dleny veden\u00ed strany a sv\u00e9 poslance, ale alibisticky tzv. \u201c<em>odborn\u00edky<\/em>\u201d bez stranick\u00e9 p\u0159\u00edslu\u0161nosti. A pro\u010d? Proto\u017ee SPD v\u011bd\u011bla, \u017ee v t\u00e9 vl\u00e1d\u011b nic neprosad\u00ed a nic nezm\u011bn\u00ed, \u017ee to bude pr\u016fser. A tak bylo rozhodnuto, \u017ee tam m\u00edsto \u010dlen\u016f SPD budou dosazeni figuranti. Ale jac\u00ed!<\/p>\n<p>Jak toti\u017e na\u0161e redakce zjistila, nov\u00fd ministr obrany a nestran\u00edk nominovan\u00fd za SPD\u00a0<strong>Jarom\u00edr Z\u016fna je ji\u017e od roku 2022 \u010dlenem [<a href=\"https:\/\/href.li\/?https:\/\/old.aspeninstitutece.org\/cs\/people-profile\/jaromir-zuna\/\" target=\"_blank\" rel=\"nofollow noopener\">1<\/a>] pra\u017esk\u00e9 pobo\u010dky americk\u00e9ho think-tanku Aspen Institute Central Europe<\/strong>, p\u0159i\u010dem\u017e centr\u00e1la Aspen Institute se nach\u00e1z\u00ed v Aspenu v americk\u00e9m Coloradu.<\/p>\n<p>Aspen prosazuje z\u00e1jmy americk\u00fdch neokonzervativc\u016f a tzv. Deep State v Evrop\u011b a z\u00e1jmy americk\u00e9ho vojensko-pr\u016fmyslov\u00e9ho sektoru s \u00fazk\u00fdmi vazbami na Severoatlantickou alianci. A nen\u00ed proto divu, \u017ee SPD s\u00e1hla pr\u00e1v\u011b po k\u00e1drovi Aspenu, kter\u00fd se v p\u00e1tek \u201c<em>roztomile<\/em>\u201d a sou\u010dasn\u011b naivn\u011b odkopal takov\u00fdm zp\u016fsobem, \u017ee voli\u010d\u016fm SPD popadaly v dom\u00e1cnostech hodiny ze zd\u00ed. A to p\u0159ed V\u00e1noci.<\/p>\n<h3>Ministr obrany z k\u00e1drov\u00e9 listiny Aspenu jede agendu neocon\u016f, p\u0159ed kterou o v\u00edkendu varovala Tulsi Gabbard<\/h3>\n<p>Z\u016fna toti\u017e na dotaz novin\u00e1\u0159e \u010cesk\u00e9 televize odpov\u011bd\u011bl\u00a0<strong>[<a href=\"https:\/\/href.li\/?https:\/\/ct24.ceskatelevize.cz\/clanek\/domaci\/zuna-predstavuje-svou-vizi-ministerstva-obrany-368465\" target=\"_blank\" rel=\"nofollow noopener\">2<\/a>]<\/strong>, \u017ee jeho ministerstvo stoj\u00ed za Ukrajinou, \u017ee Ukrajina se br\u00e1n\u00ed, Rusko je agresor a podpora Ukrajiny pr\u00fd bude pokra\u010dovat, ale jde pr\u00fd jen o to, jakou cestou to bude. V \u00favodu \u010dl\u00e1nku m\u00e1te uk\u00e1zku z vys\u00edl\u00e1n\u00ed \u010cT24 z tiskov\u00e9 konference, kde je cel\u00fd incident zachycen. A to nebylo v\u0161echno. Z\u016fna dokonce uvedl, \u017ee tzv. muni\u010dn\u00ed iniciativa Petra Fialy na n\u00e1kupy d\u011blost\u0159eleck\u00e9 munice pro Ukrajinu bude pr\u00fd mo\u017en\u00e1 pokra\u010dovat, co\u017e rozzu\u0159ilo voli\u010de SPD na Facebooku \u00fapln\u011b dob\u011bla.<\/p>\n<p>&nbsp;<\/p>\n<div class='videoWrapper'>\r\n\t            <iframe src='https:\/\/rumble.com\/embed\/pj.v7144zw\/' frameborder='0' allowfullscreen><\/iframe>\r\n\t        <\/div>\n<p>&nbsp;<\/p>\n<p>A j\u00e1 to naprosto ch\u00e1pu. Jen\u017ee, voli\u010di SPD by si m\u011bli uv\u011bdomit, \u017ee pl\u00e1\u010dou na \u0161patn\u00e9m hrob\u011b. Byla to jejich strana, veden\u00ed SPD, kter\u00e9 nominovalo na ministerstvo obrany k\u00e1dra Aspenu, tak\u017ee proboha, kdo jako co o\u010dek\u00e1val?\u00a0<strong>Prost\u011b snaha neocon\u016f o vyvol\u00e1n\u00ed v\u00e1lky s Ruskem, jak o tom o v\u00edkendu hovo\u0159ila \u0161\u00e9fka N\u00e1rodn\u00ed zpravodajsk\u00e9 slu\u017eby USA Tulsi Gabbard.<\/strong>\u00a0Video m\u00e1te v\u00fd\u0161e. To jako si n\u011bkdo mysl\u00ed, \u017ee k\u00e1dr vyslan\u00fd na obranu za Aspen bude prosazovat m\u00edr, odzbrojen\u00ed, zastaven\u00ed palby, m\u00edrov\u00e9 rozhovory a iniciativy Steva Witkoffa a Jareda Kushnera na m\u00edrov\u00e9 urovn\u00e1n\u00ed konfliktu na Ukrajin\u011b?<\/p>\n<h3>SPD nominovala na obranu k\u00e1dra NATO a Aspenu<\/h3>\n<p>To je p\u0159ece naprosto naivn\u00ed si myslet. Kdyby veden\u00ed SPD myslelo jako\u00a0<em>m\u00edrotvorec,\u00a0<\/em>vyslalo by na obranu n\u011bjak\u00e9ho penzionovan\u00e9ho plukovn\u00edka \u010cSLA, kter\u00fd si nikdy nezavdal nic s NATO, naposledy slou\u017eil koncem 80. let a nikdy se nedostal do soukol\u00ed bruselsk\u00e9 v\u00e1le\u010dn\u00e9 ma\u0161iny. A zn\u00e1me v redakci hned \u0159adu takov\u00fdch k\u00e1dr\u016f. Ale ne. Nam\u00edsto toho veden\u00ed SPD tam vyslalo \u010dlena Aspenu. A co se vlastn\u011b uv\u00e1d\u00ed na Z\u016fnov\u011b profilu na webu Aspenu? Je tam toto:<\/p>\n<p><strong>Gener\u00e1lporu\u010d\u00edk Jarom\u00edr Z\u016fna p\u016fsobil jako prvn\u00ed z\u00e1stupce n\u00e1\u010deln\u00edka Gener\u00e1ln\u00edho \u0161t\u00e1bu Arm\u00e1dy \u010cesk\u00e9 republiky. Do jeho odpov\u011bdnosti pat\u0159ila koordinace a tvorba dlouhodob\u00fdch koncepc\u00ed, politik a strategi\u00ed Ozbrojen\u00fdch sil \u010cesk\u00e9 republiky \/ Ministerstva obrany \u010cesk\u00e9 republiky. Osobn\u011b odpov\u00eddal za mezin\u00e1rodn\u00ed spolupr\u00e1ci Arm\u00e1dy \u010cesk\u00e9 republiky se spojeneck\u00fdmi a partnersk\u00fdmi st\u00e1ty a za v\u0161echny \u00fakoly a funkce souvisej\u00edc\u00ed s IMS\/NCS\/NFS NATO, EU, OSN a mezin\u00e1rodn\u00edmi organizacemi. B\u011bhem sv\u00e9 kari\u00e9ry zast\u00e1val r\u016fzn\u00e9 velitelsk\u00e9 a \u0161t\u00e1bn\u00ed funkce. V sou\u010dasn\u00e9 dob\u011b ukon\u010dil v\u00fdkon sv\u00e9 funkce a p\u0159ech\u00e1z\u00ed do vojensk\u00e9 diplomacie. (Prosinec 2022).<\/strong><\/p>\n<p>Veden\u00ed SPD tak dosadilo na pozici ministra kovan\u00e9ho \u0161t\u00e1bn\u00edho lampas\u00e1ka a vojensk\u00e9ho byrokrata integrovan\u00e9ho do struktur a proces\u016f \u0159\u00edzen\u00ed Severoatlantick\u00e9 aliance. Co z toho plyne pro voli\u010de SPD? No, p\u0159ece to, \u017ee jste byli podvedeni. Veden\u00ed SPD v\u011bd\u011blo dop\u0159edu, \u017ee ve vl\u00e1d\u011b s Babi\u0161em nep\u016fjde z volebn\u00edho programu SPD, tedy z kl\u00ed\u010dov\u00fdch priorit programu, nic prosadit. Dokonce ani referendum, absolutn\u00ed st\u011b\u017ee\u0148 SPD.<\/p>\n<figure id=\"attachment_65716\" class=\"wp-caption aligncenter\" style=\"width: 679px;\"><a href=\"https:\/\/aeronet.news\/wp-content\/uploads\/Jarom%C3%ADr-Zuna-Aspen-Institute-Central-EuropeProfil.jpg\"><img decoding=\"async\" loading=\"lazy\" class=\"wp-image-65716\" src=\"https:\/\/aeronet.news\/wp-content\/uploads\/Jarom%C3%ADr-Zuna-Aspen-Institute-Central-EuropeProfil.jpg\" sizes=\"(max-width: 700px) 100vw, 700px\" srcset=\"https:\/\/aeronet.news\/wp-content\/uploads\/Jarom\u00edr-Zuna-Aspen-Institute-Central-EuropeProfil.jpg 979w, https:\/\/aeronet.news\/wp-content\/uploads\/Jarom\u00edr-Zuna-Aspen-Institute-Central-EuropeProfil-196x300.jpg 196w, https:\/\/aeronet.news\/wp-content\/uploads\/Jarom\u00edr-Zuna-Aspen-Institute-Central-EuropeProfil-768x1175.jpg 768w, https:\/\/aeronet.news\/wp-content\/uploads\/Jarom\u00edr-Zuna-Aspen-Institute-Central-EuropeProfil-669x1024.jpg 669w, https:\/\/aeronet.news\/wp-content\/uploads\/Jarom\u00edr-Zuna-Aspen-Institute-Central-EuropeProfil-700x1071.jpg 700w, https:\/\/aeronet.news\/wp-content\/uploads\/Jarom\u00edr-Zuna-Aspen-Institute-Central-EuropeProfil-233x357.jpg 233w, https:\/\/aeronet.news\/wp-content\/uploads\/Jarom\u00edr-Zuna-Aspen-Institute-Central-EuropeProfil-316x483.jpg 316w\" alt=\"\" width=\"679\" height=\"1039\" \/><\/a><figcaption class=\"wp-caption-text\">Profil Jarom\u00edra Z\u016fny na webu Aspenu<\/figcaption><\/figure>\n<p>Veden\u00ed SPD tu\u0161ilo, \u017ee to bude pr\u016fser, a proto do t\u00e9 vl\u00e1dy nikdo z veden\u00ed SPD necht\u011bl j\u00edt. Tak\u017ee bylo vymy\u0161leno, \u017ee tam budou m\u00edsto nich vysl\u00e1ni nestran\u00edc\u00ed. Jen\u017ee k\u00e1drov\u011b prov\u011b\u0159en\u00ed tak, aby se neodchylovali od politiky Andreje Babi\u0161e a hlavn\u011b od politiky ukotven\u00e9 vl\u00e1dou Petra Fialy, pokud jde o Ukrajinu. Proto\u017ee vyzbrojov\u00e1n\u00ed Ukrajiny a pokra\u010dov\u00e1n\u00ed v\u00e1lky je v nejvy\u0161\u0161\u00edm z\u00e1jmu americk\u00e9ho vojensko-pr\u016fmyslov\u00e9ho sektoru, a tud\u00ed\u017e v z\u00e1jmu jeho lobbistick\u00e9 organizace Aspen.<\/p>\n<h3>Z\u016fna dokonce nevylou\u010dil pokra\u010dov\u00e1n\u00ed Fialovy muni\u010dn\u00ed iniciativy na v\u00fdzbrojku Ukrajiny<\/h3>\n<p>Pokud jde o Fialovu iniciativu, tak o osudu tzv. Fialovy muni\u010dn\u00ed iniciativy podle Z\u016fny rozhodne vl\u00e1da jako celek. \u201e<em>Bude p\u0159ipraveno jedn\u00e1n\u00ed pro premi\u00e9ra za \u00fa\u010dasti expert\u016f, kter\u00e9 se bude zab\u00fdvat, jak d\u00e1l v t\u00e9to iniciativ\u011b pokra\u010dovat. V z\u00e1sad\u011b muni\u010dn\u00ed iniciativu nezpochyb\u0148uje nikdo, jde o proces jej\u00edho \u0159\u00edzen\u00ed a jak d\u00e1l pokra\u010dovat,<\/em>\u201c informoval Z\u016fna.<\/p>\n<p><strong>Tento v\u00fdrok znovu rozzu\u0159il voli\u010de SPD na soci\u00e1ln\u00edch s\u00edt\u00edch, proto\u017ee Z\u016fna odhalil, \u017ee v Babi\u0161ov\u011b nov\u00e9 vl\u00e1d\u011b pokra\u010dov\u00e1n\u00ed ve vyzbrojovan\u00ed Ukrajiny munic\u00ed, a t\u00edm p\u00e1dem v pokra\u010dov\u00e1n\u00ed v\u00e1lky, nikdo nezpochyb\u0148uje.<\/strong>\u00a0A \u201c<em>nikdo<\/em>\u201d znamen\u00e1, \u017ee v\u016fbec nikdo. Ani minist\u0159i a \u010dlenov\u00e9 vl\u00e1dy za ANO, ani za Motoristy (b\u00e9\u010dko ODS), ani za SPD. A to je realita!<\/p>\n<div class=\"twitter-tweet twitter-tweet-rendered\"><a href=\"https:\/\/x.com\/Sedlacek_Jan\/status\/2002094059649970228?ref_src=twsrc%5Etfw%7Ctwcamp%5Etweetembed%7Ctwterm%5E2002094059649970228%7Ctwgr%5Edbaa7931744efe814284b115d7f7f613d38bc362%7Ctwcon%5Es1_&amp;ref_url=https%3A%2F%2Faeronet.news%2Fukrajina-se-brani-rusko-je-agresor-a-podpora-ukrajiny-bude-pokracovat-ministr-za-spd-je-clenem-prazske-pobocky-aspen-institutu-tento-think-tank-prosazuje-zajmy-americkych-neoconu-v-evrope%2F\"><img decoding=\"async\" loading=\"lazy\" class=\"wp-image-95148 aligncenter\" src=\"http:\/\/www.infokuryr.cz\/n\/wp-content\/uploads\/2025\/12\/x1-7-198x300.jpg\" alt=\"\" width=\"400\" height=\"606\" srcset=\"https:\/\/www.infokuryr.cz\/n\/wp-content\/uploads\/2025\/12\/x1-7-198x300.jpg 198w, https:\/\/www.infokuryr.cz\/n\/wp-content\/uploads\/2025\/12\/x1-7.jpg 600w\" sizes=\"(max-width: 400px) 100vw, 400px\" \/><\/a><\/div>\n<p>Muni\u010dn\u00ed iniciativu, prost\u0159ednictv\u00edm kter\u00e9 dod\u00e1vaj\u00ed spojenci Ukrajin\u011b d\u011blost\u0159eleckou munici, p\u0159ed volbami sice siln\u011b kritizoval Babi\u0161 a sliboval ji zru\u0161it. Stejn\u00fd postoj zast\u00e1vala koali\u010dn\u00ed SPD, kter\u00e1 prosazovala i ukon\u010den\u00ed pos\u00edl\u00e1n\u00ed pen\u011bz Kyjevu. Ale to bylo v\u0161echno p\u0159ed volbami. Nyn\u00ed u\u017e je to zjevn\u011b jinak. Z\u016fna ned\u00e1vno po jedn\u00e1n\u00ed s prezidentem Petrem Pavlem u\u017e dop\u0159edu uvedl, \u017ee pova\u017euje za legitimn\u00ed po\u017eadavek na posouzen\u00ed zbrojn\u00ed (Fialovy) iniciativy nam\u00edsto jej\u00edho zru\u0161en\u00ed. Z hlediska konceptu\u00e1ln\u00ed gramotnosti je to drsn\u00e9.<\/p>\n<h3>Tomio dostal k\u0159eslo \u0161\u00e9fa sn\u011bmovny a nikdo z poslanc\u016f SPD do vl\u00e1dy ne\u0161el. Vyslali tam za sebe nestran\u00edky a takhle to dopadlo<\/h3>\n<p>Tomio Okamura dostal 3. nejvy\u0161\u0161\u00ed \u00fastavn\u00ed funkci ve st\u00e1t\u011b \u2013 post p\u0159edsedy Poslaneck\u00e9 sn\u011bmovny a ve vl\u00e1d\u011b nominovan\u00ed nestran\u00edc\u00ed za SPD prosazuj\u00ed z\u00e1jmy Aspenu a Ukrajiny. To je cel\u00e9. A ta hrozba zata\u017een\u00ed EU do v\u00e1lky s Ruskem je jasn\u00e1 nejenom n\u00e1m v redakci.<\/p>\n<p>P\u0159ed touto hrozbou varovala i \u0161\u00e9fka americk\u00e9 rozv\u011bdky. \u0158editelka americk\u00e9 N\u00e1rodn\u00ed zpravodajsk\u00e9 slu\u017eby Tulsi Gabbard toti\u017e o v\u00edkendu na sjezdu patriotick\u00e9 a pro-trumpovsk\u00e9 organizace Turning Point USA varovala, \u017ee jej\u00ed \u00fa\u0159ad sleduje, jak se americk\u00fd Deep State a neokonzervativci sna\u017e\u00ed sabotovat Trump\u016fv m\u00edrov\u00fd pl\u00e1n na Ukrajin\u011b. Video m\u00e1te naho\u0159e v \u00favodu \u010dl\u00e1nku jako druh\u00e9 v po\u0159ad\u00ed.<\/p>\n<figure id=\"attachment_62876\" class=\"wp-caption aligncenter\" style=\"width: 693px;\"><a href=\"https:\/\/aeronet.news\/wp-content\/uploads\/TulsiGabbardFoxFeat.jpg\"><img decoding=\"async\" loading=\"lazy\" class=\"wp-image-62876 \" src=\"https:\/\/aeronet.news\/wp-content\/uploads\/TulsiGabbardFoxFeat-1024x573.jpg\" sizes=\"(max-width: 700px) 100vw, 700px\" srcset=\"https:\/\/aeronet.news\/wp-content\/uploads\/TulsiGabbardFoxFeat-1024x573.jpg 1024w, https:\/\/aeronet.news\/wp-content\/uploads\/TulsiGabbardFoxFeat-300x168.jpg 300w, https:\/\/aeronet.news\/wp-content\/uploads\/TulsiGabbardFoxFeat-768x430.jpg 768w, https:\/\/aeronet.news\/wp-content\/uploads\/TulsiGabbardFoxFeat-700x392.jpg 700w, https:\/\/aeronet.news\/wp-content\/uploads\/TulsiGabbardFoxFeat-638x357.jpg 638w, https:\/\/aeronet.news\/wp-content\/uploads\/TulsiGabbardFoxFeat-863x483.jpg 863w, https:\/\/aeronet.news\/wp-content\/uploads\/TulsiGabbardFoxFeat.jpg 1280w\" alt=\"\" width=\"693\" height=\"388\" \/><\/a><figcaption class=\"wp-caption-text\">Tulsi Gabbard, \u0159editelka N\u00e1rodn\u00ed zpravodajsk\u00e9 slu\u017eby USA<\/figcaption><\/figure>\n<p><strong>A \u017ee c\u00edlem Deep State a jeho partner\u016f v EU a v NATO je zata\u017een\u00ed USA do p\u0159\u00edm\u00e9ho konfliktu a do v\u00e1lky s Ruskem.<\/strong>\u00a0A tomu je pr\u00fd pot\u0159eba za ka\u017edou cenu zabr\u00e1nit. Tak\u017ee jak vid\u00edte, p\u0159ed hrozbou v\u00e1lky s Ruskem varujeme nejen my tady na Aeronetu, ale spolu s n\u00e1mi u\u017e i \u0161\u00e9fka americk\u00e9 zpravodajsk\u00e9 slu\u017eby.<\/p>\n<p>Situace je opravdu v\u00e1\u017en\u00e1. A o to v\u00e1\u017en\u011bj\u0161\u00ed, \u017ee te\u010f se v \u010cR uk\u00e1zalo, \u017ee nov\u00fd ministr za SPD jako k\u00e1dr Aspenu bude evidentn\u011b cht\u00edt pokra\u010dovat ve \u0161l\u00e9p\u011bj\u00edch Petra Fialy a Jany \u010cernochov\u00e9, pokud jde o zbrojn\u00ed podporu Ukrajiny.<\/p>\n<h3>Voli\u010di alternativy jsou u\u017eite\u010dn\u00ed politik\u016fm jako v\u00fdtah do sn\u011bmovny. Jakmile tam ale jsou, s voli\u010di\u00a0<em>vyjebou<\/em>. A to je realita!<\/h3>\n<p>Jedin\u00fd kosmetick\u00fd detail je v tom, \u017ee v\u0161ichni v Babi\u0161ov\u00e9 kabinetu budou cht\u00edt, aby se to financovalo z jin\u00fdch ne\u017e \u010desk\u00fdch ve\u0159ejn\u00fdch rozpo\u010dt\u016f.\u00a0<strong>Tak\u017ee nap\u0159. z pen\u011bz EU, do jej\u00edch\u017e rozpo\u010dt\u016f tak \u010di tak \u010cR bude odv\u00e1d\u011bt miliardy korun tzv. \u010dlensk\u00fdch p\u0159\u00edsp\u011bvk\u016f.<\/strong>\u00a0Tak\u017ee to vlastn\u011b p\u016fjde z \u010desk\u00e9 kapsy na Ukrajinu ne p\u0159\u00edmo, ale oklikou p\u0159es unijn\u00ed odvodn\u00ed pokladnu v Bruselu. A t\u00edm je to dan\u00e9. Voli\u010di byli podvedeni, bylo s nimi\u00a0<em>vyjeb\u00e1no<\/em>, p\u0159esn\u011b tak, jako v\u017edycky ve chv\u00edli, kdy voli\u010di nevol\u00ed skute\u010dnou alternativu, ale pouze tzv.\u00a0<em>fiat-alternativu<\/em>.<\/p>\n<div class=\"twitter-tweet twitter-tweet-rendered\"><a href=\"https:\/\/x.com\/Midlinka1967\/status\/2002411491316699484\"><img decoding=\"async\" loading=\"lazy\" class=\"wp-image-95149 aligncenter\" src=\"http:\/\/www.infokuryr.cz\/n\/wp-content\/uploads\/2025\/12\/x2-7-269x300.jpg\" alt=\"\" width=\"513\" height=\"572\" srcset=\"https:\/\/www.infokuryr.cz\/n\/wp-content\/uploads\/2025\/12\/x2-7-269x300.jpg 269w, https:\/\/www.infokuryr.cz\/n\/wp-content\/uploads\/2025\/12\/x2-7.jpg 681w\" sizes=\"(max-width: 513px) 100vw, 513px\" \/><\/a><\/div>\n<p>Tu pozn\u00e1te snadno. P\u0159ed volbami sly\u0161\u00ed alternativn\u00ed voli\u010di to, co cht\u011bj\u00ed sly\u0161et, ale po volb\u00e1ch do \u010del ministerstev jsou dosazov\u00e1n\u00ed k\u00e1d\u0159i Aspenu a samotn\u00ed l\u00edd\u0159i t\u011bch\u00a0<em>fiat-alternativ<\/em>\u00a0m\u00edsto sebe, koho voli\u010di volili, do vl\u00e1dy rad\u011bji vys\u00edlaj\u00ed nik\u00fdm nevolen\u00e9\u00a0<em>proxy-figuranty<\/em>\u00a0a tzv. nestran\u00edky s k\u00e1drovou profilac\u00ed, \u017ee by si ji \u017e\u00e1dn\u00fd vlastenec za r\u00e1me\u010dek nedal. Pane\u010dku, vyjeb\u00e1no s voli\u010di SPD nadvakr\u00e1t.<\/p>\n<p>Ne jednou, ale nadvakr\u00e1t. Dovedu si p\u0159edstavit, \u017ee slab\u0161\u00ed voli\u010di SPD to nevyd\u00fdchaj\u00ed a bu\u010f u\u017e nikdy k volb\u00e1m nep\u016fjdou, anebo v nejhor\u0161\u00edm p\u0159\u00edpad\u011b si to p\u016fjdou hodit. Douf\u00e1m, \u017ee ne, za to politika nestoj\u00ed. Ale nedivil bych se. Chcete m\u00edr na Ukrajin\u011b, vol\u00edte SPD, a nakonec sly\u0161\u00edte, \u017ee podpora Ukrajiny bude pokra\u010dovat, a \u017ee ta Fialova muni\u010dn\u00ed iniciativa mo\u017en\u00e1 taky. Je vymalov\u00e1no a posledn\u00ed v SPD m\u016f\u017ee zhasnout!<\/p>\n<p><a href=\"https:\/\/aeronet.news\/ukrajina-se-brani-rusko-je-agresor-a-podpora-ukrajiny-bude-pokracovat-ministr-za-spd-je-clenem-prazske-pobocky-aspen-institutu-tento-think-tank-prosazuje-zajmy-americkych-neoconu-v-evrope\/\">-VK-<\/a><\/p>\n<p><img decoding=\"async\" loading=\"lazy\" class=\"wp-image-94843 aligncenter\" src=\"http:\/\/www.infokuryr.cz\/n\/wp-content\/uploads\/2025\/12\/popelka-hrad-300x141.jpg\" alt=\"\" width=\"1117\" height=\"525\" srcset=\"https:\/\/www.infokuryr.cz\/n\/wp-content\/uploads\/2025\/12\/popelka-hrad-300x141.jpg 300w, https:\/\/www.infokuryr.cz\/n\/wp-content\/uploads\/2025\/12\/popelka-hrad-768x360.jpg 768w, https:\/\/www.infokuryr.cz\/n\/wp-content\/uploads\/2025\/12\/popelka-hrad.jpg 977w\" sizes=\"(max-width: 1117px) 100vw, 1117px\" \/><\/p>\n<p>&nbsp;<\/p>\n","protected":false},"excerpt":{"rendered":"<p>Ukrajina se br\u00e1n\u00ed, Rusko je agresor a podpora Ukrajiny bude pokra\u010dovat! Ministr za SPD je&#8230;<\/p>\n","protected":false},"author":2,"featured_media":95147,"comment_status":"closed","ping_status":"closed","sticky":false,"template":"","format":"standard","meta":[],"categories":[6],"tags":[1042,278,458,176,10294],"_links":{"self":[{"href":"https:\/\/www.infokuryr.cz\/n\/wp-json\/wp\/v2\/posts\/95146"}],"collection":[{"href":"https:\/\/www.infokuryr.cz\/n\/wp-json\/wp\/v2\/posts"}],"about":[{"href":"https:\/\/www.infokuryr.cz\/n\/wp-json\/wp\/v2\/types\/post"}],"author":[{"embeddable":true,"href":"https:\/\/www.infokuryr.cz\/n\/wp-json\/wp\/v2\/users\/2"}],"replies":[{"embeddable":true,"href":"https:\/\/www.infokuryr.cz\/n\/wp-json\/wp\/v2\/comments?post=95146"}],"version-history":[{"count":1,"href":"https:\/\/www.infokuryr.cz\/n\/wp-json\/wp\/v2\/posts\/95146\/revisions"}],"predecessor-version":[{"id":95156,"href":"https:\/\/www.infokuryr.cz\/n\/wp-json\/wp\/v2\/posts\/95146\/revisions\/95156"}],"wp:featuredmedia":[{"embeddable":true,"href":"https:\/\/www.infokuryr.cz\/n\/wp-json\/wp\/v2\/media\/95147"}],"wp:attachment":[{"href":"https:\/\/www.infokuryr.cz\/n\/wp-json\/wp\/v2\/media?parent=95146"}],"wp:term":[{"taxonomy":"category","embeddable":true,"href":"https:\/\/www.infokuryr.cz\/n\/wp-json\/wp\/v2\/categories?post=95146"},{"taxonomy":"post_tag","embeddable":true,"href":"https:\/\/www.infokuryr.cz\/n\/wp-json\/wp\/v2\/tags?post=95146"}],"curies":[{"name":"wp","href":"https:\/\/api.w.org\/{rel}","templated":true}]}}