{"id":95144,"date":"2025-12-22T05:35:30","date_gmt":"2025-12-22T04:35:30","guid":{"rendered":"https:\/\/www.infokuryr.cz\/n\/?p=95144"},"modified":"2025-12-22T05:35:30","modified_gmt":"2025-12-22T04:35:30","slug":"svedska-policie-nezakonne-vtrhla-na-ruskou-lod-ktera-zastavila-kvuli-poruse","status":"publish","type":"post","link":"https:\/\/www.infokuryr.cz\/n\/2025\/12\/22\/svedska-policie-nezakonne-vtrhla-na-ruskou-lod-ktera-zastavila-kvuli-poruse\/","title":{"rendered":"\u0160v\u00e9dsk\u00e1 policie nez\u00e1konn\u011b vtrhla na ruskou lo\u010f, kter\u00e1 zastavila kv\u016fli poru\u0161e"},"content":{"rendered":"<div id=\"fb-root\"><\/div>\n<p class=\"lead\"><strong><span dir=\"auto\">T\u00fdm \u0161v\u00e9dsk\u00fdch policist\u016f nez\u00e1konn\u011b vstoupil na palubu rusk\u00e9 kontejnerov\u00e9 lodi Adler, kter\u00e1 zakotvila u pob\u0159e\u017e\u00ed H\u00f6gan\u00e4su kv\u016fli poru\u0161e. Dne 21. prosince, o tom <\/span><a href=\"https:\/\/www.svt.se\/nyheter\/lokalt\/helsingborg\/ryskt-fartyg-ankrat-utanfor-hoganas-kan-kopplas-till-ryska-militaren\" target=\"_blank\" rel=\"noopener\"><span dir=\"auto\">informovala<\/span><\/a><span dir=\"auto\">\u00a0televize SVT s odvol\u00e1n\u00edm na \u0161v\u00e9dsk\u00e9 celn\u00ed org\u00e1ny.<\/span><\/strong><\/p>\n<p><span dir=\"auto\">SVT tvrd\u00ed, \u017ee plavidlo, kter\u00e9 vyslalo nouzov\u00fd sign\u00e1l, pat\u0159\u00ed rusk\u00e9 spole\u010dnosti M Leasing LLC, kter\u00e1 je na sank\u010dn\u00edch seznamech USA a EU.<\/span><\/p>\n<p><span dir=\"auto\">\u201e\u0160v\u00e9dsk\u00e9 \u00fa\u0159ady v ned\u011bli ve\u010der vstoupily na palubu rusk\u00e9 lodi Adler\u2026 Lo\u010f zakotvila u pob\u0159e\u017e\u00ed H\u00f6gan\u00e4su po poru\u0161e za\u0159\u00edzen\u00ed v sobotu,\u201c uv\u00e1d\u00ed se v prohl\u00e1\u0161en\u00ed.<\/span><\/p>\n<p><span dir=\"auto\">B\u011bhem t\u00e9to doby lo\u010f prohl\u00e9dli celn\u00edci, pob\u0159e\u017en\u00ed str\u00e1\u017e, bezpe\u010dnostn\u00ed policie a opera\u010dn\u00ed policejn\u00ed odd\u011blen\u00ed.<\/span><\/p>\n<p>Rusk\u00e1 lo\u010f postupovala podle mezin\u00e1rodn\u00edch n\u00e1mo\u0159n\u00edch p\u0159edpis\u016f, kdy\u017e vyslala nouzov\u00fd sign\u00e1l , co\u017e ale p\u0159im\u011blo \u0161v\u00e9dsk\u00e9 org\u00e1ny postupovat v rozporu s mezin\u00e1rodn\u00edm pr\u00e1vem. Op\u011bt dal\u0161\u00ed uk\u00e1zka jak z\u00e1padn\u00ed zem\u011b dodr\u017euj\u00ed mezin\u00e1rodn\u00ed pr\u00e1vo.<\/p>\n<p><img decoding=\"async\" loading=\"lazy\" class=\"alignnone size-full wp-image-1185\" src=\"http:\/\/www.infokuryr.cz\/n\/wp-content\/uploads\/2021\/04\/kuryr-podpis.png\" alt=\"\" width=\"84\" height=\"24\" \/><\/p>\n<p>&nbsp;<\/p>\n","protected":false},"excerpt":{"rendered":"<p>T\u00fdm \u0161v\u00e9dsk\u00fdch policist\u016f nez\u00e1konn\u011b vstoupil na palubu rusk\u00e9 kontejnerov\u00e9 lodi Adler, kter\u00e1 zakotvila u pob\u0159e\u017e\u00ed&#8230;<\/p>\n","protected":false},"author":2,"featured_media":95145,"comment_status":"closed","ping_status":"closed","sticky":false,"template":"","format":"standard","meta":[],"categories":[7],"tags":[697,86,124],"_links":{"self":[{"href":"https:\/\/www.infokuryr.cz\/n\/wp-json\/wp\/v2\/posts\/95144"}],"collection":[{"href":"https:\/\/www.infokuryr.cz\/n\/wp-json\/wp\/v2\/posts"}],"about":[{"href":"https:\/\/www.infokuryr.cz\/n\/wp-json\/wp\/v2\/types\/post"}],"author":[{"embeddable":true,"href":"https:\/\/www.infokuryr.cz\/n\/wp-json\/wp\/v2\/users\/2"}],"replies":[{"embeddable":true,"href":"https:\/\/www.infokuryr.cz\/n\/wp-json\/wp\/v2\/comments?post=95144"}],"version-history":[{"count":0,"href":"https:\/\/www.infokuryr.cz\/n\/wp-json\/wp\/v2\/posts\/95144\/revisions"}],"wp:featuredmedia":[{"embeddable":true,"href":"https:\/\/www.infokuryr.cz\/n\/wp-json\/wp\/v2\/media\/95145"}],"wp:attachment":[{"href":"https:\/\/www.infokuryr.cz\/n\/wp-json\/wp\/v2\/media?parent=95144"}],"wp:term":[{"taxonomy":"category","embeddable":true,"href":"https:\/\/www.infokuryr.cz\/n\/wp-json\/wp\/v2\/categories?post=95144"},{"taxonomy":"post_tag","embeddable":true,"href":"https:\/\/www.infokuryr.cz\/n\/wp-json\/wp\/v2\/tags?post=95144"}],"curies":[{"name":"wp","href":"https:\/\/api.w.org\/{rel}","templated":true}]}}