{"id":95142,"date":"2025-12-22T05:20:21","date_gmt":"2025-12-22T04:20:21","guid":{"rendered":"https:\/\/www.infokuryr.cz\/n\/?p=95142"},"modified":"2025-12-22T05:20:21","modified_gmt":"2025-12-22T04:20:21","slug":"ozbrojenci-zabili-devet-lidi-pri-strelbe-v-jihoafricke-hospode","status":"publish","type":"post","link":"https:\/\/www.infokuryr.cz\/n\/2025\/12\/22\/ozbrojenci-zabili-devet-lidi-pri-strelbe-v-jihoafricke-hospode\/","title":{"rendered":"Ozbrojenci zabili dev\u011bt lid\u00ed p\u0159i st\u0159elb\u011b v jihoafrick\u00e9 hospod\u011b"},"content":{"rendered":"<div id=\"fb-root\"><\/div>\n<h3>Tucet ozbrojen\u00fdch podez\u0159el\u00fdch post\u0159\u00edlelo hosty v hospod\u011b za Johannesburgem a pot\u00e9 z m\u00edsta \u010dinu uprchlo, uvedla policie<\/h3>\n<p><span dir=\"auto\">Dev\u011bt lid\u00ed bylo zabito a dal\u0161\u00edch deset zran\u011bno p\u0159i st\u0159elb\u011b v licencovan\u00e9 hospod\u011b v obci jihoz\u00e1padn\u011b od Johannesburgu, ozn\u00e1mila m\u00edstn\u00ed policie. \u00da\u0159ady zah\u00e1jily p\u00e1tr\u00e1n\u00ed, podez\u0159el\u00ed jsou st\u00e1le na svobod\u011b.<\/span><\/p>\n<p><span dir=\"auto\">Jihoafrick\u00e1 policejn\u00ed slu\u017eba (SAPS) v ned\u011bln\u00edm prohl\u00e1\u0161en\u00ed uvedla, \u017ee\u00a0<\/span><em><span dir=\"auto\">\u201easi 12 nezn\u00e1m\u00fdch podez\u0159el\u00fdch v b\u00edl\u00e9m<\/span><\/em><span dir=\"auto\">\u00a0[minibusu]\u00a0<\/span><em><span dir=\"auto\">a st\u0159\u00edbrn\u00e9m sedanu zah\u00e1jilo palbu na hosty hospody\u2026 t\u011bsn\u011b p\u0159ed 1:00\u201c.<\/span><\/em><\/p>\n<p><span dir=\"auto\">K incidentu do\u0161lo v nezam\u011bstnanost\u00ed posti\u017een\u00e9 m\u011bste\u010dku Bekkersdal v obci Rand West City.<\/span><\/p>\n<p><span dir=\"auto\">\u00da\u0159aduj\u00edc\u00ed policejn\u00ed komisa\u0159 Gautengu, gener\u00e1lmajor Fred Kekana, m\u00edstn\u00edm m\u00e9di\u00edm \u0159ekl, \u017ee\u00a0<\/span><em><span dir=\"auto\">\u201emotiv zat\u00edm nezn\u00e1me, ale p\u00e1tr\u00e1me po st\u0159\u00edbrn\u00e9 Toyot\u011b Etios a b\u00edl\u00e9 Toyot\u011b Quantum, kter\u00e9 podez\u0159el\u00ed pou\u017e\u00edvali.\u201c<\/span><\/em><\/p>\n<p><span dir=\"auto\">Kekana s odvol\u00e1n\u00edm na o\u010dit\u00e9ho sv\u011bdka sd\u011blil agentu\u0159e SABS News, \u017ee nejm\u00e9n\u011b dev\u011bt podez\u0159el\u00fdch bylo ozbrojeno pistolemi a dal\u0161\u00ed m\u011bl u sebe pu\u0161ku typu AK-47. Pot\u00e9, co zah\u00e1jili masakr, podez\u0159el\u00ed \u00fadajn\u011b prohledali ob\u011bti a sebrali jim\u00a0<\/span><em><span dir=\"auto\">\u201ecennosti, v\u010detn\u011b mobiln\u00edch telefon\u016f\u201c.<\/span><\/em><\/p>\n<p><span dir=\"auto\">Za\u010d\u00e1tkem tohoto m\u011bs\u00edce do\u0161lo v provincii Gauteng k podobn\u00e9 st\u0159elb\u011b, jej\u00edm\u017e c\u00edlem byla neleg\u00e1ln\u00ed taverna, p\u0159i n\u00ed\u017e bylo 12 mrtv\u00fdch, v\u010detn\u011b dvou nezletil\u00fdch, a des\u00edtky host\u016f utrp\u011bly zran\u011bn\u00ed.<\/span><\/p>\n<p><span dir=\"auto\">Tak\u00e9 za\u010d\u00e1tkem prosince byl sv\u011bdek, kter\u00fd byl pod ochranou v r\u00e1mci vysoce postaven\u00e9ho vy\u0161et\u0159ov\u00e1n\u00ed \u00fadajn\u00e9ho policejn\u00edho kryt\u00ed, zast\u0159elen p\u0159ed sv\u00fdm domem nezn\u00e1m\u00fdmi vrahy.<\/span><\/p>\n<p><span dir=\"auto\">Jihoafrick\u00e1 republika v posledn\u00ed dob\u011b zaznamenala prudk\u00fd n\u00e1r\u016fst n\u00e1sil\u00ed a kriminality p\u00e1chan\u00e9 st\u0159eln\u00fdmi zbran\u011bmi. V z\u00e1\u0159\u00ed profesor Eugene Cloete, v\u00fdkonn\u00fd \u0159editel Cape Higher Education Consortium, s odvol\u00e1n\u00edm na statistiky SAPS odhadl, \u017ee ve \u010dtvrt\u00e9m \u010dtvrtlet\u00ed fisk\u00e1ln\u00edho roku 2024\/25 pr\u016fm\u011brn\u00e1 m\u00edra vra\u017ed v Jihoafrick\u00e9 republice p\u0159ekro\u010dila 60 vra\u017ed denn\u011b.<\/span><\/p>\n<p><img decoding=\"async\" loading=\"lazy\" class=\"alignnone size-full wp-image-1185\" src=\"http:\/\/www.infokuryr.cz\/n\/wp-content\/uploads\/2021\/04\/kuryr-podpis.png\" alt=\"\" width=\"84\" height=\"24\" \/><\/p>\n<p>&nbsp;<\/p>\n","protected":false},"excerpt":{"rendered":"<p>Tucet ozbrojen\u00fdch podez\u0159el\u00fdch post\u0159\u00edlelo hosty v hospod\u011b za Johannesburgem a pot\u00e9 z m\u00edsta \u010dinu uprchlo,&#8230;<\/p>\n","protected":false},"author":2,"featured_media":95143,"comment_status":"closed","ping_status":"closed","sticky":false,"template":"","format":"standard","meta":[],"categories":[7],"tags":[900,871,320],"_links":{"self":[{"href":"https:\/\/www.infokuryr.cz\/n\/wp-json\/wp\/v2\/posts\/95142"}],"collection":[{"href":"https:\/\/www.infokuryr.cz\/n\/wp-json\/wp\/v2\/posts"}],"about":[{"href":"https:\/\/www.infokuryr.cz\/n\/wp-json\/wp\/v2\/types\/post"}],"author":[{"embeddable":true,"href":"https:\/\/www.infokuryr.cz\/n\/wp-json\/wp\/v2\/users\/2"}],"replies":[{"embeddable":true,"href":"https:\/\/www.infokuryr.cz\/n\/wp-json\/wp\/v2\/comments?post=95142"}],"version-history":[{"count":0,"href":"https:\/\/www.infokuryr.cz\/n\/wp-json\/wp\/v2\/posts\/95142\/revisions"}],"wp:featuredmedia":[{"embeddable":true,"href":"https:\/\/www.infokuryr.cz\/n\/wp-json\/wp\/v2\/media\/95143"}],"wp:attachment":[{"href":"https:\/\/www.infokuryr.cz\/n\/wp-json\/wp\/v2\/media?parent=95142"}],"wp:term":[{"taxonomy":"category","embeddable":true,"href":"https:\/\/www.infokuryr.cz\/n\/wp-json\/wp\/v2\/categories?post=95142"},{"taxonomy":"post_tag","embeddable":true,"href":"https:\/\/www.infokuryr.cz\/n\/wp-json\/wp\/v2\/tags?post=95142"}],"curies":[{"name":"wp","href":"https:\/\/api.w.org\/{rel}","templated":true}]}}