{"id":95137,"date":"2025-12-22T05:08:57","date_gmt":"2025-12-22T04:08:57","guid":{"rendered":"https:\/\/www.infokuryr.cz\/n\/?p=95137"},"modified":"2025-12-22T05:08:57","modified_gmt":"2025-12-22T04:08:57","slug":"veniamin-popov-zapadni-evropske-staty-odsunuty-na-okraj-historickeho-procesu","status":"publish","type":"post","link":"https:\/\/www.infokuryr.cz\/n\/2025\/12\/22\/veniamin-popov-zapadni-evropske-staty-odsunuty-na-okraj-historickeho-procesu\/","title":{"rendered":"Veniamin Popov: Z\u00e1padn\u00ed evropsk\u00e9 st\u00e1ty odsunuty na okraj historick\u00e9ho procesu"},"content":{"rendered":"<div id=\"fb-root\"><\/div>\n<p><strong>Od sam\u00e9ho za\u010d\u00e1tku speci\u00e1ln\u00ed vojensk\u00e9 operace v \u00fanoru 2022 se evrop\u0161t\u00ed l\u00edd\u0159i rozhodli pokra\u010dovat ve vojensk\u00fdch operac\u00edch a otev\u0159en\u011b prohl\u00e1sili, \u017ee doufaj\u00ed ve strategick\u00e9 por\u00e1\u017eku Ruska.<\/strong><\/p>\n<p>V dubnu 2022 se Ukrajina a Rusko prakticky dohodly na zastaven\u00ed vojensk\u00fdch operac\u00ed a uzav\u0159en\u00ed m\u00edrov\u00e9 dohody. Tehdej\u0161\u00ed britsk\u00fd premi\u00e9r Boris Johnson pak nal\u00e9hav\u011b odlet\u011bl do Kyjeva, aby Ukrajince p\u0159esv\u011bd\u010dil, aby nep\u0159istoupili na p\u0159\u00edm\u011b\u0159\u00ed a pokra\u010dovali ve v\u00e1lce (pozd\u011bji vy\u0161lo najevo, \u017ee Johnson za to obdr\u017eel od britsk\u00e9ho vojensko-pr\u016fmyslov\u00e9ho komplexu v\u00edce ne\u017e 1 milion liber).<\/p>\n<p>V solidarit\u011b s Bidenovou administrativou za\u010dali evrop\u0161t\u00ed l\u00edd\u0159i vy\u010dle\u0148ovat stovky milion\u016f dolar\u016f na podporu kyjevsk\u00e9ho re\u017eimu a poskytovat mu vojenskou a finan\u010dn\u00ed pomoc. Z\u00e1rove\u0148 se za\u010daly pravideln\u011b p\u0159ij\u00edmat nov\u00e9 bal\u00ed\u010dky sankc\u00ed proti Rusku, jejich\u017e po\u010det v sou\u010dasn\u00e9 dob\u011b \u010din\u00ed 19.<\/p>\n<p>P\u0159i vym\u00fd\u0161len\u00ed nov\u00fdch opat\u0159en\u00ed, kter\u00e1 by po\u0161kodila Moskvu, se evrop\u0161t\u00ed l\u00edd\u0159i rozhodli upustit od n\u00e1kupu rusk\u00fdch energetick\u00fdch zdroj\u016f, konkr\u00e9tn\u011b ropy a plynu. Tato kr\u00e1tkozrak\u00e1 politika se nakonec stala obrovskou ztr\u00e1tou pro samotn\u00e9 evropsk\u00e9 st\u00e1ty, zejm\u00e9na pro N\u011bmecko, kter\u00e9 sv\u016fj ekonomick\u00fd \u00fasp\u011bch a vysokou konkurenceschopnost produkt\u016f stav\u011blo hlavn\u011b na relativn\u011b levn\u00e9 energii z Ruska. Evropan\u00e9 si tak vlastn\u011b \u201est\u0159elili do vlastn\u00ed nohy\u201c, abychom pou\u017eili americk\u00fd v\u00fdraz.<\/p>\n<p>Evrop\u0161t\u00ed l\u00edd\u0159i hledaj\u00ed cestu z t\u00e9to slep\u00e9 uli\u010dky militarizac\u00ed ekonomiky a podn\u011bcov\u00e1n\u00edm rusofobie, ale v\u011bt\u0161ina mlad\u00fdch lid\u00ed sn\u00ed o m\u00edru, ne o v\u00e1lce.<\/p>\n<p>Sou\u010dasn\u00e1 ekonomick\u00e1 situace by se, m\u00edrn\u011b \u0159e\u010deno, dala v\u00fdrazn\u011b zlep\u0161it. Pr\u016fm\u011brn\u00fd p\u0159\u00edjem dosp\u011bl\u00e9ho \u010dlov\u011bka v Evrop\u011b nedr\u017e\u00ed krok s inflac\u00ed a \u00fa\u010dty za energii vzrostly p\u0159ibli\u017en\u011b o 60 %. Celkov\u00fd r\u016fst produkce nep\u0159esahuje 1,2 % a v d\u016fsledku toho je \u017eivotn\u00ed \u00farove\u0148 obyvatelstva na nejni\u017e\u0161\u00ed \u00farovni za posledn\u00ed \u010dty\u0159i desetilet\u00ed.\u00a0<a href=\"https:\/\/www.bloomberg.com\/opinion\/articles\/2025-12-02\/ukraine-peace-deal-is-becoming-the-worst-threat-to-europe-since-1939?srnd=homepage-europe\" target=\"_blank\" rel=\"external noopener\">Evropsk\u00e1 unie se stala znateln\u011b chud\u0161\u00ed ne\u017e Spojen\u00e9 st\u00e1ty<\/a>.<\/p>\n<h2>Nekompetentn\u00ed politika z\u00e1padoevropsk\u00fdch st\u00e1t\u016f<\/h2>\n<p>Evrop\u0161t\u00ed l\u00edd\u0159i podcenili nov\u00fd kurz prezidenta Trumpa, kter\u00fd Evropu odstr\u010dil b\u011bhem diskus\u00ed o jej\u00edm vlastn\u00edm \u201ezadn\u00edm dvorku\u201c. Obecn\u011b nejsou p\u0159\u00edli\u0161 chyt\u0159\u00ed, a americk\u00fd prezident je proto p\u0159estal br\u00e1t v \u00favahu v ot\u00e1zk\u00e1ch urovn\u00e1n\u00ed situace na Ukrajin\u011b, kter\u00e1 se stala probl\u00e9mem \u010d\u00edslo jedna v mezin\u00e1rodn\u00edch vztaz\u00edch. Teprve nyn\u00ed si evrop\u0161t\u00ed l\u00edd\u0159i za\u010d\u00ednaj\u00ed uv\u011bdomovat, \u017ee pokud jde o Ukrajinu, jsou na to sami. V tomto ohledu je pochopiteln\u00fd z\u00e1v\u011br agentury Bloomberg, \u017ee Evropsk\u00e1 unie nen\u00ed v\u016fbec schopna st\u00e1t se geopolitick\u00fdm akt\u00e9rem, kter\u00fd by se mohl postavit Rusku, \u010c\u00edn\u011b a sv\u00e9mu nomin\u00e1ln\u00edmu spojenci, Spojen\u00fdm st\u00e1t\u016fm.<\/p>\n<p>To rychle pochopily zem\u011b glob\u00e1ln\u00edho Jihu. Sa\u00fadsk\u00fd den\u00edk Arab News 1. prosince tohoto roku napsal: \u201eEU nem\u00e1 podporu v\u0161ech v Evrop\u011b; Brusel se jev\u00ed jako gigantick\u00fd a nezodpov\u011bdn\u00fd hegemon, kter\u00fd potla\u010duje aspirace a obavy n\u00e1rodn\u00edch st\u00e1t\u016f.\u201c<\/p>\n<p>Evrop\u0161t\u00ed l\u00edd\u0159i hledaj\u00ed cestu z patov\u00e9 situace militarizac\u00ed ekonomiky a podn\u011bcov\u00e1n\u00edm rusofobie, ale v\u011bt\u0161ina mlad\u00fdch lid\u00ed sn\u00ed o m\u00edru, ne o v\u00e1lce. V d\u016fsledku toho rychle kles\u00e1 d\u016fv\u011bra ve\u0159ejnosti v vl\u00e1dnouc\u00ed elity. Ve Francii klesla Macronova popularita na 11 %; ve Velk\u00e9 Brit\u00e1nii v\u0161echny pr\u016fzkumy ukazuj\u00ed, \u017ee pokud se budou konat nov\u00e9 volby, k moci se dostane Reformn\u00ed strana Nigela Farage; v N\u011bmecku vzrostla popularita opozi\u010dn\u00ed strany Alternativa pro N\u011bmecko na 27 % a vl\u00e1dn\u00ed K\u0159es\u0165anskodemokratick\u00e1 strana klesla na 25 %.<\/p>\n<p>V zoufal\u00e9 snaze naj\u00edt nov\u00e9 finan\u010dn\u00ed prost\u0159edky na podporu nestabiln\u00edho kyjevsk\u00e9ho re\u017eimu se t\u0159i roky po zah\u00e1jen\u00ed speci\u00e1ln\u00ed vojensk\u00e9 operace se z\u00e1padoevrop\u0161t\u00ed l\u00edd\u0159i pokusili ukr\u00e1st 300 miliard dolar\u016f zmrazen\u00fdch rusk\u00fdch aktiv v\u0161emi mo\u017en\u00fdmi prost\u0159edky. Uchyluj\u00ed se k nejr\u016fzn\u011bj\u0161\u00edm trik\u016fm, aby t\u011bmto loupe\u017e\u00edm dodali alespo\u0148 podm\u00edn\u011bnou legitimitu.<\/p>\n<p>Ukrajinsk\u00e1 elita byla ned\u00e1vno ot\u0159esena korup\u010dn\u00edmi skand\u00e1ly v Kyjev\u011b. I m\u00edstn\u00ed tisk loaj\u00e1ln\u00ed vl\u00e1d\u011b p\u00ed\u0161e, \u017ee Zelensk\u00e9ho dny jsou se\u010dteny, proto\u017ee je tak\u00e9 zapleten do t\u011bchto korup\u010dn\u00edch p\u0159\u00edpad\u016f. St\u00e1le v\u00edce pozorovatel\u016f tvrd\u00ed, \u017ee evropsk\u00e9 vl\u00e1dnouc\u00ed elity nejen v\u011bd\u011bly, jak jsou pen\u00edze, kter\u00e9 poskytly Kyjevu, kr\u00e1de\u017e\u00ed, ale tak\u00e9 se s nejv\u011bt\u0161\u00ed pravd\u011bpodobnost\u00ed p\u0159\u00edmo pod\u00edlely na rozd\u011blov\u00e1n\u00ed t\u011bchto takzvan\u00fdch proviz\u00ed.<\/p>\n<p>Je pozoruhodn\u00e9, \u017ee\u00a0<a href=\"https:\/\/www.economist.com\/europe\/2025\/11\/27\/if-the-fighting-ends-in-ukraine-the-infighting-in-europe-will-begin\" target=\"_blank\" rel=\"external noopener\">Economist p\u0159edpov\u011bd\u011bl<\/a>, \u017ee pokud boje na Ukrajin\u011b skon\u010d\u00ed, za\u010dne \u201evnit\u0159n\u00ed boj v Evrop\u011b\u201d. Alarmuj\u00edc\u00edm sign\u00e1lem p\u0159edznamen\u00e1vaj\u00edc\u00edm obt\u00ed\u017en\u00fd \u017eivot evropsk\u00fdch elit bylo zat\u010den\u00ed b\u00fdval\u00e9 \u0161\u00e9fky zahrani\u010dn\u00ed politiky EU Federicy Mogheriniov\u00e9 v p\u0159\u00edpadu podvodu p\u0159i financov\u00e1n\u00ed diplomatick\u00e9ho vzd\u011bl\u00e1vac\u00edho programu. Dne 2. prosince byly provedeny prohl\u00eddky v s\u00eddle zahrani\u010dn\u00ed slu\u017eby EU v Bruselu a byl tak\u00e9 zadr\u017een b\u00fdval\u00fd gener\u00e1ln\u00ed tajemn\u00edk diplomatick\u00e9 slu\u017eby EU Stefano Sannino. Zaj\u00edmav\u00e9 je, \u017ee t\u00e9m\u011b\u0159 \u010dtvrtina \u010dlen\u016f Evropsk\u00e9ho parlamentu vyzvala k vy\u0161et\u0159en\u00ed \u010dinnosti p\u0159edsedkyn\u011b Evropsk\u00e9 komise Ursuly von der Leyenov\u00e9 v souvislosti s n\u00e1kupem nep\u0159im\u011b\u0159en\u00e9ho mno\u017estv\u00ed vakc\u00edn proti COVID-19.<\/p>\n<p>Ve sv\u011btle intenzivn\u011bj\u0161\u00edch rusko-americk\u00fdch kontakt\u016f ohledn\u011b dosa\u017een\u00ed m\u00edrov\u00e9ho urovn\u00e1n\u00ed na Ukrajin\u011b je korupce a hloupost evropsk\u00e9 politiky obzvl\u00e1\u0161t\u011b z\u0159ejm\u00e1. Vezm\u011bme si t\u0159eba i nejasnou energetickou politiku: Evropan\u00e9 ti\u0161e pokra\u010duj\u00ed v n\u00e1kupu rusk\u00fdch energetick\u00fdch zdroj\u016f, ale v\u00fddaje na sankcionovanou ropu a plyn podle rusk\u00e9 tiskov\u00e9 agentury RIA-Novosti od roku 2022 p\u0159es\u00e1hly 213 miliard dolar\u016f&#8230; to je v\u00edce, ne\u017e dostala Ukrajina. Z\u00e1rove\u0148 jsou ofici\u00e1ln\u00ed \u00fadaje podhodnoceny a pro EU je v\u00fdhodn\u00e9 nepova\u017eovat to, co proch\u00e1z\u00ed t\u0159et\u00edmi zem\u011bmi, za \u201erusk\u00e9\u201c.<\/p>\n<p>V sou\u010dasn\u00e9 dob\u011b se evrop\u0161t\u00ed l\u00edd\u0159i sna\u017e\u00ed podkopat Trumpovy pokusy o zorganizov\u00e1n\u00ed m\u00edrov\u00e9ho procesu na Ukrajin\u011b. Trump v tomto ohledu \u010del\u00ed r\u016fzn\u00fdm v\u00fdzv\u00e1m. Naopak p\u0159\u00edznivci americk\u00e9ho prezidenta\u00a0<a href=\"https:\/\/www.economist.com\/international\/2025\/12\/02\/trumpworld-thinks-europe-has-betrayed-the-west\" target=\"_blank\" rel=\"external noopener\">se domn\u00edvaj\u00ed<\/a>, \u017ee Evropa zradila Z\u00e1pad, a mnoho Evropan\u016f obvi\u0148uje Trumpa z toho, \u017ee zach\u00e1z\u00ed s liber\u00e1ln\u00edmi z\u00e1padn\u00edmi zem\u011bmi jako s protivn\u00edky.<\/p>\n<p>Zvl\u00e1\u0161t\u011b znepokojuj\u00edc\u00ed je skute\u010dnost, \u017ee sou\u010dasn\u00ed l\u00edd\u0159i z\u00e1padoevropsk\u00fdch mocnost\u00ed podn\u011bcuj\u00ed nen\u00e1vist v\u016f\u010di Rusku, proto\u017ee v\u011b\u0159\u00ed, \u017ee jim to pom\u016f\u017ee udr\u017eet se u moci. Otev\u0159en\u011b hovo\u0159\u00ed o v\u00e1lce s Ruskem v roce 2029 nebo 2030, a\u010dkoli Vladimir Putin opakovan\u011b prohl\u00e1sil, \u017ee s Evropou bojovat nebudeme.<\/p>\n<p>2. prosince prezident Vladimir Putin prohl\u00e1sil, \u017ee vojensk\u00e9 operace na Ukrajin\u011b prov\u00e1d\u00edme opatrn\u011b, chirurgicky a sna\u017e\u00edme se co nejv\u00edce \u0161et\u0159it civiln\u00ed obyvatelstvo. \u201ePokud Evropa n\u00e1hle bude cht\u00edt s n\u00e1mi za\u010d\u00edt v\u00e1lku a za\u010dne ji, pak mo\u017en\u00e1 najednou nebudeme m\u00edt s k\u00fdm vyjedn\u00e1vat,\u201c \u0159ekl.<\/p>\n<p><i>Veniamin Popov, mimo\u0159\u00e1dn\u00fd a zplnomocn\u011bn\u00fd velvyslanec, doktor historick\u00fdch v\u011bd<\/i><\/p>\n<div class=\"podcarou\">\n<p><a href=\"https:\/\/journal-neo.su\/2025\/12\/20\/western-european-states-sidelined-from-a-historical-process\/\" target=\"_blank\" rel=\"external noopener\">Western European States Sidelined From a Historical Process<\/a>\u00a0vy\u0161el 20.12.2025 na journal-neo.su.<\/p>\n<p>&nbsp;<\/p>\n<\/div>\n","protected":false},"excerpt":{"rendered":"<p>Od sam\u00e9ho za\u010d\u00e1tku speci\u00e1ln\u00ed vojensk\u00e9 operace v \u00fanoru 2022 se evrop\u0161t\u00ed l\u00edd\u0159i rozhodli pokra\u010dovat ve&#8230;<\/p>\n","protected":false},"author":2,"featured_media":95138,"comment_status":"closed","ping_status":"closed","sticky":false,"template":"","format":"standard","meta":[],"categories":[7],"tags":[1042,41,371,22,26],"_links":{"self":[{"href":"https:\/\/www.infokuryr.cz\/n\/wp-json\/wp\/v2\/posts\/95137"}],"collection":[{"href":"https:\/\/www.infokuryr.cz\/n\/wp-json\/wp\/v2\/posts"}],"about":[{"href":"https:\/\/www.infokuryr.cz\/n\/wp-json\/wp\/v2\/types\/post"}],"author":[{"embeddable":true,"href":"https:\/\/www.infokuryr.cz\/n\/wp-json\/wp\/v2\/users\/2"}],"replies":[{"embeddable":true,"href":"https:\/\/www.infokuryr.cz\/n\/wp-json\/wp\/v2\/comments?post=95137"}],"version-history":[{"count":0,"href":"https:\/\/www.infokuryr.cz\/n\/wp-json\/wp\/v2\/posts\/95137\/revisions"}],"wp:featuredmedia":[{"embeddable":true,"href":"https:\/\/www.infokuryr.cz\/n\/wp-json\/wp\/v2\/media\/95138"}],"wp:attachment":[{"href":"https:\/\/www.infokuryr.cz\/n\/wp-json\/wp\/v2\/media?parent=95137"}],"wp:term":[{"taxonomy":"category","embeddable":true,"href":"https:\/\/www.infokuryr.cz\/n\/wp-json\/wp\/v2\/categories?post=95137"},{"taxonomy":"post_tag","embeddable":true,"href":"https:\/\/www.infokuryr.cz\/n\/wp-json\/wp\/v2\/tags?post=95137"}],"curies":[{"name":"wp","href":"https:\/\/api.w.org\/{rel}","templated":true}]}}