{"id":95113,"date":"2025-12-22T00:20:28","date_gmt":"2025-12-21T23:20:28","guid":{"rendered":"https:\/\/www.infokuryr.cz\/n\/?p=95113"},"modified":"2025-12-21T12:37:15","modified_gmt":"2025-12-21T11:37:15","slug":"svycarsko-africky-muz-na-uteku-pred-policii-pote-co-vtahl-petiletou-divku-na-toaletu-na-hristi-a-sexualne-ji-napadl-a-to-hned-pote-co-zbil-jeji-69letou-pecovatelku","status":"publish","type":"post","link":"https:\/\/www.infokuryr.cz\/n\/2025\/12\/22\/svycarsko-africky-muz-na-uteku-pred-policii-pote-co-vtahl-petiletou-divku-na-toaletu-na-hristi-a-sexualne-ji-napadl-a-to-hned-pote-co-zbil-jeji-69letou-pecovatelku\/","title":{"rendered":"\u0160v\u00fdcarsko: Africk\u00fd mu\u017e na \u00fat\u011bku p\u0159ed polici\u00ed pot\u00e9, co vt\u00e1hl p\u011btiletou d\u00edvku na toaletu na h\u0159i\u0161ti a sexu\u00e1ln\u011b ji napadl, a to hned pot\u00e9, co zbil jej\u00ed 69letou pe\u010dovatelku"},"content":{"rendered":"<div id=\"fb-root\"><\/div>\n<h3 class=\"s-tagline fw-tagline\"><span dir=\"auto\">Basilej je napjat\u00e1, \u00fadajn\u00fd dravec d\u011bt\u00ed je st\u00e1le na \u00fat\u011bku<\/span><\/h3>\n<p><span dir=\"auto\">P\u011btadvacetilet\u00fd mu\u017e, kter\u00e9ho policie popsala jako \u010dernocha \u201eafrick\u00e9ho typu\u201c, je na \u00fat\u011bku p\u0159ed \u0161v\u00fdcarskou polici\u00ed pot\u00e9, co \u00fadajn\u011b v Basileji ve \u0160v\u00fdcarsku vt\u00e1hl p\u011btilet\u00e9 d\u00edt\u011b do koupelny na h\u0159i\u0161ti a sexu\u00e1ln\u011b ji napadl.<\/span><\/p>\n<p><span dir=\"auto\">T\u011bsn\u011b p\u0159ed sexu\u00e1ln\u00edm napaden\u00edm, ke kter\u00e9mu do\u0161lo v poledne, zbil jej\u00ed 69letou pe\u010dovatelku, uvedla basilejsk\u00e1 st\u00e1tn\u00ed prokuratura. 69let\u00e1 \u017eena byla p\u0159i napaden\u00ed zran\u011bna.<\/span><\/p>\n<p><span dir=\"auto\">Po\u010d\u00e1te\u010dn\u00ed vy\u0161et\u0159ov\u00e1n\u00ed nazna\u010duje, \u017ee d\u00edt\u011b bylo vta\u017eeno do toalety v Oecolampadmatte a uvnit\u0159 s batoletem prov\u00e1d\u011bl sexu\u00e1ln\u00ed praktiky. Mu\u017e uprchl, kdy\u017e se dve\u0159e toalety otev\u0159ely na Colmarerstrasse sm\u011brem na T\u00fcrkheimerstrasse, uv\u00e1d\u00ed\u00a0<\/span><a href=\"https:\/\/www.msn.com\/de-ch\/nachrichten\/other\/polzei-sucht-zeugen-mann-25-missbraucht-m%C3%A4dchen-5-auf-basler-toilette\/ar-AA1SCzS6\"><span dir=\"auto\">MSN Deutschland<\/span><\/a><span dir=\"auto\"> .<\/span><\/p>\n<p><span dir=\"auto\">Na h\u0159i\u0161t\u011b dorazila policie a zdravotnick\u00e9 slo\u017eky, kter\u00e9 o\u0161et\u0159ily dv\u011b zran\u011bn\u00e9 ob\u011bti. Policie po podez\u0159el\u00e9m zah\u00e1jila p\u00e1tr\u00e1n\u00ed, ale nepoda\u0159ilo se j\u00ed ho naj\u00edt.<\/span><\/p>\n<p><span dir=\"auto\">St\u00e1tn\u00ed zastupitelstv\u00ed v Basileji popsalo mu\u017ee jako 25let\u00e9ho, 1,80 centimetru vysok\u00e9ho, s kr\u00e1tk\u00fdmi kudrnat\u00fdmi vlasy a pln\u00fdm kulat\u00fdm obli\u010dejem. M\u011bl na sob\u011b cel\u00e9 \u010dern\u00e9, v\u010detn\u011b klobouku, kalhot, bundy a ko\u0161ile.<\/span><\/p>\n<p><span dir=\"auto\">St\u00e1tn\u00ed z\u00e1stupce uv\u00e1d\u00ed, \u017ee poskytuje minimum informac\u00ed k ochran\u011b dvou ob\u011bt\u00ed v dan\u00e9m p\u0159\u00edpad\u011b.<\/span><\/p>\n<p><span dir=\"auto\">St\u00e1tn\u00ed zastupitelstv\u00ed \u017e\u00e1d\u00e1 sv\u011bdky nebo osoby, kter\u00e9 mohou poskytnout informace k trestn\u00e9mu \u010dinu, aby se obr\u00e1tily na odd\u011blen\u00ed krimin\u00e1ln\u00edho vy\u0161et\u0159ov\u00e1n\u00ed st\u00e1tn\u00edho zastupitelstv\u00ed na telefonn\u00edm \u010d\u00edsle 061 267 71 11 nebo na nejbli\u017e\u0161\u00ed policejn\u00ed stanici.<\/span><\/p>\n<p><span dir=\"auto\">V Evrop\u011b se objevila \u0159ada v\u00fdznamn\u00fdch p\u0159\u00edpad\u016f, kdy cizinci zn\u00e1silnili ob\u011b\u0165 na ve\u0159ejn\u00fdch toalet\u00e1ch, v\u010detn\u011b p\u0159\u00edpadu\u00a0<\/span><a href=\"https:\/\/rmx.news\/article\/sweden-syrian-national-who-raped-12-year-old-girl-in-a-public-toilet-sentenced-to-gender-talks-avoids-deportation-and-jail-time\/\"><span dir=\"auto\">dvan\u00e1ctilet\u00e9 d\u00edvky zn\u00e1siln\u011bn\u00e9 na toalet\u011b ve \u0160v\u00e9dsku<\/span><\/a><span dir=\"auto\">\u00a0a al\u017e\u00edrsk\u00e9ho migranta,\u00a0<\/span><a href=\"https:\/\/rmx.news\/crime\/algerian-migrant-indicted-for-raping-disabled-man-in-public-toilets-of-french-shopping-mall\/\"><span dir=\"auto\">kter\u00fd zn\u00e1silnil posti\u017een\u00e9ho mu\u017ee na toalet\u011b francouzsk\u00e9ho n\u00e1kupn\u00edho centra<\/span><\/a><span dir=\"auto\">\u00a0.<\/span><\/p>\n<p><span dir=\"auto\">Za\u010d\u00e1tkem tohoto roku byl ir\u00e1ck\u00fd mlad\u00edk\u00a0<\/span><a href=\"https:\/\/rmx.news\/article\/iraqi-born-student-convicted-of-raping-classmate-in-swedish-school-toilet-but-avoids-prison\/\"><span dir=\"auto\">usv\u011bd\u010den ze zn\u00e1siln\u011bn\u00ed sedmn\u00e1ctilet\u00e9 \u0161v\u00e9dsk\u00e9 d\u00edvky na \u0161koln\u00ed toalet\u011b.<\/span><\/a><\/p>\n<p><img decoding=\"async\" loading=\"lazy\" class=\"alignnone size-full wp-image-1185\" src=\"http:\/\/www.infokuryr.cz\/n\/wp-content\/uploads\/2021\/04\/kuryr-podpis.png\" alt=\"\" width=\"84\" height=\"24\" \/><\/p>\n<p>&nbsp;<\/p>\n","protected":false},"excerpt":{"rendered":"<p>Basilej je napjat\u00e1, \u00fadajn\u00fd dravec d\u011bt\u00ed je st\u00e1le na \u00fat\u011bku P\u011btadvacetilet\u00fd mu\u017e, kter\u00e9ho policie popsala&#8230;<\/p>\n","protected":false},"author":2,"featured_media":95114,"comment_status":"closed","ping_status":"closed","sticky":false,"template":"","format":"standard","meta":[],"categories":[7],"tags":[551,467,1668],"_links":{"self":[{"href":"https:\/\/www.infokuryr.cz\/n\/wp-json\/wp\/v2\/posts\/95113"}],"collection":[{"href":"https:\/\/www.infokuryr.cz\/n\/wp-json\/wp\/v2\/posts"}],"about":[{"href":"https:\/\/www.infokuryr.cz\/n\/wp-json\/wp\/v2\/types\/post"}],"author":[{"embeddable":true,"href":"https:\/\/www.infokuryr.cz\/n\/wp-json\/wp\/v2\/users\/2"}],"replies":[{"embeddable":true,"href":"https:\/\/www.infokuryr.cz\/n\/wp-json\/wp\/v2\/comments?post=95113"}],"version-history":[{"count":0,"href":"https:\/\/www.infokuryr.cz\/n\/wp-json\/wp\/v2\/posts\/95113\/revisions"}],"wp:featuredmedia":[{"embeddable":true,"href":"https:\/\/www.infokuryr.cz\/n\/wp-json\/wp\/v2\/media\/95114"}],"wp:attachment":[{"href":"https:\/\/www.infokuryr.cz\/n\/wp-json\/wp\/v2\/media?parent=95113"}],"wp:term":[{"taxonomy":"category","embeddable":true,"href":"https:\/\/www.infokuryr.cz\/n\/wp-json\/wp\/v2\/categories?post=95113"},{"taxonomy":"post_tag","embeddable":true,"href":"https:\/\/www.infokuryr.cz\/n\/wp-json\/wp\/v2\/tags?post=95113"}],"curies":[{"name":"wp","href":"https:\/\/api.w.org\/{rel}","templated":true}]}}