{"id":95111,"date":"2025-12-22T00:18:51","date_gmt":"2025-12-21T23:18:51","guid":{"rendered":"https:\/\/www.infokuryr.cz\/n\/?p=95111"},"modified":"2025-12-21T13:18:29","modified_gmt":"2025-12-21T12:18:29","slug":"polsko-se-uchyluje-k-ultrapravici-volici-opousteji-stredopravicovou-establismentovou-stranu","status":"publish","type":"post","link":"https:\/\/www.infokuryr.cz\/n\/2025\/12\/22\/polsko-se-uchyluje-k-ultrapravici-volici-opousteji-stredopravicovou-establismentovou-stranu\/","title":{"rendered":"Polsko se uchyluje k ultrapravici, voli\u010di opou\u0161t\u011bj\u00ed st\u0159edopravicovou establi\u0161mentovou stranu"},"content":{"rendered":"<div id=\"fb-root\"><\/div>\n<h3 class=\"s-tagline fw-tagline\"><span dir=\"auto\">Strana Grzegorze Brauna v p\u0159ekvapiv\u00e9m nov\u00e9m pr\u016fzkumu p\u0159edstihla mainstreamov\u011bj\u0161\u00ed a rozmanit\u011bj\u0161\u00ed pravicovou Konfederaci<\/span><\/h3>\n<p><span dir=\"auto\">V nov\u00e9 anal\u00fdze na webu Onet, kterou cituje\u00a0<\/span><a href=\"https:\/\/dorzeczy.pl\/kraj\/821699\/kto-glosuje-na-brauna-wielkie-zmiany-w-elektoracie-pis.html\"><span dir=\"auto\">Do Rzezcy<\/span><\/a><span dir=\"auto\">\u00a0, strana Pr\u00e1vo a spravedlnost (PiS) zaznamenala nejv\u011bt\u0161\u00ed odliv voli\u010d\u016f od roku 2023, p\u0159i\u010dem\u017e v\u011bt\u0161ina (4,6 procenta) \u0161la ke stran\u011b Grzegorze Brauna, Konfederaci polsk\u00e9 koruny. Dal\u0161\u00ed 4 procenta voli\u010d\u016f volila Konfederaci.<\/span><\/p>\n<p><span dir=\"auto\">\u201ePodle na\u0161\u00ed anal\u00fdzy m\u00e1 sou\u010dasn\u00e1 struktura voli\u010d\u016f strany \u201aKoruna\u2018 t\u00e9m\u011b\u0159 t\u0159ikr\u00e1t v\u00edce b\u00fdval\u00fdch voli\u010d\u016f PiS ne\u017e b\u00fdval\u00fdch voli\u010d\u016f Konfederace. To je d\u00e1no p\u0159edev\u0161\u00edm t\u00edm, \u017ee podpora strany Grzegorze Brauna systematicky roste a nyn\u00ed je t\u00e9m\u011b\u0159 identick\u00e1 s podporou, kter\u00e9 Konfederace dos\u00e1hla ve volb\u00e1ch v roce 2023,\u201c napsal Onet.<\/span><\/p>\n<p><span dir=\"auto\">Pravicov\u00e1 Konfederace m\u00e1 mnohem pest\u0159ej\u0161\u00ed elektor\u00e1t \u2013 t\u0159etinu jej\u00edch voli\u010d\u016f tvo\u0159\u00ed \u201eb\u011b\u017en\u00ed\u201c p\u0159\u00edznivci, kte\u0159\u00ed ji podporovali ji\u017e v roce 2023, dal\u0161\u00edch 30 procent tvo\u0159\u00ed b\u00fdval\u00ed voli\u010di strany PiS a dal\u0161\u00edch 20 procent jsou b\u00fdval\u00ed p\u0159\u00edznivci T\u0159et\u00ed cesty. Krom\u011b toho asi 10 procent tvo\u0159\u00ed lid\u00e9, kte\u0159\u00ed se v p\u0159edchoz\u00edch volb\u00e1ch ne\u00fa\u010dastnili voleb.<\/span><\/p>\n<p><span dir=\"auto\">V posledn\u00edm pr\u016fzkumu OGB strana Grzegorze Brauna p\u0159ekonala Konfederaci s 11 procenty a obsadila t\u0159et\u00ed m\u00edsto. Tento v\u00fdsledek je pro mnoho politick\u00fdch pozorovatel\u016f \u0161okem. Levicov\u00ed a liber\u00e1ln\u00ed koment\u00e1to\u0159i vyj\u00e1d\u0159ili pobou\u0159en\u00ed nad tak vysokou podporou ultrapravicov\u00e9 katolick\u00e9, nacionalistick\u00e9 strany.<\/span><\/p>\n<p><span dir=\"auto\">\u0141ukasz Paw\u0142owski, prezident OGB, se domn\u00edv\u00e1, \u017ee by se to sp\u00ed\u0161e m\u011blo naz\u00fdvat rem\u00edzou ne\u017e \u201esoubojem\u201c mezi ob\u011bma konfederacemi.<\/span><\/p>\n<p><span dir=\"auto\">\u201e1. Braunova strana doh\u00e1n\u00ed Konfederaci ve skupin\u011b 18\u201339 let (Braunova strana z\u00edskala v prezidentsk\u00fdch volb\u00e1ch nejvy\u0161\u0161\u00ed podporu ze v\u0161ech v\u011bkov\u00fdch skupin ve skupin\u011b 30\u201339 let \u2013 10 procent). 2. Braunova strana se vyrovnala podpo\u0159e Konfederace mezi mu\u017ei (!!!). 3. Braunova strana p\u0159edb\u011bhla Konfederaci na venkov\u011b. 4. Braunova strana je nyn\u00ed stranou \u010d\u00edslo 2 mezi voli\u010di, kte\u0159\u00ed se hl\u00e1s\u00ed k pravicov\u00fdm n\u00e1zor\u016fm,\u201c \u0159ekl novin\u00e1m.<\/span><\/p>\n<p><img decoding=\"async\" loading=\"lazy\" class=\"alignnone size-full wp-image-1185\" src=\"http:\/\/www.infokuryr.cz\/n\/wp-content\/uploads\/2021\/04\/kuryr-podpis.png\" alt=\"\" width=\"84\" height=\"24\" \/><\/p>\n<p>&nbsp;<\/p>\n","protected":false},"excerpt":{"rendered":"<p>Strana Grzegorze Brauna v p\u0159ekvapiv\u00e9m nov\u00e9m pr\u016fzkumu p\u0159edstihla mainstreamov\u011bj\u0161\u00ed a rozmanit\u011bj\u0161\u00ed pravicovou Konfederaci V nov\u00e9&#8230;<\/p>\n","protected":false},"author":2,"featured_media":95112,"comment_status":"closed","ping_status":"closed","sticky":false,"template":"","format":"standard","meta":[],"categories":[7],"tags":[31,10292,1758],"_links":{"self":[{"href":"https:\/\/www.infokuryr.cz\/n\/wp-json\/wp\/v2\/posts\/95111"}],"collection":[{"href":"https:\/\/www.infokuryr.cz\/n\/wp-json\/wp\/v2\/posts"}],"about":[{"href":"https:\/\/www.infokuryr.cz\/n\/wp-json\/wp\/v2\/types\/post"}],"author":[{"embeddable":true,"href":"https:\/\/www.infokuryr.cz\/n\/wp-json\/wp\/v2\/users\/2"}],"replies":[{"embeddable":true,"href":"https:\/\/www.infokuryr.cz\/n\/wp-json\/wp\/v2\/comments?post=95111"}],"version-history":[{"count":0,"href":"https:\/\/www.infokuryr.cz\/n\/wp-json\/wp\/v2\/posts\/95111\/revisions"}],"wp:featuredmedia":[{"embeddable":true,"href":"https:\/\/www.infokuryr.cz\/n\/wp-json\/wp\/v2\/media\/95112"}],"wp:attachment":[{"href":"https:\/\/www.infokuryr.cz\/n\/wp-json\/wp\/v2\/media?parent=95111"}],"wp:term":[{"taxonomy":"category","embeddable":true,"href":"https:\/\/www.infokuryr.cz\/n\/wp-json\/wp\/v2\/categories?post=95111"},{"taxonomy":"post_tag","embeddable":true,"href":"https:\/\/www.infokuryr.cz\/n\/wp-json\/wp\/v2\/tags?post=95111"}],"curies":[{"name":"wp","href":"https:\/\/api.w.org\/{rel}","templated":true}]}}