{"id":95110,"date":"2025-12-22T00:18:21","date_gmt":"2025-12-21T23:18:21","guid":{"rendered":"https:\/\/www.infokuryr.cz\/n\/?p=95110"},"modified":"2025-12-21T12:32:05","modified_gmt":"2025-12-21T11:32:05","slug":"nemecka-vlada-signalizuje-narocne-roky-uspornych-opatreni-a-zaroven-utrati-desitky-miliard-na-ukrajinu-a-imigraci","status":"publish","type":"post","link":"https:\/\/www.infokuryr.cz\/n\/2025\/12\/22\/nemecka-vlada-signalizuje-narocne-roky-uspornych-opatreni-a-zaroven-utrati-desitky-miliard-na-ukrajinu-a-imigraci\/","title":{"rendered":"N\u011bmeck\u00e1 vl\u00e1da signalizuje \u201en\u00e1ro\u010dn\u00e9 roky\u201c \u00fasporn\u00fdch opat\u0159en\u00ed a z\u00e1rove\u0148 utrat\u00ed des\u00edtky miliard na Ukrajinu a imigraci"},"content":{"rendered":"<div id=\"fb-root\"><\/div>\n<h3 class=\"s-tagline fw-tagline\"><span dir=\"auto\">&#8222;V\u0161ichni budou m\u00edt pocit, \u017ee \u0161et\u0159\u00edme&#8220;<\/span><\/h3>\n<p><span dir=\"auto\">N\u011bmeck\u00e1 vl\u00e1da signalizuje, \u017ee N\u011bmce \u010dek\u00e1 doba \u00fasporn\u00fdch opat\u0159en\u00ed, p\u0159i\u010dem\u017e n\u011bmeck\u00fd ministr financ\u00ed Lars Klingbeil (SPD) dokonce prohl\u00e1sil, \u017ee by mohly n\u00e1sledovat roky utahov\u00e1n\u00ed opask\u016f.<\/span><\/p>\n<p><span dir=\"auto\">Klingbeil, \u010dlen krajn\u011b levicov\u00e9 SPD, p\u0159ipravuje n\u011bmeckou ve\u0159ejnost na obdob\u00ed finan\u010dn\u00edch pot\u00ed\u017e\u00ed, a to i p\u0159esto, \u017ee zem\u011b vynakl\u00e1d\u00e1 nejm\u00e9n\u011b\u00a0<\/span><a href=\"https:\/\/www.welt.de\/wirtschaft\/article248386590\/Flucht-und-Migration-kosten-dieses-Jahr-fast-50-Milliarden-Euro.html\"><span dir=\"auto\">50 miliard eur ro\u010dn\u011b na migranty<\/span><\/a><span dir=\"auto\">\u00a0, v\u010detn\u011b jejich bydlen\u00ed, vzd\u011bl\u00e1v\u00e1n\u00ed, bezpe\u010dnosti a integrace. Krom\u011b toho ji\u017e des\u00edtky miliard zam\u00ed\u0159ily na Ukrajinu a dal\u0161\u00edch\u00a0<\/span><a href=\"https:\/\/www.tagesschau.de\/ausland\/europa\/eu-ukraine-finanzierung-einigung-100.html\"><span dir=\"auto\">19 miliard eur je pl\u00e1nov\u00e1no p\u0159\u00edmo z N\u011bmecka<\/span><\/a><span dir=\"auto\">\u00a0.<\/span><\/p>\n<p><span dir=\"auto\">V po\u0159adu stanice ZDF \u201eDas Jahr 2025\u201c varoval p\u0159edseda SPD p\u0159ed \u201evelmi n\u00e1ro\u010dn\u00fdmi roky\u201c, kter\u00e9 n\u00e1s \u010dekaj\u00ed, a uvedl, \u017ee ob\u010dan\u00e9 \u201ebudou muset b\u00fdt tak\u00e9 po\u017e\u00e1d\u00e1ni, aby n\u011bco ud\u011blali\u201c.<\/span><\/p>\n<div class=\"twitter-tweet twitter-tweet-rendered\"><iframe id=\"twitter-widget-0\" class=\"\" title=\"X P\u0159\u00edsp\u011bvek\" src=\"https:\/\/platform.twitter.com\/embed\/Tweet.html?creatorScreenName=RMXnews&amp;dnt=false&amp;embedId=twitter-widget-0&amp;features=eyJ0ZndfdGltZWxpbmVfbGlzdCI6eyJidWNrZXQiOltdLCJ2ZXJzaW9uIjpudWxsfSwidGZ3X2ZvbGxvd2VyX2NvdW50X3N1bnNldCI6eyJidWNrZXQiOnRydWUsInZlcnNpb24iOm51bGx9LCJ0ZndfdHdlZXRfZWRpdF9iYWNrZW5kIjp7ImJ1Y2tldCI6Im9uIiwidmVyc2lvbiI6bnVsbH0sInRmd19yZWZzcmNfc2Vzc2lvbiI6eyJidWNrZXQiOiJvbiIsInZlcnNpb24iOm51bGx9LCJ0ZndfZm9zbnJfc29mdF9pbnRlcnZlbnRpb25zX2VuYWJsZWQiOnsiYnVja2V0Ijoib24iLCJ2ZXJzaW9uIjpudWxsfSwidGZ3X21peGVkX21lZGlhXzE1ODk3Ijp7ImJ1Y2tldCI6InRyZWF0bWVudCIsInZlcnNpb24iOm51bGx9LCJ0ZndfZXhwZXJpbWVudHNfY29va2llX2V4cGlyYXRpb24iOnsiYnVja2V0IjoxMjA5NjAwLCJ2ZXJzaW9uIjpudWxsfSwidGZ3X3Nob3dfYmlyZHdhdGNoX3Bpdm90c19lbmFibGVkIjp7ImJ1Y2tldCI6Im9uIiwidmVyc2lvbiI6bnVsbH0sInRmd19kdXBsaWNhdGVfc2NyaWJlc190b19zZXR0aW5ncyI6eyJidWNrZXQiOiJvbiIsInZlcnNpb24iOm51bGx9LCJ0ZndfdXNlX3Byb2ZpbGVfaW1hZ2Vfc2hhcGVfZW5hYmxlZCI6eyJidWNrZXQiOiJvbiIsInZlcnNpb24iOm51bGx9LCJ0ZndfdmlkZW9faGxzX2R5bmFtaWNfbWFuaWZlc3RzXzE1MDgyIjp7ImJ1Y2tldCI6InRydWVfYml0cmF0ZSIsInZlcnNpb24iOm51bGx9LCJ0ZndfbGVnYWN5X3RpbWVsaW5lX3N1bnNldCI6eyJidWNrZXQiOnRydWUsInZlcnNpb24iOm51bGx9LCJ0ZndfdHdlZXRfZWRpdF9mcm9udGVuZCI6eyJidWNrZXQiOiJvbiIsInZlcnNpb24iOm51bGx9fQ%3D%3D&amp;frame=false&amp;hideCard=false&amp;hideThread=false&amp;id=2001634406197592295&amp;lang=cs&amp;origin=https%3A%2F%2Frmx.news%2Farticle%2Fgerman-government-signals-challenging-years-of-austerity-ahead-while-spending-tens-of-billions-on-ukraine-and-immigration%2F&amp;sessionId=69d864b47e037a542cbf4263d76892cfe415dc77&amp;theme=light&amp;widgetsVersion=2615f7e52b7e0%3A1702314776716&amp;width=550px\" frameborder=\"0\" scrolling=\"no\" allowfullscreen=\"allowfullscreen\" data-tweet-id=\"2001634406197592295\" data-mce-fragment=\"1\"><\/iframe><\/div>\n<p><span dir=\"auto\">\u201eV\u0161ichni budou m\u00edt pocit, \u017ee \u0161et\u0159\u00edme,\u201c vysv\u011btlil Klingbeil a zd\u016fraznil nutnost \u0161krt\u016f. Oponoval v\u0161ak tvrzen\u00ed, \u017ee n\u00e1rod \u010del\u00ed fisk\u00e1ln\u00edmu krachu. \u201eNejsme na mizin\u011b. Zem\u011b nen\u00ed na pokraji kolapsu,\u201c prohl\u00e1sil ministr financ\u00ed a odm\u00edtl dojem hroz\u00edc\u00edho finan\u010dn\u00edho krachu.<\/span><\/p>\n<p><span dir=\"auto\">Podle Klingbeila jsou probl\u00e9my zem\u011b sice \u0159e\u0161iteln\u00e9, ale s sebou p\u0159inesou d\u016fsledky. Zd\u016fraznil finan\u010dn\u00ed mezeru ve v\u00fd\u0161i 60 miliard eur jen pro rok 2028, kterou nelze uzav\u0159\u00edt bez z\u00e1va\u017en\u00fdch \u0161krt\u016f, kter\u00fdch si lid\u00e9 v\u0161imnou.<\/span><\/p>\n<p><span dir=\"auto\">Klingbeilovo ozn\u00e1men\u00ed p\u0159ich\u00e1z\u00ed v dob\u011b, kdy se n\u011bmeck\u00e9 obce po cel\u00e9 zemi\u00a0<\/span><a href=\"https:\/\/rmx.news\/article\/almost-every-german-city-is-now-on-the-verge-of-bankruptcy\/\"><span dir=\"auto\">pot\u00e1cej\u00ed na pokraji bankrotu<\/span><\/a><span dir=\"auto\">\u00a0. Mnoho \u00fa\u0159edn\u00edk\u016f si tak\u00e9 st\u011b\u017euje, \u017ee historick\u00fd dluhov\u00fd bal\u00ed\u010dek, kter\u00fd vl\u00e1da schv\u00e1lila v celkov\u00e9 v\u00fd\u0161i 1 bilionu eur, nezapln\u00ed d\u00edry v rozpo\u010dtu.<\/span><\/p>\n<p><span dir=\"auto\">Minul\u00fd m\u011bs\u00edc starosta Essenu Thomas Kufen (CDU), kter\u00fd je z\u00e1rove\u0148 \u010dlenem feder\u00e1ln\u00edho v\u00fdkonn\u00e9ho v\u00fdboru CDU, bijel na poplach slovy: \u201eT\u00e9m\u011b\u0159 ka\u017ed\u00e9 n\u011bmeck\u00e9 m\u011bsto je nyn\u00ed na pokraji bankrotu.\u201c<\/span><\/p>\n<p><span dir=\"auto\">Jen v Severn\u00edm Por\u00fdn\u00ed-Vestf\u00e1lsku m\u016f\u017ee pouze 10 z 396 m\u011bst a obc\u00ed p\u0159edlo\u017eit vyrovnan\u00fd rozpo\u010det a tato alarmuj\u00edc\u00ed \u010d\u00edsla z nejv\u011bt\u0161\u00ed n\u011bmeck\u00e9 spolkov\u00e9 zem\u011b lze podle n\u011bj vzt\u00e1hnout na \u201ecelou zemi\u201c.<\/span><\/p>\n<p><span dir=\"auto\">Starosta Kufen zd\u016fraznil, \u017ee krize je univerz\u00e1ln\u00ed a postihuje obce bez ohledu na jejich um\u00edst\u011bn\u00ed: \u201eNovinka je, \u017ee v\u0161echna m\u011bsta jsou p\u0159itla\u010dena k zemi,\u201c \u0159ekl\u00a0\u00a0<\/span><a href=\"https:\/\/www.bild.de\/politik\/inland\/essen-ob-schlaegt-alarm-fast-jede-deutsche-stadt-vor-der-pleite-691c89a6073d0eb6833e4134\"><span dir=\"auto\">den\u00edku Bild.<\/span><\/a><\/p>\n<p><span dir=\"auto\">Varoval, \u017ee \u201ezmrazen\u00ed rozpo\u010dtu bude nyn\u00ed muset b\u00fdt zavedeno v\u0161ude\u201c, a to i v mnoha m\u011bstech, kter\u00e1 byla d\u0159\u00edve pova\u017eov\u00e1na za bohat\u00e1.<\/span><\/p>\n<p><span dir=\"auto\">A\u010dkoli Klingbeil neposkytl konkr\u00e9tn\u00ed podrobnosti o pl\u00e1novan\u00fdch opat\u0159en\u00edch, ozn\u00e1mil, \u017ee kompletn\u00ed bal\u00ed\u010dek p\u0159edlo\u017e\u00ed pozd\u011bji p\u0159edsedov\u00e9 stran CDU, CSU a SPD. Zd\u016fraznil, \u017ee tato opat\u0159en\u00ed mus\u00ed b\u00fdt navr\u017eena spravedliv\u011b: \u201eC\u00edlem je, aby ka\u017ed\u00fd p\u0159isp\u011bl sv\u00fdm d\u00edlem, a ne jen jedna skupina.\u201c<\/span><\/p>\n<p><span dir=\"auto\">Nejen feder\u00e1ln\u00ed vl\u00e1da, ale i m\u00edstn\u00ed m\u011bsta prov\u00e1d\u011bj\u00ed rozpo\u010dtov\u00e9 \u0161krty a o\u010dek\u00e1v\u00e1 se, \u017ee se budou zhor\u0161ovat, a to v\u0161e p\u0159i sou\u010dasn\u00e9m v\u00fddaj\u00edch m\u011bst jako Berl\u00edn rekordn\u00edch \u010d\u00e1stek na ubytov\u00e1n\u00ed migrant\u016f. Nov\u00e1 zpr\u00e1va ukazuje, \u017ee Berl\u00edn\u00a0<\/span><a href=\"https:\/\/rmx.news\/article\/germany-cost-of-housing-migrants-in-berlin-hits-nearly-e1-billion-in-2024-nearly-triples-in-4-four-years\/\"><span dir=\"auto\">loni utratil t\u00e9m\u011b\u0159 1 miliardu eur<\/span><\/a><span dir=\"auto\"> a z\u00e1rove\u0148 provedl v\u00fdrazn\u00e9 rozpo\u010dtov\u00e9 \u0161krty v oblastech, jako je kultura, vzd\u011bl\u00e1v\u00e1n\u00ed a doprava.<\/span><\/p>\n<p><span dir=\"auto\">Klingbeil v\u0161ak tak\u00e9 vyz\u00fdv\u00e1 svou vlastn\u00ed stranu ke zm\u011bn\u011b. Tvrd\u00ed, \u017ee SPD mus\u00ed b\u00fdt p\u0159ipravena p\u0159ekonat status quo a poznamenal, \u017ee vn\u00edm\u00e1n\u00ed slabosti stran\u011b v posledn\u00ed dob\u011b u\u0161kodilo.<\/span><\/p>\n<p><span dir=\"auto\">\u201eSoci\u00e1ln\u00ed demokracie je \u00fasp\u011b\u0161n\u00e1, kdy\u017e zm\u011bnu vede, a ne jen doprov\u00e1z\u00ed,\u201c prohl\u00e1sil.<\/span><\/p>\n<p><span dir=\"auto\">Ozn\u00e1men\u00e1 \u00fasporn\u00e1 opat\u0159en\u00ed a fisk\u00e1ln\u00ed \u0159\u00edzen\u00ed vl\u00e1dy se setkaly s ostrou kritikou opozice, zejm\u00e9na Alternativy pro N\u011bmecko (AfD).<\/span><\/p>\n<p><span dir=\"auto\">Spolup\u0159edsedkyn\u011b AfD Alice Weidelov\u00e1 ost\u0159e odsoudila postup vl\u00e1dy a fisk\u00e1ln\u00ed politiku koalice charakterizovala jako \u201e\u010derno-rudou dluhovou orgii na \u00fakor budoucnosti N\u011bmecka\u201c.\u00a0<\/span><\/p>\n<p><span dir=\"auto\">Parlamentn\u00ed skupina AfD d\u00e1le ozna\u010dila Klingbeilovy n\u00e1vrhy rozpo\u010dtu za \u201ekatastrof\u00e1ln\u00ed pro N\u011bmecko\u201c s argumentem, \u017ee vl\u00e1dn\u00ed p\u0159\u00edstup klade na ob\u010dany nep\u0159im\u011b\u0159enou z\u00e1t\u011b\u017e a z\u00e1rove\u0148 ne\u0159e\u0161\u00ed struktur\u00e1ln\u00ed probl\u00e9my. Kritici strany opakovan\u011b zd\u016fraz\u0148ovali, \u017ee \u201epen\u00edze se k lidem nedost\u00e1vaj\u00ed\u201c, a varovali p\u0159ed t\u00edm, co pova\u017euj\u00ed za \u0161patn\u00e9 hospoda\u0159en\u00ed s ve\u0159ejn\u00fdmi prost\u0159edky.<\/span><\/p>\n<p><img decoding=\"async\" loading=\"lazy\" class=\"alignnone size-full wp-image-1185\" src=\"http:\/\/www.infokuryr.cz\/n\/wp-content\/uploads\/2021\/04\/kuryr-podpis.png\" alt=\"\" width=\"84\" height=\"24\" \/><\/p>\n<p>&nbsp;<\/p>\n","protected":false},"excerpt":{"rendered":"<p>&#8222;V\u0161ichni budou m\u00edt pocit, \u017ee \u0161et\u0159\u00edme&#8220; N\u011bmeck\u00e1 vl\u00e1da signalizuje, \u017ee N\u011bmce \u010dek\u00e1 doba \u00fasporn\u00fdch opat\u0159en\u00ed,&#8230;<\/p>\n","protected":false},"author":2,"featured_media":37658,"comment_status":"closed","ping_status":"closed","sticky":false,"template":"","format":"standard","meta":[],"categories":[7],"tags":[45,371,84],"_links":{"self":[{"href":"https:\/\/www.infokuryr.cz\/n\/wp-json\/wp\/v2\/posts\/95110"}],"collection":[{"href":"https:\/\/www.infokuryr.cz\/n\/wp-json\/wp\/v2\/posts"}],"about":[{"href":"https:\/\/www.infokuryr.cz\/n\/wp-json\/wp\/v2\/types\/post"}],"author":[{"embeddable":true,"href":"https:\/\/www.infokuryr.cz\/n\/wp-json\/wp\/v2\/users\/2"}],"replies":[{"embeddable":true,"href":"https:\/\/www.infokuryr.cz\/n\/wp-json\/wp\/v2\/comments?post=95110"}],"version-history":[{"count":0,"href":"https:\/\/www.infokuryr.cz\/n\/wp-json\/wp\/v2\/posts\/95110\/revisions"}],"wp:featuredmedia":[{"embeddable":true,"href":"https:\/\/www.infokuryr.cz\/n\/wp-json\/wp\/v2\/media\/37658"}],"wp:attachment":[{"href":"https:\/\/www.infokuryr.cz\/n\/wp-json\/wp\/v2\/media?parent=95110"}],"wp:term":[{"taxonomy":"category","embeddable":true,"href":"https:\/\/www.infokuryr.cz\/n\/wp-json\/wp\/v2\/categories?post=95110"},{"taxonomy":"post_tag","embeddable":true,"href":"https:\/\/www.infokuryr.cz\/n\/wp-json\/wp\/v2\/tags?post=95110"}],"curies":[{"name":"wp","href":"https:\/\/api.w.org\/{rel}","templated":true}]}}