{"id":95108,"date":"2025-12-22T00:17:01","date_gmt":"2025-12-21T23:17:01","guid":{"rendered":"https:\/\/www.infokuryr.cz\/n\/?p=95108"},"modified":"2025-12-21T12:29:35","modified_gmt":"2025-12-21T11:29:35","slug":"paseraci-z-ukrajiny-poslali-do-polska-1-500-tun-nelegalniho-odpadu","status":"publish","type":"post","link":"https:\/\/www.infokuryr.cz\/n\/2025\/12\/22\/paseraci-z-ukrajiny-poslali-do-polska-1-500-tun-nelegalniho-odpadu\/","title":{"rendered":"Pa\u0161er\u00e1ci z Ukrajiny poslali do Polska 1 500 tun neleg\u00e1ln\u00edho odpadu"},"content":{"rendered":"<div id=\"fb-root\"><\/div>\n<h3>Polsko u\u017e vr\u00e1tilo n\u00e1kladn\u00ed vagony<\/h3>\n<p><span dir=\"auto\">\u00da\u0159edn\u00edci N\u00e1rodn\u00ed da\u0148ov\u00e9 spr\u00e1vy (KAS) \u00fasp\u011b\u0161n\u011b zablokovali pokus o pa\u0161ov\u00e1n\u00ed t\u00e9m\u011b\u0159 1 500 tun neleg\u00e1ln\u00edho odpadu z Ukrajiny do Polska. K zadr\u017een\u00ed do\u0161lo na hrani\u010dn\u00edm p\u0159echodu v Dorohusku a pozd\u011bji bylo podrobn\u011b pops\u00e1no v ofici\u00e1ln\u00edm prohl\u00e1\u0161en\u00ed vl\u00e1dy. Tento p\u0159\u00edpad je dal\u0161\u00edm p\u0159\u00edkladem, kdy Ukrajina testuje trp\u011blivost polsk\u00fdch vl\u00e1dn\u00edch org\u00e1n\u016f.<\/span><\/p>\n<p><span dir=\"auto\">B\u011bhem kontroly 35 vag\u00f3n\u016f n\u00e1kladn\u00edho vlaku p\u0159ij\u00ed\u017ed\u011bj\u00edc\u00edho z Ukrajiny zjistili \u00fa\u0159edn\u00edci celn\u00edho a da\u0148ov\u00e9ho \u00fa\u0159adu v Lublinu, \u017ee n\u00e1klad neodpov\u00edd\u00e1 dokumentaci. Zat\u00edmco v celn\u00edch dokladech byl n\u00e1klad ozna\u010den jako \u201eocelov\u00fd \u0161rot \u2013 objemn\u00fd odpad\u201c o hmotnosti t\u00e9m\u011b\u0159 1 500 tun, fyzick\u00e1 prohl\u00eddka odhalila mnohem slo\u017eit\u011bj\u0161\u00ed a neleg\u00e1ln\u00ed sm\u011bs.<\/span><\/p>\n<p><span dir=\"auto\">Podle N\u00e1rodn\u00ed da\u0148ov\u00e9 spr\u00e1vy \u201ene\u0161lo jen o ocelov\u00fd \u0161rot, ale o sm\u011bs r\u016fzn\u00fdch odpad\u016f,\u201c kter\u00e9 obsahovaly \u0159adu net\u0159\u00edd\u011bn\u00fdch materi\u00e1l\u016f, v\u010detn\u011b pou\u017eit\u00fdch automobilov\u00fdch d\u00edl\u016f, mont\u00e1\u017en\u00edch p\u011bn a kabel\u016f a textiln\u00edch materi\u00e1l\u016f a plastov\u00e9ho odpadu.<\/span><\/p>\n<p><span dir=\"auto\">Provin\u010dn\u00ed inspektor\u00e1t ochrany \u017eivotn\u00edho prost\u0159ed\u00ed stanovil, \u017ee n\u00e1klad byl heterogenn\u00ed sm\u011bs\u00ed, \u201eu kter\u00e9 nen\u00ed mo\u017en\u00e9 jasn\u011b stanovit k\u00f3d celn\u00edho sazebn\u00edku\u201c. \u00da\u0159ady d\u00e1le zjistily, \u017ee zam\u00fd\u0161len\u00fd p\u0159\u00edjemce v Polsku nem\u011bl pot\u0159ebn\u00e1 povolen\u00ed ke zpracov\u00e1n\u00ed odpadu pro manipulaci s takov\u00fdmi materi\u00e1ly.<\/span><\/p>\n<p><span dir=\"auto\">Po zji\u0161t\u011bn\u00ed z\u00e1silky Hlavn\u00ed inspektor\u00e1t ochrany \u017eivotn\u00edho prost\u0159ed\u00ed (GIO\u015a) ve Var\u0161av\u011b ofici\u00e1ln\u011b ozna\u010dil z\u00e1silku za neleg\u00e1ln\u00ed. To vedlo vedouc\u00edho Celn\u00edho a da\u0148ov\u00e9ho \u00fa\u0159adu v Lublinu k tomu, aby informoval st\u00e1tn\u00ed zastupitelstv\u00ed o \u201epodez\u0159en\u00ed ze sp\u00e1ch\u00e1n\u00ed trestn\u00e9ho \u010dinu\u201c.<\/span><\/p>\n<p><span dir=\"auto\">Nyn\u00ed byl na p\u0159\u00edkaz polsk\u00e9 prokuratury cel\u00fd 35vag\u00f3nov\u00fd transport odesl\u00e1n zp\u011bt na Ukrajinu. KAS zopakovala sv\u016fj z\u00e1vazek k ochran\u011b \u017eivotn\u00edho prost\u0159ed\u00ed a poznamenala, \u017ee spr\u00e1va \u201emonitoruje p\u0159eshrani\u010dn\u00ed p\u0159epravu odpadu a bojuje proti pokus\u016fm o dovoz neleg\u00e1ln\u00edho odpadu do Polska\u201c s prim\u00e1rn\u00edm c\u00edlem chr\u00e1nit ve\u0159ejnost a \u017eivotn\u00ed prost\u0159ed\u00ed p\u0159ed \u0161kodliv\u00fdmi zne\u010di\u0161\u0165uj\u00edc\u00edmi l\u00e1tkami.<\/span><\/p>\n<p><img decoding=\"async\" loading=\"lazy\" class=\"alignnone size-full wp-image-1185\" src=\"http:\/\/www.infokuryr.cz\/n\/wp-content\/uploads\/2021\/04\/kuryr-podpis.png\" alt=\"\" width=\"84\" height=\"24\" \/><\/p>\n<p>&nbsp;<\/p>\n","protected":false},"excerpt":{"rendered":"<p>Polsko u\u017e vr\u00e1tilo n\u00e1kladn\u00ed vagony \u00da\u0159edn\u00edci N\u00e1rodn\u00ed da\u0148ov\u00e9 spr\u00e1vy (KAS) \u00fasp\u011b\u0161n\u011b zablokovali pokus o pa\u0161ov\u00e1n\u00ed&#8230;<\/p>\n","protected":false},"author":2,"featured_media":95109,"comment_status":"closed","ping_status":"closed","sticky":false,"template":"","format":"standard","meta":[],"categories":[7],"tags":[1469,31,1635],"_links":{"self":[{"href":"https:\/\/www.infokuryr.cz\/n\/wp-json\/wp\/v2\/posts\/95108"}],"collection":[{"href":"https:\/\/www.infokuryr.cz\/n\/wp-json\/wp\/v2\/posts"}],"about":[{"href":"https:\/\/www.infokuryr.cz\/n\/wp-json\/wp\/v2\/types\/post"}],"author":[{"embeddable":true,"href":"https:\/\/www.infokuryr.cz\/n\/wp-json\/wp\/v2\/users\/2"}],"replies":[{"embeddable":true,"href":"https:\/\/www.infokuryr.cz\/n\/wp-json\/wp\/v2\/comments?post=95108"}],"version-history":[{"count":0,"href":"https:\/\/www.infokuryr.cz\/n\/wp-json\/wp\/v2\/posts\/95108\/revisions"}],"wp:featuredmedia":[{"embeddable":true,"href":"https:\/\/www.infokuryr.cz\/n\/wp-json\/wp\/v2\/media\/95109"}],"wp:attachment":[{"href":"https:\/\/www.infokuryr.cz\/n\/wp-json\/wp\/v2\/media?parent=95108"}],"wp:term":[{"taxonomy":"category","embeddable":true,"href":"https:\/\/www.infokuryr.cz\/n\/wp-json\/wp\/v2\/categories?post=95108"},{"taxonomy":"post_tag","embeddable":true,"href":"https:\/\/www.infokuryr.cz\/n\/wp-json\/wp\/v2\/tags?post=95108"}],"curies":[{"name":"wp","href":"https:\/\/api.w.org\/{rel}","templated":true}]}}