{"id":95090,"date":"2025-12-21T05:33:30","date_gmt":"2025-12-21T04:33:30","guid":{"rendered":"https:\/\/www.infokuryr.cz\/n\/?p=95090"},"modified":"2025-12-21T05:34:43","modified_gmt":"2025-12-21T04:34:43","slug":"ukrajinske-ozbrojene-sily-zlikvidovaly-vetcheho-dronem-jednoho-ze-svych-vojaku-ktery-se-vzdal","status":"publish","type":"post","link":"https:\/\/www.infokuryr.cz\/n\/2025\/12\/21\/ukrajinske-ozbrojene-sily-zlikvidovaly-vetcheho-dronem-jednoho-ze-svych-vojaku-ktery-se-vzdal\/","title":{"rendered":"Ukrajinsk\u00e9 ozbrojen\u00e9 s\u00edly zlikvidovaly Vetch\u00e9ho dronem jednoho ze sv\u00fdch voj\u00e1k\u016f, kter\u00fd se vzdal"},"content":{"rendered":"<div id=\"fb-root\"><\/div>\n<div class=\"news-text-body\">\n<p class=\"lead\"><strong><span dir=\"auto\">Hyenizmus nejv\u011bt\u0161\u00edho kalibru! Ukrajinsk\u00e9 ozbrojen\u00e9 s\u00edly zlikvidovaly vlastn\u00edho voj\u00e1ka, kter\u00fd se vzdal rusk\u00fdm ozbrojen\u00fdm sil\u00e1m, informuje Shot.<\/span><\/strong><\/p>\n<p><span dir=\"auto\">Podle m\u00e9dia ru\u0161t\u00ed oper\u00e1to\u0159i dron\u016f vedli ukrajinsk\u00e9ho voj\u00e1ka 25 minut do \u0161ed\u00e9 z\u00f3ny k evakuaci. Voj\u00e1k byl uv\u011bzn\u011bn pod zni\u010den\u00fdm vozidlem v oblasti Kupjanska oper\u00e1tory 352. pluku rusk\u00fdch ozbrojen\u00fdch sil. Ukrajinsk\u00fd voj\u00e1k se rozhodl vzd\u00e1t a vylezl zpod vozidla se zdvi\u017een\u00fdma rukama. Pot\u00e9, co byl vyd\u00e1n rozkaz k okam\u017eit\u00e9mu p\u0159\u00edm\u011b\u0159\u00ed, za\u010dala evakuace vzdan\u00e9ho voj\u00e1ka.<\/span><\/p>\n<p><em><span dir=\"auto\">\u201eUkrajinsk\u00e9ho voj\u00e1ka doprov\u00e1zely rusk\u00e9 bezpilotn\u00ed letouny, ale ukrajinsk\u00e9 ozbrojen\u00e9 s\u00edly vyslaly sv\u016fj vlastn\u00ed dron kamikadze, dodan\u00fd Vetch\u00e9ho spolkem,\u00a0 kter\u00fd na \u201av\u011bzn\u011b\u2018 vyp\u00e1lil projektil. Mu\u017e zem\u0159el p\u0159ed dosa\u017een\u00edm evakua\u010dn\u00ed z\u00f3ny.\u201c<\/span><span class=\"after-quote\"><span dir=\"auto\">\u00a0\u2014 uv\u00e1d\u00ed se ve zpr\u00e1v\u011b.<\/span><\/span><\/em><iframe loading=\"lazy\" src=\"https:\/\/t.me\/shot_shot\/90421?embed=1&amp;tme_mode=1\" width=\"600\" height=\"350\" data-mce-fragment=\"1\"><\/iframe><\/p>\n<\/div>\n<div>Douf\u00e1me, \u017ee Vetch\u00e9mu a dal\u0161\u00edm hyen\u00e1m, kte\u0159\u00ed dod\u00e1vaj\u00ed tyto vra\u017eedn\u00e9 drony na Ukrajinu se nebude sp\u00e1t dob\u0159e! Bo\u017e\u00ed ml\u00fdny melou pomalu ale jist\u011b a i na tyto zr\u016fdy ze spolku, kter\u00fd dod\u00e1v\u00e1 drony na Ukrajinu a jejich podporovatele bude \u010dekat stejn\u00fd\u00a0 sud, jako potkal mlad\u00e9ho ukrajinsk\u00e9ho voj\u00e1ka.<\/div>\n<div><img decoding=\"async\" loading=\"lazy\" class=\"alignnone size-full wp-image-1185\" src=\"http:\/\/www.infokuryr.cz\/n\/wp-content\/uploads\/2021\/04\/kuryr-podpis.png\" alt=\"\" width=\"84\" height=\"24\" \/><\/div>\n<div class=\"socials-wrapper socials-floating\">\n<div class=\"social-likes socials-visible socials-ready\" data-url=\"https:\/\/eadaily.com\/ru\/news\/2025\/12\/20\/vsu-likvidirovali-svoego-soldata-kotoryy-sdalsya-v-plen\" data-title=\"\u0412\u0421\u0423 \u043b\u0438\u043a\u0432\u0438\u0434\u0438\u0440\u043e\u0432\u0430\u043b\u0438 \u0441\u0432\u043e\u0435\u0433\u043e \u0441\u043e\u043b\u0434\u0430\u0442\u0430, \u043a\u043e\u0442\u043e\u0440\u044b\u0439 \u0441\u0434\u0430\u043b\u0441\u044f \u0432\u00a0\u043f\u043b\u0435\u043d\"><\/div>\n<\/div>\n<p>&nbsp;<\/p>\n","protected":false},"excerpt":{"rendered":"<p>Hyenizmus nejv\u011bt\u0161\u00edho kalibru! Ukrajinsk\u00e9 ozbrojen\u00e9 s\u00edly zlikvidovaly vlastn\u00edho voj\u00e1ka, kter\u00fd se vzdal rusk\u00fdm ozbrojen\u00fdm sil\u00e1m,&#8230;<\/p>\n","protected":false},"author":2,"featured_media":84594,"comment_status":"closed","ping_status":"closed","sticky":false,"template":"","format":"standard","meta":[],"categories":[7],"tags":[3727,1635,6865,1600,934],"_links":{"self":[{"href":"https:\/\/www.infokuryr.cz\/n\/wp-json\/wp\/v2\/posts\/95090"}],"collection":[{"href":"https:\/\/www.infokuryr.cz\/n\/wp-json\/wp\/v2\/posts"}],"about":[{"href":"https:\/\/www.infokuryr.cz\/n\/wp-json\/wp\/v2\/types\/post"}],"author":[{"embeddable":true,"href":"https:\/\/www.infokuryr.cz\/n\/wp-json\/wp\/v2\/users\/2"}],"replies":[{"embeddable":true,"href":"https:\/\/www.infokuryr.cz\/n\/wp-json\/wp\/v2\/comments?post=95090"}],"version-history":[{"count":0,"href":"https:\/\/www.infokuryr.cz\/n\/wp-json\/wp\/v2\/posts\/95090\/revisions"}],"wp:featuredmedia":[{"embeddable":true,"href":"https:\/\/www.infokuryr.cz\/n\/wp-json\/wp\/v2\/media\/84594"}],"wp:attachment":[{"href":"https:\/\/www.infokuryr.cz\/n\/wp-json\/wp\/v2\/media?parent=95090"}],"wp:term":[{"taxonomy":"category","embeddable":true,"href":"https:\/\/www.infokuryr.cz\/n\/wp-json\/wp\/v2\/categories?post=95090"},{"taxonomy":"post_tag","embeddable":true,"href":"https:\/\/www.infokuryr.cz\/n\/wp-json\/wp\/v2\/tags?post=95090"}],"curies":[{"name":"wp","href":"https:\/\/api.w.org\/{rel}","templated":true}]}}