{"id":95029,"date":"2025-12-20T05:59:00","date_gmt":"2025-12-20T04:59:00","guid":{"rendered":"https:\/\/www.infokuryr.cz\/n\/?p=95029"},"modified":"2025-12-20T05:59:00","modified_gmt":"2025-12-20T04:59:00","slug":"konfiskace-ruskych-aktiv-spadla-na-summitu-eu-pod-stul-protoze-se-zjistilo","status":"publish","type":"post","link":"https:\/\/www.infokuryr.cz\/n\/2025\/12\/20\/konfiskace-ruskych-aktiv-spadla-na-summitu-eu-pod-stul-protoze-se-zjistilo\/","title":{"rendered":"Konfiskace rusk\u00fdch aktiv spadla na summitu EU pod st\u016fl, proto\u017ee se zjistilo &#8230;"},"content":{"rendered":"<div id=\"fb-root\"><\/div>\n<h4>Konfiskace rusk\u00fdch aktiv spadla na summitu EU pod st\u016fl, proto\u017ee se zjistilo, \u017ee evropsk\u00e9 firmy maj\u00ed v Rusku majetky ve v\u011bt\u0161\u00edm objemu, ne\u017e kolik je zmrazen\u00fdch aktiv v EU! Tak\u017ee do\u0161lo na Pl\u00e1n B a 24 zem\u00ed EU se zav\u00e1zalo, \u017ee si na sebe vezmou p\u016fj\u010dku 90 miliard EUR a po\u0161lou je na Ukrajinu! Andrej Babi\u0161 se p\u0159ipojil k Ficovi a Orb\u00e1novi, tak\u017ee \u010cR se p\u016fj\u010dky \u00fa\u010dastnit nebude!<\/h4>\n<div>\n<p>Evropsk\u00e1 rada se v noci ze \u010dtvrtka na p\u00e1tek v Bruselu zab\u00fdvala v\u00fdvojem v\u00e1lky na Ukrajin\u011b, budouc\u00edm financov\u00e1n\u00edm Ukrajiny, ot\u00e1zkou zmrazen\u00fdch rusk\u00fdch st\u00e1tn\u00edch aktiv a \u0161ir\u0161\u00edmi bezpe\u010dnostn\u00edmi a politick\u00fdmi souvislostmi. V r\u00e1mci jedn\u00e1n\u00ed l\u00edd\u0159i EU p\u0159ijali z\u00e1v\u011bry k Ukrajin\u011b, kter\u00e9 byly podle ofici\u00e1ln\u00edho dokumentu Evropsk\u00e9 rady \u201e<em>pevn\u011b podpo\u0159eny 25 l\u00eddry st\u00e1t\u016f nebo vl\u00e1d<\/em>\u201c.<\/p>\n<p><strong>O\u010dek\u00e1van\u00e1 konfiskace rusk\u00fdch aktiv nakonec spadla pod st\u016fl a v p\u00e1tek nad r\u00e1nem jsme se dozv\u011bd\u011bli, \u017ee EU si nam\u00edsto konfiskace vezme komer\u010dn\u00ed \u00fav\u011br na 90 miliard EUR<\/strong>, kter\u00e9 budou poskytnuty Ukrajin\u011b na n\u00e1kup zbran\u00ed a na zaji\u0161t\u011bn\u00ed chodu st\u00e1t, tedy na v\u00fdplaty st\u00e1tn\u00edch zam\u011bstnanc\u016f, d\u016fchodc\u016f a voj\u00e1k\u016f.<\/p>\n<p>Co je ale zaj\u00edmav\u00e9, tak nakonec vy\u0161lo najevo, co vlastn\u011b vedlo ke krach\u016f pl\u00e1nu na konfiskaci rusk\u00fdch aktiv. Viktor Orb\u00e1n toti\u017e na tiskovce uvedl, \u017ee b\u011bhem no\u010dn\u00edho jedn\u00e1n\u00ed Rady EU se pr\u00fd zjistilo, \u017ee kdosi spo\u010d\u00edtal, \u017ee souhrnn\u00fd objem majetk\u016f evropsk\u00fdch firem v Rusku vysoce p\u0159ekra\u010duje objem rusk\u00fdch zmrazen\u00fdch aktiv v EU, a podle informac\u00ed novin\u00e1\u0159\u016f pr\u00fd a\u017e dvojn\u00e1sobn\u011b.<\/p>\n<p>V \u00fahrnu je v Rusku majetek evropsk\u00fdch firem za zhruba 400 miliard EUR. Pokud by tedy EU ukradla rusk\u00e1 zmrazen\u00e1 aktiva, Rusko by si to kompenzovalo konfiskac\u00ed aktiv evropsk\u00fdch firem v Rusku. Ve v\u00fdsledku by tak EU dokonce v\u00edce ztratila ne\u017e cokoliv z\u00edskala konfiskac\u00ed rusk\u00fdch aktiv.<\/p>\n<h3>Andrej Babi\u0161 se p\u0159ipojil k Ficovi a Orb\u00e1novi<\/h3>\n<p>Evropsk\u00e1 rada se tud\u00ed\u017e rozhodla, \u017ee aktivuje Pl\u00e1n B a \u010dlensk\u00e9 zem\u011b si vezmou \u00fav\u011br ve v\u00fd\u0161i 90 miliard a po\u0161lou ho Ukrajin\u011b na zbran\u011b a chod st\u00e1tu. Jen\u017ee vzhledem k charakteru \u00fav\u011bru, kdy je jasn\u00e9, \u017ee Rusko reparace nikdy platit nebude, proto\u017ee bude v\u00edt\u011bzem v\u00e1lky, to nakonec bude znamenat, \u017ee \u00fav\u011br budou spl\u00e1cet zem\u011b EU. A toho se odm\u00edtly z\u00fa\u010dastnit 3 zem\u011b v Evropsk\u00e9 rad\u011b.<\/p>\n<p><strong>A to Ma\u010farsko, Slovensko a rovn\u011b\u017e \u010cesk\u00fd republika zastoupen\u00e1 na rad\u011b ji\u017e Andrejem Babi\u0161em.<\/strong>\u00a0Naplnila se t\u00edm moje progn\u00f3za, \u017ee Babi\u0161 po n\u00e1stupu do funkce pojede trumpiza\u010dn\u00ed politiku, a tento krok a p\u0159ipojen\u00ed k Orb\u00e1novi a Babi\u0161ovi to potvrdil. Nicm\u00e9n\u011b, v jedn\u00e9 v\u011bci se Babi\u0161 st\u00e1le je\u0161t\u011b projevuje jako mu\u017e sed\u00edc\u00ed na dvou \u017eidl\u00edch, kdy\u017e podpo\u0159il z\u00e1v\u011bre\u010dn\u00e9 komunik\u00e9 Evropsk\u00e9 rady o Ukrajin\u011b, zat\u00edmco Fico s Orb\u00e1nem dokument nepodpo\u0159ili.<\/p>\n<p>D\u016fvodem nepodpo\u0159en\u00ed je v\u00edce v\u011bc\u00ed, ale hlavn\u00edm d\u016fvodem je to, \u017ee dokument nevyz\u00fdv\u00e1 Ukrajinu k ukon\u010den\u00ed v\u00e1lky, naopak j\u00ed slibuje neomezenou podporu. V dokumentu jsou v\u0161ude v\u00fdzvy k Rusku, ale ani jedna v\u00fdzva sm\u011brem k Ukrajin\u011b, aby p\u0159ijala m\u00edrov\u00fd n\u00e1vrh Donalda Trumpa.<\/p>\n<p>Nebo v\u00fdzva, aby do\u0161lo k vy\u0161et\u0159en\u00ed skand\u00e1ln\u00ed korupce odhalen\u00e9 agenturu NABU v r\u00e1mci operace \u201cMidas\u201d a n\u00e1sledn\u00e9 razie s kryc\u00edm n\u00e1zvem \u201cGolden Toilet\u201d motivovan\u00e9 zlatou z\u00e1chodovou m\u00edsou v byt\u011b Tymura Mindi\u010de. Zkr\u00e1tka 3 zem\u011b EU se p\u016fj\u010dky na 90 miliard EUR \u00fa\u010dastnit nebudou, ale zb\u00fdvaj\u00edc\u00edch 24 zem\u00ed EU se slo\u017e\u00ed na dal\u0161\u00ed zlat\u00e9 z\u00e1chody v Kyjev\u011b.\u00a0 N\u00ed\u017ee m\u00e1te citaci komunik\u00e9.<\/p>\n<h3>Pl\u00e1n B spo\u010d\u00edv\u00e1 v p\u016fj\u010dce pro Ukrajinu za 90 miliard EUR<\/h3>\n<p>Slovensko nebude poskytovat dal\u0161\u00ed finan\u010dn\u00ed prost\u0159edky na ukrajinskou arm\u00e1du, proto\u017ee konflikt nelze vy\u0159e\u0161it na boji\u0161ti, uvedl premi\u00e9r Robert Fico. Ten vystoupil pot\u00e9, co se l\u00edd\u0159i EU nedok\u00e1zali dohodnout na pl\u00e1nu vyu\u017eit\u00ed zmrazen\u00fdch rusk\u00fdch aktiv k podpo\u0159e kontroverzn\u00ed p\u016fj\u010dky ve v\u00fd\u0161i 90 miliard eur pro Kyjev. M\u00edsto toho se \u010dlensk\u00e9 st\u00e1ty dohodly na vyd\u00e1n\u00ed spole\u010dn\u00e9ho dluhu \u2013 prost\u0159ednictv\u00edm p\u016fj\u010dky na kapit\u00e1lov\u00fdch trz\u00edch v Lond\u00fdn\u011b \u2013 s c\u00edlem poskytnout Kyjevu kr\u00e1tkodob\u00e9 financov\u00e1n\u00ed.<\/p>\n<p><strong>\u201e<em>Slovensko se nebude pod\u00edlet na \u017e\u00e1dn\u00e9 vojensk\u00e9 p\u016fj\u010dce pro Ukrajinu a odm\u00edt\u00e1me dal\u0161\u00ed financov\u00e1n\u00ed vojensk\u00fdch pot\u0159eb, v\u010detn\u011b financov\u00e1n\u00ed z prost\u0159edk\u016f Slovensk\u00e9 republiky,<\/em>\u201c<\/strong>\u00a0\u0159ekl Fico novin\u00e1\u0159\u016fm v p\u00e1tek. Na summitu EU v Bruselu pat\u0159il belgick\u00fd premi\u00e9r Bart De Wever mezi ty, kte\u0159\u00ed vznesli n\u00e1mitky proti zabaven\u00ed rusk\u00fdch aktiv, a podpo\u0159ili ho italsk\u00e1 Giorgia Meloni, ma\u010farsk\u00fd Viktor Orb\u00e1n, slovensk\u00fd Fico a \u010desk\u00fd Andrej Babi\u0161. Orb\u00e1n, Fico a Babi\u0161 \u00fadajn\u011b navrhli, aby \u010dlensk\u00e9 st\u00e1ty EU m\u00edsto toho poskytly Ukrajin\u011b spole\u010dn\u00fd \u00fav\u011br \u2013 \u010d\u00edm\u017e by sv\u00e9 zem\u011b z pl\u00e1nu vy\u0148ali, ale z\u00e1rove\u0148 se zav\u00e1zali, \u017ee jej nebudou vetovat.<\/p>\n<div class=\"twitter-tweet twitter-tweet-rendered\"><iframe id=\"twitter-widget-0\" class=\"\" title=\"X Post\" src=\"https:\/\/platform.twitter.com\/embed\/Tweet.html?dnt=false&amp;embedId=twitter-widget-0&amp;features=eyJ0ZndfdGltZWxpbmVfbGlzdCI6eyJidWNrZXQiOltdLCJ2ZXJzaW9uIjpudWxsfSwidGZ3X2ZvbGxvd2VyX2NvdW50X3N1bnNldCI6eyJidWNrZXQiOnRydWUsInZlcnNpb24iOm51bGx9LCJ0ZndfdHdlZXRfZWRpdF9iYWNrZW5kIjp7ImJ1Y2tldCI6Im9uIiwidmVyc2lvbiI6bnVsbH0sInRmd19yZWZzcmNfc2Vzc2lvbiI6eyJidWNrZXQiOiJvbiIsInZlcnNpb24iOm51bGx9LCJ0ZndfZm9zbnJfc29mdF9pbnRlcnZlbnRpb25zX2VuYWJsZWQiOnsiYnVja2V0Ijoib24iLCJ2ZXJzaW9uIjpudWxsfSwidGZ3X21peGVkX21lZGlhXzE1ODk3Ijp7ImJ1Y2tldCI6InRyZWF0bWVudCIsInZlcnNpb24iOm51bGx9LCJ0ZndfZXhwZXJpbWVudHNfY29va2llX2V4cGlyYXRpb24iOnsiYnVja2V0IjoxMjA5NjAwLCJ2ZXJzaW9uIjpudWxsfSwidGZ3X3Nob3dfYmlyZHdhdGNoX3Bpdm90c19lbmFibGVkIjp7ImJ1Y2tldCI6Im9uIiwidmVyc2lvbiI6bnVsbH0sInRmd19kdXBsaWNhdGVfc2NyaWJlc190b19zZXR0aW5ncyI6eyJidWNrZXQiOiJvbiIsInZlcnNpb24iOm51bGx9LCJ0ZndfdXNlX3Byb2ZpbGVfaW1hZ2Vfc2hhcGVfZW5hYmxlZCI6eyJidWNrZXQiOiJvbiIsInZlcnNpb24iOm51bGx9LCJ0ZndfdmlkZW9faGxzX2R5bmFtaWNfbWFuaWZlc3RzXzE1MDgyIjp7ImJ1Y2tldCI6InRydWVfYml0cmF0ZSIsInZlcnNpb24iOm51bGx9LCJ0ZndfbGVnYWN5X3RpbWVsaW5lX3N1bnNldCI6eyJidWNrZXQiOnRydWUsInZlcnNpb24iOm51bGx9LCJ0ZndfdHdlZXRfZWRpdF9mcm9udGVuZCI6eyJidWNrZXQiOiJvbiIsInZlcnNpb24iOm51bGx9fQ%3D%3D&amp;frame=false&amp;hideCard=false&amp;hideThread=false&amp;id=2001887881263215098&amp;lang=cs&amp;origin=https%3A%2F%2Faeronet.news%2Fkonfiskace-ruskych-aktiv-spadla-na-summitu-eu-pod-stul-protoze-se-zjistilo-ze-evropske-firmy-maji-v-rusku-majetky-ve-vetsim-objemu-nez-kolik-je-zmrazenych-aktiv-v-eu-takze-doslo-na-plan-b%2F&amp;sessionId=fa7459c24191654f62481650921f9bbc79683d6c&amp;theme=light&amp;widgetsVersion=2615f7e52b7e0%3A1702314776716&amp;width=550px\" frameborder=\"0\" scrolling=\"no\" allowfullscreen=\"allowfullscreen\" data-tweet-id=\"2001887881263215098\" data-mce-fragment=\"1\"><\/iframe><\/div>\n<p>P\u0159edseda Evropsk\u00e9 rady Antonio Costa uvedl, \u017ee blok si vyhrazuje mo\u017enost spl\u00e1cet \u00fav\u011br z v\u00fdnos\u016f spojen\u00fdch se zmrazen\u00fdmi rusk\u00fdmi aktivy. Bez financov\u00e1n\u00ed ze strany EU \u010del\u00ed Ukrajina hroz\u00edc\u00ed hospod\u00e1\u0159sk\u00e9 krizi. Podle odhad\u016f pot\u0159ebuje Kyjev 72 miliard eur, aby splatil ji\u017e existuj\u00edc\u00ed \u00fav\u011br od G7 z roku 2022 a udr\u017eel se finan\u010dn\u011b nad vodou. Fico, dlouholet\u00fd odp\u016frce vojensk\u00e9 pomoci EU pro Kyjev, d\u0159\u00edve ozna\u010dil Ukrajinu za \u201e\u010dernou d\u00edru\u201d korupce, kter\u00e1 pohltila miliardy eur z rozpo\u010dtu unie.<\/p>\n<p>EU se ale i bez 3 \u010dlen\u016f v\u00fdm\u011bnou za to, \u017ee se nebudou na p\u016fj\u010dce pod\u00edlet, mohla posunout a schv\u00e1lit \u00fav\u011br a n\u00e1sledn\u011b bylo p\u0159ijato komunik\u00e9.\u00a0<strong>Z\u00e1v\u011bry komunik\u00e9 byly zve\u0159ejn\u011bny [<a href=\"https:\/\/href.li\/?https:\/\/www.consilium.europa.eu\/cs\/press\/press-releases\/2025\/12\/19\/european-council-18-december-2025-ukraine\/\" target=\"_blank\" rel=\"nofollow noopener\">1<\/a>] jako samostatn\u00e1 \u010d\u00e1st dokumentu Evropsk\u00e9 rady ozna\u010den\u00e1 EUCO 26\/25 \u2013 Ukrajina.<\/strong>\u00a0N\u00ed\u017ee je uvedeno cel\u00e9 ve\u0159ejn\u011b dostupn\u00e9 zn\u011bn\u00ed tohoto komunik\u00e9 v \u010desk\u00e9m p\u0159ekladu, n\u00e1sledovan\u00e9 zpravodajsk\u00fdm shrnut\u00edm \u0161ir\u0161\u00edch z\u00e1v\u011br\u016f summitu.<\/p>\n<h3>Z\u00e1v\u011bre\u010dn\u00e9 komunik\u00e9 Evropsk\u00e9 rady k Ukrajin\u011b (EUCO 26\/25 \u2013 zestru\u010dn\u011bn\u00fd \u010desk\u00fd p\u0159eklad)<\/h3>\n<p><strong>Ukrajina<\/strong><\/p>\n<p>Evropsk\u00e1 rada jednala o nejnov\u011bj\u0161\u00edm v\u00fdvoji t\u00fdkaj\u00edc\u00edm se Ukrajiny. Text uveden\u00fd v tomto dokumentu byl pevn\u011b podpo\u0159en 25 hlavami st\u00e1t\u016f nebo vl\u00e1d.<\/p>\n<p>Evropsk\u00e1 rada znovu potvrzuje svou trvalou a neochv\u011bjnou podporu nez\u00e1vislosti, svrchovanosti a \u00fazemn\u00ed celistvosti Ukrajiny v jej\u00edch mezin\u00e1rodn\u011b uznan\u00fdch hranic\u00edch. Oce\u0148uje odolnost a odhodl\u00e1n\u00ed ukrajinsk\u00e9ho lidu a jeho politick\u00e9ho veden\u00ed.<\/p>\n<p>Evropsk\u00e1 unie bude i nad\u00e1le poskytovat Ukrajin\u011b a jej\u00edmu obyvatelstvu komplexn\u00ed politickou, finan\u010dn\u00ed, hospod\u00e1\u0159skou, humanit\u00e1rn\u00ed, vojenskou a diplomatickou podporu, a to v \u00fazk\u00e9 koordinaci s partnery a spojenci.<\/p>\n<p>Evropsk\u00e1 rada znovu potvrzuje podporu evropsk\u00e9 perspektiv\u011b Ukrajiny. Evropsk\u00e1 unie bude pokra\u010dovat ve spolupr\u00e1ci s Ukrajinou a podporovat jej\u00ed reformn\u00ed \u00fasil\u00ed v souladu se z\u00e1sluhov\u00fdm p\u0159\u00edstupem a p\u0159i pln\u00e9m respektov\u00e1n\u00ed stanoven\u00fdch podm\u00ednek.<\/p>\n<p>Evropsk\u00e1 unie podporuje komplexn\u00ed, spravedliv\u00fd a trval\u00fd m\u00edr zalo\u017een\u00fd na z\u00e1sad\u00e1ch Charty Organizace spojen\u00fdch n\u00e1rod\u016f a mezin\u00e1rodn\u00edho pr\u00e1va. Evropsk\u00e1 rada p\u0159ipom\u00edn\u00e1 sv\u00e9 d\u0159\u00edve p\u0159ijat\u00e9 principy a v\u00edt\u00e1 prob\u00edhaj\u00edc\u00ed diplomatick\u00e9 iniciativy sm\u011b\u0159uj\u00edc\u00ed k ukon\u010den\u00ed v\u00e1lky.<\/p>\n<p><strong>Evropsk\u00e1 rada nal\u00e9hav\u011b vyz\u00fdv\u00e1 Rusko, aby souhlasilo s \u00fapln\u00fdm, bezpodm\u00edne\u010dn\u00fdm a okam\u017eit\u00fdm p\u0159\u00edm\u011b\u0159\u00edm a vstoupilo do smyslupln\u00fdch jedn\u00e1n\u00ed. Cesta k m\u00edru nem\u016f\u017ee b\u00fdt ur\u010dov\u00e1na bez Ukrajiny.<\/strong><\/p>\n<p>Evropsk\u00e1 unie a \u010dlensk\u00e9 st\u00e1ty jsou p\u0159ipraveny p\u0159isp\u00edvat k v\u011brohodn\u00fdm a robustn\u00edm bezpe\u010dnostn\u00edm z\u00e1ruk\u00e1m pro Ukrajinu, a to v koordinaci s partnery, v\u010detn\u011b Spojen\u00fdch st\u00e1t\u016f, p\u0159i pln\u00e9m respektov\u00e1n\u00ed specifik bezpe\u010dnostn\u00ed a obrann\u00e9 politiky jednotliv\u00fdch \u010dlensk\u00fdch st\u00e1t\u016f.<\/p>\n<p>Evropsk\u00e1 rada uzn\u00e1v\u00e1 nal\u00e9hav\u00e9 finan\u010dn\u00ed pot\u0159eby Ukrajiny v letech 2026\u20132027 a podporuje poskytnut\u00ed \u00fav\u011bru ve v\u00fd\u0161i 90 miliard EUR na toto obdob\u00ed, kryt\u00e9ho rozpo\u010dtem Evropsk\u00e9 unie. Splacen\u00ed \u00fav\u011bru m\u00e1 b\u00fdt v\u00e1z\u00e1no na budouc\u00ed reparace.<\/p>\n<p>Rusk\u00e1 st\u00e1tn\u00ed aktiva z\u016fst\u00e1vaj\u00ed imobilizov\u00e1na, dokud Rusko neukon\u010d\u00ed svou \u00fato\u010dnou v\u00e1lku proti Ukrajin\u011b a nenahrad\u00ed zp\u016fsoben\u00e9 \u0161kody. Evropsk\u00e1 rada vyz\u00fdv\u00e1 k pokra\u010dov\u00e1n\u00ed prac\u00ed na pr\u00e1vn\u00edch a technick\u00fdch n\u00e1stroj\u00edch, kter\u00e9 by umo\u017enily vyu\u017eit\u00ed v\u00fdnos\u016f nebo pen\u011b\u017en\u00edch tok\u016f spojen\u00fdch s t\u011bmito imobilizovan\u00fdmi aktivy v souladu s pr\u00e1vem EU a mezin\u00e1rodn\u00edm pr\u00e1vem.<\/p>\n<p>Evropsk\u00e1 rada vyz\u00fdv\u00e1 \u010dlensk\u00e9 st\u00e1ty k dal\u0161\u00edmu zvy\u0161ov\u00e1n\u00ed \u00fasil\u00ed p\u0159i uspokojov\u00e1n\u00ed nal\u00e9hav\u00fdch vojensk\u00fdch a obrann\u00fdch pot\u0159eb Ukrajiny, zejm\u00e9na v oblasti protivzdu\u0161n\u00e9 obrany, munice a podpory ukrajinsk\u00e9ho obrann\u00e9ho pr\u016fmyslu.<\/p>\n<p>Evropsk\u00e1 unie je odhodl\u00e1na zachovat a v p\u0159\u00edpad\u011b pot\u0159eby pos\u00edlit tlak na Rusko, v\u010detn\u011b prost\u0159ednictv\u00edm sankc\u00ed a \u00fazk\u00e9 spolupr\u00e1ce se skupinou G7, a pokra\u010dovat v opat\u0159en\u00edch proti obch\u00e1zen\u00ed sankc\u00ed.<\/p>\n<p>Evropsk\u00e1 rada odsuzuje \u00fatoky na civiln\u00ed obyvatelstvo a infrastrukturu a potvrzuje pokra\u010duj\u00edc\u00ed humanit\u00e1rn\u00ed a civiln\u00ed podporu Ukrajin\u011b. Z\u00e1rove\u0148 zd\u016fraz\u0148uje nutnost bezpe\u010dn\u00e9ho a bezpodm\u00edne\u010dn\u00e9ho n\u00e1vratu nez\u00e1konn\u011b deportovan\u00fdch ukrajinsk\u00fdch d\u011bt\u00ed a dal\u0161\u00edch civilist\u016f.<\/p>\n<p>Evropsk\u00e1 unie podporuje odpov\u011bdnost za v\u00e1le\u010dn\u00e9 zlo\u010diny a dal\u0161\u00ed z\u00e1va\u017en\u00e9 trestn\u00e9 \u010diny a pokra\u010duje v pr\u00e1ci na mezin\u00e1rodn\u00edch mechanismech odpov\u011bdnosti, v\u010detn\u011b zvl\u00e1\u0161tn\u00edho tribun\u00e1lu pro zlo\u010din agrese proti Ukrajin\u011b.<\/p>\n<p>\u2013<em>EU<\/em>\u2013<\/p>\n<h3>Nejv\u011bt\u0161\u00edm pora\u017een\u00edm je n\u011bmeck\u00fd kancl\u00e9\u0159, kter\u00fd na konfiskaci rusk\u00fdch aktiv zalo\u017eil kampa\u0148 v n\u011bmeck\u00fdch m\u00e9di\u00edch<\/h3>\n<p>Odhodl\u00e1n\u00ed EU d\u00e1le financovat kyjevskou arm\u00e1du a podporovat jej\u00ed hrout\u00edc\u00ed se ekonomiku bylo prezentov\u00e1no jako jak\u00e9si v\u00edt\u011bzstv\u00ed. \u201e<em>Evropa splnila sv\u016fj slib<\/em>,\u201c prohl\u00e1sil n\u011bmeck\u00fd kancl\u00e9\u0159 Friedrich Merz p\u0159i oslav\u011b nov\u00e9 finan\u010dn\u00ed pomoci pro Kyjev.<\/p>\n<p>Neschopnost bloku podpo\u0159it neleg\u00e1ln\u00ed a bezohledn\u00fd pl\u00e1n p\u0159edsedkyn\u011b Evropsk\u00e9 komise Ursuly von der Leyenov\u00e9 ukr\u00e1st zmrazen\u00e9 aktiva rusk\u00e9 centr\u00e1ln\u00ed banky pro kyjevskou arm\u00e1du, stejn\u011b jako neschopnost schv\u00e1lit po 20 letech dohodu s Mercosurem, je \u0161iroce vn\u00edm\u00e1na jako katastrofa jak pro Merze, tak pro jeho n\u011bmeck\u00e9ho kolegu, kte\u0159\u00ed po tomto debaklu budou \u010delit obvin\u011bn\u00edm z p\u0159ekro\u010den\u00ed pravomoc\u00ed ze strany cel\u00e9ho bloku.<\/p>\n<div class=\"twitter-tweet twitter-tweet-rendered\"><a href=\"https:\/\/x.com\/LucindaRhysEvan\/status\/2001866573737492497?ref_src=twsrc%5Etfw%7Ctwcamp%5Etweetembed%7Ctwterm%5E2001866573737492497%7Ctwgr%5Efa7459c24191654f62481650921f9bbc79683d6c%7Ctwcon%5Es1_&amp;ref_url=https%3A%2F%2Faeronet.news%2Fkonfiskace-ruskych-aktiv-spadla-na-summitu-eu-pod-stul-protoze-se-zjistilo-ze-evropske-firmy-maji-v-rusku-majetky-ve-vetsim-objemu-nez-kolik-je-zmrazenych-aktiv-v-eu-takze-doslo-na-plan-b%2F\"><img decoding=\"async\" loading=\"lazy\" class=\"wp-image-95032 aligncenter\" src=\"http:\/\/www.infokuryr.cz\/n\/wp-content\/uploads\/2025\/12\/x2-6-253x300.jpg\" alt=\"\" width=\"596\" height=\"707\" srcset=\"https:\/\/www.infokuryr.cz\/n\/wp-content\/uploads\/2025\/12\/x2-6-253x300.jpg 253w, https:\/\/www.infokuryr.cz\/n\/wp-content\/uploads\/2025\/12\/x2-6.jpg 686w\" sizes=\"(max-width: 596px) 100vw, 596px\" \/><\/a><\/div>\n<p>Teoreticky by Ukrajina m\u011bla \u00fav\u011br splatit, ale pravd\u011bpodobnost toho je obecn\u011b pova\u017eov\u00e1na za mizivou. Proto ma\u010farsk\u00fd premi\u00e9r Viktor Orb\u00e1n tento \u00fav\u011br ozna\u010dil za \u201e<em>ztr\u00e1tu, nikoli \u00fav\u011br<\/em>\u201c. Ale tuto ztr\u00e1tu neponesou dr\u017eitel\u00e9 dluhopis\u016f.\u00a0<strong>Proto\u017ee \u00fav\u011br je kryt\u00fd rozpo\u010dtem EU, i kdy\u017e Ukrajina pen\u00edze nevyplat\u00ed, blok je st\u00e1le zav\u00e1z\u00e1n spl\u00e1cet jistinu i \u00faroky z budouc\u00edch zdroj\u016f rozpo\u010dtu EU.<\/strong>\u00a0D\u016fle\u017eit\u00e9 je, \u017ee pokud bude rozpo\u010det EU v dan\u00e9m roce nedostate\u010dn\u00fd, \u010dlensk\u00e9 st\u00e1ty budou muset zv\u00fd\u0161it p\u0159\u00edsp\u011bvky, p\u0159erozd\u011blit v\u00fddaje nebo refinancovat st\u00e1vaj\u00edc\u00ed dluh. V\u0161echny tyto mo\u017enosti maj\u00ed svou cenu.<\/p>\n<h3>Da\u0148ov\u00e9 ove\u010dky 24 zem\u00ed EU vyjde pomoc \u201cGolde Toilet\u201d za 90 miliard EUR hodn\u011b draho<\/h3>\n<p>Kone\u010dn\u00fdm dlu\u017en\u00edkem je zde evropsk\u00fd da\u0148ov\u00fd poplatn\u00edk, jakkoli je tato skute\u010dnost zast\u00edn\u011bna. Je d\u016fle\u017eit\u00e9 si uv\u011bdomit, \u017ee se nejedn\u00e1 o spole\u010dn\u011b garantovan\u00e9 eurobondy s v\u00fdslovn\u00fdmi n\u00e1rodn\u00edmi z\u00e1rukami, ale sp\u00ed\u0161e o rozpo\u010dtov\u00fd z\u00e1vazek. \u00dav\u011br pro Kyjev \u010din\u00ed 90 miliard eur, ale je zde jedna nuance. EU t\u00edmto krokem utrp\u00ed obrovskou ztr\u00e1tu.<\/p>\n<p>Negativn\u00ed\u00a0<em>carry<\/em>\u00a0znamen\u00e1 p\u016fj\u010dovat si za jednu sazbu a p\u016fj\u010dovat d\u00e1le za sazbu ni\u017e\u0161\u00ed (<em>pozitivn\u00ed carry je p\u0159esn\u00fd opak \u2013 kdy\u017e si p\u016fj\u010dujete levn\u011b a n\u00e1sledn\u011b p\u016fj\u010dujete n\u011bkomu d\u00e1l za vy\u0161\u0161\u00ed sazbu<\/em>). Za p\u0159edpokladu p\u0159ijateln\u00e9ho slo\u017een\u00ed emis\u00ed v r\u00e1mci v\u00fdnosov\u00e9 k\u0159ivky by v\u00e1\u017een\u00fd pr\u016fm\u011brn\u00fd kup\u00f3nov\u00fd v\u00fdnos vypl\u00e1cen\u00fd investor\u016fm mohl dos\u00e1hnout p\u0159ibli\u017en\u011b 2,8 % (po\u010d\u00e1te\u010dn\u00ed emise \u2013 plus minus).<a href=\"https:\/\/x.com\/kadmitriev\/status\/1990442646511165644?ref_src=twsrc%5Etfw%7Ctwcamp%5Etweetembed%7Ctwterm%5E1990442646511165644%7Ctwgr%5Efa7459c24191654f62481650921f9bbc79683d6c%7Ctwcon%5Es1_&amp;ref_url=https%3A%2F%2Faeronet.news%2Fkonfiskace-ruskych-aktiv-spadla-na-summitu-eu-pod-stul-protoze-se-zjistilo-ze-evropske-firmy-maji-v-rusku-majetky-ve-vetsim-objemu-nez-kolik-je-zmrazenych-aktiv-v-eu-takze-doslo-na-plan-b%2F\"><img decoding=\"async\" loading=\"lazy\" class=\"wp-image-95031 aligncenter\" src=\"http:\/\/www.infokuryr.cz\/n\/wp-content\/uploads\/2025\/12\/x3-2-228x300.jpg\" alt=\"\" width=\"619\" height=\"814\" srcset=\"https:\/\/www.infokuryr.cz\/n\/wp-content\/uploads\/2025\/12\/x3-2-228x300.jpg 228w, https:\/\/www.infokuryr.cz\/n\/wp-content\/uploads\/2025\/12\/x3-2.jpg 674w\" sizes=\"(max-width: 619px) 100vw, 619px\" \/><\/a><\/p>\n<p>To znamen\u00e1 negativn\u00ed\u00a0<em>carry<\/em>\u00a0ve v\u00fd\u0161i p\u0159ibli\u017en\u011b 2,5 miliardy EUR ro\u010dn\u011b. Schv\u00e1len\u00fd ro\u010dn\u00ed rozpo\u010det EU na rok 2026 \u010din\u00ed p\u0159ibli\u017en\u011b 193 miliard EUR, tak\u017ee samotn\u00e9 negativn\u00ed<em>\u00a0carry<\/em>\u00a0p\u0159edstavuje asi 1,3 % ro\u010dn\u00edho rozpo\u010dtu EU. Je to hodn\u011b? Ano i ne. Nen\u00ed to destabilizuj\u00edc\u00ed \u010d\u00e1stka, vzhledem k tomu, \u017ee je rozlo\u017eena mezi mnoho zem\u00ed, ale je to skute\u010dn\u00e1 hromada pen\u011bz.\u00a0<strong>Je\u0161t\u011b d\u016fle\u017eit\u011bj\u0161\u00ed je, \u017ee nejde pouze o jednor\u00e1zov\u00fd stimul, ale o trval\u00fd fisk\u00e1ln\u00ed z\u00e1vazek pro blok, jeho\u017e fisk\u00e1ln\u00ed situace se ji\u017e zhor\u0161uje.<\/strong>\u00a0Ofici\u00e1ln\u00ed rozpo\u010det Ukrajiny na p\u0159\u00ed\u0161t\u00ed rok po\u010d\u00edt\u00e1 s deficitem ve v\u00fd\u0161i 42 miliard dolar\u016f.<\/p>\n<h3>Vzhledem k tomu, \u017ee Ukrajina je bezedn\u00e1 d\u00edra, bude Kyjev bez pen\u011bz znovu u\u017e koncem p\u0159\u00ed\u0161t\u00edho roku<\/h3>\n<p>Obecn\u011b se v\u0161ak m\u00e1 za to, \u017ee se jedn\u00e1 o v\u00fdrazn\u00e9 podhodnocen\u00ed schodku, proto\u017ee nezahrnuje zna\u010dnou \u010d\u00e1st dodate\u010dn\u00fdch vojensk\u00fdch v\u00fddaj\u016f. Zat\u00edmco na vojensk\u00e9 v\u00fddaje je na p\u0159\u00ed\u0161t\u00ed rok vy\u010dlen\u011bno 66 miliard dolar\u016f, ukrajinsk\u00e9 ministerstvo obrany tvrd\u00ed, \u017ee bude zapot\u0159eb\u00ed nejm\u00e9n\u011b 120 miliard dolar\u016f. Podle odhad\u016f EU pot\u0159ebuje Ukrajina v letech 2026\u20132027 celkem 160 miliard dolar\u016f v podob\u011b dodate\u010dn\u00e9 finan\u010dn\u00ed a vojensk\u00e9 podpory.<\/p>\n<figure id=\"attachment_57049\" class=\"wp-caption aligncenter\" style=\"width: 692px;\"><a href=\"https:\/\/aeronet.news\/wp-content\/uploads\/ZelenskyZebradlo.jpg\"><img decoding=\"async\" loading=\"lazy\" class=\"wp-image-57049 \" src=\"https:\/\/aeronet.news\/wp-content\/uploads\/ZelenskyZebradlo-1024x756.jpg\" sizes=\"(max-width: 700px) 100vw, 700px\" srcset=\"https:\/\/aeronet.news\/wp-content\/uploads\/ZelenskyZebradlo-1024x756.jpg 1024w, https:\/\/aeronet.news\/wp-content\/uploads\/ZelenskyZebradlo-300x222.jpg 300w, https:\/\/aeronet.news\/wp-content\/uploads\/ZelenskyZebradlo-768x567.jpg 768w, https:\/\/aeronet.news\/wp-content\/uploads\/ZelenskyZebradlo-700x517.jpg 700w, https:\/\/aeronet.news\/wp-content\/uploads\/ZelenskyZebradlo-484x357.jpg 484w, https:\/\/aeronet.news\/wp-content\/uploads\/ZelenskyZebradlo-654x483.jpg 654w, https:\/\/aeronet.news\/wp-content\/uploads\/ZelenskyZebradlo.jpg 1200w\" alt=\"\" width=\"692\" height=\"511\" \/><\/a><figcaption class=\"wp-caption-text\">\u0147ucha\u010d \u017debra\u010denko m\u016f\u017ee slavit. Dostane nasyp\u00e1no od EU dal\u0161\u00edch 90 miliard EUR<\/figcaption><\/figure>\n<p>Pokud by se \u017e\u00e1dn\u00e1 dodate\u010dn\u00e1 pomoc neposkytla, blok odhaduje, \u017ee Kyjevu dojde hotovost v polovin\u011b roku 2026. \u00dav\u011br schv\u00e1len\u00fd tento t\u00fdden Ukrajin\u011b na chv\u00edli pom\u016f\u017ee na odvr\u00e1cen\u00ed bezprost\u0159edn\u00ed krize v roce 2026.<\/p>\n<p><strong>Pokud v\u0161ak konflikt bude pokra\u010dovat, pokladna Kyjeva bude do konce roku 2026 nebo po\u010d\u00e1tkem roku 2027 t\u00e9m\u011b\u0159 pr\u00e1zdn\u00e1<\/strong>. Tak\u017ee za rok budeme op\u011bt tam, kde jsme dnes. Znovu se budou hledat pen\u00edze pro Ukrajinu. Dokonce by proto bylo lep\u0161\u00ed, kdyby Ukrajina zbankrotovala. V\u0161echny by to toti\u017e vy\u0161lo levn\u011bji. A hlavn\u011b, neum\u0159elo by p\u0159i tom tolik lid\u00ed, kolik jich na front\u011b um\u00edr\u00e1 dnes. A to je prost\u011b realita.<\/p>\n<\/div>\n<p><a href=\"https:\/\/aeronet.news\/konfiskace-ruskych-aktiv-spadla-na-summitu-eu-pod-stul-protoze-se-zjistilo-ze-evropske-firmy-maji-v-rusku-majetky-ve-vetsim-objemu-nez-kolik-je-zmrazenych-aktiv-v-eu-takze-doslo-na-plan-b\/\">-VK-<\/a><\/p>\n<p><img decoding=\"async\" loading=\"lazy\" class=\"wp-image-94843 aligncenter\" src=\"http:\/\/www.infokuryr.cz\/n\/wp-content\/uploads\/2025\/12\/popelka-hrad-300x141.jpg\" alt=\"\" width=\"1106\" height=\"520\" srcset=\"https:\/\/www.infokuryr.cz\/n\/wp-content\/uploads\/2025\/12\/popelka-hrad-300x141.jpg 300w, https:\/\/www.infokuryr.cz\/n\/wp-content\/uploads\/2025\/12\/popelka-hrad-768x360.jpg 768w, https:\/\/www.infokuryr.cz\/n\/wp-content\/uploads\/2025\/12\/popelka-hrad.jpg 977w\" sizes=\"(max-width: 1106px) 100vw, 1106px\" \/><\/p>\n<p>&nbsp;<\/p>\n","protected":false},"excerpt":{"rendered":"<p>Konfiskace rusk\u00fdch aktiv spadla na summitu EU pod st\u016fl, proto\u017ee se zjistilo, \u017ee evropsk\u00e9 firmy&#8230;<\/p>\n","protected":false},"author":2,"featured_media":95030,"comment_status":"closed","ping_status":"closed","sticky":false,"template":"","format":"standard","meta":[],"categories":[6],"tags":[1042,41,3729,327,22],"_links":{"self":[{"href":"https:\/\/www.infokuryr.cz\/n\/wp-json\/wp\/v2\/posts\/95029"}],"collection":[{"href":"https:\/\/www.infokuryr.cz\/n\/wp-json\/wp\/v2\/posts"}],"about":[{"href":"https:\/\/www.infokuryr.cz\/n\/wp-json\/wp\/v2\/types\/post"}],"author":[{"embeddable":true,"href":"https:\/\/www.infokuryr.cz\/n\/wp-json\/wp\/v2\/users\/2"}],"replies":[{"embeddable":true,"href":"https:\/\/www.infokuryr.cz\/n\/wp-json\/wp\/v2\/comments?post=95029"}],"version-history":[{"count":1,"href":"https:\/\/www.infokuryr.cz\/n\/wp-json\/wp\/v2\/posts\/95029\/revisions"}],"predecessor-version":[{"id":95033,"href":"https:\/\/www.infokuryr.cz\/n\/wp-json\/wp\/v2\/posts\/95029\/revisions\/95033"}],"wp:featuredmedia":[{"embeddable":true,"href":"https:\/\/www.infokuryr.cz\/n\/wp-json\/wp\/v2\/media\/95030"}],"wp:attachment":[{"href":"https:\/\/www.infokuryr.cz\/n\/wp-json\/wp\/v2\/media?parent=95029"}],"wp:term":[{"taxonomy":"category","embeddable":true,"href":"https:\/\/www.infokuryr.cz\/n\/wp-json\/wp\/v2\/categories?post=95029"},{"taxonomy":"post_tag","embeddable":true,"href":"https:\/\/www.infokuryr.cz\/n\/wp-json\/wp\/v2\/tags?post=95029"}],"curies":[{"name":"wp","href":"https:\/\/api.w.org\/{rel}","templated":true}]}}