{"id":95025,"date":"2025-12-20T05:43:54","date_gmt":"2025-12-20T04:43:54","guid":{"rendered":"https:\/\/www.infokuryr.cz\/n\/?p=95025"},"modified":"2025-12-20T05:43:54","modified_gmt":"2025-12-20T04:43:54","slug":"nemecka-tajna-sluzba-dostane-utocne-pravomoci","status":"publish","type":"post","link":"https:\/\/www.infokuryr.cz\/n\/2025\/12\/20\/nemecka-tajna-sluzba-dostane-utocne-pravomoci\/","title":{"rendered":"N\u011bmeck\u00e1 tajn\u00e1 slu\u017eba dostane \u00fato\u010dn\u00e9 pravomoci"},"content":{"rendered":"<div id=\"fb-root\"><\/div>\n<h3>BND bude \u00fadajn\u011b moci prov\u00e1d\u011bt sabot\u00e1\u017ee a vniknout do dom\u016f podez\u0159el\u00fdch za \u00fa\u010delem instalace \u0161pion\u00e1\u017en\u00edho softwaru<\/h3>\n<p data-start=\"154\" data-end=\"213\"><span dir=\"auto\">Berl\u00ednsk\u00e9 kancl\u00e9\u0159stv\u00ed navrhlo ud\u011blit n\u011bmeck\u00e9 zahrani\u010dn\u00ed zpravodajsk\u00e9 slu\u017eb\u011b, kter\u00e1 se v sou\u010dasnosti zam\u011b\u0159uje p\u0159ev\u00e1\u017en\u011b na dohled, pravomoci k prov\u00e1d\u011bn\u00ed sabot\u00e1\u017e\u00ed a dal\u0161\u00edch \u00fato\u010dn\u00fdch operac\u00ed v zahrani\u010d\u00ed, informoval v p\u00e1tek den\u00edk Sueddeutsche Zeitung.<\/span><\/p>\n<p data-start=\"572\" data-end=\"837\"><span dir=\"auto\">Feder\u00e1ln\u00ed zpravodajsk\u00e1 slu\u017eba (BND) byla vytvo\u0159ena v roce 1956 v pov\u00e1le\u010dn\u00e9m z\u00e1padn\u00edm N\u011bmecku a stejn\u011b jako Bundeswehr m\u011bla zpo\u010d\u00e1tku omezen\u00e9 pravomoci. Doposud m\u011bla BND povoleno pouze shroma\u017e\u010fovat a analyzovat informace.<\/span><\/p>\n<p data-start=\"839\" data-end=\"1052\"><span dir=\"auto\">Nov\u00fd n\u00e1vrh z\u00e1kona, kter\u00fd vid\u011bla n\u011bmeck\u00e1 m\u00e9dia, by podle zpr\u00e1vy umo\u017enil tajn\u00e9 agentu\u0159e jednat mnohem agresivn\u011bji a ud\u011blil by j\u00ed povolen\u00ed k prov\u00e1d\u011bn\u00ed kybernetick\u00fdch \u00fatok\u016f, sabot\u00e1\u017e\u00ed a dal\u0161\u00edch \u00fato\u010dn\u00fdch operac\u00ed.<\/span><\/p>\n<p data-start=\"1054\" data-end=\"1381\"><span dir=\"auto\">Pokud bude legislativa p\u0159ijata, roz\u0161\u00ed\u0159\u00ed tak\u00e9 pravomoci BND v oblasti dom\u00e1c\u00edho sledov\u00e1n\u00ed a umo\u017en\u00ed agent\u016fm vstupovat do dom\u016f podez\u0159el\u00fdch a tajn\u011b instalovat \u0161pion\u00e1\u017en\u00ed software do po\u010d\u00edta\u010d\u016f a dal\u0161\u00edch za\u0159\u00edzen\u00ed. D\u00e1le by roz\u0161\u00ed\u0159ila vyu\u017eit\u00ed technologie rozpozn\u00e1v\u00e1n\u00ed obli\u010deje a sb\u011br dat o poloze vozidel a cestovn\u00edch tras\u00e1ch.<\/span><\/p>\n<p data-start=\"1383\" data-end=\"1717\"><span dir=\"auto\">Podle navrhovan\u00fdch pravidel by zpravodaj\u0161t\u00ed d\u016fstojn\u00edci \u00fadajn\u011b mohli vyu\u017e\u00edvat nov\u00e9 pravomoci pouze tehdy, pokud by ned\u00e1vno z\u0159\u00edzen\u00e1 n\u011bmeck\u00e1 Rada n\u00e1rodn\u00ed bezpe\u010dnosti rozhodla, \u017ee existuje\u00a0<\/span><em><span dir=\"auto\">\u201esystematick\u00e1 hrozba\u201c<\/span><\/em><span dir=\"auto\">\u00a0. Parlamentn\u00ed v\u00fdbor dohl\u00ed\u017eej\u00edc\u00ed na zpravodajsk\u00e9 slu\u017eby by pak musel toto opat\u0159en\u00ed schv\u00e1lit dvout\u0159etinovou v\u011bt\u0161inou.<\/span><\/p>\n<p data-start=\"1719\" data-end=\"1876\"><span dir=\"auto\">Vl\u00e1dn\u00ed \u00fa\u0159edn\u00edci\u00a0<\/span><em><span dir=\"auto\">\u201eintenzivn\u011b spolupracuj\u00ed v r\u00e1mci p\u0159edb\u011b\u017en\u00fdch konzultac\u00ed\u201c<\/span><\/em><span dir=\"auto\">\u00a0na prosazen\u00ed n\u00e1vrhu, citovaly noviny mluv\u010d\u00edho.<\/span><\/p>\n<p data-start=\"1878\" data-end=\"2138\"><span dir=\"auto\">Zpravodajsk\u00e1 slu\u017eba z\u00edskala za\u010d\u00e1tkem leto\u0161n\u00edho roku \u0161ir\u0161\u00ed pravomoci k monitorov\u00e1n\u00ed opozi\u010dn\u00ed strany Alternativa pro N\u011bmecko (AfD) pot\u00e9, co ji Berl\u00edn ofici\u00e1ln\u011b ozna\u010dil za\u00a0<\/span><em><span dir=\"auto\">\u201eextremistickou\u201c<\/span><\/em><span dir=\"auto\">\u00a0pot\u00e9, co ve feder\u00e1ln\u00edch volb\u00e1ch z\u00edskala v\u00edce ne\u017e 20 % hlas\u016f.<\/span><\/p>\n<p data-start=\"2140\" data-end=\"2430\"><span dir=\"auto\">Vysoc\u00ed p\u0159edstavitel\u00e9 administrativy americk\u00e9ho prezidenta Donalda Trumpa tento krok ost\u0159e kritizovali jako z\u00e1sah proti svobod\u011b projevu. Americk\u00fd viceprezident J. D. Vance p\u0159irovnal kroky n\u011bmeck\u00e9 vl\u00e1dy proti stran\u011b, kterou ozna\u010dil za\u00a0<\/span><em><span dir=\"auto\">\u201enejpopul\u00e1rn\u011bj\u0161\u00ed v N\u011bmecku\u201c,<\/span><\/em><span dir=\"auto\">\u00a0k obnov\u011b Berl\u00ednsk\u00e9 zdi.<\/span><\/p>\n<p data-start=\"2140\" data-end=\"2430\"><img decoding=\"async\" loading=\"lazy\" class=\"alignnone size-full wp-image-1185\" src=\"http:\/\/www.infokuryr.cz\/n\/wp-content\/uploads\/2021\/04\/kuryr-podpis.png\" alt=\"\" width=\"84\" height=\"24\" \/><\/p>\n<p data-start=\"2140\" data-end=\"2430\">\n","protected":false},"excerpt":{"rendered":"<p>BND bude \u00fadajn\u011b moci prov\u00e1d\u011bt sabot\u00e1\u017ee a vniknout do dom\u016f podez\u0159el\u00fdch za \u00fa\u010delem instalace \u0161pion\u00e1\u017en\u00edho&#8230;<\/p>\n","protected":false},"author":2,"featured_media":95026,"comment_status":"closed","ping_status":"closed","sticky":false,"template":"","format":"standard","meta":[],"categories":[7],"tags":[84,3241,4304],"_links":{"self":[{"href":"https:\/\/www.infokuryr.cz\/n\/wp-json\/wp\/v2\/posts\/95025"}],"collection":[{"href":"https:\/\/www.infokuryr.cz\/n\/wp-json\/wp\/v2\/posts"}],"about":[{"href":"https:\/\/www.infokuryr.cz\/n\/wp-json\/wp\/v2\/types\/post"}],"author":[{"embeddable":true,"href":"https:\/\/www.infokuryr.cz\/n\/wp-json\/wp\/v2\/users\/2"}],"replies":[{"embeddable":true,"href":"https:\/\/www.infokuryr.cz\/n\/wp-json\/wp\/v2\/comments?post=95025"}],"version-history":[{"count":0,"href":"https:\/\/www.infokuryr.cz\/n\/wp-json\/wp\/v2\/posts\/95025\/revisions"}],"wp:featuredmedia":[{"embeddable":true,"href":"https:\/\/www.infokuryr.cz\/n\/wp-json\/wp\/v2\/media\/95026"}],"wp:attachment":[{"href":"https:\/\/www.infokuryr.cz\/n\/wp-json\/wp\/v2\/media?parent=95025"}],"wp:term":[{"taxonomy":"category","embeddable":true,"href":"https:\/\/www.infokuryr.cz\/n\/wp-json\/wp\/v2\/categories?post=95025"},{"taxonomy":"post_tag","embeddable":true,"href":"https:\/\/www.infokuryr.cz\/n\/wp-json\/wp\/v2\/tags?post=95025"}],"curies":[{"name":"wp","href":"https:\/\/api.w.org\/{rel}","templated":true}]}}