{"id":94998,"date":"2025-12-20T00:22:22","date_gmt":"2025-12-19T23:22:22","guid":{"rendered":"https:\/\/www.infokuryr.cz\/n\/?p=94998"},"modified":"2025-12-20T05:37:57","modified_gmt":"2025-12-20T04:37:57","slug":"vetchy-a-spol-ma-co-vysvetlovat","status":"publish","type":"post","link":"https:\/\/www.infokuryr.cz\/n\/2025\/12\/20\/vetchy-a-spol-ma-co-vysvetlovat\/","title":{"rendered":"Vetch\u00fd a spol. m\u00e1 co vysv\u011btlovat"},"content":{"rendered":"<div id=\"fb-root\"><\/div>\n<p><strong>Skupina D si st\u011b\u017euje na to, \u017ee jej\u00ed dod\u00e1vky dron\u016f na Ukrajinu prov\u011b\u0159uje policie. Doposud v\u0161ak nen\u00ed jasn\u00e9, kdo bezpilotn\u00ed prost\u0159edky vyr\u00e1b\u011bl, dopravoval, odeb\u00edral, za kolik a dal\u0161\u00ed fakta. Nyn\u00ed tedy maj\u00ed \u010dlenov\u00e9 spolku p\u0159\u00edle\u017eitost v\u0161e vysv\u011btlit.<\/strong><\/p>\n<h2 class=\"wp-block-heading\">P\u0159\u00edpad p\u0159esahuje z\u00e1jem vojensk\u00e9 policie<\/h2>\n<p>Emotivn\u00ed vystoupen\u00ed herce a\u00a0aktivisty Ond\u0159eje Vetch\u00e9ho na soci\u00e1ln\u00edch s\u00edt\u00edch znovu rozv\u00ed\u0159ilo ve\u0159ejnou debatu o\u00a0spolku Skupina D a\u00a0jeho roli v\u00a0bezpe\u010dnostn\u00ed oblasti. Vetch\u00fd ve videu hovo\u0159il o\u00a0obrovsk\u00e9m tlaku, kter\u00e9mu spolek \u010del\u00ed, a\u00a0zd\u016fraznil, \u017ee Skupina D chce b\u00fdt maxim\u00e1ln\u011b otev\u0159en\u00e1. Jeho slova p\u0159ich\u00e1zej\u00ed v\u00a0dob\u011b, kdy Vojensk\u00e1 policie prov\u011b\u0159uje Skupinu D kv\u016fli jej\u00edmu projektu Drony Nemesis.<\/p>\n<p>Policist\u00e9 zkoumaj\u00ed finan\u010dn\u00ed toky, zapojen\u00ed arm\u00e1dn\u00edch slo\u017eek a\u00a0mo\u017en\u00e9 obch\u00e1zen\u00ed z\u00e1konn\u00fdch postup\u016f. T\u0159i osoby ze spole\u010dnosti FPV Space, kter\u00e1 drony dod\u00e1vala, byly zadr\u017eeny. Cel\u00e1 kauza tak znovu otev\u00edr\u00e1 ot\u00e1zku, jak\u00e9 m\u00edsto m\u00e1 arm\u00e1da v\u00a0demokratick\u00e9m syst\u00e9mu a\u00a0kde le\u017e\u00ed hranice mezi ob\u010danskou iniciativou, dodr\u017eov\u00e1n\u00edm z\u00e1kon\u016f a\u00a0politickou kontrolou.<\/p>\n<h2 class=\"wp-block-heading\">Co je Skupina D?<\/h2>\n<p>Skupina D vznikla jako ob\u010dansk\u00e1 iniciativa, kter\u00e1 cht\u011bla rychle dodat Ukrajin\u011b FPV drony (ovl\u00e1dan\u00e9 z\u00a0pohledu z\u00a0bezpilotn\u00edho letounu). Mezi jej\u00ed zakladatele pat\u0159\u00ed Vetch\u00fd, bezpe\u010dnostn\u00ed analytik Milan Mikuleck\u00fd a\u00a0podnikatel Jan Veverka. N\u00e1\u010deln\u00edk Gener\u00e1ln\u00edho \u0161t\u00e1bu Karel \u0158ehka se stal \u010destn\u00fdm p\u0159edsedou spolku.<\/p>\n<p>Deklarovan\u00fdm c\u00edlem bylo z\u00e1sobovat FPV drony Ukrajinu rychleji, ne\u017e to dok\u00e1\u017ee st\u00e1t, a\u00a0zaplnit tak mezeru v\u00a0dod\u00e1vk\u00e1ch levn\u00fdch, ale \u00fa\u010dinn\u00fdch prost\u0159edk\u016f boje ze vzduchu. Spolek vybral od d\u00e1rc\u016f na projekt drony Nemesis zhruba 200 milion\u016f korun a\u00a0stal se jednou z\u00a0nejviditeln\u011bj\u0161\u00edch ob\u010dansk\u00fdch iniciativ v\u00a0oblasti vojensk\u00e9 pomoci Kyjevu.<\/p>\n<h2 class=\"wp-block-heading\">Projekt s\u00a0kryt\u00edm nejvy\u0161\u0161\u00edch m\u00edst<\/h2>\n<p>Zapojen\u00ed nejvy\u0161\u0161\u00edch arm\u00e1dn\u00edch p\u0159edstavitel\u016f do aktivit Skupiny D ov\u0161em bud\u00ed dojem, \u017ee arm\u00e1da podporovala paraleln\u00ed strukturu mimo kontrolu ministerstva obrany. Projekt drony Nemesis a s n\u00edm spojen\u00e1 publicita posiloval spole\u010densk\u00fd vliv arm\u00e1dy a prezentoval ji jako efektivn\u011bj\u0161\u00ed a rozhodn\u011bj\u0161\u00ed instituci ne\u017e resort obrany.<\/p>\n<figure class=\"wp-block-image size-large wp-lightbox-container\" data-wp-context=\"{&quot;imageId&quot;:&quot;69453c86afb07&quot;}\" data-wp-interactive=\"core\/image\"><img decoding=\"async\" loading=\"lazy\" class=\"wp-image-77119 aligncenter\" src=\"https:\/\/b3276939.smushcdn.com\/3276939\/wp-content\/uploads\/2025\/12\/dron-armada-nemesis-praha-1024x576.jpeg?lossy=0&amp;strip=1&amp;webp=1\" sizes=\"(max-width: 1024px) 100vw, 1024px\" srcset=\"https:\/\/b3276939.smushcdn.com\/3276939\/wp-content\/uploads\/2025\/12\/dron-armada-nemesis-praha-1024x576.jpeg?lossy=0&amp;strip=1&amp;webp=1 1024w, https:\/\/b3276939.smushcdn.com\/3276939\/wp-content\/uploads\/2025\/12\/dron-armada-nemesis-praha-300x169.jpeg?lossy=0&amp;strip=1&amp;webp=1 300w, https:\/\/b3276939.smushcdn.com\/3276939\/wp-content\/uploads\/2025\/12\/dron-armada-nemesis-praha-768x432.jpeg?lossy=0&amp;strip=1&amp;webp=1 768w, https:\/\/b3276939.smushcdn.com\/3276939\/wp-content\/uploads\/2025\/12\/dron-armada-nemesis-praha-1536x864.jpeg?lossy=0&amp;strip=1&amp;webp=1 1536w, https:\/\/b3276939.smushcdn.com\/3276939\/wp-content\/uploads\/2025\/12\/dron-armada-nemesis-praha-500x281.jpeg?lossy=0&amp;strip=1&amp;webp=1 500w, https:\/\/b3276939.smushcdn.com\/3276939\/wp-content\/uploads\/2025\/12\/dron-armada-nemesis-praha-293x165.jpeg?lossy=0&amp;strip=1&amp;webp=1 293w, https:\/\/b3276939.smushcdn.com\/3276939\/wp-content\/uploads\/2025\/12\/dron-armada-nemesis-praha-770x433.jpeg?lossy=0&amp;strip=1&amp;webp=1 770w, https:\/\/b3276939.smushcdn.com\/3276939\/wp-content\/uploads\/2025\/12\/dron-armada-nemesis-praha-1400x788.jpeg?lossy=0&amp;strip=1&amp;webp=1 1400w, https:\/\/b3276939.smushcdn.com\/3276939\/wp-content\/uploads\/2025\/12\/dron-armada-nemesis-praha-390x219.jpeg?lossy=0&amp;strip=1&amp;webp=1 390w, https:\/\/b3276939.smushcdn.com\/3276939\/wp-content\/uploads\/2025\/12\/dron-armada-nemesis-praha-1320x743.jpeg?lossy=0&amp;strip=1&amp;webp=1 1320w, https:\/\/b3276939.smushcdn.com\/3276939\/wp-content\/uploads\/2025\/12\/dron-armada-nemesis-praha.jpeg?lossy=0&amp;strip=1&amp;webp=1 1600w\" alt=\"\" width=\"610\" height=\"343\" data-wp-class--hide=\"state.isContentHidden\" data-wp-class--show=\"state.isContentVisible\" data-wp-init=\"callbacks.setButtonStyles\" data-wp-on-async--click=\"actions.showLightbox\" data-wp-on-async--load=\"callbacks.setButtonStyles\" data-wp-on-async-window--resize=\"callbacks.setButtonStyles\" \/><em>Dron Nemesis. Zdroj: Profimedia<\/em><\/figure>\n<p>Nen\u00ed vylou\u010deno, \u017ee spolek mohl jednat efektivn\u011bji ne\u017e st\u00e1t d\u00edky obch\u00e1zen\u00ed z\u00e1konn\u00fdch postup\u016f. Skupina D nem\u011bla licenci k obchodu s vojensk\u00fdm materi\u00e1lem a n\u00e1kupy prob\u00edhaly p\u0159es firmu FPV Space, u n\u00ed\u017e prob\u011bhl z\u00e1sah Vojensk\u00e9 policie. Vy\u0161et\u0159ov\u00e1n\u00ed se zam\u011b\u0159uje na ceny dron\u016f, mo\u017en\u00e9 mar\u017ee a skute\u010dn\u00e9ho ukrajinsk\u00e9ho odb\u011bratele, p\u0159i\u010dem\u017e \u017e\u00e1dn\u00fd z t\u011bchto \u00fadaj\u016f nen\u00ed ve\u0159ejn\u011b zn\u00e1m\u00fd. Problematick\u00e9 je tak\u00e9 politick\u00e9 kryt\u00ed, kter\u00e9 spolek z\u00edskal, kdy\u017e prezident Petr Pavel odm\u00edtl st\u00ed\u017enost b\u00fdval\u00e9 ministryn\u011b obrany Jany \u010cernochov\u00e9 na zapojen\u00ed p\u0159\u00edslu\u0161n\u00edk\u016f 601. skupiny speci\u00e1ln\u00edch sil z Prost\u011bjova do realizace projektu Drony Nemesis.<\/p>\n<p>Vojen\u0161t\u00ed policist\u00e9 prov\u011b\u0159uj\u00ed, zda se voj\u00e1ci pod\u00edleli na aktivit\u00e1ch spolku mimo ofici\u00e1ln\u00ed mand\u00e1t arm\u00e1dy. Nap\u011bt\u00ed mezi voj\u00e1ky a\u00a0jej\u00edm politick\u00fdm veden\u00edm vyhrotil i\u00a0projev \u0158ehky na velitelsk\u00e9m shrom\u00e1\u017ed\u011bn\u00ed letos v\u00a0listopadu, kde hovo\u0159il o\u00a0nez\u00e1vislosti arm\u00e1dy na politic\u00edch. \u010cernochov\u00e1 nazna\u010dila, \u017ee jde o\u00a0nepochopen\u00ed principu civiln\u00ed kontroly ozbrojen\u00fdch sil, kter\u00e1 je z\u00e1kladn\u00edm pil\u00ed\u0159em demokratick\u00e9ho syst\u00e9mu. V\u00a0kombinaci s\u00a0podporou, kterou voj\u00e1ci poskytli projektu Nemesis, to vytv\u00e1\u0159\u00ed obraz arm\u00e1dy, kter\u00e1 se sna\u017e\u00ed jednat mimo r\u00e1mec politick\u00e9ho veden\u00ed a\u00a0z\u00e1konn\u00fdch postup\u016f.<\/p>\n<h2 class=\"wp-block-heading\">Cesta do pekla je dl\u00e1\u017ed\u011bn\u00e1 dobr\u00fdmi \u00famysly<\/h2>\n<p>P\u0159\u00edpad Skupiny D otev\u00edr\u00e1 ot\u00e1zky o\u00a0vztahu arm\u00e1dy, politiky a\u00a0ob\u010dansk\u00fdch iniciativ. Ukazuje, jak m\u016f\u017ee dobr\u00fd \u00famysl, jako je nap\u0159\u00edklad pomoc napaden\u00e9 zemi a\u00a0pos\u00edlen\u00ed dobr\u00e9 pov\u011bsti arm\u00e1dy, narazit na hranice z\u00e1kona a\u00a0demokratick\u00fdch princip\u016f.<\/p>\n<p>Vy\u0161et\u0159ov\u00e1n\u00ed by m\u011blo objasnit, zda \u0161lo o\u00a0z\u00e1sadn\u00ed pochyben\u00ed, nebo o\u00a0ne\u0161\u0165astnou kombinaci rychlosti, nepochopen\u00ed z\u00a0nad\u0161en\u00ed a\u00a0nedostate\u010dn\u00e9 transparentnosti. Vetch\u00fd \u0159ekl, \u017ee Skupina D chce b\u00fdt maxim\u00e1ln\u011b otev\u0159en\u00e1, nyn\u00ed m\u00e1 tedy ide\u00e1ln\u00ed p\u0159\u00edle\u017eitost.<\/p>\n<p><a href=\"https:\/\/denik.to\/vetchy-a-spol-ma-co-vysvetlovat\/\"><em>Max \u0160pa\u010dek<\/em><\/a><\/p>\n<p><span style=\"font-size: 10pt;\"><em><strong>\u00davodn\u00ed fotografie:<\/strong> Skupina D. Zdroj: Profimedia<\/em><\/span><\/p>\n<p><img decoding=\"async\" loading=\"lazy\" class=\"wp-image-94843 aligncenter\" src=\"http:\/\/www.infokuryr.cz\/n\/wp-content\/uploads\/2025\/12\/popelka-hrad-300x141.jpg\" alt=\"\" width=\"1094\" height=\"514\" srcset=\"https:\/\/www.infokuryr.cz\/n\/wp-content\/uploads\/2025\/12\/popelka-hrad-300x141.jpg 300w, https:\/\/www.infokuryr.cz\/n\/wp-content\/uploads\/2025\/12\/popelka-hrad-768x360.jpg 768w, https:\/\/www.infokuryr.cz\/n\/wp-content\/uploads\/2025\/12\/popelka-hrad.jpg 977w\" sizes=\"(max-width: 1094px) 100vw, 1094px\" \/><\/p>\n<p>&nbsp;<\/p>\n","protected":false},"excerpt":{"rendered":"<p>Skupina D si st\u011b\u017euje na to, \u017ee jej\u00ed dod\u00e1vky dron\u016f na Ukrajinu prov\u011b\u0159uje policie. Doposud&#8230;<\/p>\n","protected":false},"author":2,"featured_media":94999,"comment_status":"closed","ping_status":"closed","sticky":false,"template":"","format":"standard","meta":[],"categories":[6],"tags":[2856,1503,10285,6865],"_links":{"self":[{"href":"https:\/\/www.infokuryr.cz\/n\/wp-json\/wp\/v2\/posts\/94998"}],"collection":[{"href":"https:\/\/www.infokuryr.cz\/n\/wp-json\/wp\/v2\/posts"}],"about":[{"href":"https:\/\/www.infokuryr.cz\/n\/wp-json\/wp\/v2\/types\/post"}],"author":[{"embeddable":true,"href":"https:\/\/www.infokuryr.cz\/n\/wp-json\/wp\/v2\/users\/2"}],"replies":[{"embeddable":true,"href":"https:\/\/www.infokuryr.cz\/n\/wp-json\/wp\/v2\/comments?post=94998"}],"version-history":[{"count":0,"href":"https:\/\/www.infokuryr.cz\/n\/wp-json\/wp\/v2\/posts\/94998\/revisions"}],"wp:featuredmedia":[{"embeddable":true,"href":"https:\/\/www.infokuryr.cz\/n\/wp-json\/wp\/v2\/media\/94999"}],"wp:attachment":[{"href":"https:\/\/www.infokuryr.cz\/n\/wp-json\/wp\/v2\/media?parent=94998"}],"wp:term":[{"taxonomy":"category","embeddable":true,"href":"https:\/\/www.infokuryr.cz\/n\/wp-json\/wp\/v2\/categories?post=94998"},{"taxonomy":"post_tag","embeddable":true,"href":"https:\/\/www.infokuryr.cz\/n\/wp-json\/wp\/v2\/tags?post=94998"}],"curies":[{"name":"wp","href":"https:\/\/api.w.org\/{rel}","templated":true}]}}