{"id":94990,"date":"2025-12-20T00:24:41","date_gmt":"2025-12-19T23:24:41","guid":{"rendered":"https:\/\/www.infokuryr.cz\/n\/?p=94990"},"modified":"2025-12-19T12:31:07","modified_gmt":"2025-12-19T11:31:07","slug":"90-miliard-pro-ukrajinu-riziko-nesou-danovi-poplatnici","status":"publish","type":"post","link":"https:\/\/www.infokuryr.cz\/n\/2025\/12\/20\/90-miliard-pro-ukrajinu-riziko-nesou-danovi-poplatnici\/","title":{"rendered":"90 miliard pro Ukrajinu \u2013 riziko nesou da\u0148ov\u00ed poplatn\u00edci"},"content":{"rendered":"<div id=\"fb-root\"><\/div>\n<p><strong><span dir=\"auto\">Hlavy st\u00e1t\u016f a vl\u00e1d EU (samoz\u0159ejm\u011b ne v\u0161echny) se dohodly, \u017ee Ukrajin\u011b v p\u0159\u00ed\u0161t\u00edch dvou letech bez\u00faro\u010dn\u011b p\u016fj\u010d\u00ed 90 miliard eur. \u00daroky zaplat\u00ed da\u0148ov\u00ed poplatn\u00edci EU a kleptokrat\u00e9 si budou d\u00e1l plnit kapsy.<\/span><\/strong><\/p>\n<p><span dir=\"auto\">V Evropsk\u00e9 unii vl\u00e1dne \u0161\u00edlenstv\u00ed. Ne v\u0161ude, proto\u017ee zem\u011b jako Ma\u010farsko, Slovensko a \u010cesk\u00e1 republika prohl\u00e1sily, \u017ee se nebudou \u00fa\u010dastnit, ale zbytek hlav st\u00e1t\u016f a vl\u00e1d EU se rozhodl\u00a0<\/span><a href=\"https:\/\/www.tagesschau.de\/ausland\/europa\/eu-ukraine-finanzierung-einigung-100.html\"><span dir=\"auto\">v<\/span><\/a><span dir=\"auto\"> p\u0159\u00ed\u0161t\u00edch dvou letech zadlu\u017eit celkem 90 miliard eur (proto\u017ee jejich vlastn\u00ed n\u00e1rodn\u00ed pokladny jsou pr\u00e1zdn\u00e9), pokr\u00fdt n\u00e1klady na \u00faroky a tyto pen\u00edze bez\u00faro\u010dn\u011b d\u00e1t Ukrajin\u011b.<\/span><\/p>\n<figure class=\"wp-block-embed is-type-rich is-provider-twitter wp-block-embed-twitter\">\n<div class=\"wp-block-embed__wrapper\">\n<div class=\"twitter-tweet twitter-tweet-rendered\"><iframe id=\"twitter-widget-0\" class=\"\" title=\"X P\u0159\u00edsp\u011bvek\" src=\"https:\/\/platform.twitter.com\/embed\/Tweet.html?dnt=true&amp;embedId=twitter-widget-0&amp;features=eyJ0ZndfdGltZWxpbmVfbGlzdCI6eyJidWNrZXQiOltdLCJ2ZXJzaW9uIjpudWxsfSwidGZ3X2ZvbGxvd2VyX2NvdW50X3N1bnNldCI6eyJidWNrZXQiOnRydWUsInZlcnNpb24iOm51bGx9LCJ0ZndfdHdlZXRfZWRpdF9iYWNrZW5kIjp7ImJ1Y2tldCI6Im9uIiwidmVyc2lvbiI6bnVsbH0sInRmd19yZWZzcmNfc2Vzc2lvbiI6eyJidWNrZXQiOiJvbiIsInZlcnNpb24iOm51bGx9LCJ0ZndfZm9zbnJfc29mdF9pbnRlcnZlbnRpb25zX2VuYWJsZWQiOnsiYnVja2V0Ijoib24iLCJ2ZXJzaW9uIjpudWxsfSwidGZ3X21peGVkX21lZGlhXzE1ODk3Ijp7ImJ1Y2tldCI6InRyZWF0bWVudCIsInZlcnNpb24iOm51bGx9LCJ0ZndfZXhwZXJpbWVudHNfY29va2llX2V4cGlyYXRpb24iOnsiYnVja2V0IjoxMjA5NjAwLCJ2ZXJzaW9uIjpudWxsfSwidGZ3X3Nob3dfYmlyZHdhdGNoX3Bpdm90c19lbmFibGVkIjp7ImJ1Y2tldCI6Im9uIiwidmVyc2lvbiI6bnVsbH0sInRmd19kdXBsaWNhdGVfc2NyaWJlc190b19zZXR0aW5ncyI6eyJidWNrZXQiOiJvbiIsInZlcnNpb24iOm51bGx9LCJ0ZndfdXNlX3Byb2ZpbGVfaW1hZ2Vfc2hhcGVfZW5hYmxlZCI6eyJidWNrZXQiOiJvbiIsInZlcnNpb24iOm51bGx9LCJ0ZndfdmlkZW9faGxzX2R5bmFtaWNfbWFuaWZlc3RzXzE1MDgyIjp7ImJ1Y2tldCI6InRydWVfYml0cmF0ZSIsInZlcnNpb24iOm51bGx9LCJ0ZndfbGVnYWN5X3RpbWVsaW5lX3N1bnNldCI6eyJidWNrZXQiOnRydWUsInZlcnNpb24iOm51bGx9LCJ0ZndfdHdlZXRfZWRpdF9mcm9udGVuZCI6eyJidWNrZXQiOiJvbiIsInZlcnNpb24iOm51bGx9fQ%3D%3D&amp;frame=false&amp;hideCard=false&amp;hideThread=false&amp;id=2001902618965119081&amp;lang=cs&amp;origin=https%3A%2F%2Freport24.news%2F90-milliarden-fuer-die-ukraine-das-risiko-tragen-die-steuerzahler%2F&amp;sessionId=126de7e23749df6ae55c3e52a4864bd60ebe17d0&amp;theme=light&amp;widgetsVersion=2615f7e52b7e0%3A1702314776716&amp;width=550px\" frameborder=\"0\" scrolling=\"no\" allowfullscreen=\"allowfullscreen\" data-tweet-id=\"2001902618965119081\" data-mce-fragment=\"1\"><\/iframe><\/div>\n<\/div>\n<\/figure>\n<p><span dir=\"auto\">Zem\u011b, kter\u00e1 se pot\u00e1c\u00ed z jednoho korup\u010dn\u00edho skand\u00e1lu do druh\u00e9ho, kleptokracie jako \u017e\u00e1dn\u00e1 jin\u00e1, je na \u00fakor evropsk\u00fdch da\u0148ov\u00fdch poplatn\u00edk\u016f zasyp\u00e1v\u00e1na je\u0161t\u011b v\u011bt\u0161\u00edm mno\u017estv\u00edm pen\u011bz. Kancl\u00e9\u0159i Merz a Stocker toto drancov\u00e1n\u00ed vlastn\u00edch da\u0148ov\u00fdch poplatn\u00edk\u016f prod\u00e1vaj\u00ed jako mor\u00e1ln\u00ed v\u00edt\u011bzstv\u00ed, i kdy\u017e by m\u011bli velmi dob\u0159e v\u011bd\u011bt, \u017ee tyto pen\u00edze t\u00e9m\u011b\u0159 jist\u011b zmiz\u00ed nav\u017edy.<\/span><\/p>\n<figure class=\"wp-block-embed is-type-rich is-provider-twitter wp-block-embed-twitter\">\n<div class=\"wp-block-embed__wrapper\">\n<div class=\"twitter-tweet twitter-tweet-rendered\"><iframe id=\"twitter-widget-1\" class=\"\" title=\"X P\u0159\u00edsp\u011bvek\" src=\"https:\/\/platform.twitter.com\/embed\/Tweet.html?dnt=true&amp;embedId=twitter-widget-1&amp;features=eyJ0ZndfdGltZWxpbmVfbGlzdCI6eyJidWNrZXQiOltdLCJ2ZXJzaW9uIjpudWxsfSwidGZ3X2ZvbGxvd2VyX2NvdW50X3N1bnNldCI6eyJidWNrZXQiOnRydWUsInZlcnNpb24iOm51bGx9LCJ0ZndfdHdlZXRfZWRpdF9iYWNrZW5kIjp7ImJ1Y2tldCI6Im9uIiwidmVyc2lvbiI6bnVsbH0sInRmd19yZWZzcmNfc2Vzc2lvbiI6eyJidWNrZXQiOiJvbiIsInZlcnNpb24iOm51bGx9LCJ0ZndfZm9zbnJfc29mdF9pbnRlcnZlbnRpb25zX2VuYWJsZWQiOnsiYnVja2V0Ijoib24iLCJ2ZXJzaW9uIjpudWxsfSwidGZ3X21peGVkX21lZGlhXzE1ODk3Ijp7ImJ1Y2tldCI6InRyZWF0bWVudCIsInZlcnNpb24iOm51bGx9LCJ0ZndfZXhwZXJpbWVudHNfY29va2llX2V4cGlyYXRpb24iOnsiYnVja2V0IjoxMjA5NjAwLCJ2ZXJzaW9uIjpudWxsfSwidGZ3X3Nob3dfYmlyZHdhdGNoX3Bpdm90c19lbmFibGVkIjp7ImJ1Y2tldCI6Im9uIiwidmVyc2lvbiI6bnVsbH0sInRmd19kdXBsaWNhdGVfc2NyaWJlc190b19zZXR0aW5ncyI6eyJidWNrZXQiOiJvbiIsInZlcnNpb24iOm51bGx9LCJ0ZndfdXNlX3Byb2ZpbGVfaW1hZ2Vfc2hhcGVfZW5hYmxlZCI6eyJidWNrZXQiOiJvbiIsInZlcnNpb24iOm51bGx9LCJ0ZndfdmlkZW9faGxzX2R5bmFtaWNfbWFuaWZlc3RzXzE1MDgyIjp7ImJ1Y2tldCI6InRydWVfYml0cmF0ZSIsInZlcnNpb24iOm51bGx9LCJ0ZndfbGVnYWN5X3RpbWVsaW5lX3N1bnNldCI6eyJidWNrZXQiOnRydWUsInZlcnNpb24iOm51bGx9LCJ0ZndfdHdlZXRfZWRpdF9mcm9udGVuZCI6eyJidWNrZXQiOiJvbiIsInZlcnNpb24iOm51bGx9fQ%3D%3D&amp;frame=false&amp;hideCard=false&amp;hideThread=false&amp;id=2001892740804542895&amp;lang=cs&amp;origin=https%3A%2F%2Freport24.news%2F90-milliarden-fuer-die-ukraine-das-risiko-tragen-die-steuerzahler%2F&amp;sessionId=126de7e23749df6ae55c3e52a4864bd60ebe17d0&amp;theme=light&amp;widgetsVersion=2615f7e52b7e0%3A1702314776716&amp;width=550px\" frameborder=\"0\" scrolling=\"no\" allowfullscreen=\"allowfullscreen\" data-tweet-id=\"2001892740804542895\" data-mce-fragment=\"1\"><\/iframe><\/div>\n<\/div>\n<\/figure>\n<p><span dir=\"auto\">Kdyby se \u010dlov\u011bk bavil s Rusy, kte\u0159\u00ed z geopolitick\u00fdch d\u016fvod\u016f udr\u017eovali tento st\u00e1t p\u0159i \u017eivot\u011b p\u016fj\u010dkami a masivn\u011b dotovan\u00fdm zemn\u00edm plynem od nez\u00e1vislosti a\u017e do majdansk\u00e9ho p\u0159evratu, z\u00e1padn\u00ed politi\u010dt\u00ed akt\u00e9\u0159i by mo\u017en\u00e1 pochopili, \u017ee udr\u017eovat tuto finan\u010dn\u00ed \u010dernou d\u00edru maskovanou jako st\u00e1t jako poslu\u0161n\u00e9ho mazl\u00ed\u010dka je pom\u011brn\u011b drah\u00fd \u00fakol. Vrcholov\u00ed politici a oligarchov\u00e9 si v\u017edycky pom\u00e1hali s p\u0159\u00edlivem pen\u011bz ze zahrani\u010d\u00ed, zat\u00edmco zch\u00e1tral\u00e1 infrastruktura nad\u00e1le ch\u00e1tr\u00e1. No, se v\u0161emi t\u011bmi flotilami Porsche, Lamborghini, Mercedes\u016f a dal\u0161\u00edch luxusn\u00edch aut vlastn\u011b nez\u00e1le\u017e\u00ed na tom, jestli na jednom z nich je pot\u0159eba opravit p\u00e1r v\u00fdmol\u016f.<\/span><\/p>\n<p><span dir=\"auto\">Merz, Stocker, Macron a jim podobn\u00ed se op\u011bt zaprodali a zradili Evropany, zat\u00edmco se sna\u017e\u00ed p\u0159esv\u011bd\u010dit ob\u010dany, \u017ee by jim Rusko jednoho dne mohlo splatit formou reparac\u00ed. Ale p\u0159epo\u010d\u00edtali se, proto\u017ee Kreml se pravd\u011bpodobn\u011b nepodvol\u00ed Versailles 2.0.<\/span><\/p>\n<p><img decoding=\"async\" loading=\"lazy\" class=\"alignnone size-full wp-image-1185\" src=\"http:\/\/www.infokuryr.cz\/n\/wp-content\/uploads\/2021\/04\/kuryr-podpis.png\" alt=\"\" width=\"84\" height=\"24\" \/><\/p>\n<p>&nbsp;<\/p>\n","protected":false},"excerpt":{"rendered":"<p>Hlavy st\u00e1t\u016f a vl\u00e1d EU (samoz\u0159ejm\u011b ne v\u0161echny) se dohodly, \u017ee Ukrajin\u011b v p\u0159\u00ed\u0161t\u00edch dvou&#8230;<\/p>\n","protected":false},"author":2,"featured_media":94991,"comment_status":"closed","ping_status":"closed","sticky":false,"template":"","format":"standard","meta":[],"categories":[7],"tags":[41,90,26,2806],"_links":{"self":[{"href":"https:\/\/www.infokuryr.cz\/n\/wp-json\/wp\/v2\/posts\/94990"}],"collection":[{"href":"https:\/\/www.infokuryr.cz\/n\/wp-json\/wp\/v2\/posts"}],"about":[{"href":"https:\/\/www.infokuryr.cz\/n\/wp-json\/wp\/v2\/types\/post"}],"author":[{"embeddable":true,"href":"https:\/\/www.infokuryr.cz\/n\/wp-json\/wp\/v2\/users\/2"}],"replies":[{"embeddable":true,"href":"https:\/\/www.infokuryr.cz\/n\/wp-json\/wp\/v2\/comments?post=94990"}],"version-history":[{"count":0,"href":"https:\/\/www.infokuryr.cz\/n\/wp-json\/wp\/v2\/posts\/94990\/revisions"}],"wp:featuredmedia":[{"embeddable":true,"href":"https:\/\/www.infokuryr.cz\/n\/wp-json\/wp\/v2\/media\/94991"}],"wp:attachment":[{"href":"https:\/\/www.infokuryr.cz\/n\/wp-json\/wp\/v2\/media?parent=94990"}],"wp:term":[{"taxonomy":"category","embeddable":true,"href":"https:\/\/www.infokuryr.cz\/n\/wp-json\/wp\/v2\/categories?post=94990"},{"taxonomy":"post_tag","embeddable":true,"href":"https:\/\/www.infokuryr.cz\/n\/wp-json\/wp\/v2\/tags?post=94990"}],"curies":[{"name":"wp","href":"https:\/\/api.w.org\/{rel}","templated":true}]}}