{"id":94956,"date":"2025-12-19T07:10:03","date_gmt":"2025-12-19T06:10:03","guid":{"rendered":"https:\/\/www.infokuryr.cz\/n\/?p=94956"},"modified":"2025-12-19T07:35:41","modified_gmt":"2025-12-19T06:35:41","slug":"miroslav-kavij-dopis-osmi-aneb-jsme-sjednoceni","status":"publish","type":"post","link":"https:\/\/www.infokuryr.cz\/n\/2025\/12\/19\/miroslav-kavij-dopis-osmi-aneb-jsme-sjednoceni\/","title":{"rendered":"Miroslav Kavij: Dopis osmi, aneb Jsme sjednoceni"},"content":{"rendered":"<div id=\"fb-root\"><\/div>\n<p>Dopis \u00a0\u00a0osmi\u00a0 (Jsme sjednoceni), z\u0159ejm\u011b \u00a0\u00a0posledn\u00ed\u00a0 dokument, kter\u00fd\u00a0\u00a0 podepsal \u00a0\u00a0humanista\u00a0\u00a0 V\u00e1clav Havel\u00a0 v\u00a0lednu 2003 \u00a0ve funkci prezidenta \u010cR. \u00a0\u00a0Dopis osmi, \u00a0otev\u0159en\u00fd \u00a0dopis \u00a0evropsk\u00fdch \u00a0st\u00e1tn\u00edk\u016f\u00a0 vyjad\u0159uj\u00edc\u00ed podporu americk\u00e9mu z\u00e1sahu v\u00a0Ir\u00e1ku, \u010d\u00edm\u017e \u010cesk\u00e1 republika\u00a0 zaujala\u00a0 jasn\u00fd postoj podporuj\u00edc\u00ed invazi po boku USA. \u00a0Podporu \u00a0v\u00e1lce, ve \u00a0kter\u00e9\u00a0 dle nejst\u0159\u00edzliv\u011bj\u0161\u00edch odhad\u016f zem\u0159elo \u0159\u00e1dov\u011b statis\u00edce civilist\u016f a tis\u00edce koali\u010dn\u00edch voj\u00e1k\u016f. V\u00e1lka \u00a0vedouc\u00ed k\u00a0n\u00e1sledn\u00e9 \u00a0rozvr\u00e1cenosti cel\u00e9ho regionu a k\u00a0za\u010d\u00e1tku uprchlick\u00e9 vlny.<\/p>\n<p>P\u0159id\u00e1n\u00edm sv\u00e9ho podpisu k tehdej\u0161\u00ed skupince v\u00e1le\u010dn\u00fdch \u00a0\u00a0\u0161tv\u00e1\u010d\u016f \u00a0\u00a0otev\u0159el\u00a0 V\u00e1clav Havel\u00a0 \u00a0stavidla pro postupn\u00fd\u00a0 n\u00e1r\u016fst\u00a0 \u00a0militarismu v \u010desk\u00fdch kotlin\u00e1ch a vytvo\u0159il\u00a0 podhoub\u00ed pro sou\u010dasnou podobu\u00a0 fa\u0161izace\u00a0 spole\u010dnosti do kter\u00e9 n\u00e1\u0161 n\u00e1rod uvrhla ex- Fialova vl\u00e1da, kter\u00e1 \u010dasto medi\u00e1ln\u011b\u00a0 p\u0159ipom\u00ednala n\u00e1vrat sv\u00e9 politiky sm\u011brem na Havl\u016fv odkaz.<\/p>\n<p>Nen\u00ed p\u0159ekvapen\u00edm, \u017ee p\u0159edchoz\u00ed m\u00edra anga\u017eovanosti\u00a0 a politick\u00e9\u00a0 podpory \u010cR\u00a0 tehdej\u0161\u00edm\u00a0 v\u00e1le\u010dn\u00fdm z\u00e1jm\u016fm USA\u00a0 z\u016fstala bez\u00a0\u00a0 odezvy\u00a0 pro\u00a0 n\u00e1\u0161 pr\u016fmysl a firmy,\u00a0\u00a0 kdy americk\u00e9 a britsk\u00e9 firmy\u00a0 na obnovu Ir\u00e1ku v podstat\u011b nikoho nepustily.<\/p>\n<p>O\u00a0 tom, \u017ee v\u00e1lka byla chybou bylo\u00a0 v roce 2015\u00a0 dle pr\u016fzkumu\u00a0 p\u0159esv\u011bd\u010deno 51% Ameri\u010dan\u016f, 46% ji za chybu nepova\u017eovalo.\u00a0 Stejn\u011b nelichotiv\u011b \u00a0dopadne \u00a0nejen\u00a0 podobn\u00fd pr\u016fzkum po skon\u010den\u00ed SVO, ale i p\u0159\u00edle\u017eitost obnovy zbyl\u00e9 \u010d\u00e1sti Ukrajiny pro \u010desk\u00e9 firmy a st\u00e1t.<\/p>\n<p><strong><em>Miroslav Kavij<\/em><\/strong><\/p>\n<p><img decoding=\"async\" loading=\"lazy\" class=\"wp-image-94843 aligncenter\" src=\"http:\/\/www.infokuryr.cz\/n\/wp-content\/uploads\/2025\/12\/popelka-hrad-300x141.jpg\" alt=\"\" width=\"1093\" height=\"514\" srcset=\"https:\/\/www.infokuryr.cz\/n\/wp-content\/uploads\/2025\/12\/popelka-hrad-300x141.jpg 300w, https:\/\/www.infokuryr.cz\/n\/wp-content\/uploads\/2025\/12\/popelka-hrad-768x360.jpg 768w, https:\/\/www.infokuryr.cz\/n\/wp-content\/uploads\/2025\/12\/popelka-hrad.jpg 977w\" sizes=\"(max-width: 1093px) 100vw, 1093px\" \/><\/p>\n<p>&nbsp;<\/p>\n","protected":false},"excerpt":{"rendered":"<p>Dopis \u00a0\u00a0osmi\u00a0 (Jsme sjednoceni), z\u0159ejm\u011b \u00a0\u00a0posledn\u00ed\u00a0 dokument, kter\u00fd\u00a0\u00a0 podepsal \u00a0\u00a0humanista\u00a0\u00a0 V\u00e1clav Havel\u00a0 v\u00a0lednu 2003 \u00a0ve&#8230;<\/p>\n","protected":false},"author":2,"featured_media":2415,"comment_status":"closed","ping_status":"closed","sticky":false,"template":"","format":"standard","meta":[],"categories":[6],"tags":[680,2870,1503],"_links":{"self":[{"href":"https:\/\/www.infokuryr.cz\/n\/wp-json\/wp\/v2\/posts\/94956"}],"collection":[{"href":"https:\/\/www.infokuryr.cz\/n\/wp-json\/wp\/v2\/posts"}],"about":[{"href":"https:\/\/www.infokuryr.cz\/n\/wp-json\/wp\/v2\/types\/post"}],"author":[{"embeddable":true,"href":"https:\/\/www.infokuryr.cz\/n\/wp-json\/wp\/v2\/users\/2"}],"replies":[{"embeddable":true,"href":"https:\/\/www.infokuryr.cz\/n\/wp-json\/wp\/v2\/comments?post=94956"}],"version-history":[{"count":1,"href":"https:\/\/www.infokuryr.cz\/n\/wp-json\/wp\/v2\/posts\/94956\/revisions"}],"predecessor-version":[{"id":94957,"href":"https:\/\/www.infokuryr.cz\/n\/wp-json\/wp\/v2\/posts\/94956\/revisions\/94957"}],"wp:featuredmedia":[{"embeddable":true,"href":"https:\/\/www.infokuryr.cz\/n\/wp-json\/wp\/v2\/media\/2415"}],"wp:attachment":[{"href":"https:\/\/www.infokuryr.cz\/n\/wp-json\/wp\/v2\/media?parent=94956"}],"wp:term":[{"taxonomy":"category","embeddable":true,"href":"https:\/\/www.infokuryr.cz\/n\/wp-json\/wp\/v2\/categories?post=94956"},{"taxonomy":"post_tag","embeddable":true,"href":"https:\/\/www.infokuryr.cz\/n\/wp-json\/wp\/v2\/tags?post=94956"}],"curies":[{"name":"wp","href":"https:\/\/api.w.org\/{rel}","templated":true}]}}