{"id":94954,"date":"2025-12-19T07:30:53","date_gmt":"2025-12-19T06:30:53","guid":{"rendered":"https:\/\/www.infokuryr.cz\/n\/?p=94954"},"modified":"2025-12-19T07:31:38","modified_gmt":"2025-12-19T06:31:38","slug":"olivier-zajec-na-ukrajine-nebude-zadna-mirova-dohoda","status":"publish","type":"post","link":"https:\/\/www.infokuryr.cz\/n\/2025\/12\/19\/olivier-zajec-na-ukrajine-nebude-zadna-mirova-dohoda\/","title":{"rendered":"Olivier Zajec: \u201eNa Ukrajin\u011b nebude \u017e\u00e1dn\u00e1 m\u00edrov\u00e1 dohoda\u201c"},"content":{"rendered":"<div id=\"fb-root\"><\/div>\n<p><strong><span dir=\"auto\">Olivier Zajec, profesor na Univerzit\u011b Lyon III a zakladatel Institutu pro strategick\u00e1 a obrann\u00e1 studia, nevid\u00ed na Ukrajin\u011b \u017e\u00e1dnou m\u00edrovou dohodu. Je to z\u0159ejm\u00e9. EU a v\u00e1l\u010d\u00edc\u00ed zem\u011b \u2013 Francie, Spojen\u00e9 kr\u00e1lovstv\u00ed a N\u011bmecko \u2013 panika\u0159\u00ed a podporuj\u00ed Kyjev v absurdn\u00ed snaze vzdorovat Rusku t\u00edm, \u017ee d\u011blaj\u00ed v\u0161e pro to, aby tento m\u00edr sabotovaly.<\/span><\/strong><\/p>\n<p><span dir=\"auto\">Vzhledem k tomu, \u017ee USA st\u00e1hly Kyjevu podporu, ocitly se agresivn\u00ed z\u00e1padn\u00ed zem\u011b \u2013 Francie, Spojen\u00e9 kr\u00e1lovstv\u00ed a N\u011bmecko \u2013 v panice. Bez s\u00edly americk\u00e9 arm\u00e1dy jsou bezmocn\u00e9 proti Rusku, kter\u00e9 nyn\u00ed disponuje siln\u011bj\u0161\u00ed a zku\u0161en\u011bj\u0161\u00ed arm\u00e1dou ne\u017e v roce 2022. Tyto zem\u011b se sna\u017e\u00ed vnutit sv\u00fdm mlad\u00fdm lidem nutnost vstupu do arm\u00e1dy s argumentem, \u017ee veden\u00ed v\u00e1lky vy\u017eaduje obrovsk\u00fd po\u010det voj\u00e1k\u016f a p\u0159ijet\u00ed ekonomick\u00fdch a lidsk\u00fdch n\u00e1klad\u016f spojen\u00fdch s v\u00e1le\u010dn\u00fdm \u00fasil\u00edm ze strany obyvatelstva, v\u010detn\u011b rodi\u010d\u016f t\u011bchto mlad\u00fdch lid\u00ed.<\/span><\/p>\n<p><span dir=\"auto\">Z\u00e1padn\u00ed m\u00e9dia se sna\u017e\u00ed prodat a z\u00edskat pro v\u00e1lku proti Rusku uzn\u00e1n\u00ed, legitimizovat smrt mlad\u00fdch lid\u00ed a n\u00e1sledn\u00e9 soci\u00e1ln\u00ed a ekonomick\u00e9 utrpen\u00ed. Hlavn\u00edm vol\u00e1n\u00edm v t\u011bchto v\u00e1l\u010d\u00edc\u00edch zem\u00edch a v r\u00e1mci EU je sjednotit lidi t\u011bchto n\u00e1rod\u016f na podporu v\u00e1lky proti Rusku. Tyto v\u00e1l\u010d\u00edc\u00ed zem\u011b st\u00e1le sabotuj\u00ed m\u00edrov\u00e1 jedn\u00e1n\u00ed. Cht\u011bj\u00ed vykrv\u00e1cet sv\u00e9 lidi pro Kyjev, zkorumpovanou zemi, kter\u00e1 p\u0159e\u017e\u00edv\u00e1 z pen\u011bz evropsk\u00fdch da\u0148ov\u00fdch poplatn\u00edk\u016f.<\/span><\/p>\n<p><span dir=\"auto\">Pro\u010d na Ukrajin\u011b nedo\u0161lo k m\u00edrov\u00e9 dohod\u011b? Podle Oliviera Zajece\u00a0<\/span><a href=\"https:\/\/www.lexpress.fr\/monde\/europe\/il-ny-aura-pas-daccord-de-paix-en-ukraine-lanalyse-percutante-dolivier-zajec-AX7OMCUGE5GWVEZR4LEMDPQOLM\/\" target=\"_blank\" rel=\"noopener\"><span dir=\"auto\">se Trump \u201ezaj\u00edm\u00e1 pouze<\/span><\/a><span dir=\"auto\">\u00a0\u00a0o jednu v\u011bc: m\u00edsto Spojen\u00fdch st\u00e1t\u016f v mezin\u00e1rodn\u00edm syst\u00e9mu, kter\u00fd proch\u00e1z\u00ed kompletn\u00ed rekonfigurac\u00ed\u201c. \u201eJeho pl\u00e1nem je br\u00e1nit americk\u00e9 z\u00e1jmy v\u0161ude, p\u0159ed k\u00fdmkoli, v\u010detn\u011b p\u0159\u00edpad\u016f proti spojenc\u016fm a za jak\u00fdchkoli okolnost\u00ed.\u201c Trump vyv\u00edj\u00ed na Ukrajinu tlak. Sv\u011btu dominuj\u00ed \u010c\u00edna, Rusko a Spojen\u00e9 st\u00e1ty, nikoli EU. Trump se nechce dostat do ukrajinsk\u00e9ho bahna, kter\u00e9 je past\u00ed nastra\u017eenou EU a agresivn\u00edmi evropsk\u00fdmi zem\u011bmi, aby zat\u00e1hly Spojen\u00e9 st\u00e1ty do v\u00e1lky proti Rusku.<\/span><\/p>\n<p><span dir=\"auto\">Berl\u00ednsk\u00e9 setk\u00e1n\u00ed v ned\u011bli a pond\u011bl\u00ed. Podle\u00a0\u00a0<\/span><em><span dir=\"auto\">TF1<\/span><\/em><span dir=\"auto\">\u00a0\u201evedouc\u00ed p\u0159edstavitel\u00e9 hlavn\u00edch evropsk\u00fdch zem\u00ed a EU\u00a0<\/span><a href=\"https:\/\/www.tf1info.fr\/international\/en-direct-guerre-ukraine-russie-nouveaux-pourparlers-zelensky-witkoff-kusher-a-berlin-aujourd-hui-lundi-15-decembre-2025-2412781.html\" target=\"_blank\" rel=\"noopener\"><span dir=\"auto\">v<\/span><\/a><span dir=\"auto\">\u00a0\u00a0pond\u011bl\u00ed 15. prosince navrhli v\u00e9st mnohon\u00e1rodn\u00ed s\u00edly na Ukrajin\u011b a poskytovat trvalou podporu ukrajinsk\u00e9 arm\u00e1d\u011b, omezenou na 800 000 voj\u00e1k\u016f, jak uv\u00e1d\u00ed prohl\u00e1\u0161en\u00ed n\u011bmeck\u00e9 vl\u00e1dy. Tyto mnohon\u00e1rodn\u00ed s\u00edly pro Ukrajinu by se skl\u00e1daly z p\u0159\u00edsp\u011bvk\u016f ochotn\u00fdch zem\u00ed a byly by podporov\u00e1ny Spojen\u00fdmi st\u00e1ty.\u201c<\/span><\/p>\n<p><em><span dir=\"auto\">TF1<\/span><\/em><span dir=\"auto\">\u00a0\u00a0dod\u00e1v\u00e1: \u201ePodle tohoto dokumentu podepsan\u00e9ho vedouc\u00edmi p\u0159edstaviteli N\u011bmecka, Francie, Spojen\u00e9ho kr\u00e1lovstv\u00ed, D\u00e1nska, Nizozemska, Finska, Norska, It\u00e1lie, Polska, \u0160v\u00e9dska a EU se tito p\u0159edstavitel\u00e9 dohodli se Spojen\u00fdmi st\u00e1ty na spolupr\u00e1ci s c\u00edlem poskytnout Ukrajin\u011b robustn\u00ed bezpe\u010dnostn\u00ed z\u00e1ruky a opat\u0159en\u00ed na podporu hospod\u00e1\u0159sk\u00e9ho o\u017eiven\u00ed v r\u00e1mci dohody o ukon\u010den\u00ed v\u00e1lky. To by zahrnovalo podporu Ukrajiny p\u0159i budov\u00e1n\u00ed jej\u00edch ozbrojen\u00fdch sil, kter\u00e9 by m\u011bly z\u016fstat na m\u00edrov\u00e9 \u00farovni 800 000 voj\u00e1k\u016f. Zmi\u0148uj\u00ed tak\u00e9 mechanismus monitorov\u00e1n\u00ed a ov\u011b\u0159ov\u00e1n\u00ed p\u0159\u00edm\u011b\u0159\u00ed pod veden\u00edm USA.\u201c\u00a0\u00a0<\/span><em><span dir=\"auto\">Courrier International\u00a0<\/span><\/em><span dir=\"auto\">\u00a0\u00a0s odvol\u00e1n\u00edm na\u00a0<em>\u00a0Die Zeit v\u0161ak\u00a0<\/em><\/span><a href=\"https:\/\/www.courrierinternational.com\/article\/ukraine-a-berlin-une-perspective-de-paix-se-profile_238564\" target=\"_blank\" rel=\"noopener\"><span dir=\"auto\">poznamen\u00e1v\u00e1<\/span><\/a><span dir=\"auto\">\u00a0\u00a0, \u017ee \u201e\u00a0<a href=\"https:\/\/www.zeit.de\/politik\/ausland\/2025-12\/ukraine-verhandlungen-berlin-wolodymyr-selenskyj-sicherheitsgarantien\" target=\"_blank\" rel=\"noopener\">\u017e\u00e1dn\u00fd spole\u010dn\u00fd dokument<\/a>\u00a0s Ameri\u010dany dosud nebyl zve\u0159ejn\u011bn\u201c.<\/span><\/p>\n<p><span dir=\"auto\">Podle francouzsk\u00e9ho t\u00fdden\u00edku Die Zeit \u201eukrajinsk\u00fd prezident Volodymyr Zelenskyj, kter\u00fd od ned\u011ble jedn\u00e1 v Berl\u00edn\u011b s americk\u00fdmi vyslanci Stevem Witkoffem a Jaredem Kushnerem, v pond\u011bl\u00ed 15. prosince uv\u00edtal pokrok v jedn\u00e1n\u00edch s Washingtonem o ukon\u010den\u00ed v\u00e1lky s Ruskem.\u201c \u201eByli jsme vysly\u0161eni,\u201c prohl\u00e1sil a z\u00e1rove\u0148 up\u0159esnil, \u017ee n\u011bkter\u00e9 ot\u00e1zky z\u016fstaly nevy\u0159e\u0161eny, zejm\u00e9na ty t\u00fdkaj\u00edc\u00ed se \u00fazemn\u00edch n\u00e1rok\u016f Ruska.\u201c \u201eJedn\u00e1n\u00ed proto zjevn\u011b prob\u011bhla l\u00e9pe, ne\u017e se Ukrajinci ob\u00e1vali,\u201c zd\u016fraz\u0148uje\u00a0<\/span><em><span dir=\"auto\">Die Zeit\u00a0<\/span><\/em><span dir=\"auto\">\u00a0a dod\u00e1v\u00e1: \u201eP\u016fvodn\u00ed 28bodov\u00fd pl\u00e1n americk\u00e9 vl\u00e1dy a jej\u00ed nov\u00e1 strategie n\u00e1rodn\u00ed bezpe\u010dnosti hluboce zd\u011bsily n\u011bmeckou vl\u00e1du a jej\u00ed evropsk\u00e9 partnery.\u201c<\/span><\/p>\n<p><span dir=\"auto\">\u201eKdy\u017e se Zelenskyj v podve\u010der objevil p\u0159ed tiskem s n\u011bmeck\u00fdm kancl\u00e9\u0159em Friedrichem Merzem, dalo se ob\u00e1vat nejhor\u0161\u00edho.\u201c \u201eUkrajinsk\u00fd prezident, od\u011bn\u00fd v \u010dern\u00e9m od hlavy a\u017e k pat\u011b, p\u016fsobil vy\u010derpan\u011b. Zd\u00e1lo se, \u017ee je nep\u0159\u00edtomn\u00fd, jeho pohled se ztr\u00e1cel v pr\u00e1zdnot\u011b, co\u017e ost\u0159e kontrastovalo s optimistick\u00fdm poselstv\u00edm, kter\u00e9 se Friedrich Merz sna\u017eil sd\u011blit,\u201c\u00a0\u00a0<\/span><a href=\"https:\/\/www.sueddeutsche.de\/projekte\/artikel\/politik\/ukraine-russland-krieg-kushner-merz-berlin-witkoff-verhandlungen-e357231\/\" target=\"_blank\" rel=\"noopener\"><span dir=\"auto\">poznamen\u00e1v\u00e1<\/span><\/a><span dir=\"auto\">\u00a0\u00a0S\u00fcddeutsche\u00a0\u00a0<\/span><em><span dir=\"auto\">Zeitung<\/span><\/em><span dir=\"auto\">\u00a0a pokra\u010duje citac\u00ed n\u011bmeck\u00e9ho kancl\u00e9\u0159e: \u201eV posledn\u00edch dnech jsme byli sv\u011bdky siln\u00e9ho diplomatick\u00e9ho impulsu, mo\u017en\u00e1 nejv\u00fdznamn\u011bj\u0161\u00edho od za\u010d\u00e1tku v\u00e1lky.\u201c\u00a0<\/span><\/p>\n<p><span dir=\"auto\">Podle mnichovsk\u00e9ho den\u00edku Merz up\u0159esnil, \u017ee diskuse na \u00fa\u0159ad\u011b kancl\u00e9\u0159e p\u0159inesly ovoce a \u017ee to, co Spojen\u00e9 st\u00e1ty navrhly z hlediska pr\u00e1vn\u00edch a materi\u00e1ln\u00edch z\u00e1ruk, bylo skute\u010dn\u011b pozoruhodn\u00e9 a \u017ee Spojen\u00e9 st\u00e1ty budou p\u0159ipraveny zav\u00e1zat se k bezpe\u010dnosti v\u016f\u010di Ukrajin\u011b, \u201enejen na pap\u00ed\u0159e, ale i prost\u0159ednictv\u00edm vojensk\u00fdch opat\u0159en\u00ed\u201c, p\u0159i\u010dem\u017e \u2013 jak ji\u017e bylo uvedeno v\u00fd\u0161e \u2013 \u201e\u017e\u00e1dn\u00fd spole\u010dn\u00fd dokument s Ameri\u010dany dosud nebyl zve\u0159ejn\u011bn\u201c.\u00a0<\/span><\/p>\n<p><span dir=\"auto\">Dokonce i Zelenskyj zm\u00ednil z\u00e1ruky podobn\u00e9 t\u011bm v \u010dl\u00e1nku 5 smlouvy NATO, kter\u00fd stanov\u00ed vojenskou pomoc od spojenc\u016f; Ukrajina se v\u0161ak k Alianci nep\u0159ipoj\u00ed, jak Moskva po\u017eaduje ji\u017e l\u00e9ta. Jak Kreml\u00a0<\/span><a href=\"https:\/\/www.tf1info.fr\/international\/en-direct-guerre-ukraine-russie-trump-plan-de-paix-zelensky-witkoff-les-dernieres-informations-aujourd-hui-mardi-16-decembre-2025-2413021.html\" target=\"_blank\" rel=\"noopener\"><span dir=\"auto\">nazna\u010dil<\/span><\/a><span dir=\"auto\">\u00a0, \u00fa\u010dast Evropan\u016f na rozhovorech \u201enev\u011bst\u00ed nic dobr\u00e9ho\u201c. Spojen\u00e9 st\u00e1ty vedou Evropany vp\u0159ed.<\/span><\/p>\n<p><span dir=\"auto\">Velk\u00fd blaf Ameri\u010dan\u016f. Americk\u00fd politik Peter Rough pova\u017euje bezpe\u010dnostn\u00ed z\u00e1ruky v jedn\u00e1n\u00edch o ukon\u010den\u00ed v\u00e1lky na Ukrajin\u011b za kl\u00ed\u010dov\u00fd bod pro p\u0159esv\u011bd\u010den\u00ed Kyjeva k obt\u00ed\u017en\u00fdm a bolestiv\u00fdm \u00fastupk\u016fm. Ukrajina t\u011b\u017e\u00ed ze z\u00e1ruky v klauzuli NATO o vz\u00e1jemn\u00e9 obran\u011b, a\u0165 u\u017e na americk\u00e9 \u00farovni b\u011bhem berl\u00ednsk\u00fdch jedn\u00e1n\u00ed, b\u011bhem t\u011bchto jedn\u00e1n\u00ed, z hlediska americk\u00e9 d\u016fv\u011bryhodnosti nebo v r\u00e1mci procesu p\u0159ezkumu. \u201eTakov\u00fd z\u00e1vazek by byl bu\u010f velk\u00fdm blafem Ameri\u010dan\u016f, nebo americk\u00fdm z\u00e1vazkem v\u016f\u010di Ukrajin\u011b, kter\u00fd nebyl p\u0159ipraven u\u010dinit ani prezident Biden,\u201c\u00a0<\/span><a href=\"https:\/\/www.tagesspiegel.de\/internationales\/angedachte-sicherheitsgarantien-fur-die-ukraine-das-wurde-die-glaubw%C3%BCrdigkeit-der-usa-auf-die-probe-stellen-15055823.html\" target=\"_blank\" rel=\"noopener\"><span dir=\"auto\">\u0159ekl<\/span><\/a><span dir=\"auto\">\u00a0den\u00edku\u00a0\u00a0<\/span><em><span dir=\"auto\">Tagesspiegel<\/span><\/em><span dir=\"auto\">\u00a0evropsk\u00fd \u0159editel konzervativn\u00edho americk\u00e9ho think tanku Hudson Institute \u00a0. Tato bezpe\u010dnostn\u00ed z\u00e1ruka je platn\u00e1 pod podm\u00ednkou jej\u00edho potvrzen\u00ed americk\u00fdm Sen\u00e1tem a pokud jedn\u00e1n\u00ed prob\u011bhnou na Ukrajin\u011b. \u201eP\u0159esn\u00e9 zn\u011bn\u00ed dosud nebylo zve\u0159ejn\u011bno, tak\u017ee nev\u00edme p\u0159esn\u011b, co bylo navr\u017eeno,\u201c varuje berl\u00ednsk\u00fd den\u00edk. Spojen\u00e9 st\u00e1ty m\u00e1vaj\u00ed Kyjevu mrkv\u00ed, kter\u00fd se jako osel pohybuje vp\u0159ed, ani\u017e by ji kdy dostal. Trump chce donutit Zelensk\u00e9ho k \u00fastupu a postavit v\u00e1l\u010d\u00edc\u00ed zem\u011b a EU p\u0159ed hotovou v\u011bc.<\/span><\/p>\n<p><span dir=\"auto\">\u201eMerz,\u201c v domn\u011bn\u00ed, \u017ee si zajistil Trumpovu podporu, \u201em\u016f\u017ee proto s jistotou p\u0159istoupit k d\u016fle\u017eit\u00e9mu t\u00fddnu, v n\u011bm\u017e douf\u00e1, \u017ee na summitu EU vyv\u00edj\u00ed tlak na pou\u017eit\u00ed p\u0159ibli\u017en\u011b 185 miliard eur ze zmrazen\u00fdch aktiv rusk\u00e9 centr\u00e1ln\u00ed banky v EU na podporu Ukrajiny,\u201c varuje\u00a0\u00a0<\/span><em><span dir=\"auto\">Die Zeitung<\/span><\/em><span dir=\"auto\">\u00a0. \u201eP\u0159edsedkyn\u011b Evropsk\u00e9 komise Ursula von der Leyenov\u00e1\u00a0<\/span><a href=\"https:\/\/www.deutschlandfunk.de\/von-der-leyen-die-naechsten-tage-sind-entscheidend-fuer-die-finanzierung-der-ukraine-100.html\" target=\"_blank\" rel=\"noopener\"><span dir=\"auto\">trv\u00e1<\/span><\/a><span dir=\"auto\">\u00a0\u00a0na tom, \u017ee evropsk\u00fd summit, kter\u00fd se bude konat tento \u010dtvrtek, mus\u00ed bezpodm\u00edne\u010dn\u011b vy\u00fastit v rozhodnut\u00ed o financov\u00e1n\u00ed Ukrajiny. Pou\u017eit\u00ed \u201arusk\u00fdch st\u00e1tn\u00edch aktiv\u2018 je pravd\u011bpodobn\u011b nejcitliv\u011bj\u0161\u00ed ot\u00e1zkou, o kter\u00e9 bude Merz muset se sv\u00fdmi kolegy jednat,\u201c\u00a0<\/span><a href=\"https:\/\/www.sueddeutsche.de\/politik\/ukraine-krieg-newsblog-kreml-peskow-nato-truppen-li.3353907\" target=\"_blank\" rel=\"noopener\"><span dir=\"auto\">uv\u00e1d\u00ed<\/span><\/a><span dir=\"auto\">\u00a0\u00a0S\u00fcddeutsche\u00a0\u00a0<\/span><em><span dir=\"auto\">Zeitung.<\/span><\/em><\/p>\n<p><span dir=\"auto\">Agresivn\u00ed evropsk\u00e9 zem\u011b a veden\u00ed EU, v\u010detn\u011b von der Leyen a Kallas, nad\u00e1le podkop\u00e1vaj\u00ed m\u00edrov\u00e9 rozhovory zah\u00e1jen\u00e9 Washingtonem a Moskvou t\u00edm, \u017ee trvaj\u00ed na nasazen\u00ed evropsk\u00fdch vojsk na Ukrajin\u011b, aby monitorovaly p\u0159\u00edm\u011b\u0159\u00ed, kter\u00e9 Moskva odm\u00edt\u00e1, a m\u00edsto toho usiluj\u00ed o kone\u010dnou m\u00edrovou smlouvu. P\u0159\u00edtomnost\u00ed evropsk\u00fdch voj\u00e1k\u016f m\u00e1 EU v \u00famyslu zabavit rusk\u00fd majetek zmrazen\u00fd v EU. \u201eChceme vyu\u017e\u00edvat rusk\u00e9 zdroje k financov\u00e1n\u00ed ukrajinsk\u00e9 arm\u00e1dy po dobu nejm\u00e9n\u011b dvou let. Na\u0161\u00edm c\u00edlem nen\u00ed v\u00e1lku prodlu\u017eovat, ale co nejrychleji ji ukon\u010dit,\u201c\u00a0<\/span><a href=\"https:\/\/x.com\/bundeskanzler\/status\/2001324637431689486\" target=\"_blank\" rel=\"noopener\"><span dir=\"auto\">trval na sv\u00e9m<\/span><\/a><span dir=\"auto\">\u00a0Friedrich Merz. \u201eM\u00e1m pocit, \u017ee Ursula von der Leyen s podporou, nebo dokonce spolu\u00fa\u010dast\u00ed Emmanuela Macrona, d\u011bl\u00e1 v\u0161e pro to, aby k tomuto m\u00edru nedo\u0161lo,\u201c\u00a0<\/span><a href=\"https:\/\/x.com\/BFMTV\/status\/2001279154591863186\" target=\"_blank\" rel=\"noopener\"><span dir=\"auto\">odsoudila<\/span><\/a><span dir=\"auto\">\u00a0\u00a0Marine Le Pen z Bruselu.<\/span><\/p>\n<p><span dir=\"auto\">Ma\u010farsk\u00fd premi\u00e9r Viktor Orb\u00e1n v\u0161ak na serveru X zve\u0159ejnil: \u201e\u00a0<\/span><a href=\"https:\/\/x.com\/PM_ViktorOrban\/status\/2001322966894928187\" target=\"_blank\" rel=\"noopener\"><span dir=\"auto\">V\u00edt\u011bzstv\u00ed<\/span><\/a><span dir=\"auto\">\u00a0vlastenc\u016f pro Evropu: Brusel\u0161t\u00ed lid\u00e9 povolil, rusk\u00e1 aktiva nebudou na programu z\u00edt\u0159ej\u0161\u00edho zased\u00e1n\u00ed Evropsk\u00e9 rady. Komise nyn\u00ed up\u0159ednost\u0148uje spole\u010dn\u00e9 p\u016fj\u010dky, ale nenech\u00e1me na\u0161e rodiny platit \u00fa\u010det za v\u00e1lku na Ukrajin\u011b. Ne, dokud tu budeme.\u201c<\/span><\/p>\n<p><span dir=\"auto\">Olivier Zajec vysv\u011btluje d\u016fvody sta\u017een\u00ed americk\u00fdch vojsk: \u201eTrump je z t\u00e9to v\u00e1lky unaven\u00fd. V\u011b\u0159\u00ed, \u017ee Ukrajina \u2013 kter\u00e1 byla hrdinsk\u00e1 \u2013 se dr\u017e\u00ed jen d\u00edky Spojen\u00fdm st\u00e1t\u016fm a dod\u00e1vk\u00e1m zbran\u00ed ze Z\u00e1padu, a hled\u00e1 zp\u016fsoby, jak ukon\u010dit konflikt, kter\u00fd pro svou zemi nepova\u017euje za z\u00e1sadn\u00ed. Pro n\u011bj je d\u016fle\u017eit\u00e1 konfrontace, nebo alespo\u0148 konkurence, s \u010c\u00ednou. Proto\u017ee je netrp\u011bliv\u00fd, chce to ud\u011blat rychle a dohodnout se s Rusy, ani\u017e by jim dal v\u0161echno. Trump usiluje o paral\u00fdzu ve stylu Severn\u00ed Koreje. Ne tedy o m\u00edrovou dohodu, ale o p\u0159\u00edm\u011b\u0159\u00ed s vytvo\u0159en\u00edm militarizovan\u00e9 z\u00f3ny.\u201c Rusko se ocit\u00e1 samo \u010del\u00edc\u00edm partner\u016fm, kte\u0159\u00ed odm\u00edtaj\u00ed br\u00e1t v \u00favahu po\u017eadavky Moskvy, co\u017e vedlo rusk\u00e9ho prezidenta Vladimira Putina\u00a0<\/span><a href=\"https:\/\/www.lefigaro.fr\/international\/guerre-en-ukraine-vladimir-poutine-qualifie-de-mensonge-les-appels-occidentaux-a-se-preparer-a-une-guerre-contre-la-russie-20251217\" target=\"_blank\" rel=\"noopener\"><span dir=\"auto\">k varov\u00e1n\u00ed, \u017ee<\/span><\/a><span dir=\"auto\">\u00a0\u201epokud Ukrajina a Z\u00e1pad opust\u00ed m\u00edrov\u00e9 rozhovory, Rusko si n\u00e1sil\u00edm zabav\u00ed \u00fazem\u00ed, na kter\u00e1 si na Ukrajin\u011b n\u00e1rokuje\u201c.<\/span><\/p>\n<p><span dir=\"auto\">Co se bude d\u00edt po berl\u00ednsk\u00fdch jedn\u00e1n\u00edch? Po jedn\u00e1n\u00edch o Ukrajin\u011b v Berl\u00edn\u011b jsou na tento v\u00edkend napl\u00e1nov\u00e1na dal\u0161\u00ed jedn\u00e1n\u00ed. Spojen\u00e9 st\u00e1ty p\u0159edaj\u00ed v\u00fdsledky Rusku, kter\u00e9 se berl\u00ednsk\u00fdch jedn\u00e1n\u00ed nez\u00fa\u010dastnilo. Podrobnosti a na\u010dasov\u00e1n\u00ed tohoto p\u0159ed\u00e1n\u00ed z\u016fst\u00e1vaj\u00ed nejasn\u00e9. Podle n\u011bmeck\u00e9 tiskov\u00e9 agentury\u00a0\u00a0<\/span><em><span dir=\"auto\">DPA<\/span><\/em><span dir=\"auto\">\u00a0se vysok\u00fd americk\u00fd \u00fa\u0159edn\u00edk zm\u00ednil\u00a0<\/span><a href=\"https:\/\/de.nachrichten.yahoo.com\/trump-optimistisch-usa-sichern-unterst%C3%BCtzung-081000067.html\" target=\"_blank\" rel=\"noopener\"><span dir=\"auto\">o mo\u017en\u00e9m setk\u00e1n\u00ed<\/span><\/a><span dir=\"auto\">\u00a0s pracovn\u00edmi skupinami a vojensk\u00fdm person\u00e1lem o v\u00edkendu v Miami na Florid\u011b. Zat\u00edm nen\u00ed zn\u00e1mo, zda se bude jednat v\u00fdhradn\u011b o setk\u00e1n\u00ed Spojen\u00fdch st\u00e1t\u016f, nebo zda se ho z\u00fa\u010dastn\u00ed i dal\u0161\u00ed zem\u011b.<\/span><\/p>\n<p><em><span dir=\"auto\">Pierre Duval<\/span><\/em><em>\u00a0<\/em><\/p>\n<p>&nbsp;<\/p>\n","protected":false},"excerpt":{"rendered":"<p>Olivier Zajec, profesor na Univerzit\u011b Lyon III a zakladatel Institutu pro strategick\u00e1 a obrann\u00e1 studia,&#8230;<\/p>\n","protected":false},"author":2,"featured_media":94955,"comment_status":"closed","ping_status":"closed","sticky":false,"template":"","format":"standard","meta":[],"categories":[7],"tags":[1042,565,26],"_links":{"self":[{"href":"https:\/\/www.infokuryr.cz\/n\/wp-json\/wp\/v2\/posts\/94954"}],"collection":[{"href":"https:\/\/www.infokuryr.cz\/n\/wp-json\/wp\/v2\/posts"}],"about":[{"href":"https:\/\/www.infokuryr.cz\/n\/wp-json\/wp\/v2\/types\/post"}],"author":[{"embeddable":true,"href":"https:\/\/www.infokuryr.cz\/n\/wp-json\/wp\/v2\/users\/2"}],"replies":[{"embeddable":true,"href":"https:\/\/www.infokuryr.cz\/n\/wp-json\/wp\/v2\/comments?post=94954"}],"version-history":[{"count":0,"href":"https:\/\/www.infokuryr.cz\/n\/wp-json\/wp\/v2\/posts\/94954\/revisions"}],"wp:featuredmedia":[{"embeddable":true,"href":"https:\/\/www.infokuryr.cz\/n\/wp-json\/wp\/v2\/media\/94955"}],"wp:attachment":[{"href":"https:\/\/www.infokuryr.cz\/n\/wp-json\/wp\/v2\/media?parent=94954"}],"wp:term":[{"taxonomy":"category","embeddable":true,"href":"https:\/\/www.infokuryr.cz\/n\/wp-json\/wp\/v2\/categories?post=94954"},{"taxonomy":"post_tag","embeddable":true,"href":"https:\/\/www.infokuryr.cz\/n\/wp-json\/wp\/v2\/tags?post=94954"}],"curies":[{"name":"wp","href":"https:\/\/api.w.org\/{rel}","templated":true}]}}