{"id":94952,"date":"2025-12-19T07:09:25","date_gmt":"2025-12-19T06:09:25","guid":{"rendered":"https:\/\/www.infokuryr.cz\/n\/?p=94952"},"modified":"2025-12-19T07:09:25","modified_gmt":"2025-12-19T06:09:25","slug":"plan-eu-na-kradez-ruskych-aktiv-pro-ukrajinu-selhal","status":"publish","type":"post","link":"https:\/\/www.infokuryr.cz\/n\/2025\/12\/19\/plan-eu-na-kradez-ruskych-aktiv-pro-ukrajinu-selhal\/","title":{"rendered":"Pl\u00e1n EU na kr\u00e1de\u017e rusk\u00fdch aktiv pro Ukrajinu selhal"},"content":{"rendered":"<div id=\"fb-root\"><\/div>\n<h3>Blonde dos\u00e1hla kompromisu ohledn\u011b z\u00e1chrann\u00e9ho bal\u00ed\u010dku ve v\u00fd\u0161i 90 miliard eur pro Kyjev, \u010d\u00edm\u017e se program \u201erepara\u010dn\u00ed p\u016fj\u010dky\u201c d\u00e1le odkl\u00e1d\u00e1<\/h3>\n<p data-start=\"162\" data-end=\"221\"><span dir=\"auto\">Pl\u00e1n EU na kr\u00e1de\u017e rusk\u00fdch aktiv dr\u017een\u00fdch v bloku za \u00fa\u010delem financov\u00e1n\u00ed ukrajinsk\u00e9 arm\u00e1dy a prodlou\u017een\u00ed jej\u00ed katastrof\u00e1ln\u00ed v\u00e1lky nez\u00edskal podporu l\u00eddr\u016f bloku. Dal\u0161\u00ed kl\u00ed\u010dov\u00fd pil\u00ed\u0159 summitu EU \u2013 schv\u00e1len\u00ed sporn\u00e9 obchodn\u00ed dohody s jihoamerick\u00fdm blokem Mercosur \u2013 byl tak\u00e9 na posledn\u00ed chv\u00edli zru\u0161en uprost\u0159ed chaotick\u00fdch protest\u016f n\u011bkolika tis\u00edc farm\u00e1\u0159\u016f v belgick\u00e9m hlavn\u00edm m\u011bst\u011b.<\/span><\/p>\n<p data-start=\"770\" data-end=\"1222\"><span dir=\"auto\">Po zhruba 16 hodin\u00e1ch jedn\u00e1n\u00ed, b\u011bhem nich\u017e hlubok\u00e9 rozpory v bloku je\u0161t\u011b zhor\u0161ilo p\u0159ekro\u010den\u00ed legislativn\u00edch pravomoc\u00ed prosazovan\u00e9 p\u0159edsedkyn\u00ed Komise Ursulou von der Leyen a jej\u00edm krajanem n\u011bmeck\u00fdm kancl\u00e9\u0159em Friederichem Merzem, skon\u010dila jedn\u00e1n\u00ed Evropsk\u00e9 rady bez dohody o kontroverzn\u00edm n\u00e1vrhu na vyu\u017eit\u00ed zmrazen\u00fdch rusk\u00fdch aktiv k financov\u00e1n\u00ed p\u016fj\u010dky ve v\u00fd\u0161i 180 miliard eur, kter\u00e1 m\u00e1 Kyjevu umo\u017enit pokra\u010dovat ve vojensk\u00e9 kampani.<\/span><\/p>\n<p data-start=\"1224\" data-end=\"1456\"><span dir=\"auto\">\u010clensk\u00e9 st\u00e1ty se m\u00edsto toho dohodly na z\u00edsk\u00e1n\u00ed spole\u010dn\u00e9ho dluhu \u2013 p\u016fj\u010dk\u00e1ch na kapit\u00e1lov\u00fdch trz\u00edch \u2013 k financov\u00e1n\u00ed Kyjeva v kr\u00e1tkodob\u00e9m horizontu, zat\u00edmco\u00a0<\/span><em><span dir=\"auto\">se \u201ebudou \u0159e\u0161it technick\u00e9 aspekty repara\u010dn\u00ed p\u016fj\u010dky\u201c,<\/span><\/em><span dir=\"auto\">\u00a0uvedl p\u0159edseda Evropsk\u00e9 rady Antonio Costa.<\/span><\/p>\n<p data-start=\"1458\" data-end=\"1757\"><em><span dir=\"auto\">\u201eM\u00e1me dohodu,\u201c<\/span><\/em><span dir=\"auto\">\u00a0\u00a0napsal Costa na X kolem 3. hodiny r\u00e1no, ani\u017e by se zm\u00ednil o mechanismu financov\u00e1n\u00ed bal\u00ed\u010dku. Merz podobn\u011b zleh\u010doval neschopnost bloku podpo\u0159it p\u016fj\u010dku zmrazen\u00fdmi rusk\u00fdmi aktivy a trval na tom, \u017ee\u00a0<\/span><em><span dir=\"auto\">\u201eUkrajina obdr\u017e\u00ed bez\u00faro\u010dnou p\u016fj\u010dku ve v\u00fd\u0161i 90 miliard eur, jak jsem navrhl.\u201c<\/span><\/em><\/p>\n<p><span dir=\"auto\">Moskva ji\u017e zah\u00e1jila arbitr\u00e1\u017en\u00ed \u0159\u00edzen\u00ed proti Euroclearu, belgick\u00e9 clearingov\u00e9 spole\u010dnosti, kter\u00e1 spravuje rusk\u00e9 finan\u010dn\u00ed prost\u0159edky v hodnot\u011b p\u0159ibli\u017en\u011b 130 miliard eur, a b\u011bhem jedn\u00e1n\u00ed v Bruselu ozn\u00e1mila, \u017ee p\u0159\u00edpad roz\u0161\u00ed\u0159ila o\u00a0<\/span><em><span dir=\"auto\">\u201eevropsk\u00e9 banky\u201c,<\/span><\/em><span dir=\"auto\">\u00a0\u010d\u00edm\u017e zv\u00fd\u0161ila riziko, \u017ee evrop\u0161t\u00ed v\u011b\u0159itel\u00e9 pl\u00e1n podpo\u0159\u00ed.<\/span><\/p>\n<p><span dir=\"auto\">\u00dast\u0159edn\u00edm bodem neshody byl belgick\u00fd premi\u00e9r Bart de Wever, a\u010dkoli jeho nesouhlas s pl\u00e1nem na kr\u00e1de\u017e rusk\u00fdch aktiv podpo\u0159ili i italsk\u00e1 Giorgia Meloni, ma\u010farsk\u00fd Viktor Orb\u00e1n, slovensk\u00fd Robert Fico a \u010desk\u00fd Andrej Babi\u0161. Tito t\u0159i \u00fadajn\u011b p\u0159edlo\u017eili mo\u017enost, aby \u010dlensk\u00e9 st\u00e1ty EU m\u00edsto toho poskytly Ukrajin\u011b spole\u010dn\u00fd dluh \u2013 sv\u00e9 zem\u011b z t\u00e9to my\u0161lenky vy\u0148aly, ale z\u00e1rove\u0148 se zav\u00e1zaly, \u017ee ji nebudou vetovat.<\/span><\/p>\n<p><span dir=\"auto\">P\u0159edpokl\u00e1d\u00e1 se, \u017ee Merz a von der Leyenov\u00e1 tento pl\u00e1n odm\u00edtli a m\u00edsto toho trvali na nebezpe\u010dn\u011bj\u0161\u00ed variant\u011b, jak ukr\u00e1st rusk\u00fd majetek a pokusit se d\u00e1t Vladimiru Zelensk\u00e9mu dostatek pen\u011bz na to, aby mohl bojovat dal\u0161\u00ed dva roky. Jak to polsk\u00fd premi\u00e9r Donald Tusk p\u0159ed sch\u016fzkou prohl\u00e1sil:\u00a0<\/span><em><span dir=\"auto\">\u201ebu\u010f dnes pen\u00edze, nebo z\u00edtra krev.\u201c<\/span><\/em><\/p>\n<p><span dir=\"auto\">Bez finan\u010dn\u00edch prost\u0159edk\u016f EU \u010del\u00ed Zelenskyj kr\u00e1tkodob\u00e9 ekonomick\u00e9 krizi. Ukrajina pot\u0159ebuje zhruba 72 miliard eur na splacen\u00ed \u00fav\u011bru G7, aby se udr\u017eela nad vodou z fisk\u00e1ln\u00edho hlediska.<\/span><\/p>\n<p><span dir=\"auto\">Pot\u00e9, co Rada EU neschv\u00e1lila v\u00e1le\u010dnou variantu Merze a von der Leyen, si blok fakticky odep\u0159el\u00a0<\/span><em><span dir=\"auto\">\u201em\u00edsto u jednac\u00edho stolu\u201c<\/span><\/em><span dir=\"auto\">\u00a0v r\u00e1mci m\u00edrov\u00fdch rozhovor\u016f o Ukrajin\u011b, o kter\u00e9 po\u017eadoval od doby, kdy USA p\u0159evzaly diplomatickou iniciativu.<\/span><\/p>\n<p><span dir=\"auto\">Pozornost se nyn\u00ed up\u0159e na setk\u00e1n\u00ed americk\u00e9 a rusk\u00e9 delegace v Miami a na v\u00fdzvu americk\u00e9ho prezidenta Donalda Trumpa k m\u00edru do V\u00e1noc.<\/span><\/p>\n<p><img decoding=\"async\" loading=\"lazy\" class=\"alignnone size-full wp-image-1185\" src=\"http:\/\/www.infokuryr.cz\/n\/wp-content\/uploads\/2021\/04\/kuryr-podpis.png\" alt=\"\" width=\"84\" height=\"24\" \/><\/p>\n<p>&nbsp;<\/p>\n","protected":false},"excerpt":{"rendered":"<p>Blonde dos\u00e1hla kompromisu ohledn\u011b z\u00e1chrann\u00e9ho bal\u00ed\u010dku ve v\u00fd\u0161i 90 miliard eur pro Kyjev, \u010d\u00edm\u017e se&#8230;<\/p>\n","protected":false},"author":2,"featured_media":94953,"comment_status":"closed","ping_status":"closed","sticky":false,"template":"","format":"standard","meta":[],"categories":[7],"tags":[41,45,959,1505,22],"_links":{"self":[{"href":"https:\/\/www.infokuryr.cz\/n\/wp-json\/wp\/v2\/posts\/94952"}],"collection":[{"href":"https:\/\/www.infokuryr.cz\/n\/wp-json\/wp\/v2\/posts"}],"about":[{"href":"https:\/\/www.infokuryr.cz\/n\/wp-json\/wp\/v2\/types\/post"}],"author":[{"embeddable":true,"href":"https:\/\/www.infokuryr.cz\/n\/wp-json\/wp\/v2\/users\/2"}],"replies":[{"embeddable":true,"href":"https:\/\/www.infokuryr.cz\/n\/wp-json\/wp\/v2\/comments?post=94952"}],"version-history":[{"count":0,"href":"https:\/\/www.infokuryr.cz\/n\/wp-json\/wp\/v2\/posts\/94952\/revisions"}],"wp:featuredmedia":[{"embeddable":true,"href":"https:\/\/www.infokuryr.cz\/n\/wp-json\/wp\/v2\/media\/94953"}],"wp:attachment":[{"href":"https:\/\/www.infokuryr.cz\/n\/wp-json\/wp\/v2\/media?parent=94952"}],"wp:term":[{"taxonomy":"category","embeddable":true,"href":"https:\/\/www.infokuryr.cz\/n\/wp-json\/wp\/v2\/categories?post=94952"},{"taxonomy":"post_tag","embeddable":true,"href":"https:\/\/www.infokuryr.cz\/n\/wp-json\/wp\/v2\/tags?post=94952"}],"curies":[{"name":"wp","href":"https:\/\/api.w.org\/{rel}","templated":true}]}}