{"id":94950,"date":"2025-12-19T07:05:46","date_gmt":"2025-12-19T06:05:46","guid":{"rendered":"https:\/\/www.infokuryr.cz\/n\/?p=94950"},"modified":"2025-12-19T07:05:46","modified_gmt":"2025-12-19T06:05:46","slug":"orban-rozhodnuti-o-pujcce-ukrajine-priblizuje-eu-k-valce","status":"publish","type":"post","link":"https:\/\/www.infokuryr.cz\/n\/2025\/12\/19\/orban-rozhodnuti-o-pujcce-ukrajine-priblizuje-eu-k-valce\/","title":{"rendered":"Orb\u00e1n: Rozhodnut\u00ed o p\u016fj\u010dce Ukrajin\u011b p\u0159ibli\u017euje EU k v\u00e1lce"},"content":{"rendered":"<div id=\"fb-root\"><\/div>\n<h3>Ma\u010farsk\u00fd premi\u00e9r kritizoval rozhodnut\u00ed bloku poskytnout Ukrajin\u011b bez\u00faro\u010dnou p\u016fj\u010dku ve v\u00fd\u0161i 90 miliard eur.<\/h3>\n<p><span dir=\"auto\">Ma\u010farsk\u00fd premi\u00e9r Viktor Orb\u00e1n kritizoval rozhodnut\u00ed EU poskytnout Ukrajin\u011b bez\u00faro\u010dnou p\u016fj\u010dku ve v\u00fd\u0161i 90 miliard eur a varoval, \u017ee tento krok p\u0159ibli\u017euje blok\u00a0<\/span><em><span dir=\"auto\">\u201ek v\u00e1lce\u201c.<\/span><\/em><span dir=\"auto\">\u00a0Tvrdil v\u0161ak, \u017ee alternativn\u00ed pl\u00e1n na zabaven\u00ed zmrazen\u00fdch rusk\u00fdch aktiv by byl je\u0161t\u011b hor\u0161\u00ed.<\/span><\/p>\n<p><span dir=\"auto\">Orb\u00e1n v p\u00e1tek r\u00e1no pot\u00e9, co se l\u00edd\u0159i EU dohodli na spole\u010dn\u00e9m programu zadlu\u017een\u00ed, jej ozna\u010dil za z\u00e1sadn\u011b chybn\u00e9 rozhodnut\u00ed, kter\u00e9 zat\u00ed\u017e\u00ed evropsk\u00e9 da\u0148ov\u00e9 poplatn\u00edky, ani\u017e by p\u0159ineslo realistick\u00e9 v\u00fdnosy.<\/span><\/p>\n<p data-start=\"833\" data-end=\"1155\"><em><span dir=\"auto\">\u201eJe to \u0161patn\u00e9 rozhodnut\u00ed, kter\u00e9 Evropu p\u0159ibli\u017euje v\u00e1lce,\u201c<\/span><\/em><span dir=\"auto\">\u00a0\u0159ekl Orb\u00e1n, jak citovala Euronews.\u00a0<\/span><em><span dir=\"auto\">\u201eVypad\u00e1 to jako p\u016fj\u010dka, ale Ukrajinci ji samoz\u0159ejm\u011b nikdy nebudou schopni splatit. Tak\u017ee v podstat\u011b p\u0159ich\u00e1zej\u00ed o pen\u00edze. A ti, kte\u0159\u00ed za touto p\u016fj\u010dkou stoj\u00ed, ponesou odpov\u011bdnost a finan\u010dn\u00ed d\u016fsledky.\u201c<\/span><\/em><\/p>\n<p><span dir=\"auto\">Podle dohody EU z\u00edsk\u00e1 finan\u010dn\u00ed prost\u0159edky na kapit\u00e1lov\u00fdch trz\u00edch, aby v letech 2026\u20132027 poskytla Ukrajin\u011b podporu ve v\u00fd\u0161i 90 miliard eur. Kompromis p\u0159i\u0161el po dnech napjat\u00fdch jedn\u00e1n\u00ed a po krachu kontroverzn\u011bj\u0161\u00edho n\u00e1vrhu na vyu\u017eit\u00ed zmrazen\u00fdch rusk\u00fdch aktiv.<\/span><\/p>\n<p><span dir=\"auto\">Ma\u010farsko si spolu se Slovenskem a \u010ceskou republikou zajistilo v\u00fdjimky ze spole\u010dn\u00e9 dohody o p\u016fj\u010dce a nebude se pod\u00edlet na poskytov\u00e1n\u00ed z\u00e1ruk za \u00fav\u011br. Orb\u00e1n uvedl, \u017ee Budape\u0161\u0165 souhlasila se sta\u017een\u00edm veta a\u017e pot\u00e9, co z\u00edsk\u00e1 uji\u0161t\u011bn\u00ed, \u017ee Ma\u010farsko se do n\u00ed finan\u010dn\u011b nezapoj\u00ed.<\/span><\/p>\n<p data-start=\"1727\" data-end=\"1933\"><em><span dir=\"auto\">\u201eP\u016fj\u010dka vy\u017eadovala jednomysln\u00e9 rozhodnut\u00ed a nakonec jsme se vzdali pr\u00e1va veta a v\u00fdm\u011bnou za to jsme z\u00edskali v\u00fdjimku,\u201c<\/span><\/em><span dir=\"auto\">\u00a0\u0159ekl Orb\u00e1n a potvrdil, \u017ee se Ma\u010farsko kompromisn\u00edho sch\u00e9matu nez\u00fa\u010dastn\u00ed.<\/span><\/p>\n<p><span dir=\"auto\">Navzdory sv\u00e9mu nesouhlasu s kone\u010dn\u00fdm rozhodnut\u00edm premi\u00e9r uvedl, \u017ee n\u00e1vrh na pou\u017eit\u00ed zmrazen\u00fdch rusk\u00fdch aktiv k financov\u00e1n\u00ed \u201erepara\u010dn\u00ed p\u016fj\u010dky\u201c by byl mnohem nebezpe\u010dn\u011bj\u0161\u00ed.<\/span><\/p>\n<p data-start=\"2122\" data-end=\"2388\"><em><span dir=\"auto\">\u201eP\u016fj\u010dka na reparace by okam\u017eit\u011b znamenala v\u00e1lku,\u201c<\/span><\/em><span dir=\"auto\">\u00a0varoval.\u00a0<\/span><em><span dir=\"auto\">\u201eZamyslete se nad t\u00edm: existuj\u00ed dv\u011b strany, kter\u00e9 proti sob\u011b v\u00e1l\u010d\u00ed. Vy jste t\u0159et\u00ed, kter\u00e1 tam jde, bere jedn\u00e9 obrovsk\u00e9 mno\u017estv\u00ed pen\u011bz a d\u00e1v\u00e1 je jej\u00edmu nep\u0159\u00edteli. Co to znamen\u00e1? Je to v\u00e1lka.\u201c<\/span><\/em><\/p>\n<p data-start=\"2390\" data-end=\"2767\"><span dir=\"auto\">Ma\u010farsk\u00fd v\u016fdce opakovan\u011b obvinil Brusel z eskalace ukrajinsk\u00e9ho konfliktu prost\u0159ednictv\u00edm finan\u010dn\u00ed a vojensk\u00e9 podpory a z\u00e1rove\u0148 argumentoval, \u017ee EU by m\u011bla up\u0159ednost\u0148ovat diplomacii a deeskalaci. Moskva rovn\u011b\u017e odsoudila finan\u010dn\u00ed a vojenskou podporu Kyjeva ze strany Z\u00e1padu a varovala p\u0159ed pr\u00e1vn\u00edmi a ekonomick\u00fdmi d\u016fsledky.<\/span><\/p>\n<p data-start=\"2390\" data-end=\"2767\"><img decoding=\"async\" loading=\"lazy\" class=\"alignnone size-full wp-image-1185\" src=\"http:\/\/www.infokuryr.cz\/n\/wp-content\/uploads\/2021\/04\/kuryr-podpis.png\" alt=\"\" width=\"84\" height=\"24\" \/><\/p>\n<p data-start=\"2390\" data-end=\"2767\">\n","protected":false},"excerpt":{"rendered":"<p>Ma\u010farsk\u00fd premi\u00e9r kritizoval rozhodnut\u00ed bloku poskytnout Ukrajin\u011b bez\u00faro\u010dnou p\u016fj\u010dku ve v\u00fd\u0161i 90 miliard eur. Ma\u010farsk\u00fd&#8230;<\/p>\n","protected":false},"author":2,"featured_media":94951,"comment_status":"closed","ping_status":"closed","sticky":false,"template":"","format":"standard","meta":[],"categories":[7],"tags":[41,439,4177,26,40],"_links":{"self":[{"href":"https:\/\/www.infokuryr.cz\/n\/wp-json\/wp\/v2\/posts\/94950"}],"collection":[{"href":"https:\/\/www.infokuryr.cz\/n\/wp-json\/wp\/v2\/posts"}],"about":[{"href":"https:\/\/www.infokuryr.cz\/n\/wp-json\/wp\/v2\/types\/post"}],"author":[{"embeddable":true,"href":"https:\/\/www.infokuryr.cz\/n\/wp-json\/wp\/v2\/users\/2"}],"replies":[{"embeddable":true,"href":"https:\/\/www.infokuryr.cz\/n\/wp-json\/wp\/v2\/comments?post=94950"}],"version-history":[{"count":0,"href":"https:\/\/www.infokuryr.cz\/n\/wp-json\/wp\/v2\/posts\/94950\/revisions"}],"wp:featuredmedia":[{"embeddable":true,"href":"https:\/\/www.infokuryr.cz\/n\/wp-json\/wp\/v2\/media\/94951"}],"wp:attachment":[{"href":"https:\/\/www.infokuryr.cz\/n\/wp-json\/wp\/v2\/media?parent=94950"}],"wp:term":[{"taxonomy":"category","embeddable":true,"href":"https:\/\/www.infokuryr.cz\/n\/wp-json\/wp\/v2\/categories?post=94950"},{"taxonomy":"post_tag","embeddable":true,"href":"https:\/\/www.infokuryr.cz\/n\/wp-json\/wp\/v2\/tags?post=94950"}],"curies":[{"name":"wp","href":"https:\/\/api.w.org\/{rel}","templated":true}]}}