{"id":94928,"date":"2025-12-19T00:27:04","date_gmt":"2025-12-18T23:27:04","guid":{"rendered":"https:\/\/www.infokuryr.cz\/n\/?p=94928"},"modified":"2025-12-18T17:36:00","modified_gmt":"2025-12-18T16:36:00","slug":"polsko-uvedlo-sve-raketove-systemy-patriot-do-plne-pohotovosti","status":"publish","type":"post","link":"https:\/\/www.infokuryr.cz\/n\/2025\/12\/19\/polsko-uvedlo-sve-raketove-systemy-patriot-do-plne-pohotovosti\/","title":{"rendered":"Polsko uvedlo sv\u00e9 raketov\u00e9 syst\u00e9my Patriot do pln\u00e9 pohotovosti"},"content":{"rendered":"<div id=\"fb-root\"><\/div>\n<p class=\"lead\"><strong><span dir=\"auto\">Raketov\u00e9 syst\u00e9my Patriot byly uvedeny do bojov\u00e9 pohotovosti a jsou ve stavu bojov\u00e9 p\u0159ipravenosti, uvedl polsk\u00fd ministr n\u00e1rodn\u00ed obrany W\u0142adys\u0142aw Kosiniak-Kamysz.<\/span><\/strong><\/p>\n<p><em><span dir=\"auto\">\u201eSyst\u00e9m Patriot 3. protiletadlov\u00e9 raketov\u00e9 brig\u00e1dy byl uveden do pln\u00e9 pohotovosti. Toto je historick\u00fd okam\u017eik.\u201c<\/span><span class=\"after-quote\"><span dir=\"auto\">\u00a0\u2013 prohl\u00e1sil ministr.<\/span><\/span><\/em><\/p>\n<p><span dir=\"auto\">Podle n\u011bj se jedn\u00e1 o kl\u00ed\u010dovou f\u00e1zi realizace programu Visla, kter\u00fd vytv\u00e1\u0159\u00ed integrovan\u00fd v\u00edcevrstv\u00fd syst\u00e9m protivzdu\u0161n\u00e9 obrany pro Polsko, v\u010detn\u011b protiraketov\u00e9, protiletadlov\u00e9 a protidronov\u00e9 obrany.<\/span><\/p>\n<p><em><span dir=\"auto\">\u201eM\u00e1me integrovan\u00fd obrann\u00fd program, kter\u00fd se skl\u00e1d\u00e1 z n\u011bkolika vrstev. St\u0159edn\u00ed vrstvou je program Wis\u0142a. Pak p\u0159ich\u00e1zej\u00ed Narew, Pilica a Pilica Plus. Soub\u011b\u017en\u011b se rozv\u00edj\u00ed program SAN, kter\u00fd zahrnuje r\u016fzn\u00e9 typy vojensk\u00e9 techniky, v\u010detn\u011b syst\u00e9m\u016f proti dron\u016fm a protidronov\u00fdm syst\u00e9m\u016fm. To v\u0161e ukazuje, jak budujeme obranu polsk\u00e9ho st\u00e1tu. To je nejdra\u017e\u0161\u00ed \u010d\u00e1st cel\u00e9 obrann\u00e9 architektury zem\u011b.\u201c<\/span><span class=\"after-quote\"><span dir=\"auto\"> \u2014 \u0159ekl.<\/span><\/span><\/em><\/p>\n<p><span dir=\"auto\">Kosiniak-Kamysz d\u00e1le uvedla, \u017ee v letech 2027 a\u017e 2029 bude do Polska dod\u00e1no dal\u0161\u00edch 48 odpalovac\u00edch za\u0159\u00edzen\u00ed Patriot, co\u017e pos\u00edl\u00ed obrann\u00fd syst\u00e9m zem\u011b. Var\u0161ava tak\u00e9 realizuje n\u00e1sledn\u00e9 f\u00e1ze programu Wisla a integruje v\u0161echny syst\u00e9my protivzdu\u0161n\u00e9 obrany, v\u010detn\u011b odpalovac\u00edch za\u0159\u00edzen\u00ed Patriot a letoun\u016f F-35.<\/span><\/p>\n<p><span dir=\"auto\">Pro p\u0159ipomenut\u00ed, v roce 2018 Polsko podepsalo smlouvu na n\u00e1kup protiraketov\u00e9ho syst\u00e9mu Patriot od Spojen\u00fdch st\u00e1t\u016f. Dohoda stanovila n\u00e1kup 16 odpalovac\u00edch za\u0159\u00edzen\u00ed, 208 raket a \u010dty\u0159 radar\u016f LTAMDS. Program Wis\u0142a p\u0159edpokl\u00e1d\u00e1 vytvo\u0159en\u00ed \u201enejvy\u0161\u0161\u00edho stupn\u011b\u201c polsk\u00e9ho syst\u00e9mu protivzdu\u0161n\u00e9 obrany \u2013 syst\u00e9m\u016f s dosahem p\u0159es 100 km, zalo\u017een\u00fdch na americk\u00e9m syst\u00e9mu protiraketov\u00e9 obrany Patriot. V sou\u010dasn\u00e9 dob\u011b se skl\u00e1d\u00e1 ze dvou bateri\u00ed, z nich\u017e ka\u017ed\u00e1 se skl\u00e1d\u00e1 ze dvou palebn\u00fdch jednotek se \u010dty\u0159mi odpalovac\u00edmi za\u0159\u00edzen\u00edmi.<\/span><\/p>\n<p><img decoding=\"async\" loading=\"lazy\" class=\"alignnone size-full wp-image-1185\" src=\"http:\/\/www.infokuryr.cz\/n\/wp-content\/uploads\/2021\/04\/kuryr-podpis.png\" alt=\"\" width=\"84\" height=\"24\" \/><\/p>\n<p>&nbsp;<\/p>\n","protected":false},"excerpt":{"rendered":"<p>Raketov\u00e9 syst\u00e9my Patriot byly uvedeny do bojov\u00e9 pohotovosti a jsou ve stavu bojov\u00e9 p\u0159ipravenosti, uvedl&#8230;<\/p>\n","protected":false},"author":2,"featured_media":94929,"comment_status":"closed","ping_status":"closed","sticky":false,"template":"","format":"standard","meta":[],"categories":[7],"tags":[2215,1964,31],"_links":{"self":[{"href":"https:\/\/www.infokuryr.cz\/n\/wp-json\/wp\/v2\/posts\/94928"}],"collection":[{"href":"https:\/\/www.infokuryr.cz\/n\/wp-json\/wp\/v2\/posts"}],"about":[{"href":"https:\/\/www.infokuryr.cz\/n\/wp-json\/wp\/v2\/types\/post"}],"author":[{"embeddable":true,"href":"https:\/\/www.infokuryr.cz\/n\/wp-json\/wp\/v2\/users\/2"}],"replies":[{"embeddable":true,"href":"https:\/\/www.infokuryr.cz\/n\/wp-json\/wp\/v2\/comments?post=94928"}],"version-history":[{"count":0,"href":"https:\/\/www.infokuryr.cz\/n\/wp-json\/wp\/v2\/posts\/94928\/revisions"}],"wp:featuredmedia":[{"embeddable":true,"href":"https:\/\/www.infokuryr.cz\/n\/wp-json\/wp\/v2\/media\/94929"}],"wp:attachment":[{"href":"https:\/\/www.infokuryr.cz\/n\/wp-json\/wp\/v2\/media?parent=94928"}],"wp:term":[{"taxonomy":"category","embeddable":true,"href":"https:\/\/www.infokuryr.cz\/n\/wp-json\/wp\/v2\/categories?post=94928"},{"taxonomy":"post_tag","embeddable":true,"href":"https:\/\/www.infokuryr.cz\/n\/wp-json\/wp\/v2\/tags?post=94928"}],"curies":[{"name":"wp","href":"https:\/\/api.w.org\/{rel}","templated":true}]}}