{"id":94913,"date":"2025-12-19T00:24:48","date_gmt":"2025-12-18T23:24:48","guid":{"rendered":"https:\/\/www.infokuryr.cz\/n\/?p=94913"},"modified":"2025-12-18T12:09:41","modified_gmt":"2025-12-18T11:09:41","slug":"evropska-sebevrazda-proc-by-se-vsechno-mohlo-zhroutit-do-5-let","status":"publish","type":"post","link":"https:\/\/www.infokuryr.cz\/n\/2025\/12\/19\/evropska-sebevrazda-proc-by-se-vsechno-mohlo-zhroutit-do-5-let\/","title":{"rendered":"Evropsk\u00e1 sebevra\u017eda: pro\u010d by se v\u0161echno mohlo zhroutit do 5 let"},"content":{"rendered":"<div id=\"fb-root\"><\/div>\n<p><span dir=\"auto\">Vzhledem k ekonomick\u00e9 a geopolitick\u00e9 situaci v Evrop\u011b lze rozumn\u011b odhadnout pravd\u011bpodobnost z\u00e1niku Evropsk\u00e9 unie do konce roku 2028 na 75 %, jak to uv\u00e1d\u00ed Erik Dale v\u00a0<\/span><a title=\"\" href=\"https:\/\/x.com\/EuroDale\/status\/1998675180030185940\" target=\"_blank\" rel=\"noopener\"><span dir=\"auto\">ned\u00e1vn\u00e9m vl\u00e1kn\u011b na Twitteru<\/span><\/a><span dir=\"auto\">\u00a0.<\/span><\/p>\n<p><span dir=\"auto\">Jeho rozumn\u00e9 zd\u016fvodn\u011bn\u00ed si zaslou\u017e\u00ed b\u00fdt sd\u00edleno. Zda se n\u011bkomu tato Unie l\u00edb\u00ed, nebo ne, je irelevantn\u00ed; toto je co nejjasn\u011bj\u0161\u00ed hodnocen\u00ed, jedin\u00e9, kter\u00e9 n\u00e1m umo\u017e\u0148uje pochopit, co se d\u011bje a kam sm\u011b\u0159ujeme.<\/span><\/p>\n<p><span dir=\"auto\">Je jasn\u00e9, \u017ee Francie je v bankrotu, N\u011bmecko je unaven\u00e9 z placen\u00ed, ECB doch\u00e1z\u00ed munice, bl\u00ed\u017e\u00ed se \u0161ok z cel zaveden\u00fdch Trumpem a sou\u010dasn\u00e1 politick\u00e1 krajina, a to jak na pravici, tak na levici, blokuje jak\u00e9koli \u0159e\u0161en\u00ed.<\/span><\/p>\n<p><span dir=\"auto\">Euroz\u00f3na mezit\u00edm vstoupila do 3 a\u017e 5let\u00e9ho odpo\u010d\u00edt\u00e1v\u00e1n\u00ed do p\u0159est\u00e1vky, jej\u00ed\u017e \u010dasov\u00fd harmonogram by mohl b\u00fdt nast\u00edn\u011bn n\u00e1sledovn\u011b:<\/span><\/p>\n<p><strong><span dir=\"auto\">\u2022\u00a0\u00a0<\/span><\/strong><span dir=\"auto\">Do prvn\u00edho \u010dtvrtlet\u00ed roku 2026 m\u016f\u017eeme o\u010dek\u00e1vat francouzsk\u00e9 deficity ve v\u00fd\u0161i 6,5 % a\u017e 7 % a roz\u0161i\u0159uj\u00edc\u00ed se spready \u00farokov\u00fdch sazeb (u st\u00e1tn\u00edch dluhopis\u016f) ve srovn\u00e1n\u00ed s N\u011bmeckem p\u0159es\u00e1hnou 150 bazick\u00fdch bod\u016f. ECB bude muset nevyhnuteln\u011b ti\u0161e obnovit n\u00e1kupy dluhopis\u016f.<\/span><\/p>\n<p><strong><span dir=\"auto\">\u2022\u00a0\u00a0<\/span><\/strong><span dir=\"auto\">Nen\u00ed vylou\u010deno si p\u0159edstavit, \u017ee by od jara 2026 p\u0159ed\u010dasn\u00e9 volby ve Francii vedly k naprost\u00e9mu parlamentn\u00edmu chaosu. V\u00fdnosy francouzsk\u00fdch desetilet\u00fdch OAT pak otestuj\u00ed \u00farove\u0148 4 a\u017e 5 %.<\/span><\/p>\n<p><strong><span dir=\"auto\">P\u0159ich\u00e1z\u00ed l\u00e9to 2026\u00a0\u00a0<\/span><\/strong><span dir=\"auto\">a s n\u00edm i Trumpova cla tvrd\u011b ude\u0159\u00ed (co\u017e m\u00e1 za n\u00e1sledek 1,5% ztr\u00e1tu HDP v euroz\u00f3n\u011b). N\u011bmecko, kter\u00e9 se ji\u017e tak nach\u00e1z\u00ed v t\u011b\u017ek\u00e9 situaci, se propad\u00e1 do tot\u00e1ln\u00ed recese. AfD se snadno st\u00e1v\u00e1 vedouc\u00ed stranou ve v\u00fdchodn\u00edch st\u00e1tech.<\/span><\/p>\n<p><strong><span dir=\"auto\">\u2022\u00a0\u00a0<\/span><\/strong><span dir=\"auto\">Podzim 2026 nep\u0159in\u00e1\u0161\u00ed nic dobr\u00e9ho. Rozvaha ECB vykazuje dluh p\u0159es 10 bilion\u016f eur, co\u017e vedlo N\u011bmecko k hrozb\u011b odchodu z eurosyst\u00e9mu nebo zaveden\u00edm paraleln\u00edho \u00fa\u010detn\u00edho syst\u00e9mu. Vzpoura severoevropsk\u00fdch \u010dlensk\u00fdch st\u00e1t\u016f se st\u00e1v\u00e1 ve\u0159ejnou.<\/span><\/p>\n<p><strong><span dir=\"auto\">\u2022\u00a0\u00a0<\/span><\/strong><span dir=\"auto\">N\u011bkdy v roce 2027, nebo nejpozd\u011bji v roce 2028, b\u011bhem v\u0161edn\u00edho, \u0161ediv\u00e9ho v\u00edkendu, se syst\u00e9m\u00a0<\/span><a title=\"\" href=\"https:\/\/www.ecb.europa.eu\/ecb-and-you\/explainers\/tell-me\/html\/what-is-t2.fr.html\" target=\"_blank\" rel=\"noopener\"><span dir=\"auto\">TARGET2<\/span><\/a><span dir=\"auto\">\u00a0zhrout\u00ed. Jihoevropsk\u00e9 banky utrp\u00ed hromadn\u00fd v\u00fdb\u011br vklad\u016f, co\u017e vynut\u00ed jejich uzav\u0159en\u00ed a zaveden\u00ed kapit\u00e1lov\u00fdch kontrol ze strany ECB. Euro se rozpadne na dva bloky (jih\/sever)&#8230; nebo tv\u00e1\u0159\u00ed v tv\u00e1\u0159 v\u00fdsledn\u00fdm probl\u00e9m\u016fm zmiz\u00ed.<\/span><\/p>\n<p><span dir=\"auto\">V tomto okam\u017eiku Evropsk\u00e1 unie mo\u017en\u00e1 st\u00e1le existuje na pap\u00ed\u0159e, ale jednotn\u00e1 m\u011bna u\u017e definitivn\u011b zmizela. Evropsk\u00e9 instituce dok\u00e1zaly prom\u011bnit hospod\u00e1\u0159skou unii v pakt kolektivn\u00ed sebevra\u017edy.<\/span><\/p>\n<div class=\"wp-block-image\">\n<figure class=\"aligncenter size-full is-resized\"><a class=\"single-popup\" href=\"https:\/\/i0.wp.com\/reseauinternational.net\/wp-content\/uploads\/2025\/12\/image-176.png?ssl=1\"><img decoding=\"async\" loading=\"lazy\" class=\"wp-image-500593 aligncenter\" src=\"https:\/\/i0.wp.com\/reseauinternational.net\/wp-content\/uploads\/2025\/12\/image-176.png?resize=750%2C742&amp;ssl=1\" sizes=\"auto, (max-width: 750px) 100vw, 750px\" srcset=\"https:\/\/i0.wp.com\/reseauinternational.net\/wp-content\/uploads\/2025\/12\/image-176.png?w=750&amp;ssl=1 750w, https:\/\/i0.wp.com\/reseauinternational.net\/wp-content\/uploads\/2025\/12\/image-176.png?resize=300%2C297&amp;ssl=1 300w\" alt=\"\" width=\"679\" height=\"672\" data-recalc-dims=\"1\" \/><\/a><\/figure>\n<\/div>\n<p><span dir=\"auto\">A je to skute\u010dn\u011b euro, kter\u00e9 bude spou\u0161t\u011b\u010dem exploze Unie. Toto odv\u00e1\u017en\u00e9 finan\u010dn\u00ed kousky, kter\u00e9 donut\u00ed 20 extr\u00e9mn\u011b odli\u0161n\u00fdch ekonomik sd\u00edlet jednotnou m\u011bnu a jednotnou \u00farokovou sazbu stanovenou centr\u00e1ln\u00ed bankou, nemohly trvat donekone\u010dna.<\/span><\/p>\n<p><span dir=\"auto\">A euro, kter\u00e9 zde hraje pouze roli z\u00e1paln\u00e9 \u0161\u0148\u016fry, sp\u00e1l\u00ed Francie: se 115% dluhem, permanentn\u00edmi deficity p\u0159esahuj\u00edc\u00edmi 5 % a \u010dty\u0159mi premi\u00e9ry za 12 m\u011bs\u00edc\u016f prok\u00e1zala neschopnost sn\u00ed\u017eit v\u00fddaje, ani\u017e by vyvolala nepokoje.<\/span><\/p>\n<p><span dir=\"auto\">Pokud ale ECB nech\u00e1 Francii vyhl\u00e1sit bankrot, d\u016fv\u011bryhodnost eura se p\u0159es noc zhrout\u00ed. Dal\u0161\u00ed domino padne: It\u00e1lie (s re\u00e1ln\u00fdm dluhem p\u0159esahuj\u00edc\u00edm 120 %) se bu\u010f sama zhrout\u00ed, nebo sp\u011b\u0161n\u011b opust\u00ed euroz\u00f3nu, s pomoc\u00ed Meloniho sou\u010dasn\u00fdch p\u0159\u00edprav \u2013 diskr\u00e9tn\u00edch, ale proz\u00edrav\u00fdch, s jeho \u201edobr\u00fdmi oby\u010dejn\u00fdmi pokladn\u00edky\u201c \u2013 v tomto man\u00e9vru. A pokud ECB natiskne pen\u00edze na jejich z\u00e1chranu, n\u011bme\u010dt\u00ed st\u0159adatel\u00e9 budou okradeni, co\u017e povede ke vzpou\u0159e v Bundesbank a odchodu ze \u201esevern\u00edho bloku\u201c. Z\u00e1chrana Jihu sever ni\u010d\u00ed; opu\u0161t\u011bn\u00ed Jihu euro zab\u00edj\u00ed. Unie vybudovala stroj, kde ka\u017ed\u00e9 \u0159e\u0161en\u00ed je katastrofou.<\/span><\/p>\n<p><span dir=\"auto\">Dal\u0161\u00ed faktory situaci je\u0161t\u011b zhor\u0161uj\u00ed.<\/span><\/p>\n<p><strong><span dir=\"auto\">\u2022<\/span><\/strong><span dir=\"auto\">\u00a0\u00a0Nahrazen\u00edm levn\u00e9ho rusk\u00e9ho plynu p\u0159edra\u017een\u00fdm americk\u00fdm LNG si Evropa zorganizovala vlastn\u00ed deindustrializaci. N\u011bmecko nejen proch\u00e1z\u00ed t\u011b\u017ek\u00fdm obdob\u00edm; v re\u00e1ln\u00e9m \u010dase rozkl\u00e1d\u00e1 sv\u00e9 pr\u016fmyslov\u00e9 d\u011bdictv\u00ed (chemik\u00e1lie, ocel). Tato deindustrializace nep\u0159edstavuje riziko;\u00a0<\/span><a title=\"\" href=\"https:\/\/h16free.com\/2025\/10\/01\/81982-deutschland-unter-alles\" target=\"_blank\" rel=\"noopener\"><span dir=\"auto\">d\u011bje se pr\u00e1v\u011b te\u010f<\/span><\/a><span dir=\"auto\">\u00a0.<\/span><\/p>\n<p><strong><span dir=\"auto\">\u2022\u00a0\u00a0<\/span><\/strong><span dir=\"auto\">Hromad\u00ed se \u0161\u00edlen\u00e9 sm\u011brnice a na\u0159\u00edzen\u00ed. Evropsk\u00e1 unie u\u017e neprodukuje moc, ale standardy v\u00fdm\u011bnou za \u010dist\u00e9 sv\u011bdom\u00ed: Green Deal a zelen\u00e9 \u0161\u00edlenstv\u00ed na v\u0161ech \u00farovn\u00edch, kastra\u010dn\u00ed z\u00e1kon o um\u011bl\u00e9 inteligenci, povinn\u00e9 body \u201eESG\u201c podle na\u0159\u00edzen\u00ed 1444\u2026 Evropa reguluje to, co u\u017e neum\u00ed vymyslet, a ni\u010d\u00ed sv\u00e9 zem\u011bd\u011blstv\u00ed z\u00e1kazy a nesouvisl\u00fdmi dohodami o voln\u00e9m obchodu.<\/span><\/p>\n<div class=\"wp-block-image\">\n<figure class=\"aligncenter size-full is-resized\"><a class=\"single-popup\" href=\"https:\/\/i0.wp.com\/reseauinternational.net\/wp-content\/uploads\/2025\/12\/image-177.png?ssl=1\"><img decoding=\"async\" loading=\"lazy\" class=\"wp-image-500594 aligncenter\" src=\"https:\/\/i0.wp.com\/reseauinternational.net\/wp-content\/uploads\/2025\/12\/image-177.png?resize=680%2C315&amp;ssl=1\" sizes=\"auto, (max-width: 680px) 100vw, 680px\" srcset=\"https:\/\/i0.wp.com\/reseauinternational.net\/wp-content\/uploads\/2025\/12\/image-177.png?w=680&amp;ssl=1 680w, https:\/\/i0.wp.com\/reseauinternational.net\/wp-content\/uploads\/2025\/12\/image-177.png?resize=300%2C139&amp;ssl=1 300w\" alt=\"\" width=\"684\" height=\"317\" data-recalc-dims=\"1\" \/><\/a><\/figure>\n<\/div>\n<p><strong><span dir=\"auto\">\u2022\u00a0\u00a0<\/span><\/strong><span dir=\"auto\">Po\u010det obyvatel se hrout\u00ed. Kontinent se m\u011bn\u00ed v obrovsk\u00fd domov d\u016fchodc\u016f pod \u0161ir\u00fdm nebem. Mozky ut\u00edkaj\u00ed do USA nebo Asie a zanech\u00e1vaj\u00ed po sob\u011b populaci, kter\u00e1 se ka\u017ed\u00fdch 40 let sni\u017euje na polovinu. Civilizace bez ml\u00e1de\u017ee je civilizac\u00ed bez budoucnosti.<\/span><\/p>\n<p><strong><span dir=\"auto\">\u2022\u00a0\u00a0<\/span><\/strong><span dir=\"auto\">Nekontrolovan\u00e1 masov\u00e1 imigrace vytvo\u0159ila nevratn\u00e9 spole\u010densk\u00e9 trhliny a endemickou nejistotu. \u017div\u00ed n\u00e1siln\u00e9 politick\u00e9 rozd\u011blen\u00ed mezi lidmi, kte\u0159\u00ed ji odm\u00edtaj\u00ed (na V\u00fdchod\u011b), a elitami, kter\u00e9 ji vnucuj\u00ed (na Z\u00e1pad\u011b), a dl\u00e1\u017ed\u00ed tak cestu \u201epopulistick\u00fdm\u201c stran\u00e1m v cel\u00e9 Evrop\u011b: Vox ve \u0160pan\u011blsku, AfD v N\u011bmecku, RN ve Francii, Chega v Portugalsku, PVV\/FvD v Nizozemsku a Meloni u moci v It\u00e1lii.<\/span><\/p>\n<p><strong><span dir=\"auto\">\u2022\u00a0\u00a0<\/span><\/strong><span dir=\"auto\">Jedinou koordinovanou evropskou reakc\u00ed byla\u2026 cenzura soci\u00e1ln\u00edch m\u00e9di\u00ed, v\u010detn\u011b z\u00e1kona o ochran\u011b osobn\u00edch \u00fadaj\u016f (DSA) a pokut ulo\u017een\u00fdch Muskovi. Kdy\u017e se lo\u010f pot\u00e1p\u00ed, orchestr p\u0159estane hr\u00e1t; kapit\u00e1n jednodu\u0161e zak\u00e1\u017ee cestuj\u00edc\u00edm k\u0159i\u010det.<\/span><\/p>\n<p><span dir=\"auto\">Bludn\u00fd kruh je dokonal\u00fd: politick\u00e1 paral\u00fdza p\u0159i\u017eivuje ned\u016fv\u011bru na trhu, co\u017e spust\u00ed krizi eura, kter\u00e1 zp\u016fsob\u00ed kone\u010dnou explozi.<\/span><\/p>\n<p><span dir=\"auto\">N\u00e1prava situace by vy\u017eadovala \u2013 krom\u011b velmi nepravd\u011bpodobn\u00e9ho probuzen\u00ed pov\u011bdom\u00ed na \u00farovni evropsk\u00fdch l\u00eddr\u016f \u2013 \u00fapln\u00e9 zastaven\u00ed zelen\u00e9 politiky, zru\u0161en\u00ed legislativy, kter\u00e1 se stala p\u0159\u00edli\u0161 slo\u017eitou, \u00fapln\u00e9 zastaven\u00ed imigrace a hromadn\u00e9ho vyho\u0161t\u011bn\u00ed, po\u010d\u00ednaje nejnebezpe\u010dn\u011bj\u0161\u00edmi prvky (OQTF ve Francii).<\/span><\/p>\n<p><span dir=\"auto\">Bohu\u017eel, stejn\u011b jako ve Francii, kde se o hlubok\u00fdch reform\u00e1ch bude uva\u017eovat p\u0159\u00edli\u0161 pozd\u011b, se o zpochyb\u0148ov\u00e1n\u00ed t\u011bchto sebevra\u017eedn\u00fdch politik bude uva\u017eovat a\u017e pot\u00e9, co bude p\u0159izn\u00e1n\u00ed selh\u00e1n\u00ed nemo\u017en\u00e9 zamaskovat navzdory v\u0161udyp\u0159\u00edtomn\u00e9 cenzu\u0159e a propagand\u011b, p\u0159i\u010dem\u017e revoluce se spou\u0161t\u011bj\u00ed tehdy, kdy\u017e je n\u00e1kladn\u011bj\u0161\u00ed udr\u017eovat le\u017e ne\u017e p\u0159iznat pravdu.<\/span><\/p>\n<p><span dir=\"auto\">Jedin\u00fdm v\u00fdchodiskem pro evropsk\u00e9 v\u016fdce je odv\u00e9st pozornost lid\u00ed. A jak l\u00e9pe toho dos\u00e1hnout ne\u017e v\u00e1lkou, nemysl\u00edte?<\/span><\/p>\n<div class=\"wp-block-image\">\n<figure class=\"aligncenter is-resized\"><a class=\"single-popup\" href=\"https:\/\/i0.wp.com\/h16free.com\/wp-content\/uploads\/2025\/12\/gifa-to-war-lotr.gif?ssl=1\"><img decoding=\"async\" loading=\"lazy\" class=\"wp-image-82946 aligncenter\" src=\"https:\/\/i0.wp.com\/h16free.com\/wp-content\/uploads\/2025\/12\/gifa-to-war-lotr.gif?w=1090&amp;ssl=1\" alt=\"\" width=\"460\" height=\"253\" data-recalc-dims=\"1\" \/><\/a><\/figure>\n<\/div>\n<p><span dir=\"auto\">Zdroj:\u00a0<\/span><a title=\"\" href=\"https:\/\/h16free.com\/2025\/12\/17\/82900-suicide-europeen-pourquoi-tout-pourrait-seffondrer-dici-5-ans\" target=\"_blank\" rel=\"noopener\"><span dir=\"auto\">Hashtable<\/span><\/a><\/p>\n<p>&nbsp;<\/p>\n","protected":false},"excerpt":{"rendered":"<p>Vzhledem k ekonomick\u00e9 a geopolitick\u00e9 situaci v Evrop\u011b lze rozumn\u011b odhadnout pravd\u011bpodobnost z\u00e1niku Evropsk\u00e9 unie&#8230;<\/p>\n","protected":false},"author":2,"featured_media":94914,"comment_status":"closed","ping_status":"closed","sticky":false,"template":"","format":"standard","meta":[],"categories":[7],"tags":[1042,41,1068,371],"_links":{"self":[{"href":"https:\/\/www.infokuryr.cz\/n\/wp-json\/wp\/v2\/posts\/94913"}],"collection":[{"href":"https:\/\/www.infokuryr.cz\/n\/wp-json\/wp\/v2\/posts"}],"about":[{"href":"https:\/\/www.infokuryr.cz\/n\/wp-json\/wp\/v2\/types\/post"}],"author":[{"embeddable":true,"href":"https:\/\/www.infokuryr.cz\/n\/wp-json\/wp\/v2\/users\/2"}],"replies":[{"embeddable":true,"href":"https:\/\/www.infokuryr.cz\/n\/wp-json\/wp\/v2\/comments?post=94913"}],"version-history":[{"count":0,"href":"https:\/\/www.infokuryr.cz\/n\/wp-json\/wp\/v2\/posts\/94913\/revisions"}],"wp:featuredmedia":[{"embeddable":true,"href":"https:\/\/www.infokuryr.cz\/n\/wp-json\/wp\/v2\/media\/94914"}],"wp:attachment":[{"href":"https:\/\/www.infokuryr.cz\/n\/wp-json\/wp\/v2\/media?parent=94913"}],"wp:term":[{"taxonomy":"category","embeddable":true,"href":"https:\/\/www.infokuryr.cz\/n\/wp-json\/wp\/v2\/categories?post=94913"},{"taxonomy":"post_tag","embeddable":true,"href":"https:\/\/www.infokuryr.cz\/n\/wp-json\/wp\/v2\/tags?post=94913"}],"curies":[{"name":"wp","href":"https:\/\/api.w.org\/{rel}","templated":true}]}}