{"id":94901,"date":"2025-12-19T00:18:37","date_gmt":"2025-12-18T23:18:37","guid":{"rendered":"https:\/\/www.infokuryr.cz\/n\/?p=94901"},"modified":"2025-12-18T11:12:38","modified_gmt":"2025-12-18T10:12:38","slug":"byvala-expertka-letectva-v-televizi-vznasi-zavazna-obvineni-verejnosti-se-nevysvetluje-co-se-deje-v-atmosfere","status":"publish","type":"post","link":"https:\/\/www.infokuryr.cz\/n\/2025\/12\/19\/byvala-expertka-letectva-v-televizi-vznasi-zavazna-obvineni-verejnosti-se-nevysvetluje-co-se-deje-v-atmosfere\/","title":{"rendered":"B\u00fdval\u00e1 expertka letectva v televizi vzn\u00e1\u0161\u00ed z\u00e1va\u017en\u00e1 obvin\u011bn\u00ed: Ve\u0159ejnosti se nevysv\u011btluje, co se d\u011bje v atmosf\u00e9\u0159e"},"content":{"rendered":"<div id=\"fb-root\"><\/div>\n<p><span dir=\"auto\">Americk\u00fd zpravodajsk\u00fd kan\u00e1l\u00a0<\/span><strong><span dir=\"auto\">Newsmax<\/span><\/strong><span dir=\"auto\">\u00a0op\u011bt upozornil na t\u00e9ma, kter\u00e9mu se ve velk\u00fdch m\u00e9di\u00edch v\u011bnuje jen z\u0159\u00eddka nebo v\u016fbec: mo\u017en\u00e9 vl\u00e1dn\u00ed z\u00e1sahy do atmosf\u00e9ry a jejich d\u016fsledky pro zdrav\u00ed a \u017eivotn\u00ed prost\u0159ed\u00ed.<\/span><\/p>\n<p><span dir=\"auto\">B\u00fdval\u00e1 specialistka na \u017eivotn\u00ed prost\u0159ed\u00ed americk\u00e9ho letectva Kristin Megan v rozhovoru hovo\u0159ila\u00a0o\u00a0<\/span><strong><span dir=\"auto\">sv\u00fdch\u00a0<\/span><\/strong><strong><span dir=\"auto\">zku\u0161enostech<\/span><\/strong><span dir=\"auto\">\u00a0a poznatc\u00edch ze sv\u00e9 profesn\u00ed pr\u00e1ce. Megan pat\u0159\u00ed mezi ty, kte\u0159\u00ed ji\u017e l\u00e9ta poukazuj\u00ed na to, \u017ee ur\u010dit\u00e9 formy\u00a0<\/span><strong><span dir=\"auto\">geoin\u017een\u00fdrstv\u00ed a modifikace po\u010das\u00ed<\/span><\/strong><span dir=\"auto\">\u00a0nejsou jen teoreticky zkoum\u00e1ny, ale ji\u017e se zav\u00e1d\u011bj\u00ed v praxi.<\/span><\/p>\n<div class=\"twitter-tweet twitter-tweet-rendered\"><iframe id=\"twitter-widget-0\" class=\"\" title=\"X Post\" src=\"https:\/\/platform.twitter.com\/embed\/Tweet.html?dnt=false&amp;embedId=twitter-widget-0&amp;features=eyJ0ZndfdGltZWxpbmVfbGlzdCI6eyJidWNrZXQiOltdLCJ2ZXJzaW9uIjpudWxsfSwidGZ3X2ZvbGxvd2VyX2NvdW50X3N1bnNldCI6eyJidWNrZXQiOnRydWUsInZlcnNpb24iOm51bGx9LCJ0ZndfdHdlZXRfZWRpdF9iYWNrZW5kIjp7ImJ1Y2tldCI6Im9uIiwidmVyc2lvbiI6bnVsbH0sInRmd19yZWZzcmNfc2Vzc2lvbiI6eyJidWNrZXQiOiJvbiIsInZlcnNpb24iOm51bGx9LCJ0ZndfZm9zbnJfc29mdF9pbnRlcnZlbnRpb25zX2VuYWJsZWQiOnsiYnVja2V0Ijoib24iLCJ2ZXJzaW9uIjpudWxsfSwidGZ3X21peGVkX21lZGlhXzE1ODk3Ijp7ImJ1Y2tldCI6InRyZWF0bWVudCIsInZlcnNpb24iOm51bGx9LCJ0ZndfZXhwZXJpbWVudHNfY29va2llX2V4cGlyYXRpb24iOnsiYnVja2V0IjoxMjA5NjAwLCJ2ZXJzaW9uIjpudWxsfSwidGZ3X3Nob3dfYmlyZHdhdGNoX3Bpdm90c19lbmFibGVkIjp7ImJ1Y2tldCI6Im9uIiwidmVyc2lvbiI6bnVsbH0sInRmd19kdXBsaWNhdGVfc2NyaWJlc190b19zZXR0aW5ncyI6eyJidWNrZXQiOiJvbiIsInZlcnNpb24iOm51bGx9LCJ0ZndfdXNlX3Byb2ZpbGVfaW1hZ2Vfc2hhcGVfZW5hYmxlZCI6eyJidWNrZXQiOiJvbiIsInZlcnNpb24iOm51bGx9LCJ0ZndfdmlkZW9faGxzX2R5bmFtaWNfbWFuaWZlc3RzXzE1MDgyIjp7ImJ1Y2tldCI6InRydWVfYml0cmF0ZSIsInZlcnNpb24iOm51bGx9LCJ0ZndfbGVnYWN5X3RpbWVsaW5lX3N1bnNldCI6eyJidWNrZXQiOnRydWUsInZlcnNpb24iOm51bGx9LCJ0ZndfdHdlZXRfZWRpdF9mcm9udGVuZCI6eyJidWNrZXQiOiJvbiIsInZlcnNpb24iOm51bGx9fQ%3D%3D&amp;frame=false&amp;hideCard=false&amp;hideThread=false&amp;id=2000935193465495675&amp;lang=cs&amp;origin=https%3A%2F%2Funcutnews.ch%2Fehemalige-air-force-expertin-erhebt-im-tv-schwere-vorwuerfe-was-in-der-atmosphaere-passiert-wird-der-oeffentlichkeit-nicht-erklaert%2F&amp;sessionId=8c707201b7859904a291be792908dd226dc50555&amp;theme=light&amp;widgetsVersion=2615f7e52b7e0%3A1702314776716&amp;width=550px\" frameborder=\"0\" scrolling=\"no\" allowfullscreen=\"allowfullscreen\" data-tweet-id=\"2000935193465495675\" data-mce-fragment=\"1\"><\/iframe><\/div>\n<h3 class=\"wp-block-heading\"><span dir=\"auto\">Prohl\u00e1\u0161en\u00ed z vojensk\u00e9ho a technick\u00e9ho kontextu<\/span><\/h3>\n<p><span dir=\"auto\">Megan popisuje, jak se v r\u00e1mci sv\u00e9 pr\u00e1ce pro letectvo pod\u00edlela na\u00a0<\/span><strong><span dir=\"auto\">identifikaci, hodnocen\u00ed a dokumentaci nebezpe\u010dn\u00fdch materi\u00e1l\u016f<\/span><\/strong><span dir=\"auto\">\u00a0. P\u0159i tom se setkala s l\u00e1tkami, kter\u00e9 se podle jej\u00edho sv\u011bdectv\u00ed pou\u017e\u00edvaly nejen v pr\u016fmyslov\u00e9m nebo vojensk\u00e9m kontextu, ale byly tak\u00e9 detekovateln\u00e9 v atmosf\u00e9\u0159e.<\/span><\/p>\n<p><span dir=\"auto\">Odkazuje na intern\u00ed formul\u00e1\u0159e, bezpe\u010dnostn\u00ed listy a anal\u00fdzy p\u016fdy a ovzdu\u0161\u00ed, kter\u00e9 podle jej\u00edho n\u00e1zoru nazna\u010duj\u00ed systematick\u00e9 pou\u017e\u00edv\u00e1n\u00ed ur\u010dit\u00fdch l\u00e1tek. Zd\u016fraz\u0148uje tak\u00e9, \u017ee odpov\u00eddaj\u00edc\u00ed koncepty\u00a0jsou nyn\u00ed otev\u0159en\u011b diskutov\u00e1ny v odborn\u00e9 literatu\u0159e a vl\u00e1dn\u00edch dokumentech o\u00a0<\/span><strong><span dir=\"auto\">zm\u011bn\u011b klimatu .<\/span><\/strong><\/p>\n<h3 class=\"wp-block-heading\"><span dir=\"auto\">Z\u00e1kony jako ukazatel praxe v re\u00e1ln\u00e9m sv\u011bt\u011b<\/span><\/h3>\n<p><span dir=\"auto\">Kl\u00ed\u010dov\u00fdm argumentem zast\u00e1nc\u016f tohoto n\u00e1zoru je existence\u00a0<\/span><strong><span dir=\"auto\">feder\u00e1ln\u00edch a st\u00e1tn\u00edch z\u00e1kon\u016f<\/span><\/strong><span dir=\"auto\">\u00a0ur\u010den\u00fdch k regulaci nebo z\u00e1kazu manipulace s po\u010das\u00edm \u010di atmosf\u00e9rick\u00fdch z\u00e1sah\u016f. Pro Megana a dal\u0161\u00ed pozorovatele to vyvol\u00e1v\u00e1 ot\u00e1zku, pro\u010d takov\u00e9 p\u0159edpisy existuj\u00ed, pokud nemaj\u00ed praktick\u00e9 uplatn\u011bn\u00ed.<\/span><\/p>\n<p><span dir=\"auto\">Zejm\u00e9na v americk\u00fdch st\u00e1tech, jako je Florida nebo Texas, se toto t\u00e9ma v posledn\u00ed dob\u011b stalo p\u0159edm\u011btem zv\u00fd\u0161en\u00e9 politick\u00e9 diskuse \u2013 co\u017e je fakt, kter\u00e9mu se Newsmax ve sv\u00fdch report\u00e1\u017e\u00edch v\u011bnuje.<\/span><\/p>\n<h3 class=\"wp-block-heading\"><span dir=\"auto\">Zdravotn\u00ed a environment\u00e1ln\u00ed probl\u00e9my<\/span><\/h3>\n<p><span dir=\"auto\">V rozhovoru Megan tak\u00e9 poukazuje na potenci\u00e1ln\u00ed\u00a0<\/span><strong><span dir=\"auto\">zdravotn\u00ed \u00fa\u010dinky<\/span><\/strong><span dir=\"auto\">\u00a0, kter\u00e9 spojuje s ur\u010dit\u00fdmi kovy a solemi. Podle n\u00ed by se tyto mohly do lidsk\u00e9ho t\u011bla dostat vdechnut\u00edm a sr\u00e1\u017een\u00edm a m\u00edt dlouhodob\u00e9 n\u00e1sledky pro kosti, nervov\u00fd a kardiovaskul\u00e1rn\u00ed syst\u00e9m.<\/span><\/p>\n<p><span dir=\"auto\">Tato prohl\u00e1\u0161en\u00ed jsou mnoha v\u011bdci vn\u00edm\u00e1na kriticky, zat\u00edmco zast\u00e1nci nez\u00e1visl\u00e9ho v\u00fdzkumu po\u017eaduj\u00ed\u00a0<\/span><strong><span dir=\"auto\">otev\u0159en\u00fd a transparentn\u00ed p\u0159ezkum<\/span><\/strong><span dir=\"auto\">\u00a0zm\u00edn\u011bn\u00fdch l\u00e1tek a nam\u011b\u0159en\u00fdch dat.<\/span><\/p>\n<h3 class=\"wp-block-heading\"><span dir=\"auto\">Ml\u010denlivost m\u00e9di\u00ed \u2013 \u00famysln\u00e9 opomenut\u00ed, nebo opatrnost?<\/span><\/h3>\n<p><span dir=\"auto\">Je pozoruhodn\u00e9, \u017ee se velk\u00e9 medi\u00e1ln\u00ed spole\u010dnosti tomuto t\u00e9matu do zna\u010dn\u00e9 m\u00edry vyh\u00fdbaj\u00ed nebo se j\u00edm zab\u00fdvaj\u00ed jen okrajov\u011b. Zat\u00edmco kritici to vn\u00edmaj\u00ed jako nutnou zdr\u017eenlivost v\u016f\u010di tez\u00edm, kter\u00e9 dosud nebyly definitivn\u011b vyhodnoceny, jin\u00ed tuto zdr\u017eenlivost interpretuj\u00ed jako\u00a0<\/span><strong><span dir=\"auto\">ml\u010den\u00ed m\u00e9di\u00ed<\/span><\/strong><span dir=\"auto\">\u00a0k nep\u0159\u00edjemn\u00fdm ot\u00e1zk\u00e1m.<\/span><\/p>\n<p><span dir=\"auto\">Newsmax se zde z\u00e1m\u011brn\u011b odli\u0161n\u011b pozicionuje a zjevn\u011b ch\u00e1pe svou roli v tom, \u017ee d\u00e1v\u00e1 hlas t\u011bm, kte\u0159\u00ed jsou mimo medi\u00e1ln\u00ed mainstream.<\/span><\/p>\n<h3 class=\"wp-block-heading\"><span dir=\"auto\">Z\u00e1v\u011br<\/span><\/h3>\n<p><span dir=\"auto\">Bez ohledu na hodnocen\u00ed p\u0159edlo\u017een\u00fdch argument\u016f rozhovor ukazuje p\u0159edev\u0161\u00edm jednu v\u011bc:<\/span><br \/>\n<span dir=\"auto\">Debata o\u00a0<\/span><strong><span dir=\"auto\">geoin\u017een\u00fdrstv\u00ed, modifikaci po\u010das\u00ed a jeho mo\u017en\u00fdch d\u016fsledc\u00edch<\/span><\/strong><span dir=\"auto\">\u00a0je skute\u010dn\u00e1, mezin\u00e1rodn\u011b veden\u00e1 a politicky relevantn\u00ed.<\/span><\/p>\n<p><span dir=\"auto\">Newsmax pom\u00e1h\u00e1 dostat tuto diskusi do pov\u011bdom\u00ed ve\u0159ejnosti \u2013 v medi\u00e1ln\u00edm prost\u0159ed\u00ed, kde se mnoho z t\u011bchto ot\u00e1zek klade jen z\u0159\u00eddka. Zda lze obvin\u011bn\u00ed pln\u011b dolo\u017eit, z\u016fst\u00e1v\u00e1 p\u0159edm\u011btem dal\u0161\u00edho \u0161et\u0159en\u00ed. Jedna v\u011bc je v\u0161ak jasn\u00e1: probl\u00e9m nezmiz\u00ed t\u00edm, \u017ee bude ignorov\u00e1n.<\/span><\/p>\n<p><img decoding=\"async\" loading=\"lazy\" class=\"alignnone size-full wp-image-1185\" src=\"http:\/\/www.infokuryr.cz\/n\/wp-content\/uploads\/2021\/04\/kuryr-podpis.png\" alt=\"\" width=\"84\" height=\"24\" \/><\/p>\n<p>&nbsp;<\/p>\n","protected":false},"excerpt":{"rendered":"<p>Americk\u00fd zpravodajsk\u00fd kan\u00e1l\u00a0Newsmax\u00a0op\u011bt upozornil na t\u00e9ma, kter\u00e9mu se ve velk\u00fdch m\u00e9di\u00edch v\u011bnuje jen z\u0159\u00eddka nebo&#8230;<\/p>\n","protected":false},"author":2,"featured_media":94902,"comment_status":"closed","ping_status":"closed","sticky":false,"template":"","format":"standard","meta":[],"categories":[7],"tags":[1143,2173,5404,2700],"_links":{"self":[{"href":"https:\/\/www.infokuryr.cz\/n\/wp-json\/wp\/v2\/posts\/94901"}],"collection":[{"href":"https:\/\/www.infokuryr.cz\/n\/wp-json\/wp\/v2\/posts"}],"about":[{"href":"https:\/\/www.infokuryr.cz\/n\/wp-json\/wp\/v2\/types\/post"}],"author":[{"embeddable":true,"href":"https:\/\/www.infokuryr.cz\/n\/wp-json\/wp\/v2\/users\/2"}],"replies":[{"embeddable":true,"href":"https:\/\/www.infokuryr.cz\/n\/wp-json\/wp\/v2\/comments?post=94901"}],"version-history":[{"count":0,"href":"https:\/\/www.infokuryr.cz\/n\/wp-json\/wp\/v2\/posts\/94901\/revisions"}],"wp:featuredmedia":[{"embeddable":true,"href":"https:\/\/www.infokuryr.cz\/n\/wp-json\/wp\/v2\/media\/94902"}],"wp:attachment":[{"href":"https:\/\/www.infokuryr.cz\/n\/wp-json\/wp\/v2\/media?parent=94901"}],"wp:term":[{"taxonomy":"category","embeddable":true,"href":"https:\/\/www.infokuryr.cz\/n\/wp-json\/wp\/v2\/categories?post=94901"},{"taxonomy":"post_tag","embeddable":true,"href":"https:\/\/www.infokuryr.cz\/n\/wp-json\/wp\/v2\/tags?post=94901"}],"curies":[{"name":"wp","href":"https:\/\/api.w.org\/{rel}","templated":true}]}}