{"id":94850,"date":"2025-12-18T00:30:59","date_gmt":"2025-12-17T23:30:59","guid":{"rendered":"https:\/\/www.infokuryr.cz\/n\/?p=94850"},"modified":"2025-12-17T22:49:33","modified_gmt":"2025-12-17T21:49:33","slug":"evropsti-politici-spolu-s-evropskou-komisi-nas-podvodem-zenou-do-nekonecne-valky","status":"publish","type":"post","link":"https:\/\/www.infokuryr.cz\/n\/2025\/12\/18\/evropsti-politici-spolu-s-evropskou-komisi-nas-podvodem-zenou-do-nekonecne-valky\/","title":{"rendered":"Evrop\u0161t\u00ed politici spolu s Evropskou komis\u00ed n\u00e1s podvodem \u017eenou do nekone\u010dn\u00e9 v\u00e1lky"},"content":{"rendered":"<div id=\"fb-root\"><\/div>\n<p><strong>N\u00e1sleduje\u00a0<a href=\"https:\/\/www.politico.eu\/article\/eu-approves-legal-workaround-sideline-hungary-orban-russia-assets-frozen-forever\/\" target=\"_blank\" rel=\"external noopener\">p\u0159eklad \u010dl\u00e1nku z Politico.eu<\/a>.<\/strong><\/p>\n<p><strong>Rusk\u00fd st\u00e1tn\u00ed majetek v Evrop\u011b by mohl z\u016fstat trvale zmrazen na z\u00e1klad\u011b pr\u00e1vn\u00edho mechanismu, kter\u00fd ve \u010dtvrtek schv\u00e1lili p\u0159edstavitel\u00e9 \u010dlensk\u00fdch zem\u00ed EU.<\/strong><\/p>\n<p>D\u00e1nsk\u00e9 p\u0159edsednictv\u00ed Rady ve \u010dtvrtek ozn\u00e1milo, \u017ee velvyslanci EU p\u0159edali Evropsk\u00e9 komisi mimo\u0159\u00e1dn\u00e9 pravomoci, aby mohla zablokovat rusk\u00fd st\u00e1tn\u00ed majetek v hodnot\u011b 210 miliard eur, dokud Kreml nezaplat\u00ed Ukrajin\u011b pov\u00e1le\u010dn\u00e9 reparace.<\/p>\n<p>Uvedlo, \u017ee se velvyslanci \u201edohodli na revidovan\u00e9 verzi n\u00e1vrhu podle \u010dl\u00e1nku 122 a schv\u00e1lili zah\u00e1jen\u00ed p\u00edsemn\u00e9ho postupu pro form\u00e1ln\u00ed rozhodnut\u00ed Rady do z\u00edt\u0159ka (12. prosince) kolem 17:00.\u201c Rozhodnut\u00ed bylo p\u0159ijato \u201evelmi jasnou v\u011bt\u0161inou\u201c.<\/p>\n<p>Tento pr\u00e1vn\u00ed mechanismus zasadil velkou r\u00e1nu nad\u011bj\u00edm Ruska na rozmrazen\u00ed jeho pen\u011bz v r\u00e1mci pov\u00e1le\u010dn\u00e9ho m\u00edrov\u00e9ho urovn\u00e1n\u00ed \u2013 my\u0161lenky, kterou prosazuje americk\u00fd prezident Donald Trump, ale kter\u00e1 z\u016fst\u00e1v\u00e1\u00a0<a href=\"https:\/\/www.politico.eu\/article\/steve-witkoff-needs-a-psychiatrist-europeans-fume-at-donald-trump-plan-to-profit-from-frozen-russian-assets\/\" target=\"_blank\" rel=\"external noopener\">v Evrop\u011b nepopul\u00e1rn\u00ed<\/a>.<\/p>\n<p>Nov\u00e9 nouzov\u00e9 pravomoci EU z\u016fstanou v platnosti, dokud \u201e<i>Rusko neukon\u010d\u00ed svou agresivn\u00ed v\u00e1lku proti Ukrajin\u011b a neposkytne Ukrajin\u011b reparace<\/i>\u201c, uv\u00e1d\u00ed se v pr\u00e1vn\u00edm textu, kter\u00fd vid\u011bl server POLITICO a kter\u00fd ve \u010dtvrtek odpoledne podpo\u0159ili velvyslanci EU.<\/p>\n<p>Toto pr\u00e1vn\u00ed \u0159e\u0161en\u00ed, kter\u00e9 je pro Ukrajinu velk\u00fdm impulsem, v\u00fdrazn\u011b sni\u017euje pravd\u011bpodobnost, \u017ee prokremelsk\u00e9 zem\u011b v Evrop\u011b, jako je Ma\u010farsko a Slovensko, vr\u00e1t\u00ed zmrazen\u00e9 finan\u010dn\u00ed prost\u0159edky Rusku.<\/p>\n<p>Klauzule o nouzov\u00e9m stavu fakticky p\u0159epracov\u00e1v\u00e1\u00a0<a href=\"https:\/\/www.politico.eu\/article\/russian-assets-loan-war-in-ukraine-belgium\/\" target=\"_blank\" rel=\"external noopener\">st\u00e1vaj\u00edc\u00ed pravidla<\/a>, kter\u00e1 nut\u00ed zem\u011b EU jednomysln\u011b znovu schvalovat sankce ka\u017ed\u00fdch \u0161est m\u011bs\u00edc\u016f.<\/p>\n<p>Zem\u011b sp\u0159\u00e1telen\u00e9 s Kremlem tak ztrat\u00ed pravomoc uvolnit sankce pouh\u00fdm hlasov\u00e1n\u00edm \u201ene\u201c o obnoven\u00ed sankc\u00ed. Pokud by se tak stalo pot\u00e9, co EU poskytla Kyjevu p\u016fj\u010dku krytou aktivy, muselo by 27 zem\u00ed EU p\u016fj\u010dku Rusku splatit.<\/p>\n<p>EU od\u016fvodnila tuto z\u00e1sadn\u00ed pr\u00e1vn\u00ed zm\u011bnu t\u00edm, \u017ee navr\u00e1cen\u00ed aktiv Rusku by zp\u016fsobilo chaos v ekonomice EU \u2013 a potenci\u00e1ln\u011b by podn\u00edtilo hybridn\u00ed \u00fatoky Kremlu v cel\u00e9m bloku.<\/p>\n<p>\u201e<i>Ponech\u00e1n\u00ed zmrazen\u00fdch aktiv je vhodn\u00e9 opat\u0159en\u00ed, aby se zabr\u00e1nilo dal\u0161\u00edm dopad\u016fm bezprecedentn\u00edho rozsahu na hospod\u00e1\u0159skou situaci Unie zp\u016fsoben\u00fdch jedn\u00e1n\u00edm Ruska,<\/i>\u201c napsala Komise v pr\u00e1vn\u00edm textu.<\/p>\n<p>Ma\u010farsko v\u0161ak pozd\u011bji ve\u00a0<a href=\"https:\/\/x.com\/HungaryintheEU\/status\/1999153295454003236?s=20\" target=\"_blank\" rel=\"external noopener\">ve\u0159ejn\u00e9m prohl\u00e1\u0161en\u00ed<\/a>\u00a0napadlo rozhodnut\u00ed s od\u016fvodn\u011bn\u00edm, \u017ee poru\u0161uje pr\u00e1vo EU a ohro\u017euje neutralitu Komise.<\/p>\n<p>Slovensk\u00fd premi\u00e9r Robert Fico\u00a0<a href=\"https:\/\/www.politico.eu\/wp-content\/uploads\/2025\/12\/11\/Letter-PM-Fico-PEC-Costa-EUCO-December-2025.pdf\" target=\"_blank\" rel=\"external noopener\">tak\u00e9 napsal<\/a>\u00a0p\u0159edsedovi Evropsk\u00e9 rady Ant\u00f3niovi Costovi, aby vyj\u00e1d\u0159il nesouhlas sv\u00e9 vl\u00e1dy s \u201e<i>jak\u00fdmkoli \u0159e\u0161en\u00edm finan\u010dn\u00edch pot\u0159eb Ukrajiny, kter\u00e9 by zahrnovalo pokryt\u00ed vojensk\u00fdch v\u00fddaj\u016f Ukrajiny v nadch\u00e1zej\u00edc\u00edch letech<\/i>\u201c.<\/p>\n<p>Komise EU\u00a0<a href=\"https:\/\/www.politico.eu\/article\/russian-assets-loan-war-in-ukraine-belgium\/\" target=\"_blank\" rel=\"external noopener\">p\u016fvodn\u011b navrhla<\/a>\u00a0pr\u00e1vn\u00ed mechanismus k pos\u00edlen\u00ed samostatn\u00e9ho pl\u00e1nu na mobilizaci 210 miliard eur zmrazen\u00fdch rusk\u00fdch aktiv pro Ukrajinu, z nich\u017e v\u011bt\u0161inu dr\u017e\u00ed belgick\u00e1 banka Euroclear.<\/p>\n<p>Belgie se v\u0161ak proti pl\u00e1nu stav\u00ed z obavy, \u017ee pokud Rusko zmrazen\u00e9 pen\u00edze z\u00edsk\u00e1 zp\u011bt, bude muset p\u016fj\u010dku splatit.<\/p>\n<p>Aby Komise zm\u00edrnila obavy Belgie, odstranila z pr\u00e1vn\u00edho n\u00e1vrhu, kter\u00fd byl ve \u010dtvrtek schv\u00e1len, zm\u00ednky o p\u016fj\u010dce.<\/p>\n<h2><a href=\"https:\/\/x.com\/HungaryintheEU\/status\/1999153295454003236?s=20\" target=\"_blank\" rel=\"external noopener\">Ve\u0159ejn\u00e9 prohl\u00e1\u0161en\u00ed Ma\u010farska<\/a><\/h2>\n<p><em>\u201cProhl\u00e1\u0161en\u00ed Ma\u010farska k na\u0159\u00edzen\u00ed Rady o mimo\u0159\u00e1dn\u00fdch opat\u0159en\u00edch k \u0159e\u0161en\u00ed v\u00e1\u017en\u00fdch hospod\u00e1\u0159sk\u00fdch obt\u00ed\u017e\u00ed zp\u016fsoben\u00fdch akcemi Ruska v souvislosti s v\u00e1lkou proti Ukrajin\u011b<\/em><\/p>\n<p><em>Ma\u010farsko je hluboce znepokojeno ned\u00e1vnou tendenc\u00ed obch\u00e1zet postupy jednomysln\u00e9ho rozhodov\u00e1n\u00ed v oblasti spole\u010dn\u00e9 zahrani\u010dn\u00ed a bezpe\u010dnostn\u00ed politiky, a zejm\u00e9na snahou p\u0159ij\u00edmat omezuj\u00edc\u00edch opat\u0159en\u00ed \u2013 v souvislosti s p\u0159eru\u0161en\u00edm nebo omezen\u00edm hospod\u00e1\u0159sk\u00fdch a finan\u010dn\u00edch vztah\u016f se t\u0159et\u00ed zem\u00ed \u2013 na pr\u00e1vn\u00edch z\u00e1kladech odli\u0161n\u00fdch od \u010dl\u00e1nku 215 SFEU a bez p\u0159edchoz\u00edho rozhodnut\u00ed, p\u0159ijat\u00e9ho jednomysln\u011b v souladu s kapitolou 2 hlavy V Smlouvy o EU.<\/em><\/p>\n<p><em>Litujeme, \u017ee se Evropsk\u00e1 komise, kter\u00e1 nyn\u00ed takov\u00fd p\u0159\u00edstup tenden\u010dn\u011b podporuje, vzdala sv\u00e9 role str\u00e1\u017ekyn\u011b Smluv, aby prosadila svou politickou agendu obch\u00e1zen\u00edm rozhodovac\u00edch postup\u016f a pravidel hlasov\u00e1n\u00ed zakotven\u00fdch ve Smlouv\u00e1ch, a t\u00edm vedla Radu k pr\u00e1vn\u011b neod\u016fvodn\u011bn\u00fdm rozhodnut\u00edm a riziku pr\u00e1vn\u00edch spor\u016f.<\/em><\/p>\n<p><em>Pokud jde o dot\u010den\u00e9 na\u0159\u00edzen\u00ed, Ma\u010farsko nem\u016f\u017ee souhlasit se z\u00e1v\u011brem, \u017ee \u010dl\u00e1nek 122 odst. 1 SFEU p\u0159edstavuje spr\u00e1vn\u00fd pr\u00e1vn\u00ed z\u00e1klad pro p\u0159ijet\u00ed pl\u00e1novan\u00fdch opat\u0159en\u00ed. Podle ust\u00e1len\u00e9 judikatury mus\u00ed b\u00fdt volba pr\u00e1vn\u00edho z\u00e1kladu pro opat\u0159en\u00ed Evropsk\u00e9 unie zalo\u017eena na objektivn\u00edch faktorech, kter\u00e9 lze soudn\u011b p\u0159ezkoumat, a kter\u00e9 zahrnuj\u00ed c\u00edl a obsah dan\u00e9ho opat\u0159en\u00ed. (viz nap\u0159. rozsudek ve v\u011bci C-490\/10, s. 44)<\/em><\/p>\n<p><em>Ma\u010farsko poznamen\u00e1v\u00e1, \u017ee tzv. mimo\u0159\u00e1dn\u00e1 opat\u0159en\u00ed, kter\u00e1 maj\u00ed b\u00fdt stanovena t\u00edmto na\u0159\u00edzen\u00edm (tj. z\u00e1kaz p\u0159evodu aktiv nebo rezerv Rusk\u00e9 centr\u00e1ln\u00ed banky a souvisej\u00edc\u00edch subjekt\u016f), jsou de facto sankcemi, kter\u00e9 maj\u00ed v podstat\u011b stejnou formu a \u00fa\u010dinek jako omezuj\u00edc\u00ed opat\u0159en\u00ed, kter\u00e9 ji\u017e plat\u00ed soub\u011b\u017en\u011b v r\u00e1mci sank\u010dn\u00edho re\u017eimu (tj. imobilizace aktiv a rezerv Rusk\u00e9 centr\u00e1ln\u00ed banky) podle \u010dl\u00e1nku 29 Smlouvy o EU a \u010dl\u00e1nku 215 Smlouvy o fungov\u00e1n\u00ed EU.<\/em><\/p>\n<p><em>Z kontextu cel\u00e9ho bal\u00ed\u010dku navr\u017een\u00e9ho Komis\u00ed, jako\u017e i souvisej\u00edc\u00edch politick\u00fdch prohl\u00e1\u0161en\u00ed, je rovn\u011b\u017e z\u0159ejm\u00e9, \u017ee hlavn\u00edm c\u00edlem tohoto na\u0159\u00edzen\u00ed je udr\u017eet rusk\u00fd majetek zmrazen\u00fd, dokud Rusko neukon\u010d\u00ed svou agresivn\u00ed v\u00e1lku proti Ukrajin\u011b a nenahrad\u00ed j\u00ed \u0161kody zp\u016fsoben\u00e9 v\u00e1lkou.<\/em><\/p>\n<p><em>Tohoto druh\u00e9ho c\u00edle v\u0161ak bylo mo\u017en\u00e9 dos\u00e1hnout pouze v r\u00e1mci postupu pro p\u0159ij\u00edm\u00e1n\u00ed, prodlou\u017een\u00ed nebo zm\u011bnu omezuj\u00edc\u00edch opat\u0159en\u00ed zalo\u017een\u00e9ho na Smlouv\u011b, tj. na z\u00e1klad\u011b \u010dl\u00e1nku 29 SEU a \u010dl\u00e1nku 215 SFEU.<\/em><\/p>\n<p><em>To je z\u0159ejm\u00e9 jak obecn\u011b z ust\u00e1len\u00e9 judikatury Soudn\u00edho dvora EU, kter\u00e1 stanov\u00ed, \u017ee pokud Smlouva obsahuje konkr\u00e9tn\u011bj\u0161\u00ed ustanoven\u00ed, kter\u00e9 m\u016f\u017ee tvo\u0159it pr\u00e1vn\u00ed z\u00e1klad dan\u00e9ho opat\u0159en\u00ed, mus\u00ed b\u00fdt opat\u0159en\u00ed zalo\u017eeno na tomto ustanoven\u00ed (viz nap\u0159. rozsudek ve v\u011bci C-155\/07, s. 34), tak zejm\u00e9na ze zn\u011bn\u00ed \u010dl. 122 odst. 1 SFEU, kter\u00fd lze pou\u017e\u00edt pouze bez \u00fajmy na jak\u00fdchkoli jin\u00fdch postupech stanoven\u00fdch ve Smlouv\u00e1ch.<\/em><\/p>\n<p><em>Ma\u010farsko rovn\u011b\u017e p\u0159ipom\u00edn\u00e1, \u017ee jak potvrzuje judikatura Soudn\u00edho dvora EU (nap\u0159. rozsudek ve v\u011bci C-5\/73), jako\u017e i Pr\u00e1vn\u00ed slu\u017eby Rady (dok. st 9062\/20), opat\u0159en\u00ed p\u0159ijat\u00e1 podle \u010dl\u00e1nku 122 odst. 1 SFEU mus\u00ed b\u00fdt do\u010dasn\u00e1.<\/em><\/p>\n<p><em>Tato podm\u00ednka nen\u00ed spln\u011bna v p\u0159\u00edpad\u011b na\u0159\u00edzen\u00ed, kter\u00e9 zav\u00e1d\u00ed opat\u0159en\u00ed na dobu neur\u010ditou, je\u017e by p\u0159estala platit pouze tehdy, pokud by tak rozhodla kvalifikovan\u00e1 v\u011bt\u0161ina \u010dlensk\u00fdch st\u00e1t\u016f za p\u0159edpokladu, \u017ee nastanou velmi nepravd\u011bpodobn\u00e9 okolnosti (Rusko ukon\u010d\u00ed svou agresivn\u00ed v\u00e1lku proti Ukrajin\u011b, poskytne Ukrajin\u011b reparace v rozsahu nezbytn\u00e9m pro rekonstrukci bez nep\u0159\u00edzniv\u00fdch hospod\u00e1\u0159sk\u00fdch nebo finan\u010dn\u00edch d\u016fsledk\u016f pro Unii; a pokud rusk\u00e9 kroky v souvislosti s jeho agresivn\u00ed v\u00e1lkou proti Ukrajin\u011b objektivn\u011b p\u0159estanou p\u0159edstavovat v\u00e1\u017en\u00e9 riziko z\u00e1va\u017en\u00fdch obt\u00ed\u017e\u00ed pro ekonomiku Unie a jej\u00edch \u010dlensk\u00fdch st\u00e1t\u016f).<\/em><\/p>\n<p><em>Slu\u010ditelnost takov\u00fdch opat\u0159en\u00ed se z\u00e1sadou proporcionality rovn\u011b\u017e vyvol\u00e1v\u00e1 opr\u00e1vn\u011bn\u00e9 ot\u00e1zky.<\/em><\/p>\n<p><em>Ma\u010farsko d\u00e1le poznamen\u00e1v\u00e1, \u017ee duplikac\u00ed opat\u0159en\u00ed, kter\u00e1 ji\u017e existuj\u00ed na z\u00e1klad\u011b jin\u00e9ho pr\u00e1vn\u00edho z\u00e1kladu, p\u0159ijat\u00e9 na\u0159\u00edzen\u00ed vytv\u00e1\u0159\u00ed p\u0159ekr\u00fdv\u00e1n\u00ed a vede k obt\u00ed\u017e\u00edm p\u0159i uplat\u0148ov\u00e1n\u00ed, ke zv\u00fd\u0161en\u00ed zbyte\u010dn\u00e9 administrativn\u00ed z\u00e1t\u011b\u017ee a k podkop\u00e1n\u00ed pr\u00e1vn\u00ed jistoty.<\/em><\/p>\n<p><em>P\u0159ijet\u00ed tohoto na\u0159\u00edzen\u00ed p\u0159edstavuje ne\u0161\u0165astn\u00fd precedent, kter\u00fd je symbolick\u00fdm a podstatn\u00fdm posunem od pr\u00e1vn\u00edho \u0159\u00e1du EU zalo\u017een\u00e9ho na Smlouv\u011b sm\u011brem k neprob\u00e1dan\u00e9mu \u00fazem\u00ed.<\/em><\/p>\n<p><em>Ma\u010farsko proto hlasuje proti p\u0159ijet\u00ed na\u0159\u00edzen\u00ed a vyhrazuje si pr\u00e1vo zah\u00e1jit p\u0159ezkum jeho z\u00e1konnosti u Soudn\u00edho dvora podle \u010dl\u00e1nku 263 SFEU za \u00fa\u010delem zachov\u00e1n\u00ed respektu ke spole\u010dn\u00fdm hodnot\u00e1m, na nich\u017e je Evropsk\u00e1 unie zalo\u017eena v souladu s \u010dl\u00e1nkem 2 Smlouvy o EU, zejm\u00e9na demokracie a pr\u00e1vn\u00edho st\u00e1tu.<\/em><\/p>\n<p><em>Pokud jde o postup, Ma\u010farsko nevid\u00ed d\u016fvod pro p\u0159ij\u00edm\u00e1n\u00ed rozhodnut\u00ed o tak z\u00e1va\u017en\u00fdch ot\u00e1zk\u00e1ch b\u011bhem n\u011bkolika dn\u00ed, a zejm\u00e9na p\u0159ed zased\u00e1n\u00edm Evropsk\u00e9 rady pl\u00e1novan\u00fdm na 18.\u201319. prosince 2025. Aktiva Rusk\u00e9 centr\u00e1ln\u00ed banky jsou zmrazena do 31. ledna 2026.<\/em><\/p>\n<p><em>Pokud jde o geopolitick\u00e9 d\u016fsledky, toto rozhodnut\u00ed s sebou nese riziko naru\u0161en\u00ed prob\u00edhaj\u00edc\u00edch jedn\u00e1n\u00ed o zaji\u0161t\u011bn\u00ed udr\u017eiteln\u00e9 m\u00edrov\u00e9 dohody, kter\u00e1 by ukon\u010dila v\u00e1lku mezi Ruskem a Ukrajinou. To je b\u0159emeno historick\u00fdch rozm\u011br\u016f, kter\u00e9 budou muset n\u00e9st ti, kdo toto rozhodnut\u00ed podpo\u0159ili.<\/em><\/p>\n<p><em>Dixi et salvavi animam meam.\u201d<\/em><\/p>\n<p>Za \u010ceskou republiku\u00a0<a href=\"https:\/\/ct24.ceskatelevize.cz\/clanek\/svet\/plan-eu-na-dlouhodobe-zmrazeni-ruskych-aktiv-je-protipravni-mini-orban-368204\" target=\"_blank\" rel=\"external noopener\">n\u00e1s do v\u00e1lky postr\u010dil Stanjura<\/a>, kter\u00fd sv\u00fdm hlasem tento podvod podpo\u0159il.<\/p>\n<p>Ma\u010farsko a Slovensko byly p\u0159i p\u00e1te\u010dn\u00edm hlasov\u00e1n\u00ed proti.<\/p>\n<p>Belgie, Bulharsko, It\u00e1lie a Malta hlasovaly pro, ale up\u0159esnily, \u017ee toto hlasov\u00e1n\u00ed za \u017e\u00e1dn\u00fdch okolnost\u00ed nep\u0159edj\u00edm\u00e1 rozhodnut\u00ed o mo\u017en\u00e9m vyu\u017eit\u00ed zmrazen\u00fdch rusk\u00fdch aktiv, kter\u00e9 mus\u00ed b\u00fdt p\u0159ijato na \u00farovni unijn\u00edch l\u00eddr\u016f.<\/p>\n<p><a href=\"https:\/\/zvedavec.news\/komentare\/2025\/12\/10826-evropsti-politici-spolu-s-evropskou-komisi-nas-podvodem-zenou-do-nekonecne-valky.htm\"><em>Maru<\/em><\/a><\/p>\n<p>&nbsp;<\/p>\n","protected":false},"excerpt":{"rendered":"<p>N\u00e1sleduje\u00a0p\u0159eklad \u010dl\u00e1nku z Politico.eu. Rusk\u00fd st\u00e1tn\u00ed majetek v Evrop\u011b by mohl z\u016fstat trvale zmrazen na&#8230;<\/p>\n","protected":false},"author":2,"featured_media":94851,"comment_status":"closed","ping_status":"closed","sticky":false,"template":"","format":"standard","meta":[],"categories":[7],"tags":[283,1503,40],"_links":{"self":[{"href":"https:\/\/www.infokuryr.cz\/n\/wp-json\/wp\/v2\/posts\/94850"}],"collection":[{"href":"https:\/\/www.infokuryr.cz\/n\/wp-json\/wp\/v2\/posts"}],"about":[{"href":"https:\/\/www.infokuryr.cz\/n\/wp-json\/wp\/v2\/types\/post"}],"author":[{"embeddable":true,"href":"https:\/\/www.infokuryr.cz\/n\/wp-json\/wp\/v2\/users\/2"}],"replies":[{"embeddable":true,"href":"https:\/\/www.infokuryr.cz\/n\/wp-json\/wp\/v2\/comments?post=94850"}],"version-history":[{"count":0,"href":"https:\/\/www.infokuryr.cz\/n\/wp-json\/wp\/v2\/posts\/94850\/revisions"}],"wp:featuredmedia":[{"embeddable":true,"href":"https:\/\/www.infokuryr.cz\/n\/wp-json\/wp\/v2\/media\/94851"}],"wp:attachment":[{"href":"https:\/\/www.infokuryr.cz\/n\/wp-json\/wp\/v2\/media?parent=94850"}],"wp:term":[{"taxonomy":"category","embeddable":true,"href":"https:\/\/www.infokuryr.cz\/n\/wp-json\/wp\/v2\/categories?post=94850"},{"taxonomy":"post_tag","embeddable":true,"href":"https:\/\/www.infokuryr.cz\/n\/wp-json\/wp\/v2\/tags?post=94850"}],"curies":[{"name":"wp","href":"https:\/\/api.w.org\/{rel}","templated":true}]}}