{"id":94794,"date":"2025-12-17T08:02:53","date_gmt":"2025-12-17T07:02:53","guid":{"rendered":"https:\/\/www.infokuryr.cz\/n\/?p=94794"},"modified":"2025-12-17T08:02:53","modified_gmt":"2025-12-17T07:02:53","slug":"jiri-paroubek-ostudne-zneuziti-studentu-k-demonstraci-proti-babisove-vlade","status":"publish","type":"post","link":"https:\/\/www.infokuryr.cz\/n\/2025\/12\/17\/jiri-paroubek-ostudne-zneuziti-studentu-k-demonstraci-proti-babisove-vlade\/","title":{"rendered":"Ji\u0159\u00ed Paroubek: Ostudn\u00e9 zneu\u017eit\u00ed student\u016f k demonstraci proti Babi\u0161ov\u011b vl\u00e1d\u011b"},"content":{"rendered":"<div id=\"fb-root\"><\/div>\n<p><strong>V minul\u00e9m t\u00fddnu se na pra\u017esk\u00e9m Palachov\u011b n\u00e1m\u011bst\u00ed, ale tak\u00e9 na n\u00e1m\u011bst\u00ed n\u011bkolika dal\u0161\u00edch \u010desk\u00fdch m\u011bst, se\u0161li studenti, aby protestovali proti obsazen\u00ed veden\u00ed ministerstva \u017eivotn\u00edho prost\u0159ed\u00ed p\u0159edstaviteli strany Motorist\u00e9 sob\u011b. U\u017e to samo o sob\u011b je zaj\u00edmav\u00e1 politizace cel\u00e9ho probl\u00e9mu. A ukazuje to, jak\u00fdm zp\u016fsobem hodl\u00e1 b\u00fdval\u00e1 vl\u00e1da a dnes u\u017e opozice bojovat proti Babi\u0161ov\u011b vl\u00e1d\u011b. Mo\u017en\u00e1 se do\u010dk\u00e1me, \u017ee po studentech st\u0159edn\u00edch \u0161kol p\u0159ijdou na demonstrace d\u011bti ze z\u00e1kladn\u00edch \u0161kol. Je t\u0159eba dodat, \u017ee tyto boje povede opozice a s n\u00ed spojen\u00e1 m\u00e9dia, p\u0159edev\u0161\u00edm pak ve\u0159ejnopr\u00e1vn\u00ed, jist\u011b ve v\u00edce rovin\u00e1ch.<\/strong><\/p>\n<p style=\"font-weight: 400;\">D\u0159\u00edve to byli lid\u00e9 z Milionu chvilek, ti u\u017e se trochu zprofanovali a nyn\u00ed jsou tu nov\u00ed organiz\u00e1to\u0159i protest\u016f proti Babi\u0161ov\u011b vl\u00e1d\u011b a to je\u0161t\u011b v situaci, kdy v minul\u00e9m t\u00fddnu vl\u00e1da je\u0161t\u011b nebyla ani v \u00fa\u0159ad\u011b. Kdy je sice zn\u00e1m\u00a0 n\u00e1vrh programov\u00e9ho prohl\u00e1\u0161en\u00ed nov\u00e9 vl\u00e1dy, ale na n\u011bm bude jist\u011b\u00a0 d\u00e1le nutn\u00e9 je\u0161t\u011b pracovat. Jednodu\u0161e proto, \u017ee a\u017e\u00a0 v pond\u011bl\u00ed (15.12.)\u00a0 vl\u00e1da A. Babi\u0161e zah\u00e1jila odpo\u010det 30 dn\u016f, kter\u00e9 j\u00ed zb\u00fdvaj\u00ed podle \u00fastavy do hlasov\u00e1n\u00ed o d\u016fv\u011b\u0159e ve sn\u011bmovn\u011b. A k tomu pr\u00e1v\u011b vl\u00e1da pot\u0159ebuje\u00a0 kone\u010dnou verzi sv\u00e9ho programov\u00e9ho prohl\u00e1\u0161en\u00ed.<\/p>\n<p style=\"font-weight: 400;\">Studenti tedy protestovali a op\u00edrali se p\u0159itom sp\u00ed\u0161e o dojmy ne\u017e o fakta. Prost\u011b s nimi n\u011bkdo o\u0161kliv\u011b manipuloval.\u00a0\u00a0Je zaj\u00edmav\u00e9, \u017ee jako objekt\u00a0\u00a0protest\u016f byli vybr\u00e1ni p\u0159edstavitel\u00e9 strany Motorist\u016f, kte\u0159\u00ed budou p\u016fsobit na ministerstvu \u017eivotn\u00edho prost\u0159ed\u00ed. Vad\u00ed pr\u00fd jejich n\u00e1zory a jejich \u00fadajn\u00e1 neodbornost. P\u0159itom od politik\u016f nen\u00ed mo\u017en\u00e9 o\u010dek\u00e1vat odbornost na expertn\u00ed \u00farovni v dan\u00e9m oboru \u010di rezortu. P\u0159itom politik-ministr je p\u0159edev\u0161\u00edm \u010dlov\u011bk, kter\u00fd m\u00e1 \u0159\u00eddit, je-li postaven do \u010dela ur\u010dit\u00e9ho ministerstva. To neznamen\u00e1, \u017ee nem\u00e1 m\u00edt ur\u010dit\u00e9 penzum znalost\u00ed o problematice ministerstva, je\u017e\u00a0\u00a0\u0159\u00edd\u00ed. Ale \u0159ekn\u011bme\u00a0\u00a0si otev\u0159en\u011b, \u017ee p\u0159edchoz\u00ed dva minist\u0159i z lidov\u00e9 strany, kte\u0159\u00ed st\u00e1li v \u010dele ministerstva \u017eivotn\u00edho prost\u0159ed\u00ed, tedy ministryn\u011b Hub\u00e1lkov\u00e1 a po n\u00ed ministr Hlad\u00edk, nebyli zrovna ozdobou \u010desk\u00e9 v\u011bdy v oblasti ekologie \u010di obecn\u011b p\u0159\u00edrodn\u00edch v\u011bd. U toho plyne, \u017ee organiz\u00e1to\u0159i demonstrac\u00ed proti nov\u00e9 vl\u00e1d\u011b se nezab\u00fdvali detaily, ale zato ovl\u00e1daj\u00ed dokonale dvoj\u00ed metr. N\u011bco podobn\u00e9ho p\u0159edvedli p\u0159i pond\u011bln\u00ed inauguraci nov\u00e9ho a dlu\u017eno \u0159\u00edct, \u017ee prozat\u00edmn\u00edho ministra \u017eivotn\u00edho prost\u0159ed\u00ed Macinky, lid\u00e9 z Greenpeace. Intenzivn\u011b protestovali proti nov\u00e9mu ministrovi, kter\u00fd je jaksi v zastoupen\u00ed budouc\u00edho ministra, ale to jim v\u016fbec nevadilo. Protest spo\u010d\u00edval v tom, \u017ee aktivist\u00e9 Greenpeace vylezli nahoru na budovu ministerstva \u017eivotn\u00edho prost\u0159ed\u00ed a rozprost\u0159eli na budov\u011b velk\u00fd plak\u00e1t.<\/p>\n<p style=\"font-weight: 400;\">\u00a0Toto hnut\u00ed, kter\u00e9 se stav\u00ed do \u0159ad p\u0159edn\u00edch\u00a0\u00a0obr\u00e1nc\u016f \u017eivotn\u00edho prost\u0159ed\u00ed, je opravdu zvl\u00e1\u0161tn\u00ed. Tito lid\u00e9 vlastn\u011b \u017eij\u00ed jenom z protest\u016f a nikdy nic nevybudovali. Nic konkr\u00e9tn\u00edho za nimi nen\u00ed vid\u011bt, jen v z\u00e1sad\u011b parazituj\u00ed\u00a0\u00a0na chyb\u00e1ch \u010di domn\u011bl\u00fdch chyb\u00e1ch lid\u00ed, kte\u0159\u00ed l\u00e9pe \u010di h\u016f\u0159e spravuj\u00ed v\u011bci ve\u0159ejn\u00e9, a\u0165 u\u017e je to st\u00e1t, region \u010di obec. A sami ani nepova\u017euj\u00ed\u00a0\u00a0za pot\u0159ebn\u00e9 cokoliv hmatateln\u00e9ho vybudovat. Je zvl\u00e1\u0161tn\u00ed, \u017ee to po nich nikdo ani nechce. T\u0159eba pr\u00e1v\u011b proto, \u017ee v\u0161ichni v\u011bd\u00ed, jak by to dopadlo. S velkou pravd\u011bpodobnost\u00ed katastrof\u00e1ln\u011b.<\/p>\n<p><a href=\"https:\/\/vasevec.info\/domaci-politika\/ostudne-zneuziti-studentu-k-demonstraci-proti-babisove-vlade\">Ji\u0159\u00ed Paroubek<\/a><\/p>\n<p><img decoding=\"async\" loading=\"lazy\" class=\"alignnone size-medium wp-image-2342\" src=\"http:\/\/www.infokuryr.cz\/n\/wp-content\/uploads\/2021\/06\/paroubek-300x208.jpg\" alt=\"\" width=\"300\" height=\"208\" srcset=\"https:\/\/www.infokuryr.cz\/n\/wp-content\/uploads\/2021\/06\/paroubek-300x208.jpg 300w, https:\/\/www.infokuryr.cz\/n\/wp-content\/uploads\/2021\/06\/paroubek.jpg 318w\" sizes=\"(max-width: 300px) 100vw, 300px\" \/><\/p>\n<p>&nbsp;<\/p>\n","protected":false},"excerpt":{"rendered":"<p>V minul\u00e9m t\u00fddnu se na pra\u017esk\u00e9m Palachov\u011b n\u00e1m\u011bst\u00ed, ale tak\u00e9 na n\u00e1m\u011bst\u00ed n\u011bkolika dal\u0161\u00edch \u010desk\u00fdch&#8230;<\/p>\n","protected":false},"author":2,"featured_media":94278,"comment_status":"closed","ping_status":"closed","sticky":false,"template":"","format":"standard","meta":[],"categories":[6],"tags":[126,1503,293,99],"_links":{"self":[{"href":"https:\/\/www.infokuryr.cz\/n\/wp-json\/wp\/v2\/posts\/94794"}],"collection":[{"href":"https:\/\/www.infokuryr.cz\/n\/wp-json\/wp\/v2\/posts"}],"about":[{"href":"https:\/\/www.infokuryr.cz\/n\/wp-json\/wp\/v2\/types\/post"}],"author":[{"embeddable":true,"href":"https:\/\/www.infokuryr.cz\/n\/wp-json\/wp\/v2\/users\/2"}],"replies":[{"embeddable":true,"href":"https:\/\/www.infokuryr.cz\/n\/wp-json\/wp\/v2\/comments?post=94794"}],"version-history":[{"count":0,"href":"https:\/\/www.infokuryr.cz\/n\/wp-json\/wp\/v2\/posts\/94794\/revisions"}],"wp:featuredmedia":[{"embeddable":true,"href":"https:\/\/www.infokuryr.cz\/n\/wp-json\/wp\/v2\/media\/94278"}],"wp:attachment":[{"href":"https:\/\/www.infokuryr.cz\/n\/wp-json\/wp\/v2\/media?parent=94794"}],"wp:term":[{"taxonomy":"category","embeddable":true,"href":"https:\/\/www.infokuryr.cz\/n\/wp-json\/wp\/v2\/categories?post=94794"},{"taxonomy":"post_tag","embeddable":true,"href":"https:\/\/www.infokuryr.cz\/n\/wp-json\/wp\/v2\/tags?post=94794"}],"curies":[{"name":"wp","href":"https:\/\/api.w.org\/{rel}","templated":true}]}}