{"id":94788,"date":"2025-12-17T00:23:23","date_gmt":"2025-12-16T23:23:23","guid":{"rendered":"https:\/\/www.infokuryr.cz\/n\/?p=94788"},"modified":"2025-12-16T17:38:42","modified_gmt":"2025-12-16T16:38:42","slug":"jana-markova-skupina-d-mluvi-fnuka-obhajuje-asi-tak-bych-popsala-svuj-dojem-z-dnesni-tiskovky","status":"publish","type":"post","link":"https:\/\/www.infokuryr.cz\/n\/2025\/12\/17\/jana-markova-skupina-d-mluvi-fnuka-obhajuje-asi-tak-bych-popsala-svuj-dojem-z-dnesni-tiskovky\/","title":{"rendered":"Jana Markov\u00e1: Skupina D mluv\u00ed, f\u0148uk\u00e1, obhajuje. Asi tak bych popsala sv\u016fj dojem z dne\u0161n\u00ed tiskovky"},"content":{"rendered":"<div id=\"fb-root\"><\/div>\n<p><strong>V \u00favodu asi stoj\u00ed za to si \u0159\u00edct, kdo \u017ee na n\u00ed za spolek mluvil.<\/strong><\/p>\n<p>1. Milan Mikuleck\u00fd. Zakladatel spolku a bezpe\u010dnostn\u00ed expert. T\u00edm se \u201estal\u201c za Stropnick\u00e9ho ministrov\u00e1n\u00ed, kde p\u016fsobil jako poradce. Je trochu paradoxn\u00ed, \u017ee jinak pe\u010dliv\u00e9 Ministerstvo obrany, resp. NB\u00da, nezm\u00e1\u010dklo okam\u017eit\u011b \u010derven\u00fd \u010dudl\u00edk, a nezabr\u00e1nilo Mikuleck\u00e9mu vstup do intern\u00edch kruh\u016f ministerstva. To se poda\u0159ilo a\u017e nov\u00e9mu veden\u00ed ministerstva. Na z\u00e1klad\u011b neud\u011blen\u00ed bezpe\u010dnostn\u00ed prov\u011brky m\u011bl b\u00fdt Mikuleck\u00fd potichu odejit. D\u016fvodem se mohlo st\u00e1t, \u017ee v letech 1999 a\u017e 2000 p\u016fsobil jako jednatel karlovarsk\u00e9 kosmetick\u00e9 spole\u010dnosti Synchroline CZECH, kterou dodnes vlastn\u00ed ob\u010dan\u00e9 Rusk\u00e9 federace a B\u011bloruska. Tuto etapu se ale v jeho \u00fa\u010delov\u011b sestaven\u00e9m ve\u0159ejn\u00e9m \u017eivotopise nedo\u010dtete. Ehm.<\/p>\n<p>\u201eOd roku 2007 do roku 2013 pracoval jako v\u00fdkonn\u00fd \u0159editel pro v\u00fdchodn\u00ed Evropu u britsk\u00e9 investi\u010dn\u00ed spole\u010dnosti Sky Invest Technology. Z t\u00e9to pozice mimo jin\u00e9ho \u0159\u00eddil revitalizaci a rozvoj leti\u0161t\u011b Praha Let\u0148any,\u201c stoj\u00ed na str\u00e1nk\u00e1ch. Tato spole\u010dnost m\u011bla v roce 2013 podle ve\u0159ejn\u00fdch zdroj\u016f na \u00fa\u010dtu aktiva ve v\u00fd\u0161i necel\u00fdch 7 tis\u00edc liber a zcela nepr\u016fhlednou majetkovou strukturu. Ehm po druh\u00e9.<\/p>\n<p>Mikuleck\u00fd t\u00e9\u017e administroval transakci, kter\u00e1 vyvedla pozemky Leti\u0161t\u011b Let\u0148any od p\u016fvodn\u00edho majitele do akciov\u00e9 spole\u010dnosti SIT PRAGUE, a.s., v jej\u00edm\u017e p\u0159edstavenstvu toho \u010dasu p\u016fsobil, a tato pak obratem prodala kl\u00ed\u010dov\u00e9 pozemky leti\u0161t\u011b Let\u0148any zakryt\u011b skupin\u011b PPF. Ehm pot\u0159et\u00ed. ( Zdroj: Security magaz\u00edn)<\/p>\n<p>Tak tento mu\u017e prohl\u00e1sil, \u017ee v\u0161e bylo samoz\u0159ejm\u011b v souladu se z\u00e1kony t\u00e9to zem\u011b, v\u0161e podl\u00e9h\u00e1 auditu (spolku) nikoliv dodavatelsk\u00fdch spole\u010dnost\u00ed, prov\u011b\u0159ov\u00e1n\u00ed komentovat nebude a jeho sv\u011bdom\u00ed je \u010dist\u00e9. Tak samoz\u0159ejm\u011b. Jak jinak.<\/p>\n<p>2. Herec Ond\u0159ej Vetch\u00fd. Zde mus\u00edm zcela subjektivn\u011b konstatovat, \u017ee ten \u010dlov\u011bk byl bu\u010f tot\u00e1ln\u011b rozhozen\u00fd (neust\u00e1le opakoval, jak na to v noci myslel, jednu chv\u00edli jsme m\u011bla dojem, \u017ee se rozbre\u010d\u00ed), nebo to dokonale hr\u00e1l. Za tento v\u00fdkon by se nemusela styd\u011bt ani A\u0148a Geislerov\u00e1 p\u0159i sv\u00e9 nejv\u011bt\u0161\u00ed \u00fatrpn\u00e9 a f\u0148ukac\u00ed sc\u00e9n\u011b. Ondra cht\u011bl jen ochr\u00e1nil \u010ceskou republiku pomoc\u00ed Ukrajin\u011b a o\u010dek\u00e1val, \u017ee ho za to n\u00e1\u0161 st\u00e1t ocen\u00ed. Ne, \u017ee mu v tom bude h\u00e1zet klacky pod nohy. Ondra je p\u0159edstavte si tu hr\u016fzu, dokonce vystaven atmosf\u00e9\u0159e n\u00e1lepkov\u00e1n\u00ed a zav\u00e1d\u011bj\u00edc\u00edch ne\u00fapln\u00fdch informac\u00ed, kter\u00e1 mu komplikuje \u017eivot a \u010dinnost. Napad\u00e1 m\u011b jen n\u011bco o vlastn\u00ed medic\u00edn\u011b. Kdo nen\u00ed s Ondrou, je toti\u017e proti n\u011bmu. Pije jen z poh\u00e1ru, kter\u00fd s\u00e1m rozl\u00e9v\u00e1 vrchovat\u011b. Ondrovi se t\u00e9\u017e nel\u00edb\u00ed neust\u00e1l\u00e9 ot\u00e1zky pro\u010d to d\u011bl\u00e1te, co za to m\u00e1te, kdo v\u00e1s plat\u00ed.\u00a0<img decoding=\"async\" loading=\"lazy\" src=\"https:\/\/static.xx.fbcdn.net\/images\/emoji.php\/v9\/t4c\/1\/16\/1f642.png\" alt=\"\ud83d\ude42\" width=\"16\" height=\"16\" \/>\u00a0To je hodn\u011b \u00fasm\u011bvn\u00e9 a v\u016fbec takov\u00e1 na\u0159\u010den\u00ed nezn\u00e1me.<\/p>\n<p>V z\u00e1v\u011bru se Ondra odvol\u00e1val na slova Danu\u0161e Nerudov\u00e9, kterou p\u0159ejmenoval na Danu. Asi si vzpomn\u011bl na tu houfnici nebo raketu, kter\u00e1 nebude. T\u00edm dovr\u0161il m\u016fj dojem z toho, \u017ee opravdu nen\u00ed zcela v po\u0159\u00e1dku. A \u00fapln\u011b nakonec z n\u011bj vypadlo, \u017ee demokracie je jen platforma pro lidi, kte\u0159\u00ed dohl\u00e9dnou d\u00e1l. Lidi, jako je on. Pro ty ostatn\u00ed m\u00e1 asi n\u011bjakou jinou platformu. Jak demokratick\u00e9. \u00dapln\u011b bez n\u00e1lepek, \u017ee.<\/p>\n<p>3. Martin Kroupa. \u0158editel Post Bellum Ukrajina. \u010clen klanu Kroup\u016f, kte\u0159\u00ed spole\u010densky a profesn\u011b pomoc\u00ed udava\u010dsk\u00e9 \u0161koln\u00ed nahr\u00e1vky zlikvidovali u\u010ditelku Bedn\u00e1\u0159ovou. Kroupa si mysl\u00ed, \u017ee neziskov\u00fd sektor je oporou ka\u017ed\u00e9 demokratick\u00e9 spole\u010dnosti, kde se m\u011b\u0159\u00ed v\u0161em stejn\u011b.\u00a0<img decoding=\"async\" loading=\"lazy\" src=\"https:\/\/static.xx.fbcdn.net\/images\/emoji.php\/v9\/t51\/1\/16\/1f603.png\" alt=\"\ud83d\ude03\" width=\"16\" height=\"16\" \/>\u00a0Tak ur\u010dit\u011b. To by se mu l\u00edbilo. V\u00fdsledky vid\u00edme na pan\u00ed Bedn\u00e1\u0159ov\u00e9.<\/p>\n<p>Perli\u010dky na konec:<\/p>\n<p>Spolek Skupina D m\u011bl doposud dv\u011b tiskovky. Jednu na \u00da\u0159ad\u011b vl\u00e1dy a druhu na Hrad\u011b. No kdo to m\u00e1.<\/p>\n<p>Nyn\u00ed majoritn\u00ed mno\u017estv\u00ed dron\u016f pro v\u00e1l\u010d\u00edc\u00ed Ukrajinu pr\u00fd kupuje z pen\u011bz d\u00e1rc\u016f na Ukrajin\u011b, aby je mohl posl\u00e9ze Ukrajin\u011b darovat jako vojenskou pomoc Ukrajin\u011b. Dokonal\u00e9.<\/p>\n<p>Shrnut\u00ed na z\u00e1v\u011br: Chud\u00e1k Ondra.\u00a0<img decoding=\"async\" loading=\"lazy\" src=\"https:\/\/static.xx.fbcdn.net\/images\/emoji.php\/v9\/t4c\/1\/16\/1f642.png\" alt=\"\ud83d\ude42\" width=\"16\" height=\"16\" \/><\/p>\n<p><a href=\"https:\/\/web.litterate.cz\/skupina-d-mluvi-fnuka-obhajuje-asi-tak-bych-popsala-svuj-dojem-z-dnesni-tiskovky\/\">Jana Markov\u00e1<\/a><\/p>\n<p><img decoding=\"async\" loading=\"lazy\" class=\"alignnone size-full wp-image-34862\" src=\"http:\/\/www.infokuryr.cz\/n\/wp-content\/uploads\/2023\/08\/jana-markova.jpg\" alt=\"\" width=\"180\" height=\"180\" srcset=\"https:\/\/www.infokuryr.cz\/n\/wp-content\/uploads\/2023\/08\/jana-markova.jpg 180w, https:\/\/www.infokuryr.cz\/n\/wp-content\/uploads\/2023\/08\/jana-markova-150x150.jpg 150w\" sizes=\"(max-width: 180px) 100vw, 180px\" \/><\/p>\n<p>&nbsp;<\/p>\n","protected":false},"excerpt":{"rendered":"<p>V \u00favodu asi stoj\u00ed za to si \u0159\u00edct, kdo \u017ee na n\u00ed za spolek mluvil&#8230;.<\/p>\n","protected":false},"author":2,"featured_media":81614,"comment_status":"closed","ping_status":"closed","sticky":false,"template":"","format":"standard","meta":[],"categories":[6],"tags":[2856,1503,349,3835,6865],"_links":{"self":[{"href":"https:\/\/www.infokuryr.cz\/n\/wp-json\/wp\/v2\/posts\/94788"}],"collection":[{"href":"https:\/\/www.infokuryr.cz\/n\/wp-json\/wp\/v2\/posts"}],"about":[{"href":"https:\/\/www.infokuryr.cz\/n\/wp-json\/wp\/v2\/types\/post"}],"author":[{"embeddable":true,"href":"https:\/\/www.infokuryr.cz\/n\/wp-json\/wp\/v2\/users\/2"}],"replies":[{"embeddable":true,"href":"https:\/\/www.infokuryr.cz\/n\/wp-json\/wp\/v2\/comments?post=94788"}],"version-history":[{"count":0,"href":"https:\/\/www.infokuryr.cz\/n\/wp-json\/wp\/v2\/posts\/94788\/revisions"}],"wp:featuredmedia":[{"embeddable":true,"href":"https:\/\/www.infokuryr.cz\/n\/wp-json\/wp\/v2\/media\/81614"}],"wp:attachment":[{"href":"https:\/\/www.infokuryr.cz\/n\/wp-json\/wp\/v2\/media?parent=94788"}],"wp:term":[{"taxonomy":"category","embeddable":true,"href":"https:\/\/www.infokuryr.cz\/n\/wp-json\/wp\/v2\/categories?post=94788"},{"taxonomy":"post_tag","embeddable":true,"href":"https:\/\/www.infokuryr.cz\/n\/wp-json\/wp\/v2\/tags?post=94788"}],"curies":[{"name":"wp","href":"https:\/\/api.w.org\/{rel}","templated":true}]}}