{"id":94785,"date":"2025-12-17T00:19:42","date_gmt":"2025-12-16T23:19:42","guid":{"rendered":"https:\/\/www.infokuryr.cz\/n\/?p=94785"},"modified":"2025-12-16T17:31:00","modified_gmt":"2025-12-16T16:31:00","slug":"petr-zantovsky-za-vsechno-muze-jarek","status":"publish","type":"post","link":"https:\/\/www.infokuryr.cz\/n\/2025\/12\/17\/petr-zantovsky-za-vsechno-muze-jarek\/","title":{"rendered":"Petr \u017dantovsk\u00fd: Za v\u0161echno m\u016f\u017ee Jarek\u2026"},"content":{"rendered":"<div id=\"fb-root\"><\/div>\n<p><strong>Ta p\u00edsni\u010dka by se klidn\u011b mohla jmenovat <em>Song \u010dten\u00e1\u0159e na\u0161ich m\u00e9di\u00ed<\/em>. Jarom\u00edr Nohavica v\u00a0lehce posm\u011b\u0161n\u00e9, v\u00a0hloubi v\u0161ak naprosto pravdiv\u00e9 p\u00edsni vyj\u00e1d\u0159il skute\u010dnost, \u017ee pot\u00e1cej\u00edc\u00ed se b\u00fdval\u00e1 koalice se sv\u00fdmi medi\u00e1ln\u00edmi slu\u017ekami po\u0159\u00e1d dokola u\u017e hromadu let opakuje tyt\u00e9\u017e mantry: Za v\u0161echno m\u016f\u017ee Babi\u0161, p\u0159\u00edpadn\u011b Putin.<\/strong><\/p>\n<p>Tyto v\u00fdmluvy maj\u00ed slou\u017eit k\u00a0zakryt\u00ed skute\u010dnosti, \u017ee b\u00fdval\u00e1 vl\u00e1da za cel\u00fd sv\u016fj mand\u00e1t nevykonala nic, co by st\u00e1lo za ps\u00ed \u0161t\u011bk. A\u00a0proto\u017ee j\u00ed je blb\u00e9 p\u0159iznat barvu, \u017ee za to m\u016f\u017ee jej\u00ed vlastn\u00ed neschopnost, h\u00e1z\u00ed vinu na \u201eve\u0159ejn\u00e9 nep\u0159\u00e1tele\u201c, v\u00a0dom\u00e1c\u00edch pom\u011brech na Andreje Babi\u0161e a\u00a0v\u00a0geopolitick\u00e9m smyslu na Vladim\u00edra Putina.<\/p>\n<p>V\u017edy\u0165 si zacitujme p\u00e1r strof z\u00a0t\u00e9 Nohavicovy p\u00edsni\u010dky:<\/p>\n<p><em>Za v\u0161echno m\u016f\u017ee Babi\u0161, \u017ee baby marn\u011b v\u00e1b\u00ed\u0161,<br \/>\n\u017ee se s\u00e1m v\u00e1l\u00ed\u0161 v\u00a0l\u016f\u017eku a\u00a0marn\u011b brous\u00ed\u0161 tu\u017eku.<br \/>\nBud\u00ed\u0161 se o\u00a0p\u016fl t\u0159et\u00ed a\u00a0stra\u0161n\u011b blb\u011b je ti,<br \/>\ndeprese se nezbav\u00ed\u0161, za v\u0161echno m\u016f\u017ee Babi\u0161.<\/em><\/p>\n<p><em>Za v\u0161echno m\u016f\u017ee Putin, i\u00a0za stav \u00fastn\u00edch dutin,<br \/>\nza to, \u017ee Ban\u00edk rupl a\u00a0Biden komplet zhlupl.<br \/>\n\u017de brambory jsou dra\u017e\u0161\u00ed, \u017ee p\u0159ip\u00e1lil jsem ka\u0161i,<br \/>\ntak\u017ee je den bez chuti, za v\u0161echno m\u016f\u017ee Putin.<\/em><\/p>\n<p><em>Za v\u0161echno m\u016f\u017ee Nohavica, \u017ee Slov\u00e1ci maj\u00fa Fica<br \/>\na Pol\u00e1ci zase Tuska a\u00a0hr\u016fza let\u00ed z\u00a0Ruska.<br \/>\nA v\u00a0mo\u0159i \u017ee je voda slan\u00e1 a\u00a0Ostrava je rozkopan\u00e1<br \/>\na t\u0159i sta korun stoj\u00ed pizza, za v\u0161echno m\u016f\u017ee Nohavica.<\/em><\/p>\n<p>Ka\u017ed\u00e9 mal\u00e9 d\u00edt\u011b pochop\u00ed, \u017ee je to recese, by\u0165 postaven\u00e1 na ironick\u00e9 reflexi \u010desk\u00e9ho alibismu \u2013 za v\u0161echno m\u016f\u017ee n\u011bkdo jin\u00fd ne\u017e j\u00e1. D\u00e1l by nebylo o \u010dem ps\u00e1t. P\u00edsni\u010dka pat\u0159\u00ed do nepravideln\u00e9 s\u00e9rie Jarkov\u00fdch glos ke dni (vydal toho t\u0159i alba tzv. Virtu\u00e1lek, jeho p\u00edsni\u010dky hr\u00e1la Jana Bobo\u0161\u00edkov\u00e1 ve sv\u00e9m podcastu, n\u011bkoho n\u011bkdy rozesm\u00e1l, jin\u00e9ho ne, p\u0159\u00edpad od p\u0159\u00edpadu). N\u011bkter\u00e9 slogany zlidov\u011bly, t\u0159eba \u201eNa v\u00e1noce bude kapr nebo husa? Po\u010dk\u00e1me, co \u0159ekne pan president USA\u201c nebo \u201eM\u00e1mo sva\u017e mi m\u016fj ranec, je ze m\u011b europoslanec.\u201c Atd. Jedn\u00edm slovem satira, a t\u00e9 je v\u017edycky po \u010dertech m\u00e1lo, o\u010d v\u00edc je j\u00ed zapot\u0159eb\u00ed.<\/p>\n<h2 class=\"wp-block-heading\">K\u00e1drov\u00e1ci na sc\u00e9n\u011b<\/h2>\n<p>Jen\u017ee to v\u00a0na\u0161ich liber\u00e1ln\u011b-demokratick\u00fdch kruz\u00edch narazilo na hlubok\u00e9 nepochopen\u00ed, ba odpor vylo\u017een\u011b k\u00e1drov\u00e1ck\u00fd. Zat\u00edmco Novinky.cz je\u0161t\u011b relativn\u011b cudn\u011b napsaly, \u017ee text p\u00edsn\u011b \u201enepat\u0159\u00ed k\u00a0liter\u00e1rn\u00edm perl\u00e1m\u201c, M\u00e9dium.cz (provozovan\u00e9 Seznamem) u\u017e na to jde v\u00edce od podlahy. P\u0159i\u010d\u00edt\u00e1 Nohavicovi \u201euk\u0159ivd\u011bnost\u201c, spo\u010d\u00edvaj\u00edc\u00ed pr\u00fd v\u00a0tom, \u017ee mu lid neodpustil, \u017ee nevr\u00e1til Putinovi medaili z\u00a0roku 2018, kterou ov\u0161em dostal za propagaci sov\u011btsk\u00fdch disident\u016f (Vysockij, Okud\u017eava) v\u00a0dob\u00e1ch, kdy tihle n\u00e1hl\u00ed kritici je\u0161t\u011b chodili po houb\u00e1ch.<\/p>\n<figure class=\"wp-block-image size-large wp-lightbox-container\" data-wp-context=\"{&quot;imageId&quot;:&quot;6941881ec3f2b&quot;}\" data-wp-interactive=\"core\/image\"><img decoding=\"async\" loading=\"lazy\" class=\"wp-image-61834 aligncenter\" src=\"https:\/\/b3276939.smushcdn.com\/3276939\/wp-content\/uploads\/2025\/10\/profimedia-1032164671-1024x538.jpg?lossy=0&amp;strip=1&amp;webp=1\" sizes=\"(max-width: 1024px) 100vw, 1024px\" srcset=\"https:\/\/b3276939.smushcdn.com\/3276939\/wp-content\/uploads\/2025\/10\/profimedia-1032164671-1024x538.jpg?lossy=0&amp;strip=1&amp;webp=1 1024w, https:\/\/b3276939.smushcdn.com\/3276939\/wp-content\/uploads\/2025\/10\/profimedia-1032164671-300x158.jpg?lossy=0&amp;strip=1&amp;webp=1 300w, https:\/\/b3276939.smushcdn.com\/3276939\/wp-content\/uploads\/2025\/10\/profimedia-1032164671-768x403.jpg?lossy=0&amp;strip=1&amp;webp=1 768w, https:\/\/b3276939.smushcdn.com\/3276939\/wp-content\/uploads\/2025\/10\/profimedia-1032164671-1536x806.jpg?lossy=0&amp;strip=1&amp;webp=1 1536w, https:\/\/b3276939.smushcdn.com\/3276939\/wp-content\/uploads\/2025\/10\/profimedia-1032164671-770x404.jpg?lossy=0&amp;strip=1&amp;webp=1 770w, https:\/\/b3276939.smushcdn.com\/3276939\/wp-content\/uploads\/2025\/10\/profimedia-1032164671-293x154.jpg?lossy=0&amp;strip=1&amp;webp=1 293w, https:\/\/b3276939.smushcdn.com\/3276939\/wp-content\/uploads\/2025\/10\/profimedia-1032164671-1400x735.jpg?lossy=0&amp;strip=1&amp;webp=1 1400w, https:\/\/b3276939.smushcdn.com\/3276939\/wp-content\/uploads\/2025\/10\/profimedia-1032164671-390x205.jpg?lossy=0&amp;strip=1&amp;webp=1 390w, https:\/\/b3276939.smushcdn.com\/3276939\/wp-content\/uploads\/2025\/10\/profimedia-1032164671-500x263.jpg?lossy=0&amp;strip=1&amp;webp=1 500w, https:\/\/b3276939.smushcdn.com\/3276939\/wp-content\/uploads\/2025\/10\/profimedia-1032164671.jpg?lossy=0&amp;strip=1&amp;webp=1 1600w\" alt=\"\" width=\"602\" height=\"316\" data-wp-class--hide=\"state.isContentHidden\" data-wp-class--show=\"state.isContentVisible\" data-wp-init=\"callbacks.setButtonStyles\" data-wp-on-async--click=\"actions.showLightbox\" data-wp-on-async--load=\"callbacks.setButtonStyles\" data-wp-on-async-window--resize=\"callbacks.setButtonStyles\" \/><button class=\"lightbox-trigger\" type=\"button\" aria-haspopup=\"dialog\" aria-label=\"Zv\u011bt\u0161it\" data-wp-init=\"callbacks.initTriggerButton\" data-wp-on-async--click=\"actions.showLightbox\" data-wp-style--right=\"state.imageButtonRight\" data-wp-style--top=\"state.imageButtonTop\"><\/button><em>Jarek Nohavica. Zdroj: Pro<\/em>fimedia<\/figure>\n<p>A n\u00e1sleduje tvrzen\u00ed vysloven\u011b l\u017eiv\u00e9, toti\u017e \u017ee pr\u00fd \u201enikdy neodsoudil ruskou agresi.\u201c Doporu\u010doval bych si doplnit vzd\u011bl\u00e1n\u00ed. Hned po za\u010d\u00e1tku konfliktu na Donbase nato\u010dil \u201edom\u00e1c\u00ed\u201c koncert, dosud je k dispozici na YouTube, kde zp\u00edval \u010desky, rusky, polsky a ukrajinsky a odsoudil v\u00e1lku jako nejstra\u0161n\u011bj\u0161\u00ed v\u011bc, kter\u00e1 se m\u016f\u017ee st\u00e1t. Dokonce i specializovan\u00fd hudebn\u00ed server Headliner, jinak vcelku b\u00fdvaj\u00edc\u00ed p\u0159i smyslech, napsal doslova, \u017ee v nov\u00e9 p\u00edsni Jarek \u201eop\u011bvuje Babi\u0161e a Putina\u201c. Dokonce se zde p\u00ed\u0161e: \u201ePutinovo chov\u00e1n\u00ed schvaluje a rusk\u00e9ho prezidenta br\u00e1n\u00ed s kytarou na krku, \u010d\u00edm\u017e se \u0159ad\u00ed do jedn\u00e9 \u0159ady s tuzemskou proruskou p\u00e1tou kolonou.\u201c Je smutn\u00e9, \u017ee i v hudebn\u00edm m\u00e9diu v\u00edt\u011bz\u00ed politick\u00e1 stranickost nad soudnost\u00ed. O smyslu pro humor u\u017e v\u016fbec nemluv\u011b.<\/p>\n<h2 class=\"wp-block-heading\">N\u011bkdy sta\u010d\u00ed p\u00e1r r\u00fdm\u016f o\u00a0p\u0159ip\u00e1len\u00e9 ka\u0161i<\/h2>\n<p>Snad jedin\u00fd \u010dl\u00e1nek, kter\u00fd se k\u00a0v\u011bci vyj\u00e1d\u0159il p\u0159i zachov\u00e1n\u00ed chladn\u00e9 mysli a\u00a0s\u00a0rozumov\u00fdm pochopen\u00edm, byl ten, kter\u00fd napsal Filip Luke\u0161 do Moravskoslezsk\u00e9ho den\u00edku: \u201eP\u00edsni\u010dk\u00e1\u0159 Jarom\u00edr Nohavica si op\u011bt nasadil satirick\u00e9 br\u00fdle a\u00a0s\u00a0nimi se s\u00a0gustem trefuje do toho, co pr\u00e1v\u011b h\u00fdbe ve\u0159ejn\u00fdm prostorem. V\u00a0nov\u00e9 p\u00edsni\u00a0<em>Za v\u0161echno m\u016f\u017eou oni<\/em>\u00a0si st\u0159\u00edl\u00ed z\u00a0tradovan\u00e9ho \u010desk\u00e9ho n\u00e1rodn\u00edho sportu: hledat vin\u00edka \u00fapln\u011b v\u0161ude, jen ne u\u00a0sebe\u2026 V\u00a0r\u00e1mci sv\u00e9ho kupletu p\u0159ehazuje autor vinu z\u00a0politika na politika, ani\u017e by musel cokoliv vysv\u011btlovat. Mechanismus je jednoduch\u00fd: sta\u010d\u00ed \u0159\u00edct jm\u00e9no a\u00a0m\u00e1me jasno\u2026 P\u00edse\u0148 navzdory sv\u00e9 zd\u00e1nliv\u00e9 lehkosti trefuje docela t\u011b\u017ek\u00e9 t\u00e9ma: ochotu lid\u00ed p\u0159ehazovat odpov\u011bdnost na \u201an\u011bkoho naho\u0159e\u2018. A\u00a0i\u00a0kdy\u017e je to karikatura, nep\u0159\u00edjemn\u011b p\u0159ipom\u00edn\u00e1, jak \u010dasto n\u00e1m tahle melodie zn\u00ed v\u00a0hlav\u011b. Nohavica znovu ukazuje, \u017ee n\u011bkdy sta\u010d\u00ed p\u00e1r r\u00fdm\u016f o\u00a0p\u0159ip\u00e1len\u00e9 ka\u0161i, aby se \u010dlov\u011bk pod\u00edval do zrcadla.\u201c K\u00a0tomu nen\u00ed co dodat. Snad jen to, \u017ee mnoho podobn\u00fdch medi\u00e1ln\u00edch reakc\u00ed prov\u00e1z\u00ed \u010dten\u00e1\u0159sk\u00e1 anketa, zda se p\u00edse\u0148 lidem l\u00edb\u00ed, nebo ne. Obecn\u011b to dopadlo v\u00a0pom\u011bru 4x v\u00edc pro Jarka ne\u017e proti n\u011bmu.<\/p>\n<p>Kdy\u017e se tahle sm\u011b\u0161n\u00e1 bou\u0159ka ve sklenici vody p\u0159ihnala, napadlo m\u011b zparafr\u00e1zovat\u00a0 to v\u00a0podobn\u00e9m stylu, dokonce na stejnou melodii. Je to takhle:<\/p>\n<p><em>Za v\u0161echno m\u016f\u017ee n\u00e1\u0161 Jarek,<br \/>\nten od Putina p\u011bkn\u00fd d\u00e1rek,<br \/>\nco podporuje dezol\u00e1ty \u2013<br \/>\nrad\u0161i ho zav\u0159eme za dr\u00e1ty.<\/em><\/p>\n<p><em>Aby nekazil libo-demo,<br \/>\nbez n\u011bj tu bude hezky n\u011bmo.<br \/>\nVe\u0161ker\u00e1 m\u011bsta, cel\u00fd venkov<br \/>\nzas opanuje Fialenko.<\/em><\/p>\n<p><a href=\"https:\/\/denik.to\/za-vsechno-muze-jarek\/\">Petr \u017dantovsk\u00fd<\/a><\/p>\n<p><img decoding=\"async\" src=\"https:\/\/b3276939.smushcdn.com\/3276939\/wp-content\/uploads\/2024\/09\/ZANTOVSKYw-100x100.jpg?lossy=0&amp;strip=1&amp;webp=1\" alt=\"Petr \u017dantovsk\u00fd\" \/><\/p>\n","protected":false},"excerpt":{"rendered":"<p>Ta p\u00edsni\u010dka by se klidn\u011b mohla jmenovat Song \u010dten\u00e1\u0159e na\u0161ich m\u00e9di\u00ed. Jarom\u00edr Nohavica v\u00a0lehce posm\u011b\u0161n\u00e9,&#8230;<\/p>\n","protected":false},"author":2,"featured_media":94786,"comment_status":"closed","ping_status":"closed","sticky":false,"template":"","format":"standard","meta":[],"categories":[6],"tags":[1503,2093,122],"_links":{"self":[{"href":"https:\/\/www.infokuryr.cz\/n\/wp-json\/wp\/v2\/posts\/94785"}],"collection":[{"href":"https:\/\/www.infokuryr.cz\/n\/wp-json\/wp\/v2\/posts"}],"about":[{"href":"https:\/\/www.infokuryr.cz\/n\/wp-json\/wp\/v2\/types\/post"}],"author":[{"embeddable":true,"href":"https:\/\/www.infokuryr.cz\/n\/wp-json\/wp\/v2\/users\/2"}],"replies":[{"embeddable":true,"href":"https:\/\/www.infokuryr.cz\/n\/wp-json\/wp\/v2\/comments?post=94785"}],"version-history":[{"count":1,"href":"https:\/\/www.infokuryr.cz\/n\/wp-json\/wp\/v2\/posts\/94785\/revisions"}],"predecessor-version":[{"id":94787,"href":"https:\/\/www.infokuryr.cz\/n\/wp-json\/wp\/v2\/posts\/94785\/revisions\/94787"}],"wp:featuredmedia":[{"embeddable":true,"href":"https:\/\/www.infokuryr.cz\/n\/wp-json\/wp\/v2\/media\/94786"}],"wp:attachment":[{"href":"https:\/\/www.infokuryr.cz\/n\/wp-json\/wp\/v2\/media?parent=94785"}],"wp:term":[{"taxonomy":"category","embeddable":true,"href":"https:\/\/www.infokuryr.cz\/n\/wp-json\/wp\/v2\/categories?post=94785"},{"taxonomy":"post_tag","embeddable":true,"href":"https:\/\/www.infokuryr.cz\/n\/wp-json\/wp\/v2\/tags?post=94785"}],"curies":[{"name":"wp","href":"https:\/\/api.w.org\/{rel}","templated":true}]}}