{"id":94783,"date":"2025-12-17T00:16:22","date_gmt":"2025-12-16T23:16:22","guid":{"rendered":"https:\/\/www.infokuryr.cz\/n\/?p=94783"},"modified":"2025-12-16T17:23:50","modified_gmt":"2025-12-16T16:23:50","slug":"nechaji-se-cesi-zatahnout-do-zidovske-valky","status":"publish","type":"post","link":"https:\/\/www.infokuryr.cz\/n\/2025\/12\/17\/nechaji-se-cesi-zatahnout-do-zidovske-valky\/","title":{"rendered":"Nechaj\u00ed se \u010ce\u0161i zat\u00e1hnout do \u017eidovsk\u00e9 v\u00e1lky?"},"content":{"rendered":"<div id=\"fb-root\"><\/div>\n<p>V\u00e1lka na Ukrajin\u011b mezi KoZa (kolektivn\u00ed z\u00e1pad v \u010dele s USA) a Ruskem je v\u00e1lkou \u017eidovskou.\u00a0<strong>Byla vyvol\u00e1na \u017eidovsk\u00fdmi elitami v USA, kter\u00e9 se zasadily za Majdan v roce 2014 a n\u00e1sledn\u011b i o vypuknut\u00ed v\u00e1lky v roce 2022. Jm\u00e9na Nulandov\u00e1, Blinken, Zielenski, Meyer, Grojsmann atd.. jasn\u011b ukazuj\u00ed na etnick\u00fd p\u016fvod v\u0161ech hlavn\u00edch akt\u00e9r\u016f.<\/strong><\/p>\n<p><strong>Na Ukrajin\u011b se tak zab\u00edjej\u00ed dva velk\u00e9 slovansk\u00e9 n\u00e1rody a akt\u00e9\u0159i v\u00e1lky si mnou ruce, jak se jim d\u00edlo zk\u00e1zy da\u0159\u00ed.<\/strong><\/p>\n<p><strong>V\u00e1lka neminula ani na\u0161i drahou dalekou vlast. Od za\u010d\u00e1tku se jej\u00ed vl\u00e1dnouc\u00ed elity pln\u011b zapojily do do v\u00e1lky proti Rusku. Bohu\u017eel i u n\u00e1s doma je jsou v\u0161ichni v\u00fdznamn\u00ed akt\u00e9\u0159i tohoto konfliktu lid\u00e9, kte\u0159\u00ed maj\u00ed v kapse pas a podivn\u00fdm sv\u00edcnem a hv\u011bzdou<\/strong>. Jm\u00e9na Fiala, \u010cernochov\u00e1, Raku\u0161an, Pojar, Benda atd. jsou toho smutn\u00fdm p\u0159\u00edkladem.\u00a0<strong>Media maj\u00ed v ruk\u00e1ch jejich soukmenovci a ti \u010deskou ve\u0159ejnost pln\u011b roze\u0161tv\u00e1vaj\u00ed proti ostatn\u00edm slovansk\u00fdm n\u00e1rod\u016f a sna\u017e\u00ed se j\u00ed nahnat do v\u00e1lky na Ukrajin\u011b.<\/strong>\u00a0V\u017edy\u0165 ukrajinsk\u00fd gojim u\u017e doch\u00e1z\u00ed a tak je t\u0159eba tam p\u0159edhodit dal\u0161\u00ed v\u00e1rku potravy pro rusk\u00e1 d\u011bla.<\/p>\n<p><strong>Nechaj\u00ed se ale \u010ce\u0161i do t\u00e9hle l\u017eidovsk\u00e9 v\u00e1lky zat\u00e1hnout? Nebo se dok\u00e1\u017e\u00ed ubr\u00e1nit a vyhnout se sv\u00e9 likvidaci ve v\u00e1lce, kter\u00e1 je vedena v duchu perverzn\u00ed n\u00e1bo\u017eensk\u00e9 ideologie o \u00fadajn\u011b \u201evyvolen\u00fdch\u201c, kte\u0159\u00ed maj\u00ed m\u00edt ostatn\u00ed n\u00e1rody za otroky a v\u0161e na sv\u011bte vlastnit?<\/strong>! Dok\u00e1\u017e\u00ed se t\u00e9hle sekt\u011b slu\u017eebn\u00edk\u016f temnoty postavit a ubr\u00e1nit se?!\u00a0<strong>\u010ce\u0161i jsou ve v\u00e1lce, ale nen\u00ed to v\u00e1lka s Rusem, je to v\u00e1lka s nejstar\u0161\u00ed mafi\u00ed sv\u011bta. Je to v\u00e1lka na \u017eivot a na smrt. \u010ce\u0161i by m\u011bli zvednout hozenou rukavici a boj p\u0159ijmout, jen tak se mohou jako n\u00e1rod zachr\u00e1ni<\/strong>t.<\/p>\n<p><a href=\"https:\/\/ceskavec.com\/2025\/12\/nechaji-se-cesi-zatahnout-do-zidovske-valky\">Joe Nowak, Chicago, USA<\/a><\/p>\n<figure class=\"wp-block-image size-large\"><img decoding=\"async\" loading=\"lazy\" class=\"wp-image-19262 aligncenter\" src=\"https:\/\/ceskavec.com\/wp-content\/uploads\/2025\/12\/image-769x1024.png\" sizes=\"(max-width: 769px) 100vw, 769px\" srcset=\"https:\/\/ceskavec.com\/wp-content\/uploads\/2025\/12\/image-769x1024.png 769w, https:\/\/ceskavec.com\/wp-content\/uploads\/2025\/12\/image-225x300.png 225w, https:\/\/ceskavec.com\/wp-content\/uploads\/2025\/12\/image-768x1022.png 768w, https:\/\/ceskavec.com\/wp-content\/uploads\/2025\/12\/image.png 828w\" alt=\"\" width=\"397\" height=\"529\" \/><\/figure>\n<p>V\u011brn\u011b slou\u017e\u00edme!!!<\/p>\n<figure class=\"wp-block-image size-full\"><img decoding=\"async\" loading=\"lazy\" class=\"wp-image-18282 aligncenter\" src=\"https:\/\/ceskavec.com\/wp-content\/uploads\/2025\/01\/image-9.png\" sizes=\"(max-width: 749px) 100vw, 749px\" srcset=\"https:\/\/ceskavec.com\/wp-content\/uploads\/2025\/01\/image-9.png 749w, https:\/\/ceskavec.com\/wp-content\/uploads\/2025\/01\/image-9-300x169.png 300w\" alt=\"\" width=\"402\" height=\"227\" \/><\/figure>\n<figure class=\"wp-block-image size-large\"><img decoding=\"async\" loading=\"lazy\" class=\"wp-image-19270 aligncenter\" src=\"https:\/\/ceskavec.com\/wp-content\/uploads\/2025\/12\/image-1-722x1024.png\" sizes=\"auto, (max-width: 722px) 100vw, 722px\" srcset=\"https:\/\/ceskavec.com\/wp-content\/uploads\/2025\/12\/image-1-722x1024.png 722w, https:\/\/ceskavec.com\/wp-content\/uploads\/2025\/12\/image-1-211x300.png 211w, https:\/\/ceskavec.com\/wp-content\/uploads\/2025\/12\/image-1.png 761w\" alt=\"\" width=\"434\" height=\"616\" \/><\/figure>\n<p>\u010ce\u0161i se maj\u00ed p\u0159ipravit na ciz\u00ed v\u00e1lku\u2026..<\/p>\n<figure class=\"wp-block-image size-full\"><img decoding=\"async\" loading=\"lazy\" class=\"wp-image-19273\" src=\"https:\/\/ceskavec.com\/wp-content\/uploads\/2025\/12\/image-2.png\" sizes=\"auto, (max-width: 407px) 100vw, 407px\" srcset=\"https:\/\/ceskavec.com\/wp-content\/uploads\/2025\/12\/image-2.png 407w, https:\/\/ceskavec.com\/wp-content\/uploads\/2025\/12\/image-2-300x170.png 300w\" alt=\"\" width=\"407\" height=\"231\" \/><\/figure>\n<p>Expremi\u00e9r Fiala je \u017eidovsk\u00e9ho p\u016fvodu, jist\u011b n\u00e1hodou je jedn\u00edm z hlavn\u00edch hlasatel\u016f zapojen\u00ed na\u0161\u00ed zem\u011b do ciz\u00ed v\u00e1lky\u2026<\/p>\n<p>&nbsp;<\/p>\n","protected":false},"excerpt":{"rendered":"<p>V\u00e1lka na Ukrajin\u011b mezi KoZa (kolektivn\u00ed z\u00e1pad v \u010dele s USA) a Ruskem je v\u00e1lkou&#8230;<\/p>\n","protected":false},"author":2,"featured_media":26230,"comment_status":"closed","ping_status":"closed","sticky":false,"template":"","format":"standard","meta":[],"categories":[6],"tags":[670,40,92],"_links":{"self":[{"href":"https:\/\/www.infokuryr.cz\/n\/wp-json\/wp\/v2\/posts\/94783"}],"collection":[{"href":"https:\/\/www.infokuryr.cz\/n\/wp-json\/wp\/v2\/posts"}],"about":[{"href":"https:\/\/www.infokuryr.cz\/n\/wp-json\/wp\/v2\/types\/post"}],"author":[{"embeddable":true,"href":"https:\/\/www.infokuryr.cz\/n\/wp-json\/wp\/v2\/users\/2"}],"replies":[{"embeddable":true,"href":"https:\/\/www.infokuryr.cz\/n\/wp-json\/wp\/v2\/comments?post=94783"}],"version-history":[{"count":1,"href":"https:\/\/www.infokuryr.cz\/n\/wp-json\/wp\/v2\/posts\/94783\/revisions"}],"predecessor-version":[{"id":94784,"href":"https:\/\/www.infokuryr.cz\/n\/wp-json\/wp\/v2\/posts\/94783\/revisions\/94784"}],"wp:featuredmedia":[{"embeddable":true,"href":"https:\/\/www.infokuryr.cz\/n\/wp-json\/wp\/v2\/media\/26230"}],"wp:attachment":[{"href":"https:\/\/www.infokuryr.cz\/n\/wp-json\/wp\/v2\/media?parent=94783"}],"wp:term":[{"taxonomy":"category","embeddable":true,"href":"https:\/\/www.infokuryr.cz\/n\/wp-json\/wp\/v2\/categories?post=94783"},{"taxonomy":"post_tag","embeddable":true,"href":"https:\/\/www.infokuryr.cz\/n\/wp-json\/wp\/v2\/tags?post=94783"}],"curies":[{"name":"wp","href":"https:\/\/api.w.org\/{rel}","templated":true}]}}