{"id":94780,"date":"2025-12-17T00:13:12","date_gmt":"2025-12-16T23:13:12","guid":{"rendered":"https:\/\/www.infokuryr.cz\/n\/?p=94780"},"modified":"2025-12-16T17:15:16","modified_gmt":"2025-12-16T16:15:16","slug":"jak-se-pase-medialni-hnuj-na-zavisti-a-nenavisti-nastal-cas-vycistit-medialni-scenu","status":"publish","type":"post","link":"https:\/\/www.infokuryr.cz\/n\/2025\/12\/17\/jak-se-pase-medialni-hnuj-na-zavisti-a-nenavisti-nastal-cas-vycistit-medialni-scenu\/","title":{"rendered":"Jak se pase medi\u00e1ln\u00ed hn\u016fj na z\u00e1visti a nen\u00e1visti: nastal \u010das vy\u010distit medi\u00e1ln\u00ed sc\u00e9nu!"},"content":{"rendered":"<div id=\"fb-root\"><\/div>\n<div class=\"introtext\">\n<h4>Tak jsme se od medi\u00e1ln\u00edho odpadu iDNES a slovensk\u00e9ho port\u00e1lu Aktuality dozv\u011bd\u011bli, \u017ee\u00a0Fic\u016fv syn si koupil dal\u0161\u00ed luxusn\u00ed byt v Bratislav\u011b, pr\u00fd op\u011bt bez hypot\u00e9ky.<\/h4>\n<\/div>\n<div class=\"fulltext\">\n<p>V\u0161\u00edm\u00e1te si tu d\u016fraz na jm\u00e9na &#8222;Fico&#8220;?<\/p>\n<p>Pokud je n\u011bjak\u00e1 senza\u010dn\u00ed zpr\u00e1va medi\u00e1ln\u00edho odpadu, tak z\u00e1sadn\u011b\u00a0nep\u00ed\u0161\u00ed, zda syn Fica n\u011bco ukradl, zpronev\u011b\u0159il, jel v n\u011bjak\u00fdch bitcoinech, Dozimetrech, kampeli\u010dk\u00e1ch. Nic takov\u00e9ho: Ten drz\u00fd syn Fica m\u00e1 tolik pen\u011bz, \u017ee si koupil dal\u0161\u00ed byt. P\u0159itom syn Fica by m\u011bl d\u011blat meta\u0159e, vr\u00e1tn\u00e9ho \u010di kucha\u0159ku ve \u0161kole s minim\u00e1ln\u00ed mzdou. A i to by bylo mo\u017en\u00e1 moc, proto\u017ee syn Fica by m\u011bl b\u00fdt bezdomovec bez n\u00e1roku na jak\u00e9koliv pen\u00edze.<\/p>\n<table>\n<tbody>\n<tr>\n<td>Pracoval ve spole\u010dnosti \u010cEZ coby mana\u017eer, v sou\u010dasnosti se pak v\u011bnuje sv\u00e9 firm\u011b Lumina AI. Se svou matkou tak\u00e9 zalo\u017eil realitn\u00ed kancel\u00e1\u0159 Modon.<\/td>\n<\/tr>\n<\/tbody>\n<\/table>\n<p><strong>A lid z\u00e1vistiv\u00fd \u0161\u00edl\u00ed. Nejsou d\u016fkazy, \u017ee by n\u011bco zpronev\u011b\u0159il? Ukradl? Ne, koupil si je\u0161t\u011b jeden byt a to je zlo\u010din.\u00a0<\/strong><\/p>\n<p><strong>Tak to vid\u00ed bruselsk\u00fd odpadn\u00ed elaktor\u00e1t pln\u00fd hnoje\u00a0<\/strong><\/p>\n<p>V\u00edte, \u017ee pr\u00e1v\u011b pro tyto zdroje maj\u00ed vy\u010dlen\u011bny obrovsk\u00e9 pen\u00edze nadn\u00e1rodn\u00ed libtard\u00ed firmy jako rakousk\u00e1 \u010cesk\u00e1 spo\u0159itelna, Vodafone a dal\u0161\u00ed, kter\u00e9 je p\u0159es reklamy obrovsky dotuj\u00ed? Vid\u00edte datum, kdy po n\u00e1stupu Jourov\u00e9 od\u0159\u00edzli \u0161mejdi reklamy v\u0161em, co psali pravdu v dob\u011b medi\u00e1ln\u00edho temna. Za \u00faplatu, za korupci, a nikoliv a\u017e v roce 2022.<\/p>\n<p><img decoding=\"async\" loading=\"lazy\" class=\"aligncenter\" src=\"https:\/\/www.skrytapravda.cz\/images\/blogy\/2951\/2025\/cenzura\/medium_hub_spor_05050.webp\" alt=\"medium hub spor 05050\" width=\"549\" height=\"380\" \/><\/p>\n<p>V\u0161\u00edmejte si reklam, co jsou na tomto medi\u00e1ln\u00edm odpadu a co jsou na poctiv\u00fdch, men\u0161\u00edch webech.<\/p>\n<p>T\u0159eba rakousk\u00e1 \u010cesk\u00e1 spo\u0159itelna je k\u00e1po v t\u00e9to \u0161p\u00edn\u011b. L\u017ei, podvody, \u00fatoky na slu\u0161n\u00e9 lidi jsou nejv\u00edce dotov\u00e1ny z t\u011bchto nadn\u00e1rodn\u00edch korporac\u00ed. Kdy\u017e ale m\u011bly platit mimo\u0159\u00e1dnou da\u0148, r\u00e1zem se jim zisky scvrkly m\u00e1lem do ztr\u00e1ty! O to staraj\u00ed medi\u00e1ln\u00ed huby, kter\u00e9 se vytvo\u0159ily pod gesc\u00ed proti\u010desk\u00e9 Jourov\u00e9.<\/p>\n<p>A za to m\u011bla Jourov\u00e1 superplat. Za \u0161p\u00ednu se nev\u00edce plat\u00ed.\u00a0<strong>Vzpom\u00edn\u00e1te?<\/strong>\u00a0Ned\u011blala nic, v\u00e1lela se v Bruselu a kontrolovala, kdo d\u011bl\u00e1 bruselskou propagandu a toho korumpovala.\u00a0Za korupci je norm\u00e1ln\u00ed v\u011bzen\u00ed, ona dostala obrovsk\u00e9 odm\u011bny. A v\u0161em se posm\u00edvala.<\/p>\n<p><img decoding=\"async\" loading=\"lazy\" class=\"aligncenter\" src=\"https:\/\/www.skrytapravda.cz\/images\/blogy\/2951\/2023\/politicke\/jouro_8fd65.webp\" alt=\"jouro 8fd65\" width=\"554\" height=\"594\" \/><\/p>\n<p>Jak je mo\u017en\u00e9, \u017ee nelze pro\u0161et\u0159it konta komisa\u0159ky, kter\u00e1 tuto masmedi\u00e1ln\u00ed cenzuru vytvo\u0159ila a dokonce tot\u00e1ln\u011b zv\u00fdhodnila masmedi\u00e1ln\u00ed stoku na propagandu?<\/p>\n<h4><strong>A za toto svinstvo se zat\u00edm beztrestn\u011b ob\u010dan\u016fm vysm\u00edv\u00e1: kdo to m\u00e1 za nulovou pr\u00e1ci?\u00a0<\/strong><\/h4>\n<p><a href=\"https:\/\/www.skrytapravda.cz\/z-domova\/2921-jak-se-pase-medialni-hnuj-na-zavisti-a-nenavisti-nastal-cas-vycistit-medialni-scenu\">Petr Pokorn\u00fd<\/a><\/p>\n<div class=\"clr\"><\/div>\n<div class=\"clauthor\"><\/div>\n<\/div>\n","protected":false},"excerpt":{"rendered":"<p>Tak jsme se od medi\u00e1ln\u00edho odpadu iDNES a slovensk\u00e9ho port\u00e1lu Aktuality dozv\u011bd\u011bli, \u017ee\u00a0Fic\u016fv syn si&#8230;<\/p>\n","protected":false},"author":2,"featured_media":94781,"comment_status":"closed","ping_status":"closed","sticky":false,"template":"","format":"standard","meta":[],"categories":[6],"tags":[636,1503,158],"_links":{"self":[{"href":"https:\/\/www.infokuryr.cz\/n\/wp-json\/wp\/v2\/posts\/94780"}],"collection":[{"href":"https:\/\/www.infokuryr.cz\/n\/wp-json\/wp\/v2\/posts"}],"about":[{"href":"https:\/\/www.infokuryr.cz\/n\/wp-json\/wp\/v2\/types\/post"}],"author":[{"embeddable":true,"href":"https:\/\/www.infokuryr.cz\/n\/wp-json\/wp\/v2\/users\/2"}],"replies":[{"embeddable":true,"href":"https:\/\/www.infokuryr.cz\/n\/wp-json\/wp\/v2\/comments?post=94780"}],"version-history":[{"count":1,"href":"https:\/\/www.infokuryr.cz\/n\/wp-json\/wp\/v2\/posts\/94780\/revisions"}],"predecessor-version":[{"id":94782,"href":"https:\/\/www.infokuryr.cz\/n\/wp-json\/wp\/v2\/posts\/94780\/revisions\/94782"}],"wp:featuredmedia":[{"embeddable":true,"href":"https:\/\/www.infokuryr.cz\/n\/wp-json\/wp\/v2\/media\/94781"}],"wp:attachment":[{"href":"https:\/\/www.infokuryr.cz\/n\/wp-json\/wp\/v2\/media?parent=94780"}],"wp:term":[{"taxonomy":"category","embeddable":true,"href":"https:\/\/www.infokuryr.cz\/n\/wp-json\/wp\/v2\/categories?post=94780"},{"taxonomy":"post_tag","embeddable":true,"href":"https:\/\/www.infokuryr.cz\/n\/wp-json\/wp\/v2\/tags?post=94780"}],"curies":[{"name":"wp","href":"https:\/\/api.w.org\/{rel}","templated":true}]}}