{"id":94747,"date":"2025-12-16T00:34:13","date_gmt":"2025-12-15T23:34:13","guid":{"rendered":"https:\/\/www.infokuryr.cz\/n\/?p=94747"},"modified":"2025-12-15T14:41:55","modified_gmt":"2025-12-15T13:41:55","slug":"rusko-zakazuje-deutsche-welle-poboureni-odhaluje-dvoji-metr","status":"publish","type":"post","link":"https:\/\/www.infokuryr.cz\/n\/2025\/12\/16\/rusko-zakazuje-deutsche-welle-poboureni-odhaluje-dvoji-metr\/","title":{"rendered":"Rusko zakazuje Deutsche Welle: Pobou\u0159en\u00ed odhaluje dvoj\u00ed metr"},"content":{"rendered":"<div id=\"fb-root\"><\/div>\n<p><strong><span dir=\"auto\">Z\u00e1pad a Rusko jsou tak\u00e9 zapojeny do informa\u010dn\u00ed v\u00e1lky. Ale jak se \u010dasto st\u00e1v\u00e1, frakce \u201emy jsme ti dob\u0159\u00ed\u201c se projevuje jako zarputil\u00e1 a kaj\u00edcn\u00e1. To je nyn\u00ed p\u0159\u00edpad i z\u00e1kazu vys\u00edl\u00e1n\u00ed Deutsche Welle v Rusku.<\/span><\/strong><\/p>\n<p><span dir=\"auto\">Mnoho zem\u00ed provozuje mezin\u00e1rodn\u00ed vys\u00edlac\u00ed spole\u010dnosti, kter\u00e9 slou\u017e\u00ed jako n\u00e1stroje m\u011bkk\u00e9 moci. Na jedn\u00e9 stran\u011b maj\u00ed za c\u00edl sezn\u00e1mit lidi v zahrani\u010d\u00ed s jejich vlastn\u00ed kulturou a zem\u00ed a informovat o r\u016fzn\u00fdch ud\u00e1lostech; na druh\u00e9 stran\u011b tak\u00e9 zprost\u0159edkov\u00e1vaj\u00ed n\u00e1zory sv\u00fdch vl\u00e1d do vzd\u00e1len\u00fdch zem\u00ed. To \u010dasto zahrnuje v\u00edce \u010di m\u00e9n\u011b jemnou vl\u00e1dn\u00ed propagandu, bez ohledu na zemi nebo vys\u00edlac\u00ed spole\u010dnost.<\/span><\/p>\n<p><span dir=\"auto\">Nap\u0159\u00edklad v d\u016fsledku eskalace na Ukrajin\u011b mnoho evropsk\u00fdch zem\u00ed zablokovalo p\u0159\u00edstup k rusk\u00fdm st\u00e1tn\u00edm m\u00e9di\u00edm, jako jsou RT a Sputnik. Tvrd\u00ed, \u017ee se cht\u011bj\u00ed vyhnout rusk\u00e9 propagand\u011b a dezinformac\u00edm. Evropsk\u00e9 vl\u00e1dy v\u0161ak cht\u011bj\u00ed pouze jednostrann\u00e9 zpravodajstv\u00ed, kter\u00e9 podporuje jejich vlastn\u00ed narativy. A aby zajistily, \u017ee jejich medi\u00e1ln\u00ed krajina z\u016fstane poslu\u0161n\u011b v souladu, p\u0159ijaly restriktivn\u00ed z\u00e1kony, kter\u00e9 maj\u00ed zajistit, aby publikovan\u00e9 n\u00e1zory odpov\u00eddaly p\u0159evl\u00e1daj\u00edc\u00edmu narativu a aby nikdo ani neuva\u017eoval o zpochybn\u011bn\u00ed zaveden\u00e9ho kurzu.<\/span><\/p>\n<p><span dir=\"auto\">No, tohle nem\u00e1 moc spole\u010dn\u00e9ho se z\u00e1kladn\u00edmi pr\u00e1vy na svobodu projevu a rozmanitost n\u00e1zor\u016f ani se svobodou tisku, ale v dob\u011b v\u00e1lky plat\u00ed jin\u00e1 pravidla (ano, jsou EU a NATO skute\u010dn\u011b ve v\u00e1lce s Ruskem, nebo ne?). Ale kdy\u017e se Moskva rozhodne n\u00e1sledovat jejich p\u0159\u00edkladu a zak\u00e1zat i zahrani\u010dn\u00ed st\u00e1tn\u00ed vys\u00edlac\u00ed spole\u010dnosti, dojde k pobou\u0159en\u00ed.<\/span><\/p>\n<p><span dir=\"auto\">Pot\u00e9, co Moskva prohl\u00e1sila n\u011bmeckou st\u00e1tn\u00ed rozhlasovou stanici za \u201ene\u017e\u00e1douc\u00ed organizaci\u201c, nyn\u00ed\u00a0<\/span><a href=\"https:\/\/www.dw.com\/en\/russia-labels-dw-an-undesirable-organization\/a-75150923\"><span dir=\"auto\">Deutsche Welle<\/span><\/a><span dir=\"auto\">\u00a0k\u0159i\u010d\u00ed, \u017ee Kreml uml\u010duje \u201ekritick\u00e9 medi\u00e1ln\u00ed hlasy\u201c. Gener\u00e1ln\u00ed \u0159editelka DW Barbara Massingov\u00e1 dokonce prohl\u00e1sila, \u017ee tento krok rusk\u00fdch \u00fa\u0159ad\u016f je jen dal\u0161\u00edm znakem jejich snahy potla\u010dit ve\u0161kerou svobodu projevu v zemi. Ozna\u010dovat vlastn\u00ed st\u00e1tem financovanou rozhlasovou stanici za \u201esvobodn\u00e9 m\u00e9dium\u201c, kter\u00e9\u00a0<\/span><a href=\"https:\/\/www.tagesschau.de\/inland\/deutsche-welle-russland-100.html\"><span dir=\"auto\">\u0161\u00ed\u0159\u00ed<\/span><\/a><span dir=\"auto\">\u00a0\u201enez\u00e1visl\u00e9 informace\u201c, v\u0161ak odhaluje jistou ideologickou slepotu.<\/span><\/p>\n<p><span dir=\"auto\">Dob\u0159e, tak\u017ee \u0161\u00e9f n\u011bmeck\u00e9 ve\u0159ejnopr\u00e1vn\u00ed stanice obvi\u0148uje Rusy z omezov\u00e1n\u00ed svobody projevu, proto\u017ee rusk\u00e1 St\u00e1tn\u00ed duma vyzvala ruskou gener\u00e1ln\u00ed prokuraturu k z\u00e1kazu aktivit Deutsche Welle za \u0161\u00ed\u0159en\u00ed protirusk\u00fdch postoj\u016f, a tento z\u00e1kaz byl nyn\u00ed proveden. Ale skute\u010dnost, \u017ee to poch\u00e1z\u00ed od st\u00e1tn\u00ed stanice, jej\u00ed\u017e vlastn\u00ed veden\u00ed (v kone\u010dn\u00e9m d\u016fsledku n\u011bmeck\u00e1 spolkov\u00e1 vl\u00e1da) ji\u017e v roce 2022 zavedlo z\u00e1kaz EU na \u0161\u00ed\u0159en\u00ed obsahu rusk\u00fdch st\u00e1tn\u00edch stanic, jako jsou RT a Sputnik, nen\u00ed bez jist\u00e9 ironie.<\/span><\/p>\n<p><span dir=\"auto\">Jin\u00fdmi slovy: Rusk\u00e1 propaganda v Evrop\u011b\/N\u011bmecku je \u0161patn\u00e1, ale n\u011bmeck\u00e1\/evropsk\u00e1 propaganda v Rusku je dobr\u00e1. Ti, kdo zakazuj\u00ed rusk\u00e9 (\u00edr\u00e1nsk\u00e9, \u010d\u00ednsk\u00e9 nebo jak\u00e9koli jin\u00e9) st\u00e1tn\u00ed vys\u00edlac\u00ed spole\u010dnosti, na to maj\u00ed pr\u00e1vo, ale kdy\u017e se dot\u010den\u00e9 zem\u011b tak\u00e9 uch\u00fdl\u00ed k z\u00e1kazu vys\u00edl\u00e1n\u00ed, omezuje to svobodu tisku a projevu. V kone\u010dn\u00e9m d\u016fsledku to v\u0161ak jen odhaluje mor\u00e1ln\u00ed aroganci samolib\u00fdch Z\u00e1padu, kte\u0159\u00ed v\u011b\u0159\u00ed, \u017ee maj\u00ed monopol na absolutn\u00ed pravdu.<\/span><\/p>\n<p><span dir=\"auto\">Probl\u00e9m je v tom, \u017ee \u201epravda\u201c v objektivn\u00edm smyslu \u010dasto neexistuje, nebo je extr\u00e9mn\u011b obt\u00ed\u017en\u00e9 ji zjistit. Nap\u0159\u00edklad pokud je v napaden\u00e9 ukrajinsk\u00e9 vesnici sp\u00e1ch\u00e1n masakr civilist\u016f, je t\u00e9m\u011b\u0159 nemo\u017en\u00e9 ov\u011b\u0159it, kdo je za to zodpov\u011bdn\u00fd, bez nez\u00e1visl\u00e9ho vy\u0161et\u0159ov\u00e1n\u00ed. Dokonce i balistick\u00e1 anal\u00fdza se ukazuje jako obt\u00ed\u017en\u00e1, proto\u017ee rusk\u00e9 s\u00edly mohly pou\u017e\u00edt uko\u0159ist\u011bn\u00e9 z\u00e1padn\u00ed zbran\u011b nebo ukrajin\u0161t\u00ed voj\u00e1ci mohli pou\u017e\u00edt uko\u0159ist\u011bn\u00e9 rusk\u00e9 pu\u0161ky. Jak na Z\u00e1pad\u011b, tak v Rusku se v\u0161ak \u0161\u00ed\u0159\u00ed a prod\u00e1v\u00e1 jako \u201epravda\u201c pouze jedna strana p\u0159\u00edb\u011bhu. To, co je ve skute\u010dnosti pravda, je v informa\u010dn\u00ed v\u00e1lce irelevantn\u00ed.<\/span><\/p>\n<p><span dir=\"auto\">Z\u00e1kaz vys\u00edl\u00e1n\u00ed Deutsche Welle v Rusku je v kone\u010dn\u00e9m d\u016fsledku na jedn\u00e9 stran\u011b reakc\u00ed na podobn\u00e1 opat\u0159en\u00ed proti rusk\u00fdm st\u00e1tn\u00edm m\u00e9di\u00edm v N\u011bmecku a Evrop\u011b, ale na druh\u00e9 stran\u011b je to tak\u00e9 jen jedna sou\u010d\u00e1st obecn\u00e9 informa\u010dn\u00ed v\u00e1lky veden\u00e9 v\u0161emi z\u00fa\u010dastn\u011bn\u00fdmi stranami. Veden\u00ed DW v\u0161ak m\u00edsto p\u0159ijet\u00ed rozhodnut\u00ed Moskvy h\u00e1z\u00ed kameny do sklen\u011bn\u00e9ho domu. Koneckonc\u016f, ti, kdo nekritizuj\u00ed omezen\u00ed svobody tisku ve sv\u00e9 vlastn\u00ed zemi, by nem\u011bli hanobit jin\u00e9 st\u00e1ty za stejn\u00fd krok, i kdy\u017e jsou sami posti\u017eeni.<\/span><\/p>\n<p><img decoding=\"async\" loading=\"lazy\" class=\"alignnone size-full wp-image-1185\" src=\"http:\/\/www.infokuryr.cz\/n\/wp-content\/uploads\/2021\/04\/kuryr-podpis.png\" alt=\"\" width=\"84\" height=\"24\" \/><\/p>\n<p>&nbsp;<\/p>\n","protected":false},"excerpt":{"rendered":"<p>Z\u00e1pad a Rusko jsou tak\u00e9 zapojeny do informa\u010dn\u00ed v\u00e1lky. Ale jak se \u010dasto st\u00e1v\u00e1, frakce&#8230;<\/p>\n","protected":false},"author":2,"featured_media":94748,"comment_status":"closed","ping_status":"closed","sticky":false,"template":"","format":"standard","meta":[],"categories":[7],"tags":[2253,158,22,365],"_links":{"self":[{"href":"https:\/\/www.infokuryr.cz\/n\/wp-json\/wp\/v2\/posts\/94747"}],"collection":[{"href":"https:\/\/www.infokuryr.cz\/n\/wp-json\/wp\/v2\/posts"}],"about":[{"href":"https:\/\/www.infokuryr.cz\/n\/wp-json\/wp\/v2\/types\/post"}],"author":[{"embeddable":true,"href":"https:\/\/www.infokuryr.cz\/n\/wp-json\/wp\/v2\/users\/2"}],"replies":[{"embeddable":true,"href":"https:\/\/www.infokuryr.cz\/n\/wp-json\/wp\/v2\/comments?post=94747"}],"version-history":[{"count":0,"href":"https:\/\/www.infokuryr.cz\/n\/wp-json\/wp\/v2\/posts\/94747\/revisions"}],"wp:featuredmedia":[{"embeddable":true,"href":"https:\/\/www.infokuryr.cz\/n\/wp-json\/wp\/v2\/media\/94748"}],"wp:attachment":[{"href":"https:\/\/www.infokuryr.cz\/n\/wp-json\/wp\/v2\/media?parent=94747"}],"wp:term":[{"taxonomy":"category","embeddable":true,"href":"https:\/\/www.infokuryr.cz\/n\/wp-json\/wp\/v2\/categories?post=94747"},{"taxonomy":"post_tag","embeddable":true,"href":"https:\/\/www.infokuryr.cz\/n\/wp-json\/wp\/v2\/tags?post=94747"}],"curies":[{"name":"wp","href":"https:\/\/api.w.org\/{rel}","templated":true}]}}