{"id":94742,"date":"2025-12-16T00:29:30","date_gmt":"2025-12-15T23:29:30","guid":{"rendered":"https:\/\/www.infokuryr.cz\/n\/?p=94742"},"modified":"2025-12-15T14:33:13","modified_gmt":"2025-12-15T13:33:13","slug":"erik-best-fialovo-predani-agendy-merzovi","status":"publish","type":"post","link":"https:\/\/www.infokuryr.cz\/n\/2025\/12\/16\/erik-best-fialovo-predani-agendy-merzovi\/","title":{"rendered":"Erik Best: Fialovo p\u0159ed\u00e1n\u00ed agendy Merzovi"},"content":{"rendered":"<div id=\"fb-root\"><\/div>\n<p>Nov\u00e1 zpr\u00e1va o\u00a0stavu zem\u011b s\u00a0n\u00e1zvem\u00a0<a href=\"https:\/\/pfiala.cz\/download\/Cesko_2025.pdf\" target=\"_blank\" rel=\"noopener\">\u010cesko 2025<\/a>\u00a0odstupuj\u00edc\u00edho premi\u00e9ra Petra Fialy, zve\u0159ejn\u011bn\u00e1 v\u010dera, byla vytvo\u0159ena 7. prosince a\u00a0upravena 13. prosince. To znamen\u00e1, \u017ee Fiala m\u011bl dostatek \u010dasu reagovat na\u00a0<a href=\"https:\/\/www.whitehouse.gov\/issues\/national-security\/\" target=\"_blank\" rel=\"noopener\">strategii n\u00e1rodn\u00ed bezpe\u010dnosti<\/a>\u00a0Donalda Trumpa.<\/p>\n<p>Fial\u016fv dokument se v\u0161ak o\u00a0t\u00e9to strategii nezmi\u0148uje a\u00a0o nov\u00e9 situaci v\u00a0transatlantick\u00fdch vztaz\u00edch \u0159\u00edk\u00e1 jen m\u00e1lo. Nejbl\u00ed\u017ee je tomu snad v\u011bta: \u201eJsme nesrovnateln\u011b l\u00e9pe propojeni s\u00a0okoln\u00edm sv\u011btem a\u00a0z\u00e1rove\u0148 ve strategick\u00fdch rozm\u011brech mnohem m\u00e9n\u011b z\u00e1visl\u00ed na k\u0159ehk\u00e9 glob\u00e1ln\u00ed rovnov\u00e1ze.\u201c<\/p>\n<p>N\u011bmeck\u00fd kancl\u00e9\u0159 Friedrich Merz na sv\u00e9 vlastn\u00ed v\u00edkendov\u00e9 akci v\u00a0Mnichov\u011b deleg\u00e1t\u016fm CSU \u0159ekl, \u017ee ve sv\u011bt\u011b<strong>\u00a0<\/strong>doch\u00e1z\u00ed k\u00a0<a href=\"https:\/\/www.youtube.com\/watch?v=5GS4nQlDJBk&amp;t=367s\" target=\"_blank\" rel=\"noopener\">tektonick\u00e9mu posunu<\/a>\u00a0politick\u00fdch a\u00a0ekonomick\u00fdch center moc\u00ed. \u201eA my, N\u011bmci, Evropan\u00e9, jsme uprost\u0159ed tohoto procesu,\u201c uvedl.<\/p>\n<p>\u201e<a href=\"https:\/\/www.youtube.com\/watch?v=5GS4nQlDJBk&amp;t=963s\" target=\"_blank\" rel=\"noopener\">Trump se nezjevil p\u0159es noc<\/a>\u00a0a\u00a0tato americk\u00e1 politika p\u0159es noc jednodu\u0161e nezmiz\u00ed. Je mo\u017en\u00e9, \u017ee s\u00a0jeho n\u00e1stupcem \u010di n\u00e1stupkyn\u00ed to bude je\u0161t\u011b obt\u00ed\u017en\u011bj\u0161\u00ed. P\u0159ipravme se na mo\u017enost z\u00e1sadn\u00ed zm\u011bny v\u00a0transatlantick\u00fdch vztaz\u00edch.\u201c Andrej Babi\u0161 se k\u00a0tomu chyst\u00e1, zat\u00edmco\u00a0<a href=\"https:\/\/www.fsfinalword.cz\/?page=archive&amp;show=1&amp;day=2025-12-3\" target=\"_blank\" rel=\"noopener\">Fiala a\u00a0ODS<\/a>\u00a0se spol\u00e9haj\u00ed na to, \u017ee to za n\u011b ud\u011bl\u00e1 Merz.<\/p>\n<p><a href=\"https:\/\/www.fsfinalword.cz\/?page=archive&amp;day=2025-12-15&amp;utm_source=utm_source%3Dnewsletter&amp;utm_medium=utm_medium%3De-mail&amp;utm_campaign=utm_campaign%3Dfinal_word_15.12.2025\">Erik Best<\/a><\/p>\n<p><img decoding=\"async\" loading=\"lazy\" class=\"alignnone  wp-image-1179\" src=\"http:\/\/www.infokuryr.cz\/n\/wp-content\/uploads\/2021\/04\/erik-best.jpg\" alt=\"\" width=\"118\" height=\"133\" \/><\/p>\n<p>&nbsp;<\/p>\n","protected":false},"excerpt":{"rendered":"<p>Nov\u00e1 zpr\u00e1va o\u00a0stavu zem\u011b s\u00a0n\u00e1zvem\u00a0\u010cesko 2025\u00a0odstupuj\u00edc\u00edho premi\u00e9ra Petra Fialy, zve\u0159ejn\u011bn\u00e1 v\u010dera, byla vytvo\u0159ena 7. prosince&#8230;<\/p>\n","protected":false},"author":2,"featured_media":80175,"comment_status":"closed","ping_status":"closed","sticky":false,"template":"","format":"standard","meta":[],"categories":[6],"tags":[1497,2181,8211],"_links":{"self":[{"href":"https:\/\/www.infokuryr.cz\/n\/wp-json\/wp\/v2\/posts\/94742"}],"collection":[{"href":"https:\/\/www.infokuryr.cz\/n\/wp-json\/wp\/v2\/posts"}],"about":[{"href":"https:\/\/www.infokuryr.cz\/n\/wp-json\/wp\/v2\/types\/post"}],"author":[{"embeddable":true,"href":"https:\/\/www.infokuryr.cz\/n\/wp-json\/wp\/v2\/users\/2"}],"replies":[{"embeddable":true,"href":"https:\/\/www.infokuryr.cz\/n\/wp-json\/wp\/v2\/comments?post=94742"}],"version-history":[{"count":0,"href":"https:\/\/www.infokuryr.cz\/n\/wp-json\/wp\/v2\/posts\/94742\/revisions"}],"wp:featuredmedia":[{"embeddable":true,"href":"https:\/\/www.infokuryr.cz\/n\/wp-json\/wp\/v2\/media\/80175"}],"wp:attachment":[{"href":"https:\/\/www.infokuryr.cz\/n\/wp-json\/wp\/v2\/media?parent=94742"}],"wp:term":[{"taxonomy":"category","embeddable":true,"href":"https:\/\/www.infokuryr.cz\/n\/wp-json\/wp\/v2\/categories?post=94742"},{"taxonomy":"post_tag","embeddable":true,"href":"https:\/\/www.infokuryr.cz\/n\/wp-json\/wp\/v2\/tags?post=94742"}],"curies":[{"name":"wp","href":"https:\/\/api.w.org\/{rel}","templated":true}]}}