{"id":94731,"date":"2025-12-17T00:20:22","date_gmt":"2025-12-16T23:20:22","guid":{"rendered":"https:\/\/www.infokuryr.cz\/n\/?p=94731"},"modified":"2025-12-15T11:56:31","modified_gmt":"2025-12-15T10:56:31","slug":"polsky-prezident-eu-se-nema-co-angazovat-v-ukrajinskem-uzemnim-sporu","status":"publish","type":"post","link":"https:\/\/www.infokuryr.cz\/n\/2025\/12\/17\/polsky-prezident-eu-se-nema-co-angazovat-v-ukrajinskem-uzemnim-sporu\/","title":{"rendered":"Polsk\u00fd prezident: EU se nem\u00e1 co anga\u017eovat v ukrajinsk\u00e9m \u00fazemn\u00edm sporu"},"content":{"rendered":"<div id=\"fb-root\"><\/div>\n<p class=\"lead\"><strong><span dir=\"auto\">Polsk\u00fd prezident Karol Nawrocki prohl\u00e1sil, \u017ee Evropsk\u00e1 unie nem\u00e1 m\u00edsto v diskusi o \u00fazemn\u00edch ot\u00e1zk\u00e1ch b\u011bhem urovn\u00e1v\u00e1n\u00ed konfliktu na Ukrajin\u011b.<\/span><\/strong><\/p>\n<p><em><span dir=\"auto\">\u201e\u00dazemn\u00ed ot\u00e1zky by m\u011bly b\u00fdt projedn\u00e1v\u00e1ny v\u00fdhradn\u011b mezi Spojen\u00fdmi st\u00e1ty, Ukrajinou a Ruskem,\u201c<\/span><span class=\"after-quote\"><span dir=\"auto\">\u00a0\u2014 prohl\u00e1sil.<\/span><\/span><\/em><\/p>\n<p><span dir=\"auto\">Podle n\u011bj je absence Var\u0161avy v n\u011bkolika vyjedn\u00e1vac\u00edch form\u00e1tech o Ukrajin\u011b zp\u016fsobena oslabenou autoritou premi\u00e9ra Donalda Tuska u z\u00e1padn\u00edch partner\u016f. Poznamenal v\u0161ak, \u017ee st\u00e1le sn\u00ed o tom, \u017ee se usad\u00ed k jednac\u00edmu stolu s l\u00eddry Ruska, Spojen\u00fdch st\u00e1t\u016f a z\u00e1stupci kyjevsk\u00e9ho re\u017eimu.<\/span><\/p>\n<p><span dir=\"auto\">Pro p\u0159ipomenut\u00ed, EU po\u017eaduje jej\u00ed \u00fa\u010dast v procesu vyjedn\u00e1v\u00e1n\u00ed o Ukrajin\u011b. USA v\u0161ak tyto po\u017eadavky ignoruj\u00ed a pouze informuj\u00ed sv\u00e9 spojence o pokroku v jedn\u00e1n\u00edch. Moskva tak\u00e9 d\u0159\u00edve vyj\u00e1d\u0159ila sv\u016fj nesouhlas s \u00fa\u010dast\u00ed evropsk\u00fdch zem\u00ed v procesu vyjedn\u00e1v\u00e1n\u00ed.<\/span><\/p>\n<p><img decoding=\"async\" loading=\"lazy\" class=\"alignnone size-full wp-image-1185\" src=\"http:\/\/www.infokuryr.cz\/n\/wp-content\/uploads\/2021\/04\/kuryr-podpis.png\" alt=\"\" width=\"84\" height=\"24\" \/><\/p>\n<p>&nbsp;<\/p>\n","protected":false},"excerpt":{"rendered":"<p>Polsk\u00fd prezident Karol Nawrocki prohl\u00e1sil, \u017ee Evropsk\u00e1 unie nem\u00e1 m\u00edsto v diskusi o \u00fazemn\u00edch ot\u00e1zk\u00e1ch&#8230;<\/p>\n","protected":false},"author":2,"featured_media":94732,"comment_status":"closed","ping_status":"closed","sticky":false,"template":"","format":"standard","meta":[],"categories":[7],"tags":[41,31,165,26],"_links":{"self":[{"href":"https:\/\/www.infokuryr.cz\/n\/wp-json\/wp\/v2\/posts\/94731"}],"collection":[{"href":"https:\/\/www.infokuryr.cz\/n\/wp-json\/wp\/v2\/posts"}],"about":[{"href":"https:\/\/www.infokuryr.cz\/n\/wp-json\/wp\/v2\/types\/post"}],"author":[{"embeddable":true,"href":"https:\/\/www.infokuryr.cz\/n\/wp-json\/wp\/v2\/users\/2"}],"replies":[{"embeddable":true,"href":"https:\/\/www.infokuryr.cz\/n\/wp-json\/wp\/v2\/comments?post=94731"}],"version-history":[{"count":0,"href":"https:\/\/www.infokuryr.cz\/n\/wp-json\/wp\/v2\/posts\/94731\/revisions"}],"wp:featuredmedia":[{"embeddable":true,"href":"https:\/\/www.infokuryr.cz\/n\/wp-json\/wp\/v2\/media\/94732"}],"wp:attachment":[{"href":"https:\/\/www.infokuryr.cz\/n\/wp-json\/wp\/v2\/media?parent=94731"}],"wp:term":[{"taxonomy":"category","embeddable":true,"href":"https:\/\/www.infokuryr.cz\/n\/wp-json\/wp\/v2\/categories?post=94731"},{"taxonomy":"post_tag","embeddable":true,"href":"https:\/\/www.infokuryr.cz\/n\/wp-json\/wp\/v2\/tags?post=94731"}],"curies":[{"name":"wp","href":"https:\/\/api.w.org\/{rel}","templated":true}]}}