{"id":94714,"date":"2025-12-16T00:25:51","date_gmt":"2025-12-15T23:25:51","guid":{"rendered":"https:\/\/www.infokuryr.cz\/n\/?p=94714"},"modified":"2025-12-15T10:59:36","modified_gmt":"2025-12-15T09:59:36","slug":"josef-vohnout-eu-je-paraziticka-struktura","status":"publish","type":"post","link":"https:\/\/www.infokuryr.cz\/n\/2025\/12\/16\/josef-vohnout-eu-je-paraziticka-struktura\/","title":{"rendered":"Josef Vohnout: EU je parazitick\u00e1 struktura"},"content":{"rendered":"<div id=\"fb-root\"><\/div>\n<p>EU se tak dlouho vyhrazovala proti Rusku, a\u017e se stala nep\u0159\u00edtelem USA. Tak dlouho budovala udr\u017eitelnost, a\u017e se pot\u00e1p\u00ed v\u00a0astronomick\u00fdch dluz\u00edch. Tak dlouho se pracovalo na dostupn\u00e9m bydlen\u00ed, \u017ee se z\u00a0komunistick\u00fdch panel\u00e1k\u016f stal nedostupn\u00fd luxus. EU od\u010derp\u00e1v\u00e1 zdroje \u010dlensk\u00fdch zem\u00ed tak bezohledn\u011b, \u017ee jejich tvorba p\u0159est\u00e1v\u00e1 dosta\u010dovat tempu jejich ods\u00e1v\u00e1n\u00ed.<span id=\"more-38318\"><\/span><\/p>\n<h2>Kr\u00e1sn\u00fd \u017eivot pod modro\u017elutou vlajkou<\/h2>\n<p>EU nejen, \u017ee\u00a0<a href=\"https:\/\/dfens-cz.com\/eu-uz-nema-zadny-prospesny-duvod-k-existenci\/\">nem\u00e1 \u017e\u00e1dn\u00fd prosp\u011b\u0161n\u00fd d\u016fvod k\u00a0existenci<\/a>, ale stala se doslova koul\u00ed na noze. Podle libtard\u016f vd\u011b\u010d\u00edme za sv\u016fj nov\u00fd a kr\u00e1sn\u011bj\u0161\u00ed \u017eivot pr\u00e1v\u011b \u010dlenstv\u00ed v\u00a0Evropsk\u00e9 Unii, kde pevn\u011b ukotveni skl\u00edz\u00edme plody blahobytu. Tak se na to pod\u00edvejme t\u0159eba o\u010dima energetiky, co\u017e je v\u00a0sou\u010dasnosti aktu\u00e1ln\u00ed t\u00e9ma. Nejd\u0159\u00edv si \u010ce\u0161i postav\u00ed za sv\u00e9 pen\u00edze uhelnou elektr\u00e1rnu. Kdy\u017e u\u017e tam tak jednou tak stoj\u00ed, pro\u010d ji nezdanit je\u0161t\u011b jednou? Elektr\u00e1rna vyrob\u00ed megawatthodinu za cenu 86 eur. Z\u00a0t\u011bch 86 eur jsou\u00a0<a href=\"https:\/\/cz24.news\/tykac-zavira-elektrarny-vyroba-elektriny-80-eur-z-86-je-povolenka\/\">skute\u010dn\u00e9 v\u00fdrobn\u00ed n\u00e1klady 6 eur<\/a>. Zbytek je poplatek za to, \u017ee sm\u00edte vyr\u00e1b\u011bt pro sebe elektrickou energii. Mimochodem pro srovn\u00e1n\u00ed, takto vysoko se danilo ve v\u00e1le\u010dn\u00fdch \u010dasech druh\u00e9 sv\u011btov\u00e9 v\u00e1lky. \u010cesk\u00fd pracuj\u00edc\u00ed chod\u00ed do pr\u00e1ce, kde ze sv\u00e9 mzdy odv\u00e1d\u00ed neuv\u011b\u0159iteln\u011b vysok\u00e9 dan\u011b a za to, co mu panstvo velkoryse p\u0159enech\u00e1, si koup\u00ed elektrick\u00fd proud. Tedy zaplat\u00ed dal\u0161\u00ed olb\u0159\u00edm\u00ed dan\u011b. Pro\u010d pou\u017e\u00edv\u00e1m slovo panstvo? Proto\u017ee v\u00fd\u0161e zdan\u011bn\u00ed je stejn\u00e1 jako za feudalismu. To je odpov\u011b\u010f na ot\u00e1zku, pro\u010d n\u00e1hle vzrostla cena za elektrickou energii. Projd\u011bme si to je\u0161t\u011b jednou. Za sv\u00e9 pen\u00edze si postav\u00edme, cizopasn\u00edk\u016fm, kte\u0159\u00ed pro vybudov\u00e1n\u00ed ani nehnuli prstem, zaplat\u00edme za to, \u017ee ji sm\u00edme pou\u017e\u00edvat. Ve zdrav\u011bj\u0161\u00edch dob\u00e1ch se tomu \u0159\u00edkalo vyko\u0159is\u0165ov\u00e1n\u00ed poroben\u00fdch koloni\u00ed.<\/p>\n<p>U\u017e to samo o sob\u011b by sta\u010dilo k\u00a0odm\u00edtnut\u00ed n\u011bco takov\u00e9ho d\u011blat. Jen\u017ee ten zvr\u00e1cen\u00fd syst\u00e9m jde je\u0161t\u011b o kus d\u00e1l. \u010c\u00e1st t\u011bch vybran\u00fdch pen\u011bz se nalije formou dotac\u00ed do procesu dekarbonizace. Tedy p\u0159esn\u011b toho procesu, kter\u00fd zp\u016fsobil uvalen\u00ed gigantick\u00e9ho da\u0148ov\u00e9ho b\u0159emene. Jin\u00fdmi slovy utr\u00e1c\u00ed se pen\u00edze za to, aby se stav je\u0161t\u011b zhor\u0161il. Nav\u00edc vytvo\u0159\u00edte struktury, kter\u00e9 jsou p\u0159\u00edjemci t\u011bchto pen\u011bz. Tyto kruhy pak vytv\u00e1\u0159\u00ed mocensk\u00fd tlak na to, aby zhor\u0161ov\u00e1n\u00ed pokra\u010dovalo, nebo\u0165 z\u00a0toho maj\u00ed prosp\u011bch. Vl\u00e1da pak pracuj\u00edc\u00ed donut\u00ed, aby tuhle dotovanou p\u0159\u00edt\u011b\u017e platili zas a znova. Nejen v\u00a0emisn\u00edch povolenk\u00e1ch, ale tak\u00e9 v\u00a0podob\u011b poplatk\u016f na podporu OZE. Postav\u00ed se nesmysly, kter\u00e9 zdra\u017euj\u00ed v\u00fdrobu energie, zp\u016fsobuj\u00ed nestabilitu p\u0159enosov\u00e9 soustavy a je\u0161t\u011b je to s\u00a0radost\u00ed a povinn\u00fdmi d\u00edky na rtech placeno. A to ani nemluv\u00edm o vzniknuv\u0161\u00edch n\u00e1kladech u firem spravuj\u00edc\u00edch dr\u00e1ty na p\u0159izp\u016fsoben\u00ed se t\u011bmto zbyte\u010dnostem. To v\u0161e se plat\u00ed re\u00e1lnou prac\u00ed. Logicky se pak tempo v\u00fdb\u011bru pen\u011bz z\u00a0populace prudce zrychluje. A kam zaparkovat takto vznikl\u00e9 zisky? Copak si dr\u017e\u00ed cenu a vyd\u011bl\u00e1v\u00e1? U\u017e je trochu z\u0159ejm\u011bj\u0161\u00ed, pro\u010d jsou nemovitosti tak drah\u00e9? Kdopak je asi skupuje a odkud se berou zdroje financ\u00ed na jejich n\u00e1kup?<\/p>\n<p>Mysl\u00edte si, \u017ee to je, co do naprost\u00e9 zvr\u00e1cenosti tohoto syst\u00e9mu, v\u0161e? Ale kdepak st\u00e1le nejsme na konci \u0159et\u011bzu. Ceny emisn\u00edch povolenek, co\u017e je propagandistick\u00fd term\u00edn pro enormn\u00ed zdan\u011bn\u00ed energi\u00ed, d\u00edky nena\u017eranosti mafi\u00e1nsk\u00fdch struktur vyst\u0159elily k\u00a0v\u00fd\u0161in\u00e1m. Kdo by necht\u011bl koupit cenn\u00e9 pap\u00edry se zaru\u010denou rostouc\u00ed cenou, \u017ee? Evropsk\u00e9 elity okam\u017eit\u011b zam\u011b\u0159ily pozornost na blaho lidu. Proto bylo navr\u017eeno geni\u00e1ln\u00ed \u0159e\u0161en\u00ed.\u00a0<a href=\"https:\/\/euractiv.cz\/section\/klima-a-zivotni-prostredi\/news\/dekarbo-brief-emisni-povolenky-budou-mit-silnejsi-pojistku-proti-zdrazovani\/\">Prost\u0159ednictv\u00edm n\u00e1stroj\u016f Evropsk\u00e9 investi\u010dn\u00ed banky<\/a>\u00a0se v\u0161e p\u0159edfinancuje. Jin\u00fdmi slovy, p\u016fj\u010d\u00ed si na budouc\u00ed v\u00fdnosy na \u00farok. P\u0159elo\u017eeno do srozumiteln\u00e9ho jazyka to znamen\u00e1, \u017ee platba bude je\u0161t\u011b vy\u0161\u0161\u00ed o \u00farok. Nebo si mysl\u00edte, \u017ee se \u017eraloci nechaj\u00ed p\u0159ipravit o ko\u0159ist? Tak\u017ee cena poroste po\u0159\u00e1d stejn\u011b, jen to nebude vid\u011bt v\u00a0povolence, ale v\u00a0\u00faroku, kter\u00fdch shr\u00e1bnou finan\u010dn\u00edci.<\/p>\n<p>Jen\u017ee to zdaleka nen\u00ed konec. Nen\u00ed to v\u0161e, co tento zvrhl\u00fd syst\u00e9m um\u00ed. Lid\u00e9 ve snaze zbavit se tohoto b\u0159emene za\u010dali dov\u00e1\u017eet zbo\u017e\u00ed vyroben\u00e9 v\u00a0zem\u00edch mimo EU, kde vl\u00e1dy pr\u016fmyslu nekomplikuj\u00ed pracovn\u00ed podm\u00ednky. Co\u017e mimochodem odpov\u00edd\u00e1 na ot\u00e1zku, pro\u010d v\u00a0reg\u00e1lech obchod\u016f lze vid\u011bt takov\u00e9 mno\u017estv\u00ed zbo\u017e\u00ed vyroben\u00e9 mimo EU. Tak\u017ee fikan\u00ed podloudn\u00edci za\u010dali vozit zbo\u017e\u00ed zven\u010d\u00ed, co\u017e vedlo k\u00a0\u00fatlumu dom\u00e1c\u00edho pr\u016fmyslu. Co po\u010d\u00edt? Inu, zavedeme uhl\u00edkov\u00e9 clo. To znamen\u00e1, \u017ee poplatky se\u00a0<a href=\"https:\/\/www.novinky.cz\/clanek\/ekonomika-uhlikove-clo-ma-chranit-evropsky-prumysl-misto-toho-vyrobu-zdrazi-varuje-expert-40549861\">budou odv\u00e1d\u011bt i ze zahrani\u010dn\u00ed<\/a>ho zbo\u017e\u00ed. Syst\u00e9m je pr\u00fd pln\u00fd d\u011br a d\u00e1 se ho obch\u00e1zet. Inu, \u010c\u00edna m\u00e1 p\u0159ece jen v\u011bt\u0161\u00ed s\u00edlu, ne\u017e bezmocn\u00ed ob\u010dan\u00e9 Unie. Bude se po\u010d\u00edtat uhl\u00edkov\u00e1 stopa, o kter\u00e9 nikdo nev\u00ed, co to je a jak se m\u00e1 spr\u00e1vn\u011b po\u010d\u00edtat. Na \u010d\u00edpak \u00favaze bude z\u00e1viset, jak vysok\u00e9 bude clo? V\u016fbec se t\u00edm nevytv\u00e1\u0159\u00ed prostor pro \u010dern\u00e9 pen\u00edze, \u017ee ne? Ne kdepak, spo\u010d\u00edt\u00e1 to nez\u00e1visl\u00e1 osoba. V\u016fbec slovo nez\u00e1visl\u00fd je v Unii obl\u00edben\u00e9 a n\u011bjakou nepat\u0159i\u010dnou n\u00e1hodou se t\u00edm maskuj\u00ed nejv\u011bt\u0161\u00ed podvody. O\u010dividn\u011b je to tak k\u0159iv\u00e1 z\u00e1le\u017eitost, \u017ee i jinak naprosto serviln\u00ed novinky n\u011bjak nemohou danou v\u011bc propagovat jako hodnotnou.<\/p>\n<h2>Pla\u0165te, pla\u0165te a pla\u0165te<\/h2>\n<p>Zd\u00e1 se v\u00e1m, \u017ee t\u00edm syst\u00e9m uvalov\u00e1n\u00ed b\u0159emen skon\u010dil? Ale kdepak, to by byla chyba l\u00e1vky. Vys\u00e1v\u00e1n\u00ed zdroj\u016f zp\u016fsob\u00ed to, \u017ee za energii bude nutn\u00e9 platit je\u0161t\u011b v\u00edc. Jej\u00ed v\u00fdroba d\u00edky enormn\u00edmu zdan\u011bn\u00ed bude tak drah\u00e1, \u017ee se prost\u011b nevyplat\u00ed. Co\u017e zp\u016fsob\u00ed, \u017ee se bude muset dov\u00e1\u017eet. Syst\u00e9m zcela otev\u0159en\u011b deklaruje, \u017ee\u00a0<a href=\"https:\/\/www.idnes.cz\/ekonomika\/domaci\/kulaty-stul-energie-teplarny-uhli-dekarbonizace.A251206_154531_ekonomika_vov\">\u010cechie se stane z\u00a0v\u00fdrobce dovozcem<\/a>. To znamen\u00e1, \u017ee se do ciziny od n\u00e1s budou vyv\u00e1\u017eet zdroje je\u0161t\u011b v\u00edc, proto\u017ee dovoz nen\u00ed nikdy zadarmo. \u010ce\u0161i si vybudovali sob\u011bsta\u010dnou energetiku a dokonce mohli p\u0159ebytky vyv\u00e1\u017eet. Propaganda je p\u0159esv\u011bd\u010d\u00ed, \u017ee je v\u00a0jejich z\u00e1jmu zaplatit cizopasn\u00edkovi za to, \u017ee n\u011bco takov\u00e9ho maj\u00ed, a radostn\u011b tleskat tomu, kdy\u017e vybudovan\u00e9 elektr\u00e1rny krachuj\u00ed. Kdypak se objev\u00ed investor zachr\u00e1nce? Nebude to, \u010dirou n\u00e1hodou, tak, \u017ee ty pen\u00edze na sp\u00e1snou koupi t\u011bch elektr\u00e1ren budou poch\u00e1zet z\u00a0t\u011bchto odvod\u016f? Proto\u017ee p\u016fjde o z\u00e1chranu, tak bude tato blahod\u00e1rn\u00e1 investice osvobozena od dan\u00ed. Zaplat\u00ed se za vybudov\u00e1n\u00ed, zaplat\u00ed se za provoz, zaplat\u00ed se za likvidaci a zaplat\u00ed se za z\u00e1chranu. Do ur\u010dit\u00e9 m\u00edry se lze podivovat nad sv\u00fdm zp\u016fsobem geni\u00e1ln\u00ed zvr\u00e1cenost\u00ed toho syst\u00e9mu. Proto jsou k\u00a0sm\u00edchu zoufalci, co tvrd\u00ed, \u017ee jsme v\u00a0EU \u010dist\u00ed p\u0159\u00edjemci.<\/p>\n<p>Jeden by \u0159ekl, \u017ee u\u017e toho bylo jako fakt dost. Ale ne, tohle v\u0161echno se v\u0161ak n\u011bkter\u00fdm dobr\u00e1k\u016fm zd\u00e1 m\u00e1lo. O tom, \u017ee by ob\u010dan\u00e9 m\u011bli platit je\u0161t\u011b v\u00edc, je\u00a0<a href=\"https:\/\/euractiv.cz\/section\/energetika\/interview\/chalupa-obnovitelne-zdroje-jsou-v-bezpecnostnim-zajmu-cr-nove-vlade-by-na-tom-melo-zalezet\/\">p\u0159esv\u011bd\u010den t\u0159eba soudruh Chalupa<\/a>. Tento dobrosrde\u010dn\u00fd mu\u017e s\u00a0nal\u00e9hav\u00fdm \u00fasm\u011bvem agenta s\u00a0teplou vodou nal\u00e9h\u00e1 na st\u00e1t, aby v\u00edce podporoval svou zk\u00e1zu. V\u0161imn\u011bte si t\u00e9 libozvu\u010dn\u00e9 novo\u0159e\u010di: \u201e<em>St\u00e1t by m\u011bl vytv\u00e1\u0159et ekonomicky motivuj\u00edc\u00ed prost\u0159ed\u00ed\u201c<\/em>,\u00a0<em>\u201ePot\u0159ebujeme explicitn\u011b deklarovan\u00fd ve\u0159ejn\u00fd z\u00e1jem st\u00e1tu na OZE vt\u011blen\u00fd v\u00a0z\u00e1kon\u011b\u201c, \u201eJe zkr\u00e1tka t\u0159eba, aby st\u00e1t hl\u00eddal, \u017ee se OZE ekonomicky vyplat\u00ed\u201c<\/em>. Pak, \u017ee se jazyk nezu\u0161lech\u0165uje. Zn\u00ed to podstatn\u011b l\u00e9pe, ne\u017e \u0159e\u010deno naplacato \u2013 budeme v\u00e1s, holoto mizern\u00e1, \u017ed\u00edmat dokud nechc\u00edpnete. P\u0159eklad se zd\u00e1 b\u00fdt p\u0159ehnan\u00fd? Ale kde\u017ee. Copak asi znamenaj\u00ed slovn\u00ed spojen\u00ed, jako jsou dotace, garance za p\u016fj\u010dky, da\u0148ov\u00e9 \u00falevy a dal\u0161\u00ed? To by tak hr\u00e1lo, aby si ta \u010desk\u00e1 holota za sv\u00e9 dan\u011b n\u011bco stav\u011bla. Pen\u00edzky se budou odv\u00e1d\u011bt ven na dotac\u00edch za nesmysly a bude se za to d\u011bkovat. Nejdivn\u011bj\u0161\u00ed na lidsk\u00e9 mysli je to, \u017ee tihle Chalupov\u00e9 nemaj\u00ed ani n\u00e1znak pocitu, \u017ee by byli n\u011bjak\u00fdmi zlosyny. P\u0159i\u010dem\u017e ud\u011blat si jednoduchou \u00favahu, jak\u00e9 m\u00e1 d\u016fsledky zbavit vlastn\u00ed zemi energetick\u00e9 nez\u00e1vislosti, ur\u010dit\u011b schopni jsou.<\/p>\n<p>Aby z\u00a0t\u00e9to pasti hned tak n\u011bkdo neunikl t\u0159eba t\u00edm, \u017ee se rafinovan\u011b rozhodne, \u017ee elektrickou energii nebude kupovat, tak pro n\u011b m\u00e1 Evropsk\u00fd svaz \u0161patnou zpr\u00e1vu. Nebo\u0165 zrak t\u011bchto \u0161elem se zam\u011b\u0159il na proud\u011bn\u00ed zbo\u017e\u00ed. Zbo\u017e\u00ed se rozv\u00e1\u017e\u00ed n\u00e1kladn\u00edmi vozy, kter\u00e9 jsou z\u00a0drtiv\u00e9 v\u011bt\u0161iny poh\u00e1n\u011bny spalovac\u00edmi motory. Nu, co po\u010d\u00edt? Nejprve se palivo zat\u00ed\u017e\u00ed dan\u011bmi tak, aby bylo \u010d\u00edm d\u00e1l t\u00edm dra\u017e\u0161\u00ed. Proto\u017ee to ale nesta\u010d\u00ed, tak se zavedl\u00a0<a href=\"https:\/\/euractiv.cz\/section\/doprava\/news\/nezavadejme-povinne-nakupy-elektrickych-nakladaku-apeluji-na-komisi-vondra-a-spol\/\">povinn\u00fd n\u00e1kup elektrick\u00fdch n\u00e1kladn\u00edch aut<\/a>. T\u00edm se do cen spot\u0159ebn\u00edho zbo\u017e\u00ed dostanou dal\u0161\u00ed n\u00e1klady, o kter\u00fdch se p\u00ed\u0161e v\u00fd\u0161e. Pamatujete si na b\u00e1je\u010dn\u00e9 v\u00fdmluvy ohledn\u011b spaden\u00e9ho kabelu, kter\u00fd zp\u016fsobil v\u00fdpadek dod\u00e1vek elektriky? Te\u010f se do t\u00e9 rovnice p\u0159id\u00e1 rozvoz zbo\u017e\u00ed. Na dod\u00e1vk\u00e1ch elektrick\u00e9 energie bude z\u00e1viset jeho pohyb od v\u00fdrobc\u016f a p\u0159ekupn\u00edk\u016f a\u017e ke spot\u0159ebiteli. Ale nebude proud, tak nebude zbo\u017e\u00ed. Auta nejsou nabit\u00e1, proto nelze splnit pl\u00e1n rozvozu. \u0158e\u010deno zcela naplno, kdy\u017e na Baltu zafouk\u00e1 v\u00edtr a p\u0159enosov\u00e1 soustava to nevydr\u017e\u00ed, tak se nenaj\u00edte. Um\u011ble se zp\u016fsob\u00ed nedostatek a b\u00edda. To nen\u00ed prorokov\u00e1n\u00ed apokalypsy, to je program, kter\u00fd nab\u00edz\u00ed evropsk\u00e1 vnit\u0159n\u00ed politika.<\/p>\n<p>Propaganda to zd\u016fvod\u0148uje v\u00a0podstat\u011b tak, \u017ee je nutn\u00e9 platit za to, aby v\u00a0l\u00e9t\u011b bylo m\u00e9n\u011b teplo a lidem doma v\u011bt\u0161\u00ed zima. To vysv\u011btlen\u00ed, \u017ee p\u0159ich\u00e1z\u00ed apokalypsa v\u00a0podob\u011b klimatick\u00e9 zm\u011bny, je tak neuv\u011b\u0159iteln\u011b hloup\u00e9, \u017ee je s\u00a0podivem, \u017ee n\u011bco takov\u00e9ho ofici\u00e1ln\u00ed m\u00e9dia \u0161\u00ed\u0159\u00ed. Neum\u00ed p\u0159edpov\u011bd\u011bt po\u010das\u00ed ani na \u010dtrn\u00e1ct dn\u016f dop\u0159edu. Ale troufaj\u00ed si prorokovat, jak se zm\u011bn\u00ed podneb\u00ed, co\u017e je soubor jev\u016f mnohem vy\u0161\u0161\u00edho stupn\u011b slo\u017eitosti. Nen\u00ed to n\u00e1hodou tak, \u017ee se mafie c\u00edt\u00ed beztrestn\u00e1 a ve sv\u00e9 moci neot\u0159esiteln\u00e1? Proto se mohu zcela bezosty\u0161n\u011b vysm\u00edvat lidsk\u00e9 bezmoci prolet\u016f a ani se nesna\u017eit p\u0159ij\u00edt s\u00a0n\u011bjak\u00fdm rozumn\u00fdm vysv\u011btlen\u00edm. I ti prokl\u00ednan\u00ed komunist\u00e9 hl\u00e1sali, \u017ee se moci chopili jen neradi a jen za \u00fa\u010delem, aby poslou\u017eili a urychlili p\u0159\u00edchod zlat\u00e9ho v\u011bku. Tihle? Budete se m\u00edt h\u016f\u0159, abyste se m\u011bli je\u0161t\u011b h\u016f\u0159. Zapla\u0165te n\u00e1\u0161 blahobyt, dr\u017ete huby a d\u011bkujte za to, \u017ee sm\u00edte na n\u00e1s vyd\u011bl\u00e1vat.<\/p>\n<h2>Voln\u00e9 prachy v Belgii<\/h2>\n<p>Le\u010d s\u00a0j\u00eddlem roste chu\u0165, jak \u0159\u00edk\u00e1 p\u0159\u00edslov\u00ed. V\u00e1lka na Ukrajin\u011b je pro tyhle lidi k\u0161eft stolet\u00ed. V\u016f\u010di tomu blednou i covidov\u00e9 hr\u00e1tky se smlouvou na dod\u00e1vky vakc\u00edn do cel\u00e9ho Svazu. Mimochodem, jakpak se s\u00a0nimi nalo\u017eilo? V\u00a0tichosti je vylili a lze jen spekulovat, zda v\u016fbec kdy byly dod\u00e1ny, \u010di zda byla dod\u00e1na skute\u010dn\u011b o\u010dkovac\u00ed l\u00e1tka. Ale zp\u011bt k\u00a0v\u00e1lce. Ta polyk\u00e1 neskute\u010dn\u00e9 zdroje a pen\u00edze u\u017e nete\u010dou proudem, ale val\u00ed se jako mo\u0159e. R\u016fst zadlu\u017een\u00ed evropsk\u00fdch zem\u00ed financuj\u00edc\u00edch v\u00e1lku nab\u00fdv\u00e1 z\u00e1vratn\u00fdch hodnot. U\u017e nen\u00ed moc kde br\u00e1t. Ale nena\u017eran\u00e9 mafii to st\u00e1le nesta\u010d\u00ed. V\u00a0Belgii maj\u00ed zaj\u00edmav\u00fd bal\u00edk pen\u011bz. Jde o rusk\u00e1 zmrazen\u00e1 aktiva. I zadumali se a dostali b\u00e1je\u010dn\u00fd n\u00e1pad. Proto\u017ee je Rusko zt\u011blesn\u011bn\u00edm \u010f\u00e1bla na zemi, maj\u00ed evropsk\u00e9 \u00fa\u0159ady pr\u00e1vo zabavit jim pen\u00edze. Jen\u017ee, ouha, Rusov\u00e9 nejsou krotc\u00ed ob\u010dan\u00e9 eurosvazu, kte\u0159\u00ed si nechaj\u00ed l\u00edbit kde co. Od Rus\u016f zazn\u011blo zcela jasn\u011b, s\u00e1hn\u011bte na na\u0161e pen\u00edze a my si zase vezmeme ty va\u0161e u n\u00e1s. Nen\u00ed jich tu m\u00e1lo, jen v\u00a0na\u0161\u00ed centr\u00e1ln\u00ed bance se jich povaluje dost. Uk\u00e1zkov\u00e1 situace, kdy jedna mafie chce okr\u00e1st druhou. Ale abych byl p\u0159esn\u00fd, nejde o pen\u00edze, ale o evropsk\u00e9 dluhopisy a nutnost z\u00a0nich platit \u00faroky. Pod z\u00e1minkou pomoci Ukrajin\u011b jsou v\u00fdnosy dluhopis\u016f p\u0159esm\u011brov\u00e1ny od vlastn\u00edka k\u00a0dlu\u017en\u00edkovi. Zabaven\u00edm rusk\u00fdch aktiv se EU elegantn\u011b zbav\u00ed povinnosti vr\u00e1tit vyp\u016fj\u010den\u00e9 pen\u00edze. Pak je nad\u0161en\u00ed pro boj za ukrajinskou svobodu o dost pochopiteln\u011bj\u0161\u00ed, \u017ee? Je to takov\u00e9 inovativn\u00ed, proto\u017ee tohle si nedovolil nikdo ani za druh\u00e9 sv\u011btov\u00e9 v\u00e1lky. Dokonce i tak krotk\u00fd st\u00e1t, jak\u00fdm je Belgie, se zd\u011bsil d\u016fsledk\u016f takov\u00e9ho kroku. Pro\u010d zrovna Belgie? Ta toti\u017e provozuje z\u00fa\u010dtovac\u00ed centrum Euroclear, kter\u00e9 rusk\u00e1 aktiva dr\u017e\u00ed a v\u00fdnosy z\u00a0toho obratu kapit\u00e1lu tvo\u0159\u00ed zaj\u00edmav\u00fd obolus. P\u0159es tento syst\u00e9m se obchoduj\u00ed cenn\u00e9 pap\u00edry a zejm\u00e9na vl\u00e1dn\u00ed dluhopisy. Jak\u00e1 bude asi ochota st\u00e1t\u016f a zahrani\u010dn\u00edch bank do tohoto syst\u00e9mu dluhopis\u016f investovat, kdy\u017e nebudou m\u00edt jistotu n\u00e1vratnosti? Kdopak by je kupoval, kdy\u017e o n\u011b kdykoliv m\u016f\u017ee p\u0159ij\u00edt? Copak to asi ud\u011bl\u00e1 s\u00a0hodnotou eura? Kdopak si dneska vzpomene na \u0158ecko? Tam to za\u010dala sn\u00ed\u017een\u00edm ratingov\u00e9 sazby. Nen\u00ed slo\u017eit\u00e9 si p\u0159edstavit, co to ud\u011bl\u00e1 se zadlu\u017een\u00fdmi evropsk\u00fdmi st\u00e1ty, kdy\u017e se investo\u0159i ve velk\u00e9m za\u010dnou zbavovat evropsk\u00fdch dluhopis\u016f.<\/p>\n<p>Ale co bychom nedali za odra\u017een\u00ed rusk\u00e9 hybridn\u00ed hrozby. Mimochodem, toto obl\u00edben\u00e9 slovo n\u011bjak posledn\u00ed dobou miz\u00ed z\u00a0m\u00e9di\u00ed. Tak\u017ee boj s\u00a0onou hrozbou byla \u00fasp\u011b\u0161n\u00fd a byla zcela odra\u017eena. S\u00edla odrazu byla takov\u00e1, \u017ee ob\u011bhla celou zem\u011bkouli a\u00a0<a href=\"https:\/\/euractiv.cz\/section\/evropska-unie-a-svet\/news\/trumpova-strategie-obvinuje-evropu-z-civilizacniho-rozkladu\/\">vr\u00e1tila se ze Spojen\u00fdch st\u00e1t\u016f<\/a>. Holt, krut\u00e1 pravda, \u017ee velmoci nemaj\u00ed p\u0159\u00e1tele, jen z\u00e1jmy, se op\u011bt projevila. Ameri\u010dan\u016fm se tihle lokajov\u00e9 natolik zprotivili, \u017ee u\u017e je necht\u011bj\u00ed nad\u00e1le podporovat. Co\u017e je pro\u00a0<a href=\"https:\/\/euractiv.cz\/section\/politika\/news\/the-capitals-reakce-eu-na-trumpovu-doktrinu-ticho-po-pesine\/\">evropsk\u00e9 politiky neskute\u010dn\u00e9 p\u0159ekvapen\u00ed<\/a>. Evropsk\u00e9 panstvo, kter\u00e9 projevuje tak bezohlednou tvrdost v\u016f\u010di vlastn\u00edm lidem a zem\u00edm, tv\u00e1\u0159\u00ed v tv\u00e1\u0159 opravdov\u00e9 moci projevuje naprostou bezradnost. Tolik se sna\u017eili v\u011brn\u011b slou\u017eit a vypad\u00e1 to, \u017ee doslou\u017eili. Doslova. Kdo by to byl p\u0159ed 2 lety \u0159ekl, \u017ee osvobozen\u00ed od rusk\u00e9ho vlivu bude m\u00edt takov\u00e9 d\u016fsledky? Ameri\u010dan\u00e9 po\u017eaduj\u00ed p\u0159evod\u00a0<a href=\"https:\/\/www.idnes.cz\/zpravy\/zahranicni\/make-europe-great-again-trump-chce-presvedcit-ctyri-zeme-aby-odesly-z-eu.A251212_152921_zahranicni_bro\">vybran\u00fdch evropsk\u00fdch zem\u00ed pod sv\u00e9 p\u0159\u00edm\u00e9 \u0159\u00edzen\u00ed<\/a>\u00a0a dali jasn\u011b najevo hlasem vlivn\u00e9ho podnikatele Elona Muska, \u017ee EU pova\u017euj\u00ed za\u00a0<a href=\"https:\/\/euractiv.cz\/section\/politika\/news\/the-capitals-muskova-odplata-desi-bruselske-uredniky\/\">odepsanou strukturu<\/a>. Pamatujete si je\u0161t\u011b na \u010dasy, kdy byl Elon Musk symbolem z\u00e1padn\u00edho pokroku a \u017eivotn\u00edm snem ka\u017ed\u00e9ho pravov\u011brn\u00e9ho libtarda bylo vlastnit jeho elektrick\u00e9 vozidlo? Zaj\u00edmav\u00fd zvrat, \u017ee?<\/p>\n<p>Cel\u00fd ten prolhan\u00fd syst\u00e9m je zabezpe\u010den t\u00edm, \u017ee \u010de\u0161t\u00ed poslanci u\u017e nerozhoduj\u00ed o ni\u010dem podstatn\u00e9m. Jen se tup\u011b p\u0159eb\u00edraj\u00ed n\u00e1vrhy z\u00e1kon\u016f z\u00a0EU, kter\u00e9 se p\u0159ij\u00edmaj\u00ed kvalifikovanou v\u011bt\u0161inou reprezentovanou zem\u011bmi s\u00a0naprosto odli\u0161n\u00fdmi z\u00e1jmy a pot\u0159ebami. Pokud by se n\u011bjak\u00fd m\u00edstn\u00ed politik cukal, od toho tu\u00a0<a href=\"https:\/\/dfens-cz.com\/hnizdo-korupce-v-motole-bylo-rozdrceno\/\">m\u00e1me evropsk\u00e9ho \u017ealobce<\/a>. Obvin\u011bn\u00ed z\u00a0korupce znamen\u00e1 prakticky jist\u00e9 vy\u0159azen\u00ed z\u00a0politick\u00e9ho \u017eivota. Kdyby se n\u00e1hodou cht\u011bli cukat obyvatel\u00e9 poroben\u00e9 zem\u011b, tak na t\u00e9to\u00a0<a href=\"https:\/\/necenzurovanapravda.cz\/2025\/12\/mala-prochazka-evropskymi-vanocnimi-trhy-video\/\">proch\u00e1zce v\u00e1no\u010dn\u00edmi trhy<\/a>\u00a0dostanou jasn\u00fd vzkaz. Ani by mne nenapadlo d\u00e1vat do souvislosti kauzu Dozimetr v\u010detn\u011b faktu, \u017ee Raku\u0161an stoj\u00ed mimo obvin\u011bn\u00ed, a jeho podpis na migra\u010dn\u00edm paktu. Takov\u00e9 metody jsou EU naprosto ciz\u00ed, \u017ee ano? Ale nemus\u00edme se b\u00e1t. Podle statistik v\u0161e svi\u0161t\u00ed vzh\u016fru. K\u00a0tomu podot\u00fdk\u00e1m, \u017ee statistiky se daj\u00ed lehce ovlivnit, jak u\u017e poznalo 36 % lid\u00ed. Docela dob\u0159e si pamatuji, jak za komunist\u016f bylo \u0161ermov\u00e1no s\u00a0\u010d\u00edsly, kter\u00e1 dokazovala, \u017ee komunismus je nej\u00fasp\u011b\u0161n\u011bj\u0161\u00ed. Jen\u017ee na\u010d statistika, kdy\u017e se sta\u010d\u00ed pod\u00edvat do vlastn\u00ed pen\u011b\u017eenky? V\u00a0p\u0159\u00edpad\u011b EU nejde o n\u011bjakou zmate\u010dnou hloupost jejich elit, ale o tvrd\u00fd syst\u00e9m, kter\u00fd z\u00a0lid\u00ed vys\u00e1v\u00e1 horem spodem. Nen\u00ed \u010das \u0159\u00edct dost?<\/p>\n<p><a href=\"https:\/\/dfens-cz.com\/eu-je-paraziticka-struktura\/\">Josef Vohnout<\/a><\/p>\n<p>&nbsp;<\/p>\n","protected":false},"excerpt":{"rendered":"<p>EU se tak dlouho vyhrazovala proti Rusku, a\u017e se stala nep\u0159\u00edtelem USA. Tak dlouho budovala&#8230;<\/p>\n","protected":false},"author":2,"featured_media":83076,"comment_status":"closed","ping_status":"closed","sticky":false,"template":"","format":"standard","meta":[],"categories":[6],"tags":[41,1503,10266,48],"_links":{"self":[{"href":"https:\/\/www.infokuryr.cz\/n\/wp-json\/wp\/v2\/posts\/94714"}],"collection":[{"href":"https:\/\/www.infokuryr.cz\/n\/wp-json\/wp\/v2\/posts"}],"about":[{"href":"https:\/\/www.infokuryr.cz\/n\/wp-json\/wp\/v2\/types\/post"}],"author":[{"embeddable":true,"href":"https:\/\/www.infokuryr.cz\/n\/wp-json\/wp\/v2\/users\/2"}],"replies":[{"embeddable":true,"href":"https:\/\/www.infokuryr.cz\/n\/wp-json\/wp\/v2\/comments?post=94714"}],"version-history":[{"count":0,"href":"https:\/\/www.infokuryr.cz\/n\/wp-json\/wp\/v2\/posts\/94714\/revisions"}],"wp:featuredmedia":[{"embeddable":true,"href":"https:\/\/www.infokuryr.cz\/n\/wp-json\/wp\/v2\/media\/83076"}],"wp:attachment":[{"href":"https:\/\/www.infokuryr.cz\/n\/wp-json\/wp\/v2\/media?parent=94714"}],"wp:term":[{"taxonomy":"category","embeddable":true,"href":"https:\/\/www.infokuryr.cz\/n\/wp-json\/wp\/v2\/categories?post=94714"},{"taxonomy":"post_tag","embeddable":true,"href":"https:\/\/www.infokuryr.cz\/n\/wp-json\/wp\/v2\/tags?post=94714"}],"curies":[{"name":"wp","href":"https:\/\/api.w.org\/{rel}","templated":true}]}}