{"id":94711,"date":"2025-12-16T00:19:22","date_gmt":"2025-12-15T23:19:22","guid":{"rendered":"https:\/\/www.infokuryr.cz\/n\/?p=94711"},"modified":"2025-12-15T10:51:29","modified_gmt":"2025-12-15T09:51:29","slug":"miroslav-kelnar-stripky-z-uterniho-protestu-studentu-na-nam-jana-palacha","status":"publish","type":"post","link":"https:\/\/www.infokuryr.cz\/n\/2025\/12\/16\/miroslav-kelnar-stripky-z-uterniho-protestu-studentu-na-nam-jana-palacha\/","title":{"rendered":"Miroslav Kelnar: St\u0159\u00edpky z \u00fatern\u00edho protest\u016f student\u016f na n\u00e1m. Jana Palacha"},"content":{"rendered":"<div id=\"fb-root\"><\/div>\n<p align=\"justify\">Zve\u0159ejnil jsem tu ned\u00e1vno\u00a0<a href=\"https:\/\/narodnidemokracie.cz\/ing-miroslav-kelnar-vitezove-poslednich-voleb-opet-v-defensive\/\">tento \u010dl\u00e1nek<\/a>, kde jsem varoval p\u0159ed letargi\u00ed, se kterou se op\u011bt nechaj\u00ed br\u00e1zdit \u010desk\u00e9 ulice protibabi\u0161ovsk\u00fdmi z\u00e1stupy, a k napln\u011bn\u00ed m\u00fdch slov do\u0161lo d\u0159\u00edve, ne\u017e jsem si um\u011bl p\u0159edstavit. Tak, jak na\u0161e spojen\u00e9 sily n\u011bkolika stran a hnut\u00ed dok\u00e1zaly dostat na na\u0161i sobotn\u00ed demonstraci na Hrad \u201eupocen\u00e9\u201c \u010d\u00edslo 100 \u2013 120 ob\u010dan\u016f, tak se poda\u0159ilo v \u00fater\u00fd 9. 12. 2025 oposici s lehkost\u00ed j\u00ed vlastn\u00ed dostat na jejich demonstraci snad a\u017e 3.000 lid\u00ed.<\/p>\n<p align=\"justify\">Schv\u00e1ln\u011b jsme tu na\u0161i sobotn\u00ed demonstraci ud\u011blali v sobotu, aby n\u011bkdo nemohl \u0159\u00edkat, \u017ee o pracovn\u00edch dnech nem\u016f\u017ee do Prahy, ale stejn\u011b se to na po\u010dtu osob z\u00fa\u010dastn\u011bn\u00fdch na demonstraci neprojevilo. P\u0159itom \u0161lo o tak z\u00e1va\u017en\u00e9 t\u00e9ma, jako je to, \u017ee by si nem\u011bl prezident dovolit jednat v rozporu s \u00dastavou.<\/p>\n<p align=\"justify\">J\u00e1 pro ty, kte\u0159\u00ed na na\u0161\u00ed akci nep\u0159i\u0161li a jsou odk\u00e1z\u00e1ni na informace z \u010desk\u00e9ho prodejn\u00e9ho mainstreamov\u00e9ho tisku, tak bych tu r\u00e1d srovnal ob\u011b demonstrace.<\/p>\n<p align=\"justify\">Na \u00favod mus\u00edm \u0159\u00edci, \u017ee mezi p\u0159\u00edtomn\u00fdmi na\u0161imi p\u0159\u00edznivci se na shrom\u00e1\u017ed\u011bn\u00ed na Hrad\u011b objevily dv\u011b cizorod\u00e9 skupiny mlad\u00fdch demonstrant\u016f s environment\u00e1ln\u00ed t\u00e9matikou, kdy zejm\u00e9na jedna z t\u011bch skupin se chovala hlu\u010dn\u011b. Nikdo z na\u0161ich p\u0159\u00edznivc\u016f nic nepodnikal proti t\u011bmto dv\u011bma skupin\u00e1m mlad\u00fdch protestuj\u00edc\u00edch environmentalist\u016f, ne\u017e oni za\u010dali vyk\u0159ikovat r\u016fzn\u00e9 nesmysly v pr\u016fb\u011bhu jednotliv\u00fdch projev\u016f, a to u\u017e bylo za hranic\u00ed na\u0161\u00ed, \u0159ekl bych, \u201epohostinnosti\u201c. Nakonec musela ty k\u0159iklouny policie zklidnit.<\/p>\n<p align=\"justify\">My, veter\u00e1ni protest\u016f od \u00da\u0159adu vl\u00e1dy, jsme zvykl\u00ed na leccos, proto\u017ee n\u00e1s tam chodila terorizovat po dobu jednoho roku Oganesjanova parta, ale mezi slu\u0161n\u00fdmi lidmi je p\u0159ece proti dobr\u00fdm mrav\u016fm, ru\u0161it projevy na ciz\u00ed demonstraci. To b\u00fdval zvyk Peczynsk\u00e9ho gauner\u016f, kte\u0159\u00ed chodili na ciz\u00ed m\u00edtinky a s megafony naru\u0161ovali shrom\u00e1\u017ed\u011bn\u00ed jin\u00fdch po\u0159adatel\u016f nesouvisl\u00fdmi v\u00fdk\u0159iky. Ale jinak nemohu \u0159\u00edci, \u017ee by se ty dv\u011b party environmentalist\u016f chovaly tak n\u011bjak zvl\u00e1\u0161t\u011b neurvale.<\/p>\n<p align=\"justify\">Proto\u017ee byla pl\u00e1nov\u00e1na na \u00fater\u00fd dne 9. 12. 2025 demonstrace omladiny, kte\u0159\u00ed m\u011bli vyj\u00edt do ulic se stejn\u00fdm t\u00e9matem protest\u016f, a to environment\u00e1ln\u00ed po\u017eadavky, jako m\u011bly ty dv\u011b party na na\u0161\u00ed demonstraci na Hrad\u011b, <strong>rozhodl jsem se, \u017ee jim jejich n\u00e1v\u0161t\u011bvu p\u016fjdu oplatit svoj\u00ed \u00fa\u010dast\u00ed na jejich akci<\/strong>. Samoz\u0159ejm\u011b, \u017ee ve v\u0161\u00ed slu\u0161nosti, nehodlal jsem ru\u0161it jejich projevy v\u00fdk\u0159iky a nebo se chovat nepat\u0159i\u010dn\u011b, \u0159ekl bych, nechovat se tak n\u011bjak Oganesjanovsky.<\/p>\n<p align=\"justify\"><strong>Tak\u017ee jsem nav\u0161t\u00edvil ob\u011b demonstrace a c\u00edt\u00edm se povol\u00e1n, ob\u011b tyto akce srovnat, proto\u017ee mysl\u00edm, \u017ee moje informace mohou b\u00fdt zaj\u00edmav\u00e9.<\/strong><\/p>\n<p align=\"justify\">P\u0159\u00edjemn\u00e9 bylo, \u017ee po p\u0159\u00edchodu na m\u00edsto kon\u00e1n\u00ed shrom\u00e1\u017ed\u011bn\u00ed, to je na N\u00e1m. Jana Palacha, jsem tam potkal stejn\u00e9 policisty, kte\u0159\u00ed na tu pro\u0161lou sobotu dohl\u00ed\u017eeli na po\u0159\u00e1dek na na\u0161\u00ed demonstraci na Hrad\u011b, tak jsem jim roz\u0161afn\u011b ozn\u00e1mil, \u017ee tentokr\u00e1t jsem p\u0159i\u0161el j\u00e1 jako hostuj\u00edc\u00ed proti-demonstrant splatit dluh za tu jejich sobotn\u00ed \u201emilou\u201c n\u00e1v\u0161t\u011bvu u n\u00e1s na Hrad\u011b.<\/p>\n<p align=\"justify\">Vzal jsem si pro tuto p\u0159\u00edle\u017eitost stejn\u00fd transparent, kter\u00fd jsem m\u011bl v sobotu na Hrad\u011b. Ten transparent m\u011bl sv\u00fdm zp\u016fsobem i tro\u0161ku provokovat. Prezentoval jsem na n\u011bm spole\u010dn\u00e9 foto dvou kamar\u00e1d\u016f, z nich\u017e jeden sed\u00ed na Hrad\u011b a druh\u00fd b\u011bh\u00e1 po Praze s n\u00e1\u0161ivkou neblaze proslul\u00e9ho batalionu AZOV. Tento znak AZOVA obsahuje dv\u011b n\u011bmeck\u00e9 fa\u0161istick\u00e9 svastiky p\u0159ipom\u00ednaj\u00edc\u00ed nacistick\u00e9 divize SS.<strong>\u00a0Sv\u00fdm transparentem jsem cht\u011bl student\u016fm \u0159\u00edci, \u017ee kdy\u017e v\u00e1m vad\u00ed tzv. \u201efa\u0161ista Turek\u201c, tak to v\u00e1m nevad\u00ed k\u00a0ukrajinsk\u00e9mu fa\u0161ismu inklinuj\u00edc\u00ed slou\u017e\u00edc\u00ed \u010desk\u00fd prezident Pavel?<\/strong>\u00a0<a href=\"https:\/\/www.novinky.cz\/clanek\/domaci-lide-se-na-letne-sesli-na-podporu-ukrajiny-zamiri-k-ambasade-40423985\" target=\"_blank\" rel=\"noopener\">Zde na tomto videu<\/a>\u00a0ho m\u00e1te, jak kr\u00e1\u010d\u00ed v pr\u016fvodu na Letn\u00e9, kdy se nad hlavami \u00fa\u010dastn\u00edk\u016f t\u0159epot\u00e1 vlajka Ukrajinsk\u00e9 povstaleck\u00e9 arm\u00e1dy zn\u00e1m\u00e9 jako UPA, kter\u00e1 m\u00e1 na sv\u011bdom\u00ed smrt odhadovan\u00fdch 100.000 Pol\u00e1k\u016f na Volyni.<\/p>\n<p align=\"justify\">Mus\u00edm p\u0159iznat, \u017ee jedna v\u011bc m\u011b hned po p\u0159\u00edchodu na N\u00e1m. Jana Palacha zarazila a i bych \u0159ekl, \u017ee m\u011b \u0161okovala. Na na\u0161i demonstraci v sobotu na Hrad\u011b nep\u0159i\u0161la \u017e\u00e1dn\u00e1 \u010desk\u00e1 televize a nebyl tam p\u0159\u00edtomen jedin\u00fd redaktor z novin, kter\u00fd by pr\u016fb\u011bh na\u0161\u00ed akce vyfotografoval a napsal n\u011bjak\u00fd ten \u010dl\u00e1nek o na\u0161em shrom\u00e1\u017ed\u011bn\u00ed atd., i kdy\u017e jsem dva konkr\u00e9tn\u00ed report\u00e9ry pozval. <strong>Zkr\u00e1tka tisk na\u0161\u00ed akci pod hradn\u00edmi okny tot\u00e1ln\u011b zasklil.<\/strong><\/p>\n<p align=\"justify\">Naproti tomu, na N\u00e1m. Jana Palacha jsem narazil na dv\u011b \u010desk\u00e9 televize a nespo\u010det redaktor\u016f \u010desk\u00fdch tiskovin, jako by tu po\u0159\u00e1dala v\u0161echna \u010desk\u00e1 tiskov\u00e1 m\u00e9dia n\u011bjakou svoji konferenci. Zah\u00e1jen\u00ed shrom\u00e1\u017ed\u011bn\u00ed student\u016f bylo napl\u00e1nov\u00e1no na 12,15 hod., ale v tuto dobu tu bylo pom\u011brn\u00e9 pr\u00e1zdno a skoro bych \u0159ekl, \u017ee tam bylo v\u00edce novin\u00e1\u0159\u016f ne\u017e t\u011bch demonstrant\u016f. A\u017e tro\u0161ku pozd\u011bji se ten prostor p\u0159ed Rudolfinem zaplnil. Nakonec si mysl\u00edm, \u017ee po\u010det \u00fa\u010dastn\u00edk\u016f nem\u011bl daleko do 3.000 osob.<\/p>\n<p align=\"justify\">P\u0159esto\u017ee jsem m\u011bl takov\u00fdto z\u00e1hadypln\u00fd transparent, se kter\u00fdm jsem p\u0159i\u0161el na \u00fazem\u00ed nep\u0159\u00e1telsk\u00e9, tak k m\u00e9mu p\u0159ekvapen\u00ed nikdo z t\u011bch televizn\u00edch kameraman\u016f a ani \u017e\u00e1dn\u00fd z t\u011bch novinov\u00fdch report\u00e9r\u016f mi nev\u011bnoval ani vte\u0159inu sv\u00e9 pozornosti. Chodil jsem mezi report\u00e9ry s t\u00edm sv\u00fdm provokuj\u00edc\u00edm transparentem a nikdo si m\u011b necht\u011bl vyfotografovat a nikdo od tisku se m\u011b na nic necht\u011bl zeptat, ani na to, jak\u00e9 sd\u011blen\u00ed ten m\u016fj transparent vlastn\u011b nese. Na to se m\u011b ptali a\u017e ti studenti p\u0159i diskusi, kte\u0159\u00ed byli zv\u00eddav\u00ed. D\u00edky za n\u011b, jinak jsem se tam c\u00edtil jako Fiala v plot\u011b.<\/p>\n<p align=\"justify\"><strong>Mus\u00edm dodat, \u017ee u\u017e jsem t\u011bch demonstrac\u00ed za\u017eil des\u00edtky, a b\u00fdvalo zvykem, \u017ee kdy\u017e se na na\u0161\u00ed akci objev\u00ed n\u011bjac\u00ed ti oponenti, a je p\u0159\u00edtomen na t\u00e9to na\u0161\u00ed akci tisk, tak t\u011bm oponent\u016fm report\u00e9\u0159i v\u011bnuj skoro tolik pozornosti jako t\u011bm \u201edom\u00e1c\u00edm\u201c<\/strong>. N\u011bkdy jsem m\u011bl dokonce pocit, \u017ee n\u011bjak\u00fdm 5 oponent\u016fm na na\u0161i akci v\u011bnuje tisk v\u011bt\u0161\u00ed pozornost ne\u017e stovk\u00e1m na\u0161ich p\u0159\u00edznivc\u016f. V\u017edy\u0165 zn\u00e1me p\u0159\u00edstup tisku, hlavn\u011b, aby se tam n\u011bkdo s n\u011bk\u00fdm poh\u00e1dal, aby padla n\u011bjak\u00e1 ta ostr\u00e1 slova atd. To nemysl\u00edm zle, zkr\u00e1tka kdy\u017e se ud\u011bje na akci n\u011bjak\u00fd ten konflikt, o kter\u00e9m se d\u00e1 napsat, tak to p\u0159itahuje pozornost \u010dten\u00e1\u0159\u016f k \u010dl\u00e1nku a nebo k po\u0159adu.<\/p>\n<p align=\"justify\">Jen na t\u00e9to akci na n\u00e1m. Jana Palacha nepochopiteln\u011b, kdybych se tam s n\u011bk\u00fdm chytil pod krk, tak se p\u0159\u00edtomn\u00e1 m\u00e9dia ur\u010dit\u011b budou zrovna d\u00edvat n\u011bkam jinam. Tato nezvykl\u00e1 situace si zaslou\u017e\u00ed hlub\u0161\u00ed \u00favahu.<\/p>\n<p align=\"justify\">J\u00e1 jedinou odpov\u011b\u010f na tento projeven\u00fd nez\u00e1jem o m\u011b jako oposici a m\u016fj ot\u00e1zky provokuj\u00edc\u00ed transparent m\u00e1m, \u017ee tato demonstrace byla zvl\u00e1\u0161t\u011b pe\u010dliv\u011b p\u0159ipravena organiz\u00e1tory s d\u016frazem, aby se na tomto zhrocen\u00ed lidu neobjevil \u017e\u00e1dn\u00fd ru\u0161iv\u00fd moment a \u017e\u00e1dn\u00fd ru\u0161iv\u00fd element. Aby to bylo jako na sjezdu politick\u00e9 strany, v\u0161ichni souhlas\u00ed se v\u0161\u00edm, co p\u0159edseda strany \u0159ekne.<\/p>\n<p align=\"justify\">Kdy\u017e se akce rozjela, tak jsem brzy pochopil, \u017ee jej\u00edm skute\u010dn\u00fdm \u00fa\u010delem je hlavn\u011b <strong>d\u0161t\u00edt s\u00edru na p\u0159edstavitele Motorist\u016f sob\u011b a zejm\u00e9na pak na Filipa Turka<\/strong>. J\u00e1 se p\u0159izn\u00e1m, \u017ee v\u016fbec nev\u011b\u0159\u00edm, \u017ee tu \u0161lo o n\u011bjak\u00fd ten environment, ta ochrana \u017eivotn\u00edho prost\u0159ed\u00ed byla podle m\u011b jen\u00a0<strong>z\u00e1st\u011brka, jak dostat ml\u00e1de\u017e do protibabi\u0161ovsk\u00e9 akce a sna\u017eit se takto znehodnocovat v\u00fdsledky posledn\u00edch parlamentn\u00edch voleb<\/strong>. A pro\u010d se tato konkr\u00e9tn\u00ed \u0161tvanice zam\u011b\u0159ovala proti Motorist\u016fm? Proto\u017ee si oposice mysl\u00ed, \u017ee Motorist\u00e9 jsou t\u00edm nejslab\u0161\u00edm \u010dl\u00e1nkem sou\u010dasn\u00e9 vl\u00e1dn\u00ed koalice. J\u00e1 si to vysv\u011btluji asi tak, \u017ee je to vzkaz pro Motoristy, rozejd\u011bte se s ANO a SPD a pak u\u017e o \u017e\u00e1dn\u00e9m \u201efa\u0161istovi Turkovi\u201c nikdy v\u00edce neusly\u0161\u00edte. Asi v\u00edte, \u017ee naposledy s t\u00edmto nechutn\u00fdm p\u0159\u00edm\u011brem \u201eTurek \u2013 fa\u0161ista\u201c, vy\u0161el na ve\u0159ejnost politik Jakob v diskusi v televizi, a moje ot\u00e1zka k n\u011bmu by byla ta sam\u00e1, jako ke student\u016fm: \u201eTak Turek vad\u00ed a Azov\u00e1k Pavel nevad\u00ed?\u201c<\/p>\n<p align=\"justify\">Podle m\u011b, jak to i potvrdil ve sv\u00e9m koment\u00e1\u0159i Mat\u011bj Gregor od Motorist\u016f, <strong>byla to zkr\u00e1tka jen jedna z dal\u0161\u00edch akci p\u0159ipraven\u00fdch n\u011bjak\u00fdmi neziskovkami s c\u00edlem, nasypat p\u00edsek do soukol\u00ed formov\u00e1n\u00ed nov\u00e9 vl\u00e1dy a to environment\u00e1ln\u00ed t\u00e9ma, to byl jen z\u00e1stupn\u00fd motiv.<\/strong>\u00a0A pokud by cht\u011bli se mnou diskutuj\u00edc\u00ed studenti v rozhovoru se mnou opravdu trvat na tom, \u017ee hlavn\u00edm t\u00e9matem demonstrace je obava o \u017eivotn\u00ed prost\u0159ed\u00ed, tak jsem mohl p\u0159i diskusi s nimi p\u0159istoupit k podobn\u00e9mu testu, jako tenkr\u00e1t provedl televizn\u00ed redaktor Kraus, kdy\u017e se zeptal m\u00edstop\u0159edsedkyn\u011b strany Zelen\u00fdch\u00a0Jacques, co je to biomasa. Zelen\u00e1 Kate\u0159ina tenkr\u00e1t zezelenala je\u0161t\u011b v\u00edce a jen zalapala po dechu, proto\u017ee tak z\u00e1ludnou ot\u00e1zku pro environmetalistku opravdu ne\u010dekala.<\/p>\n<p align=\"justify\">P\u00e1r slov o t\u011bm m\u00fdch diskus\u00edch se studenty. S \u0159adou s nich jsem zap\u0159edl diskusi, kter\u00e1 byla v\u00edce m\u00e9n\u011b p\u0159\u00e1telsk\u00e1. Obecn\u011b bych \u0159ekl, ano, <strong>studenti diskutovali plamenn\u011b a v\u00a0r\u00e1mci normy slu\u0161nosti, av\u0161ak dr\u017eeli se sve\u0159ep\u011b sv\u00e9ho n\u00e1zoru. I kdyby \u010dlov\u011bk p\u0159edlo\u017eil jak\u00fdkoliv argument, tak necht\u011bli uhnout od sv\u00e9ho n\u00e1zoru. Samoz\u0159ejm\u011b, pro diskusi jim chyb\u011bly hlub\u0161\u00ed informace.<\/strong>\u00a0Nap\u0159\u00edklad, co je to fa\u0161istick\u00e1 svastika, kterou n\u00e1\u0161 P\u00e1vek toleruje, d\u00e1le, jak\u00e9 svastiky jsou vyobrazeny na znaku Azova, a \u017ee budou zn\u00e1t vlajku UPA, pod kterou pochodoval Petr Pavel v\u00a0\u00fanoru 2023 na Letn\u00e9, to jsem ani ne\u010dekal, \u017ee by v\u00a0t\u00e9to oblasti byli studenti v\u00a0obraze.<\/p>\n<p align=\"justify\">Jak uzav\u0159\u00edt t\u00e9ma studentsk\u00e9 demonstrace? To nejv\u011bt\u0161\u00ed zklam\u00e1n\u00ed mi p\u0159ipravila televize a tisk, a to t\u00edm, \u017ee se pro tentokr\u00e1t ani nikdo z nich nepokusil si zahr\u00e1t na tro\u0161ku objektivn\u00edho a zkr\u00e1tka n\u00e1s kompletn\u011b odignorovali. My jsme tam byli toti\u017e dva proti-demonstranti. J\u00e1 u\u017e jsem pak ztratil svoji p\u0159irozenou cudnost a na jednoho kameramana, co zrovna rozbaloval kameru, jsem se obo\u0159il: <em>\u201eA kde jste byli s kamerou v sobotu, kdy\u017e my jsme m\u011bli na Hrad\u011b demonstraci?\u201c<\/em>\u00a0Ani mi neodpov\u011bd\u011bl.<\/p>\n<p align=\"justify\">J\u00e1 to vid\u00edm tak, \u017ee oposice se st\u00e1v\u00e1 nerv\u00f3zn\u00ed, pomalu se j\u00ed kr\u00e1t\u00ed \u010das, jak p\u0159ekazit zformov\u00e1n\u00ed nov\u00e9 Babi\u0161ovy vl\u00e1dy, a tak, jak se \u0159\u00edk\u00e1, zoufal\u00ed lid\u00e9 d\u011blaj\u00ed zoufal\u00e9 \u010diny.<\/p>\n<p align=\"justify\">Ta akce \u0161koln\u00ed ml\u00e1de\u017ee byla politick\u00e1, jak jsem \u0159ekl, ne\u0161lo ani o environment, ale sp\u00ed\u0161e o n\u00e1tlak na Motoristy a na celou budouc\u00ed Babi\u0161ovu vl\u00e1du. <strong>Ka\u017ed\u00fd si snad pamatuje ten blackout toto l\u00e9to, kter\u00fd m\u011bl jasnou p\u0159\u00ed\u010dinu v zav\u00e1d\u011bn\u00ed tzv. zelen\u00e9 energie, a t\u011bch hlas\u016f varuj\u00edc\u00edch p\u0159ed spol\u00e9h\u00e1n\u00edm se na nep\u0159edv\u00eddatelnou sol\u00e1rn\u00ed a v\u011btrnou energi\u00ed je tu p\u0159ece dost, aby se to doneslo i k u\u0161\u00edm student\u016f.<\/strong>\u00a0\u017de by opravdu byla ochrana \u017eivotn\u00edho prost\u0159ed\u00ed ten nejv\u011bt\u0161\u00ed probl\u00e9m v tuto dobu, kdy\u017e hroz\u00ed d\u00edky v\u00e1lkychtiv\u00fdm z\u00e1padn\u00edm politik\u016fm Evrop\u011b sv\u011btov\u00e1 v\u00e1lka?<\/p>\n<p align=\"justify\">Tato demonstrace uk\u00e1zala to, co asi c\u00edt\u00ed ka\u017ed\u00fd z n\u00e1s, \u017ee <strong>velice aktu\u00e1ln\u00edm \u00fakolem pro novou vl\u00e1du je odpolitizovat \u0161koly a nepodporovat akce, kdy se vlivem politiky zanedb\u00e1v\u00e1 v\u00fduka.<\/strong> Mus\u00edme si zvyknout, \u017ee n\u00e1prava situace po Fialov\u011b vl\u00e1d\u011b neum\u011btel\u016f a proti\u010desk\u00fdch zaprodanc\u016f bude n\u011bjak\u00fd \u010das trvat, ale snad to ta nov\u00e1 vl\u00e1da zman\u00e9\u017euje. Jen by se m\u011bl ten \u010desk\u00fd n\u00e1rod ob\u010das zvednout z k\u0159esel a uk\u00e1zat tro\u0161ku odvahy podpo\u0159it toto jej\u00ed \u00fasil\u00ed.<\/p>\n<p align=\"justify\"><em><a href=\"https:\/\/narodnidemokracie.cz\/ing-miroslav-kelnar-stripky-z-uterniho-protestu-studentu-na-nam-jana-palacha\/\">Ing. Miroslav Kelnar<\/a>, \u010dlen N\u00e1rodn\u00ed demokracie<\/em><\/p>\n<p align=\"justify\"><img decoding=\"async\" loading=\"lazy\" class=\"alignnone size-full wp-image-87632\" src=\"http:\/\/www.infokuryr.cz\/n\/wp-content\/uploads\/2025\/09\/kelnar.jpg\" alt=\"\" width=\"200\" height=\"259\" \/><\/p>\n<p align=\"justify\">\n","protected":false},"excerpt":{"rendered":"<p>Zve\u0159ejnil jsem tu ned\u00e1vno\u00a0tento \u010dl\u00e1nek, kde jsem varoval p\u0159ed letargi\u00ed, se kterou se op\u011bt nechaj\u00ed&#8230;<\/p>\n","protected":false},"author":2,"featured_media":94712,"comment_status":"closed","ping_status":"closed","sticky":false,"template":"","format":"standard","meta":[],"categories":[6],"tags":[1503,815,293],"_links":{"self":[{"href":"https:\/\/www.infokuryr.cz\/n\/wp-json\/wp\/v2\/posts\/94711"}],"collection":[{"href":"https:\/\/www.infokuryr.cz\/n\/wp-json\/wp\/v2\/posts"}],"about":[{"href":"https:\/\/www.infokuryr.cz\/n\/wp-json\/wp\/v2\/types\/post"}],"author":[{"embeddable":true,"href":"https:\/\/www.infokuryr.cz\/n\/wp-json\/wp\/v2\/users\/2"}],"replies":[{"embeddable":true,"href":"https:\/\/www.infokuryr.cz\/n\/wp-json\/wp\/v2\/comments?post=94711"}],"version-history":[{"count":0,"href":"https:\/\/www.infokuryr.cz\/n\/wp-json\/wp\/v2\/posts\/94711\/revisions"}],"wp:featuredmedia":[{"embeddable":true,"href":"https:\/\/www.infokuryr.cz\/n\/wp-json\/wp\/v2\/media\/94712"}],"wp:attachment":[{"href":"https:\/\/www.infokuryr.cz\/n\/wp-json\/wp\/v2\/media?parent=94711"}],"wp:term":[{"taxonomy":"category","embeddable":true,"href":"https:\/\/www.infokuryr.cz\/n\/wp-json\/wp\/v2\/categories?post=94711"},{"taxonomy":"post_tag","embeddable":true,"href":"https:\/\/www.infokuryr.cz\/n\/wp-json\/wp\/v2\/tags?post=94711"}],"curies":[{"name":"wp","href":"https:\/\/api.w.org\/{rel}","templated":true}]}}