{"id":94702,"date":"2025-12-16T00:23:15","date_gmt":"2025-12-15T23:23:15","guid":{"rendered":"https:\/\/www.infokuryr.cz\/n\/?p=94702"},"modified":"2025-12-15T10:26:35","modified_gmt":"2025-12-15T09:26:35","slug":"caitlin-johnstone-izraelsti-apologeti-zneuzivaji-strelbu-v-bondi-k-utokum-na-aktivisty-bojujici-proti-genocide","status":"publish","type":"post","link":"https:\/\/www.infokuryr.cz\/n\/2025\/12\/16\/caitlin-johnstone-izraelsti-apologeti-zneuzivaji-strelbu-v-bondi-k-utokum-na-aktivisty-bojujici-proti-genocide\/","title":{"rendered":"Caitlin Johnstone: Izrael\u0161t\u00ed apologeti zneu\u017e\u00edvaj\u00ed st\u0159elbu v Bondi k \u00fatok\u016fm na aktivisty bojuj\u00edc\u00ed proti genocid\u011b"},"content":{"rendered":"<div id=\"fb-root\"><\/div>\n<div class=\"elementor-element elementor-element-1fb4c2c elementor-widget elementor-widget-theme-post-content\" data-id=\"1fb4c2c\" data-element_type=\"widget\" data-widget_type=\"theme-post-content.default\">\n<div class=\"elementor-widget-container\">\n<p><strong><span dir=\"auto\">Je tak nechutn\u00e9 sledovat samolib\u00e9, ocasem vrt\u00edc\u00ed nad\u0161en\u00ed izraelsk\u00fdch p\u0159\u00edznivc\u016f tv\u00e1\u0159\u00ed v tv\u00e1\u0159 t\u00e9to st\u0159elb\u011b. Jsou tak \u0161\u0165astn\u00ed, \u017ee maj\u00ed dal\u0161\u00ed r\u00e9torickou zbra\u0148, kterou mohou uml\u010det propalestinsk\u00e9 hlasy. Sotva dok\u00e1\u017eou potla\u010dit svou radost.<\/span><\/strong><\/p>\n<p><span dir=\"auto\">Dva ozbrojenci v ned\u011bli\u00a0<\/span><a href=\"https:\/\/www.abc.net.au\/news\/2025-12-15\/nsw-sydney-bondi-beach-shooting-hanukkah-jewish-community\/106141648\" target=\"_blank\" rel=\"noreferrer noopener\"><span dir=\"auto\">za\u00fato\u010dili na \u017eidovskou oslavu Chanuky<\/span><\/a><span dir=\"auto\">\u00a0na pl\u00e1\u017ei Bondi, p\u0159i\u010dem\u017e zabili patn\u00e1ct lid\u00ed a des\u00edtky dal\u0161\u00edch zranili. Policie\u00a0<\/span><a href=\"https:\/\/www.abc.net.au\/news\/2025-12-15\/bondi-beach-attack-gunmen-father-and-son\/106142630\" target=\"_blank\" rel=\"noreferrer noopener\"><span dir=\"auto\">uvedla<\/span><\/a><span dir=\"auto\">\u00a0, \u017ee ozbrojenci byli otec a syn; otec byl zabit polici\u00ed a syn byl zat\u010den.\u00a0<\/span><\/p>\n<p><span dir=\"auto\">St\u0159elci z\u0159ejm\u011b byli muslimov\u00e9, ale k velk\u00e9mu zd\u011b\u0161en\u00ed t\u011bch, kte\u0159\u00ed cht\u011bj\u00ed tento incident vyu\u017e\u00edt k dal\u0161\u00edmu rozdm\u00fdch\u00e1v\u00e1n\u00ed islamofobn\u00ed hysterie na Z\u00e1pad\u011b, byl mu\u017e, kter\u00fd\u00a0<\/span><a href=\"https:\/\/www.middleeastmonitor.com\/20251214-australia-talks-about-hero-ahmed-al-ahmed-who-was-injured-while-bravely-disarming-gunman-in-sydney-attack\/\" target=\"_blank\" rel=\"noreferrer noopener\"><span dir=\"auto\">nezi\u0161tn\u011b riskoval sv\u016fj \u017eivot,<\/span><\/a><span dir=\"auto\">\u00a0aby jednoho z nich odzbrojil, tak\u00e9 muslimsk\u00fd otec dvou d\u011bt\u00ed jm\u00e9nem Ahmed al-Ahmed.<\/span><\/p>\n<p><span dir=\"auto\">Jako obvykle se v souvislosti s t\u00edmto incidentem hodn\u011b spekuluje o fale\u0161n\u00fdch vlajk\u00e1ch a psychopatick\u00fdch agentech, ale rad\u011bji se takov\u00fdm koment\u00e1\u0159\u016fm zdr\u017e\u00edm, dokud neuvid\u00edm p\u00e1dn\u00e9 d\u016fkazy.<\/span><\/p>\n<p><span dir=\"auto\">M\u00e1m v\u0161ak p\u00e1r n\u00e1zor\u016f na ve\u0159ejnou debatu, kter\u00e1 o st\u0159elb\u011b moment\u00e1ln\u011b prob\u00edh\u00e1.<\/span><\/p>\n<p><em><span dir=\"auto\">Takto zkreslen\u00fd titulek by mohly otisknout jen @nytimes. Pl\u00e1\u017e Bondi nem\u00e1 s palestinsk\u00fdm konfliktem nic spole\u010dn\u00e9ho a tvrdit opak je novin\u00e1\u0159sk\u00e9 pochyben\u00ed.<\/span><\/em><\/p>\n<div class=\"twitter-tweet twitter-tweet-rendered\"><iframe id=\"twitter-widget-0\" class=\"\" title=\"X Post\" src=\"https:\/\/platform.twitter.com\/embed\/Tweet.html?dnt=false&amp;embedId=twitter-widget-0&amp;features=eyJ0ZndfdGltZWxpbmVfbGlzdCI6eyJidWNrZXQiOltdLCJ2ZXJzaW9uIjpudWxsfSwidGZ3X2ZvbGxvd2VyX2NvdW50X3N1bnNldCI6eyJidWNrZXQiOnRydWUsInZlcnNpb24iOm51bGx9LCJ0ZndfdHdlZXRfZWRpdF9iYWNrZW5kIjp7ImJ1Y2tldCI6Im9uIiwidmVyc2lvbiI6bnVsbH0sInRmd19yZWZzcmNfc2Vzc2lvbiI6eyJidWNrZXQiOiJvbiIsInZlcnNpb24iOm51bGx9LCJ0ZndfZm9zbnJfc29mdF9pbnRlcnZlbnRpb25zX2VuYWJsZWQiOnsiYnVja2V0Ijoib24iLCJ2ZXJzaW9uIjpudWxsfSwidGZ3X21peGVkX21lZGlhXzE1ODk3Ijp7ImJ1Y2tldCI6InRyZWF0bWVudCIsInZlcnNpb24iOm51bGx9LCJ0ZndfZXhwZXJpbWVudHNfY29va2llX2V4cGlyYXRpb24iOnsiYnVja2V0IjoxMjA5NjAwLCJ2ZXJzaW9uIjpudWxsfSwidGZ3X3Nob3dfYmlyZHdhdGNoX3Bpdm90c19lbmFibGVkIjp7ImJ1Y2tldCI6Im9uIiwidmVyc2lvbiI6bnVsbH0sInRmd19kdXBsaWNhdGVfc2NyaWJlc190b19zZXR0aW5ncyI6eyJidWNrZXQiOiJvbiIsInZlcnNpb24iOm51bGx9LCJ0ZndfdXNlX3Byb2ZpbGVfaW1hZ2Vfc2hhcGVfZW5hYmxlZCI6eyJidWNrZXQiOiJvbiIsInZlcnNpb24iOm51bGx9LCJ0ZndfdmlkZW9faGxzX2R5bmFtaWNfbWFuaWZlc3RzXzE1MDgyIjp7ImJ1Y2tldCI6InRydWVfYml0cmF0ZSIsInZlcnNpb24iOm51bGx9LCJ0ZndfbGVnYWN5X3RpbWVsaW5lX3N1bnNldCI6eyJidWNrZXQiOnRydWUsInZlcnNpb24iOm51bGx9LCJ0ZndfdHdlZXRfZWRpdF9mcm9udGVuZCI6eyJidWNrZXQiOiJvbiIsInZlcnNpb24iOm51bGx9fQ%3D%3D&amp;frame=false&amp;hideCard=false&amp;hideThread=false&amp;id=2000304692157722798&amp;lang=cs&amp;origin=https%3A%2F%2Funcutnews.ch%2Fisrael-apologeten-nutzen-bondi-schiesserei-um-anti-voelkermord-aktivisten-anzugreifen%2F&amp;sessionId=efb3af3431419e5c28407dff123fb429a4e3b908&amp;theme=light&amp;widgetsVersion=2615f7e52b7e0%3A1702314776716&amp;width=550px\" frameborder=\"0\" scrolling=\"no\" allowfullscreen=\"allowfullscreen\" data-tweet-id=\"2000304692157722798\" data-mce-fragment=\"1\"><\/iframe><\/div>\n<p><strong><span dir=\"auto\">Bod 1:<\/span><\/strong><span dir=\"auto\">\u00a0Masakrovat civilisty jen proto, \u017ee jsou \u017did\u00e9, je o\u010dividn\u011b zl\u00e9.\u00a0<\/span><\/p>\n<p><strong><span dir=\"auto\">Bod 2:<\/span><\/strong><span dir=\"auto\">\u00a0Masakr civilist\u016f ze strany Izraele mus\u00ed b\u00fdt samoz\u0159ejm\u011b i nad\u00e1le odm\u00edt\u00e1n a bude odm\u00edt\u00e1n i nad\u00e1le.\u00a0<\/span><\/p>\n<p><span dir=\"auto\">Dnes se ti nejhor\u0161\u00ed lid\u00e9 na sv\u011bt\u011b sna\u017e\u00ed p\u0159edst\u00edrat, \u017ee body 1 a 2 si proti\u0159e\u010d\u00ed.<\/span><\/p>\n<p><span dir=\"auto\">Je tak nechutn\u00e9 sledovat samolib\u00e9, ocasem vrt\u00edc\u00ed nad\u0161en\u00ed izraelsk\u00fdch p\u0159\u00edznivc\u016f tv\u00e1\u0159\u00ed v tv\u00e1\u0159 t\u00e9to st\u0159elb\u011b. Jsou tak \u0161\u0165astn\u00ed, \u017ee maj\u00ed dal\u0161\u00ed r\u00e9torickou zbra\u0148, kterou mohou uml\u010det propalestinsk\u00e9 hlasy. Sotva dok\u00e1\u017eou potla\u010dit svou radost.<\/span><\/p>\n<p><em><span dir=\"auto\">@netanyahu v podstat\u011b \u0159\u00edk\u00e1, \u017ee Austr\u00e1lie dostala, co si zaslou\u017eila, za to, \u017ee nepodporovala genocidu v Gaze je\u0161t\u011b v\u00edce, ne\u017e u\u017e te\u010f podporuje.<\/span><\/em><\/p>\n<div class=\"twitter-tweet twitter-tweet-rendered\"><iframe id=\"twitter-widget-1\" class=\"\" title=\"X Post\" src=\"https:\/\/platform.twitter.com\/embed\/Tweet.html?dnt=false&amp;embedId=twitter-widget-1&amp;features=eyJ0ZndfdGltZWxpbmVfbGlzdCI6eyJidWNrZXQiOltdLCJ2ZXJzaW9uIjpudWxsfSwidGZ3X2ZvbGxvd2VyX2NvdW50X3N1bnNldCI6eyJidWNrZXQiOnRydWUsInZlcnNpb24iOm51bGx9LCJ0ZndfdHdlZXRfZWRpdF9iYWNrZW5kIjp7ImJ1Y2tldCI6Im9uIiwidmVyc2lvbiI6bnVsbH0sInRmd19yZWZzcmNfc2Vzc2lvbiI6eyJidWNrZXQiOiJvbiIsInZlcnNpb24iOm51bGx9LCJ0ZndfZm9zbnJfc29mdF9pbnRlcnZlbnRpb25zX2VuYWJsZWQiOnsiYnVja2V0Ijoib24iLCJ2ZXJzaW9uIjpudWxsfSwidGZ3X21peGVkX21lZGlhXzE1ODk3Ijp7ImJ1Y2tldCI6InRyZWF0bWVudCIsInZlcnNpb24iOm51bGx9LCJ0ZndfZXhwZXJpbWVudHNfY29va2llX2V4cGlyYXRpb24iOnsiYnVja2V0IjoxMjA5NjAwLCJ2ZXJzaW9uIjpudWxsfSwidGZ3X3Nob3dfYmlyZHdhdGNoX3Bpdm90c19lbmFibGVkIjp7ImJ1Y2tldCI6Im9uIiwidmVyc2lvbiI6bnVsbH0sInRmd19kdXBsaWNhdGVfc2NyaWJlc190b19zZXR0aW5ncyI6eyJidWNrZXQiOiJvbiIsInZlcnNpb24iOm51bGx9LCJ0ZndfdXNlX3Byb2ZpbGVfaW1hZ2Vfc2hhcGVfZW5hYmxlZCI6eyJidWNrZXQiOiJvbiIsInZlcnNpb24iOm51bGx9LCJ0ZndfdmlkZW9faGxzX2R5bmFtaWNfbWFuaWZlc3RzXzE1MDgyIjp7ImJ1Y2tldCI6InRydWVfYml0cmF0ZSIsInZlcnNpb24iOm51bGx9LCJ0ZndfbGVnYWN5X3RpbWVsaW5lX3N1bnNldCI6eyJidWNrZXQiOnRydWUsInZlcnNpb24iOm51bGx9LCJ0ZndfdHdlZXRfZWRpdF9mcm9udGVuZCI6eyJidWNrZXQiOiJvbiIsInZlcnNpb24iOm51bGx9fQ%3D%3D&amp;frame=false&amp;hideCard=false&amp;hideThread=false&amp;id=2000224873033986478&amp;lang=cs&amp;origin=https%3A%2F%2Funcutnews.ch%2Fisrael-apologeten-nutzen-bondi-schiesserei-um-anti-voelkermord-aktivisten-anzugreifen%2F&amp;sessionId=efb3af3431419e5c28407dff123fb429a4e3b908&amp;theme=light&amp;widgetsVersion=2615f7e52b7e0%3A1702314776716&amp;width=550px\" frameborder=\"0\" scrolling=\"no\" allowfullscreen=\"allowfullscreen\" data-tweet-id=\"2000224873033986478\" data-mce-fragment=\"1\"><\/iframe><\/div>\n<p><span dir=\"auto\">Benjamin Netanjahu okam\u017eit\u011b sp\u011bchal s tiskovou konferenc\u00ed, kde ozn\u00e1mil, \u017ee \u00fatok byl reakc\u00ed na kroky Austr\u00e1lie sm\u011brem k uzn\u00e1n\u00ed palestinsk\u00e9ho st\u00e1tu.<\/span><\/p>\n<p><span dir=\"auto\">V\u00e1le\u010dn\u00fd \u0161tv\u00e1\u010d New York Times Bret Stephens napsal \u010dl\u00e1nek s n\u00e1zvem \u201e\u00a0<\/span><a href=\"https:\/\/archive.is\/S2fae\" target=\"_blank\" rel=\"noreferrer noopener\"><span dir=\"auto\">Bondi Beach je v\u00fdsledkem globalizace intif\u00e1dy<\/span><\/a><span dir=\"auto\">\u00a0\u201c, ve kter\u00e9m tvrdil, \u017ee st\u0159elci \u201ebrali v\u00e1\u017en\u011b slogany jako \u201aodpor je opr\u00e1vn\u011bn\u00fd\u2018 a \u201aza v\u0161ech okolnost\u00ed\u2018, kter\u00e9 jsou v\u0161udyp\u0159\u00edtomn\u00e9 na protiizraelsk\u00fdch demonstrac\u00edch po cel\u00e9m sv\u011bt\u011b\u201c.<\/span><\/p>\n<p><span dir=\"auto\">Propagandista v\u00e1lky v Ir\u00e1ku David Frum napsal pro The Atlantic podobn\u00fd \u010dl\u00e1nek s n\u00e1zvem \u201eIntif\u00e1da se bl\u00ed\u017e\u00ed na pl\u00e1\u017e Bondi\u201c, v n\u011bm\u017e tvrdil, \u017ee pl\u00e1\u017e se \u201eopakovan\u011b stala ter\u010dem propalestinsk\u00fdch protestuj\u00edc\u00edch\u201c a kritizoval skute\u010dnost, \u017ee \u201emnoho lid\u00ed v z\u00e1padn\u00edm sv\u011bt\u011b interpretovalo protiizraelsk\u00e9 akce po 7. \u0159\u00edjnu jako poru\u0161en\u00ed svobody projevu\u201c.<\/span><\/p>\n<p><span dir=\"auto\">Extr\u00e9mn\u011b islamofobn\u00ed australsk\u00e1 sen\u00e1torka Pauline Hansonov\u00e1 okam\u017eit\u011b vydala\u00a0<\/span><a href=\"https:\/\/x.com\/PaulineHansonOz\/status\/2000139519975473527\" target=\"_blank\" rel=\"noreferrer noopener\"><span dir=\"auto\">prohl\u00e1\u0161en\u00ed<\/span><\/a><span dir=\"auto\">\u00a0, v n\u011bm\u017e tvrdila, \u017ee \u201et\u00fddenn\u00ed antisemitsk\u00e9 protesty v na\u0161\u00ed zemi\u201c a \u201ena\u0161e nechutn\u00e9 univerzity\u201c jsou \u201evarovn\u00fdmi sign\u00e1ly\u201c takov\u00e9ho \u00fatoku.\u00a0<\/span><\/p>\n<p><span dir=\"auto\">Sky News rychle poskytla izraelsk\u00e9 n\u00e1m\u011bstkyni ministra zahrani\u010d\u00ed Sharren Haskelov\u00e9 prostor pro rozhovor, v n\u011bm\u017e prohl\u00e1sila, \u017ee povolen\u00ed protestuj\u00edc\u00edm skandovat \u201eGlobalizujte intif\u00e1du\u201c \u201eznamen\u00e1 p\u0159esn\u011b to\u201c, a uvedla, \u017ee \u201epokra\u010dov\u00e1n\u00ed v ulic\u00edch v tomto\u201c by vyprovokovalo dal\u0161\u00ed teroristick\u00e9 \u00fatoky. Haskelov\u00e1 d\u0159\u00edve ozna\u010dila propalestinsk\u00e9 protestuj\u00edc\u00ed v Austr\u00e1lii za \u201eu\u017eite\u010dn\u00e9 idioty Ham\u00e1su\u201c.<\/span><\/p>\n<p><em><span dir=\"auto\">Ani vte\u0159ina se nepromarn\u00ed t\u00edm, aby ob\u011bti mohly oplak\u00e1vat sv\u00e9 bl\u00edzk\u00e9. Izrael\u0161t\u00ed vyslanci okam\u017eit\u011b vyz\u00fdvaj\u00ed k \u201epron\u00e1sledov\u00e1n\u00ed\u201c protestuj\u00edc\u00edch proti genocid\u011b po cel\u00e9m sv\u011bt\u011b. Vin\u00ed z toho chab\u00e9 uzn\u00e1n\u00ed, kter\u00e9 Austr\u00e1lie Palestinc\u016fm ud\u011blila. Je to tak cynick\u00e9, tak pr\u016fhledn\u00e9.<\/span><\/em><\/p>\n<div class=\"twitter-tweet twitter-tweet-rendered\"><iframe id=\"twitter-widget-2\" class=\"\" title=\"X Post\" src=\"https:\/\/platform.twitter.com\/embed\/Tweet.html?dnt=false&amp;embedId=twitter-widget-2&amp;features=eyJ0ZndfdGltZWxpbmVfbGlzdCI6eyJidWNrZXQiOltdLCJ2ZXJzaW9uIjpudWxsfSwidGZ3X2ZvbGxvd2VyX2NvdW50X3N1bnNldCI6eyJidWNrZXQiOnRydWUsInZlcnNpb24iOm51bGx9LCJ0ZndfdHdlZXRfZWRpdF9iYWNrZW5kIjp7ImJ1Y2tldCI6Im9uIiwidmVyc2lvbiI6bnVsbH0sInRmd19yZWZzcmNfc2Vzc2lvbiI6eyJidWNrZXQiOiJvbiIsInZlcnNpb24iOm51bGx9LCJ0ZndfZm9zbnJfc29mdF9pbnRlcnZlbnRpb25zX2VuYWJsZWQiOnsiYnVja2V0Ijoib24iLCJ2ZXJzaW9uIjpudWxsfSwidGZ3X21peGVkX21lZGlhXzE1ODk3Ijp7ImJ1Y2tldCI6InRyZWF0bWVudCIsInZlcnNpb24iOm51bGx9LCJ0ZndfZXhwZXJpbWVudHNfY29va2llX2V4cGlyYXRpb24iOnsiYnVja2V0IjoxMjA5NjAwLCJ2ZXJzaW9uIjpudWxsfSwidGZ3X3Nob3dfYmlyZHdhdGNoX3Bpdm90c19lbmFibGVkIjp7ImJ1Y2tldCI6Im9uIiwidmVyc2lvbiI6bnVsbH0sInRmd19kdXBsaWNhdGVfc2NyaWJlc190b19zZXR0aW5ncyI6eyJidWNrZXQiOiJvbiIsInZlcnNpb24iOm51bGx9LCJ0ZndfdXNlX3Byb2ZpbGVfaW1hZ2Vfc2hhcGVfZW5hYmxlZCI6eyJidWNrZXQiOiJvbiIsInZlcnNpb24iOm51bGx9LCJ0ZndfdmlkZW9faGxzX2R5bmFtaWNfbWFuaWZlc3RzXzE1MDgyIjp7ImJ1Y2tldCI6InRydWVfYml0cmF0ZSIsInZlcnNpb24iOm51bGx9LCJ0ZndfbGVnYWN5X3RpbWVsaW5lX3N1bnNldCI6eyJidWNrZXQiOnRydWUsInZlcnNpb24iOm51bGx9LCJ0ZndfdHdlZXRfZWRpdF9mcm9udGVuZCI6eyJidWNrZXQiOiJvbiIsInZlcnNpb24iOm51bGx9fQ%3D%3D&amp;frame=false&amp;hideCard=false&amp;hideThread=false&amp;id=2000315948084179229&amp;lang=cs&amp;origin=https%3A%2F%2Funcutnews.ch%2Fisrael-apologeten-nutzen-bondi-schiesserei-um-anti-voelkermord-aktivisten-anzugreifen%2F&amp;sessionId=efb3af3431419e5c28407dff123fb429a4e3b908&amp;theme=light&amp;widgetsVersion=2615f7e52b7e0%3A1702314776716&amp;width=550px\" frameborder=\"0\" scrolling=\"no\" allowfullscreen=\"allowfullscreen\" data-tweet-id=\"2000315948084179229\" data-mce-fragment=\"1\"><\/iframe><\/div>\n<p><span dir=\"auto\">Princ Chris Cuomo z politick\u00e9 dynastie na Twitteru prohl\u00e1sil, \u017ee ti, kdo obvi\u0148uj\u00ed Izrael z genocidy, pomohli \u201erozdm\u00fdchat nen\u00e1vist na pl\u00e1\u017ei Bondi Beach\u201c.<\/span><\/p>\n<p><span dir=\"auto\">Stephen Pollard z Jewish Chronicle\u00a0<\/span><a href=\"https:\/\/x.com\/stephenpollard\/status\/2000148317863387403\" target=\"_blank\" rel=\"noreferrer noopener\"><span dir=\"auto\">tweetoval<\/span><\/a><span dir=\"auto\">\u00a0video propalestinsk\u00fdch demonstrant\u016f v Birminghamu s koment\u00e1\u0159em: \u201ePokud pop\u00edr\u00e1te souvislost mezi t\u00edmto incidentem a incidentem na pl\u00e1\u017ei Bondi, jste sou\u010d\u00e1st\u00ed probl\u00e9mu.\u201c<\/span><\/p>\n<p><span dir=\"auto\">Vir\u00e1ln\u00ed\u00a0<\/span><a href=\"https:\/\/x.com\/KobieThatcher\/status\/2000173303651295488\" target=\"_blank\" rel=\"noreferrer noopener\"><span dir=\"auto\">tweet<\/span><\/a><span dir=\"auto\">\u00a0australsk\u00e9 pravicov\u00e9 osobnosti soci\u00e1ln\u00edch m\u00e9di\u00ed Kobieho Thatchera ukazuje video z propalestinsk\u00e9 demonstrace s popiskem \u201eTohle se stalo teprve p\u0159ed \u0161esti m\u011bs\u00edci v Sydney v Austr\u00e1lii. Tyto sc\u00e9ny m\u011bly b\u00fdt nal\u00e9hav\u00fdm varov\u00e1n\u00edm.\u201c<\/span><\/p>\n<p><span dir=\"auto\">V\u016fdkyn\u011b opozice Sussan Leyov\u00e1 vyu\u017eila \u00fatoku k tomu, aby po\u017eadovala, aby premi\u00e9r Albanese zavedl autorit\u00e1\u0159sk\u00fd pl\u00e1n na potla\u010den\u00ed svobody projevu, kter\u00fd australsk\u00e1 \u201ekomisa\u0159ka pro antisemitismus\u201c Jillian Segalov\u00e1 p\u0159edstavila za\u010d\u00e1tkem tohoto roku. Argumentovala: \u201eByli jsme sv\u011bdky toho, jak se ve\u0159ejn\u00e9 pam\u00e1tky staly symboly antisemitsk\u00e9 nen\u00e1visti. Byli jsme sv\u011bdky okupace kampus\u016f a terorizace \u017eidovsk\u00fdch student\u016f.\u201c<\/span><\/p>\n<p><span dir=\"auto\">Od prvn\u00edch okam\u017eik\u016f po tomto \u00fatoku pova\u017eovali izrael\u0161t\u00ed apologetov\u00e9 za samoz\u0159ejmost, \u017ee se jedn\u00e1 o teroristick\u00fd \u010din v reakci na izraelsk\u00e9 genocidn\u00ed zv\u011brstva v Gaze, ale pak jako probl\u00e9m vykreslili lidi, kte\u0159\u00ed proti t\u011bmto zv\u011brstv\u016fm pokojn\u011b protestovali.\u00a0<\/span><\/p>\n<p><span dir=\"auto\">Otev\u0159en\u011b p\u0159ipou\u0161t\u011bj\u00ed, \u017ee genocida n\u00e1siln\u011b radikalizuje lidi, ale m\u00edsto aby dosp\u011bli k o\u010dividn\u00e9mu z\u00e1v\u011bru, \u017ee Izrael by proto nem\u011bl genocidu p\u00e1chat, uv\u00e1d\u011bj\u00ed to jako d\u016fkaz, \u017ee by lid\u00e9 m\u011bli p\u0159estat proti genocid\u011b protestovat.<\/span><\/p>\n<p><em><span dir=\"auto\">Je \u0161\u00edlen\u00e9, jak lid\u00e9 berou jako samoz\u0159ejmost, \u017ee st\u0159elba na Bondi byla reakc\u00ed na genocidu sp\u00e1chanou Izraelem, ale m\u00edsto toho, aby \u0159ekli, \u017ee Izrael by nem\u011bl p\u00e1chat genocidu, \u0159\u00edkaj\u00ed, \u017ee by se j\u00ed nem\u011blo \u0159\u00edkat.<\/span><\/em><\/p>\n<div class=\"twitter-tweet twitter-tweet-rendered\"><iframe id=\"twitter-widget-3\" class=\"\" title=\"X Post\" src=\"https:\/\/platform.twitter.com\/embed\/Tweet.html?dnt=false&amp;embedId=twitter-widget-3&amp;features=eyJ0ZndfdGltZWxpbmVfbGlzdCI6eyJidWNrZXQiOltdLCJ2ZXJzaW9uIjpudWxsfSwidGZ3X2ZvbGxvd2VyX2NvdW50X3N1bnNldCI6eyJidWNrZXQiOnRydWUsInZlcnNpb24iOm51bGx9LCJ0ZndfdHdlZXRfZWRpdF9iYWNrZW5kIjp7ImJ1Y2tldCI6Im9uIiwidmVyc2lvbiI6bnVsbH0sInRmd19yZWZzcmNfc2Vzc2lvbiI6eyJidWNrZXQiOiJvbiIsInZlcnNpb24iOm51bGx9LCJ0ZndfZm9zbnJfc29mdF9pbnRlcnZlbnRpb25zX2VuYWJsZWQiOnsiYnVja2V0Ijoib24iLCJ2ZXJzaW9uIjpudWxsfSwidGZ3X21peGVkX21lZGlhXzE1ODk3Ijp7ImJ1Y2tldCI6InRyZWF0bWVudCIsInZlcnNpb24iOm51bGx9LCJ0ZndfZXhwZXJpbWVudHNfY29va2llX2V4cGlyYXRpb24iOnsiYnVja2V0IjoxMjA5NjAwLCJ2ZXJzaW9uIjpudWxsfSwidGZ3X3Nob3dfYmlyZHdhdGNoX3Bpdm90c19lbmFibGVkIjp7ImJ1Y2tldCI6Im9uIiwidmVyc2lvbiI6bnVsbH0sInRmd19kdXBsaWNhdGVfc2NyaWJlc190b19zZXR0aW5ncyI6eyJidWNrZXQiOiJvbiIsInZlcnNpb24iOm51bGx9LCJ0ZndfdXNlX3Byb2ZpbGVfaW1hZ2Vfc2hhcGVfZW5hYmxlZCI6eyJidWNrZXQiOiJvbiIsInZlcnNpb24iOm51bGx9LCJ0ZndfdmlkZW9faGxzX2R5bmFtaWNfbWFuaWZlc3RzXzE1MDgyIjp7ImJ1Y2tldCI6InRydWVfYml0cmF0ZSIsInZlcnNpb24iOm51bGx9LCJ0ZndfbGVnYWN5X3RpbWVsaW5lX3N1bnNldCI6eyJidWNrZXQiOnRydWUsInZlcnNpb24iOm51bGx9LCJ0ZndfdHdlZXRfZWRpdF9mcm9udGVuZCI6eyJidWNrZXQiOiJvbiIsInZlcnNpb24iOm51bGx9fQ%3D%3D&amp;frame=false&amp;hideCard=false&amp;hideThread=false&amp;id=2000286538438222137&amp;lang=cs&amp;origin=https%3A%2F%2Funcutnews.ch%2Fisrael-apologeten-nutzen-bondi-schiesserei-um-anti-voelkermord-aktivisten-anzugreifen%2F&amp;sessionId=efb3af3431419e5c28407dff123fb429a4e3b908&amp;theme=light&amp;widgetsVersion=2615f7e52b7e0%3A1702314776716&amp;width=550px\" frameborder=\"0\" scrolling=\"no\" allowfullscreen=\"allowfullscreen\" data-tweet-id=\"2000286538438222137\" data-mce-fragment=\"1\"><\/iframe><\/div>\n<p><span dir=\"auto\">Mohli by za st\u0159elbu vinit skute\u010dn\u00e9 st\u0159elce. Mohli by vinit lidi, kte\u0159\u00ed p\u00e1chaj\u00ed genocidu, za radikalizaci st\u0159elc\u016f. M\u00edsto toho v\u0161ak za n\u00e1sil\u00ed vin\u00ed ty nejm\u00edrumilovn\u011bj\u0161\u00ed lidi v t\u00e9to rovnici: ty, kte\u0159\u00ed dr\u017e\u00ed transparenty s n\u00e1pisem, \u017ee k n\u00e1siln\u00fdm masakr\u016fm by NEM\u011aLO doch\u00e1zet.<\/span><\/p>\n<p><span dir=\"auto\">Tohle je ta nejbl\u00e1zniv\u011bj\u0161\u00ed a nejzlomysln\u011bj\u0161\u00ed manipulace, jakou si lze p\u0159edstavit.<\/span><\/p>\n<p><span dir=\"auto\">Po \u00fatoku na synagogu v Manchesteru v \u0159\u00edjnu lo\u0148sk\u00e9ho roku jsem\u00a0<\/span><a href=\"https:\/\/www.caitlinjohnst.one\/p\/on-the-manchester-synagogue-attack\" target=\"_blank\" rel=\"noreferrer noopener\"><span dir=\"auto\">si v\u0161iml<\/span><\/a><span dir=\"auto\">\u00a0, \u017ee \u201ekdykoli jsou z\u00e1padn\u00ed \u017did\u00e9 zran\u011bni, izraelsk\u00ed p\u0159\u00edznivci po\u0159\u00e1daj\u00ed velk\u00fd pr\u016fvod, kde \u0159\u00edkaj\u00ed: \u201aDob\u0159e, to je v\u0161e, p\u0159esta\u0148te s t\u00edm, nikdo u\u017e nesm\u00ed kritizovat chov\u00e1n\u00ed Izraele, proto\u017ee zp\u016fsobujete terorismus!\u2018 A pak je v\u0161ichni ignoruj\u00ed a d\u00e1l protestuj\u00ed proti genocid\u011b, proto\u017ee je to absurdn\u00ed.\u201c<\/span><\/p>\n<p><span dir=\"auto\">Dnes jsme sv\u011bdky stejn\u00e9 p\u0159ehl\u00eddky a je stejn\u011b sm\u011b\u0161n\u00e1 jako tehdy.\u00a0<\/span><\/p>\n<p><em><span dir=\"auto\">Kdykoli jsou z\u00e1padn\u00ed \u017did\u00e9 zran\u011bni, p\u0159\u00edznivci Izraele po\u0159\u00e1daj\u00ed velk\u00fd pr\u016fvod, kde k\u0159i\u010d\u00ed: \u201eTo je v\u0161e, nikdo u\u017e nesm\u00ed kritizovat chov\u00e1n\u00ed Izraele, vy jste zodpov\u011bdn\u00ed za terorismus!\u201c A pak v\u0161echny ignoruj\u00ed a znovu protestuj\u00ed proti genocid\u011b, proto\u017ee je to absurdn\u00ed.<\/span><\/em><\/p>\n<div class=\"twitter-tweet twitter-tweet-rendered\"><iframe id=\"twitter-widget-4\" class=\"\" title=\"X Post\" src=\"https:\/\/platform.twitter.com\/embed\/Tweet.html?dnt=false&amp;embedId=twitter-widget-4&amp;features=eyJ0ZndfdGltZWxpbmVfbGlzdCI6eyJidWNrZXQiOltdLCJ2ZXJzaW9uIjpudWxsfSwidGZ3X2ZvbGxvd2VyX2NvdW50X3N1bnNldCI6eyJidWNrZXQiOnRydWUsInZlcnNpb24iOm51bGx9LCJ0ZndfdHdlZXRfZWRpdF9iYWNrZW5kIjp7ImJ1Y2tldCI6Im9uIiwidmVyc2lvbiI6bnVsbH0sInRmd19yZWZzcmNfc2Vzc2lvbiI6eyJidWNrZXQiOiJvbiIsInZlcnNpb24iOm51bGx9LCJ0ZndfZm9zbnJfc29mdF9pbnRlcnZlbnRpb25zX2VuYWJsZWQiOnsiYnVja2V0Ijoib24iLCJ2ZXJzaW9uIjpudWxsfSwidGZ3X21peGVkX21lZGlhXzE1ODk3Ijp7ImJ1Y2tldCI6InRyZWF0bWVudCIsInZlcnNpb24iOm51bGx9LCJ0ZndfZXhwZXJpbWVudHNfY29va2llX2V4cGlyYXRpb24iOnsiYnVja2V0IjoxMjA5NjAwLCJ2ZXJzaW9uIjpudWxsfSwidGZ3X3Nob3dfYmlyZHdhdGNoX3Bpdm90c19lbmFibGVkIjp7ImJ1Y2tldCI6Im9uIiwidmVyc2lvbiI6bnVsbH0sInRmd19kdXBsaWNhdGVfc2NyaWJlc190b19zZXR0aW5ncyI6eyJidWNrZXQiOiJvbiIsInZlcnNpb24iOm51bGx9LCJ0ZndfdXNlX3Byb2ZpbGVfaW1hZ2Vfc2hhcGVfZW5hYmxlZCI6eyJidWNrZXQiOiJvbiIsInZlcnNpb24iOm51bGx9LCJ0ZndfdmlkZW9faGxzX2R5bmFtaWNfbWFuaWZlc3RzXzE1MDgyIjp7ImJ1Y2tldCI6InRydWVfYml0cmF0ZSIsInZlcnNpb24iOm51bGx9LCJ0ZndfbGVnYWN5X3RpbWVsaW5lX3N1bnNldCI6eyJidWNrZXQiOnRydWUsInZlcnNpb24iOm51bGx9LCJ0ZndfdHdlZXRfZWRpdF9mcm9udGVuZCI6eyJidWNrZXQiOiJvbiIsInZlcnNpb24iOm51bGx9fQ%3D%3D&amp;frame=false&amp;hideCard=false&amp;hideThread=false&amp;id=1973849726786392329&amp;lang=cs&amp;origin=https%3A%2F%2Funcutnews.ch%2Fisrael-apologeten-nutzen-bondi-schiesserei-um-anti-voelkermord-aktivisten-anzugreifen%2F&amp;sessionId=efb3af3431419e5c28407dff123fb429a4e3b908&amp;theme=light&amp;widgetsVersion=2615f7e52b7e0%3A1702314776716&amp;width=550px\" frameborder=\"0\" scrolling=\"no\" allowfullscreen=\"allowfullscreen\" data-tweet-id=\"1973849726786392329\" data-mce-fragment=\"1\"><\/iframe><\/div>\n<p><span dir=\"auto\">Masakr civilist\u016f je \u0161patn\u00fd. Je \u0161patn\u00fd na pl\u00e1\u017ei Bondi a je \u0161patn\u00fd i v Gaze. Dnes se ti nejhor\u0161\u00ed lid\u00e9 na sv\u011bt\u011b sna\u017e\u00ed tvrdit, \u017ee kv\u016fli prvn\u00edmu incidentu mus\u00ed v\u0161ichni p\u0159estat protestovat proti druh\u00e9mu. To je \u010dir\u00e1, cynick\u00e1 manipulace, jej\u00edm\u017e c\u00edlem je ochr\u00e1nit genocidn\u00ed apartheidn\u00ed st\u00e1t p\u0159ed kritikou. Zaslou\u017e\u00ed si jen opovr\u017een\u00ed a odsouzen\u00ed.<\/span><\/p>\n<p><span dir=\"auto\">M\u00e9 srdce t\u011b\u017ece c\u00edt\u00edm pro v\u0161echny ty, kte\u0159\u00ed dnes za\u010dali sv\u016fj prvn\u00ed den na t\u00e9to planet\u011b bez sv\u00fdch bl\u00edzk\u00fdch. Nepochybn\u011b ka\u017ed\u00fd dne\u0161n\u00ed n\u00e1dech bude pro n\u011b nemo\u017enou v\u00fdzvou. Ka\u017ed\u00e1 z t\u011bchto smrt\u00ed ot\u0159ese jejich rodinami, kruhy p\u0159\u00e1tel, pracovi\u0161ti, r\u016fzn\u00fdmi komunitami a n\u00e1bo\u017eensk\u00fdmi obcemi jako atomov\u00e1 bomba a p\u0159ekon\u00e1n\u00ed traumatu bude trvat roky. To je fakt, to je jist\u00e9. To plat\u00ed pro Bondi stejn\u011b jako pro Gazu. M\u00e9 srdce se l\u00e1me pro v\u0161echny, kte\u0159\u00ed se dnes n\u00e1hle ocitnou na \u00fapat\u00ed t\u00e9to zd\u00e1nliv\u011b nep\u0159ekonateln\u00e9 hory z\u00e1rmutku.\u00a0<\/span><\/p>\n<p><span dir=\"auto\">O tomto incidentu je st\u00e1le mnoho nezn\u00e1m\u00fdch informac\u00ed, ale lze p\u0159edpokl\u00e1dat, \u017ee poslou\u017e\u00ed jako z\u00e1minka k c\u00edlen\u00fdm \u00fatok\u016fm na propalestinsk\u00e9 aktivisty a dal\u0161\u00edmu potla\u010den\u00ed kritiky Izraele v Austr\u00e1lii, jak se v t\u00e9to zemi v posledn\u00edch dvou letech st\u00e1le \u010dast\u011bji d\u011bje. Sionismus je nejv\u011bt\u0161\u00ed hrozbou pro svobodu projevu v cel\u00e9m z\u00e1padn\u00edm sv\u011bt\u011b.<\/span><\/p>\n<\/div>\n<\/div>\n<div class=\"elementor-element elementor-element-8c57238 quelle dc-has-condition dc-condition-empty elementor-widget elementor-widget-heading\" data-id=\"8c57238\" data-element_type=\"widget\" data-widget_type=\"heading.default\">\n<div class=\"elementor-widget-container\">\n<h3 class=\"elementor-heading-title elementor-size-default\"><span style=\"font-size: 10pt;\"><a href=\"https:\/\/caitlinjohnstone.com.au\/2025\/12\/15\/israel-apologists-hasten-to-use-bondi-shooting-to-attack-anti-genocide-activists\/\" target=\"_blank\" rel=\"nofollow noopener\"><span dir=\"auto\">Zdroj<\/span><\/a><\/span><\/h3>\n<p>&nbsp;<\/p>\n<\/div>\n<\/div>\n","protected":false},"excerpt":{"rendered":"<p>Je tak nechutn\u00e9 sledovat samolib\u00e9, ocasem vrt\u00edc\u00ed nad\u0161en\u00ed izraelsk\u00fdch p\u0159\u00edznivc\u016f tv\u00e1\u0159\u00ed v tv\u00e1\u0159 t\u00e9to st\u0159elb\u011b&#8230;.<\/p>\n","protected":false},"author":2,"featured_media":94703,"comment_status":"closed","ping_status":"closed","sticky":false,"template":"","format":"standard","meta":[],"categories":[7],"tags":[1503,404,320,92],"_links":{"self":[{"href":"https:\/\/www.infokuryr.cz\/n\/wp-json\/wp\/v2\/posts\/94702"}],"collection":[{"href":"https:\/\/www.infokuryr.cz\/n\/wp-json\/wp\/v2\/posts"}],"about":[{"href":"https:\/\/www.infokuryr.cz\/n\/wp-json\/wp\/v2\/types\/post"}],"author":[{"embeddable":true,"href":"https:\/\/www.infokuryr.cz\/n\/wp-json\/wp\/v2\/users\/2"}],"replies":[{"embeddable":true,"href":"https:\/\/www.infokuryr.cz\/n\/wp-json\/wp\/v2\/comments?post=94702"}],"version-history":[{"count":0,"href":"https:\/\/www.infokuryr.cz\/n\/wp-json\/wp\/v2\/posts\/94702\/revisions"}],"wp:featuredmedia":[{"embeddable":true,"href":"https:\/\/www.infokuryr.cz\/n\/wp-json\/wp\/v2\/media\/94703"}],"wp:attachment":[{"href":"https:\/\/www.infokuryr.cz\/n\/wp-json\/wp\/v2\/media?parent=94702"}],"wp:term":[{"taxonomy":"category","embeddable":true,"href":"https:\/\/www.infokuryr.cz\/n\/wp-json\/wp\/v2\/categories?post=94702"},{"taxonomy":"post_tag","embeddable":true,"href":"https:\/\/www.infokuryr.cz\/n\/wp-json\/wp\/v2\/tags?post=94702"}],"curies":[{"name":"wp","href":"https:\/\/api.w.org\/{rel}","templated":true}]}}