{"id":94695,"date":"2025-12-16T00:19:17","date_gmt":"2025-12-15T23:19:17","guid":{"rendered":"https:\/\/www.infokuryr.cz\/n\/?p=94695"},"modified":"2025-12-15T10:15:27","modified_gmt":"2025-12-15T09:15:27","slug":"palestinci-v-gaze-umiraji-izraelske-oblehani-meni-drsne-zimni-pocasi-v-smrtici","status":"publish","type":"post","link":"https:\/\/www.infokuryr.cz\/n\/2025\/12\/16\/palestinci-v-gaze-umiraji-izraelske-oblehani-meni-drsne-zimni-pocasi-v-smrtici\/","title":{"rendered":"Palestinci v Gaze um\u00edraj\u00ed, izraelsk\u00e9 obl\u00e9h\u00e1n\u00ed m\u011bn\u00ed drsn\u00e9 zimn\u00ed po\u010das\u00ed v smrt\u00edc\u00ed"},"content":{"rendered":"<div id=\"fb-root\"><\/div>\n<p><strong>Kv\u016fli nep\u0159\u00edzniv\u00e9mu po\u010das\u00ed v Gaze zem\u0159elo 13 lid\u00ed, v\u010detn\u011b kojenc\u016f, kter\u00e9 zem\u0159ely umrznut\u00edm. Izrael nad\u00e1le blokuje vstup pomoci, kter\u00e1 by mohla poskytnout \u00fato\u010di\u0161t\u011b 1,5 milionu Palestinc\u016f \u017eij\u00edc\u00edch v opot\u0159ebovan\u00fdch stanech.<\/strong><\/p>\n<p><span dir=\"auto\">Rodi\u010de osmim\u011bs\u00ed\u010dn\u00ed Rahaf Abu Jazar se ve \u010dtvrtek r\u00e1no probudili a zjistili, \u017ee jejich miminko m\u00e1 promodran\u00e9 rty a studen\u00e9 a ztuhl\u00e9 kon\u010detiny. D\u00edt\u011b zmrzlo pot\u00e9, co siln\u00fd d\u00e9\u0161\u0165 pronikl stanem, zat\u00edmco v\u0161ichni spali, a promo\u010dil Rahafino oble\u010den\u00ed.<\/span><\/p>\n<p><span dir=\"auto\">Dvaat\u0159icetilet\u00e1 Hajar Abu D\u017eazar \u0159\u00edk\u00e1, \u017ee jej\u00ed dcera byla zdrav\u00e9 d\u00edt\u011b a netrp\u011bla \u017e\u00e1dnou nemoc\u00ed ani p\u0159edchoz\u00edm zdravotn\u00edm probl\u00e9mem. Hajar \u017eije se sv\u00fdm man\u017eelem a sedmi d\u011btmi ve stanov\u00e9m t\u00e1bo\u0159e v oblasti Mawasi v Ch\u00e1n J\u00fanis v ji\u017en\u00ed Gaze. Hajar \u0159\u00edk\u00e1, \u017ee se ob\u00e1v\u00e1, \u017ee Rahaf nebude jedin\u00e9 z jej\u00edch d\u011bt\u00ed, kter\u00e9 umrzne nebo utrp\u00ed zran\u011bn\u00ed v d\u016fsledku nep\u0159\u00edzniv\u00fdch pov\u011btrnostn\u00edch podm\u00ednek.\u00a0<\/span><\/p>\n<p><span dir=\"auto\">\u201eV\u010dera si hr\u00e1la se sourozenci a nem\u011bla \u017e\u00e1dn\u00e9 st\u00ed\u017enosti,\u201c \u0159ekla\u00a0<\/span><em><span dir=\"auto\">Mondoweissovi<\/span><\/em><span dir=\"auto\"> . \u201e\u0160li jsme sp\u00e1t a druh\u00fd den jsme se probudili a zjistili jsme, \u017ee m\u00e1 oble\u010den\u00ed promo\u010den\u00e9 skrz naskrz. Ve sp\u00e1nku zmrzla.\u201c<\/span><\/p>\n<figure class=\"wp-block-image size-large\"><img decoding=\"async\" loading=\"lazy\" class=\"wp-image-320105 entered lazyloaded aligncenter\" src=\"https:\/\/mondoweiss.net\/wp-content\/uploads\/2025\/12\/091225_Gaza_OSH_1_0027-1024x683.jpg\" sizes=\"(max-width: 1024px) 100vw, 1024px\" srcset=\"https:\/\/mondoweiss.net\/wp-content\/uploads\/2025\/12\/091225_Gaza_OSH_1_0027-1024x683.jpg 1024w, https:\/\/mondoweiss.net\/wp-content\/uploads\/2025\/12\/091225_Gaza_OSH_1_0027-300x200.jpg 300w, https:\/\/mondoweiss.net\/wp-content\/uploads\/2025\/12\/091225_Gaza_OSH_1_0027-150x100.jpg 150w, https:\/\/mondoweiss.net\/wp-content\/uploads\/2025\/12\/091225_Gaza_OSH_1_0027-270x180.jpg 270w, https:\/\/mondoweiss.net\/wp-content\/uploads\/2025\/12\/091225_Gaza_OSH_1_0027-770x515.jpg 770w, https:\/\/mondoweiss.net\/wp-content\/uploads\/2025\/12\/091225_Gaza_OSH_1_0027-scaled.jpg 1280w\" alt=\"Stanov\u00fd t\u00e1bor pro vys\u00eddlen\u00ed ve \u010dtvrti Zeitoun, jihov\u00fdchodn\u00ed m\u011bsto Gaza, 9. prosince 2025. (Foto: Omar Ashtawy\/APA Images)\" width=\"857\" height=\"571\" data-lazy-srcset=\"https:\/\/mondoweiss.net\/wp-content\/uploads\/2025\/12\/091225_Gaza_OSH_1_0027-1024x683.jpg 1024w, https:\/\/mondoweiss.net\/wp-content\/uploads\/2025\/12\/091225_Gaza_OSH_1_0027-300x200.jpg 300w, https:\/\/mondoweiss.net\/wp-content\/uploads\/2025\/12\/091225_Gaza_OSH_1_0027-150x100.jpg 150w, https:\/\/mondoweiss.net\/wp-content\/uploads\/2025\/12\/091225_Gaza_OSH_1_0027-270x180.jpg 270w, https:\/\/mondoweiss.net\/wp-content\/uploads\/2025\/12\/091225_Gaza_OSH_1_0027-770x515.jpg 770w, https:\/\/mondoweiss.net\/wp-content\/uploads\/2025\/12\/091225_Gaza_OSH_1_0027-scaled.jpg 1280w\" data-lazy-sizes=\"(max-width: 1024px) 100vw, 1024px\" data-lazy-src=\"https:\/\/mondoweiss.net\/wp-content\/uploads\/2025\/12\/091225_Gaza_OSH_1_0027-1024x683.jpg\" data-ll-status=\"loaded\" \/><figcaption class=\"wp-element-caption\"><em><span dir=\"auto\">Stanov\u00fd t\u00e1bor pro vys\u00eddlen\u00ed ve \u010dtvrti Zeitoun, jihov\u00fdchodn\u00ed m\u011bsto Gaza, 9. prosince 2025. (Foto: Omar Ashtawy\/APA Images)<\/span><\/em><\/figcaption><\/figure>\n<p><span dir=\"auto\">M\u00edstn\u00ed \u00fa\u0159ady hl\u00e1s\u00ed, \u017ee siln\u00e1 studen\u00e1 fronta, kter\u00e1 ve \u010dtvrtek zas\u00e1hla p\u00e1smo Gazy, si do p\u00e1te\u010dn\u00edho odpoledne m\u00edstn\u00edho \u010dasu vy\u017e\u00e1dala \u017eivoty 13 lid\u00ed. Bou\u0159e, doprov\u00e1zen\u00e1 siln\u00fdmi de\u0161ti, kter\u00e9 vedly k rozs\u00e1hl\u00fdm z\u00e1plav\u00e1m ve stanov\u00fdch t\u00e1borech pro vys\u00eddlen\u00e9 osoby, vedla tak\u00e9 ke z\u0159\u00edcen\u00ed \u010d\u00e1ste\u010dn\u011b zni\u010den\u00fdch budov, kde se Palestinci ukr\u00fdvali p\u0159ed nep\u0159\u00edzn\u00ed po\u010das\u00ed.<\/span><\/p>\n<p><span dir=\"auto\">Podle vl\u00e1dn\u00edho tiskov\u00e9ho \u00fa\u0159adu v Gaze bou\u0159e smetla nebo zaplavila p\u0159es 27 000 stan\u016f, kter\u00e9 byly odneseny bleskov\u00fdmi povodn\u011bmi nebo vyvr\u00e1ceny siln\u00fdm v\u011btrem. Bou\u0159e tak\u00e9 vedla ke z\u0159\u00edcen\u00ed nejm\u00e9n\u011b 13 budov v Gaze, z nich\u017e posledn\u00ed se nach\u00e1zela ve \u010dtvrt\u00edch Karama a Sheikh Radwan v Gaze.<\/span><\/p>\n<p><span dir=\"auto\">\u201eOkupace nad\u00e1le uzav\u00edr\u00e1 hrani\u010dn\u00ed p\u0159echody a br\u00e1n\u00ed vstupu humanit\u00e1rn\u00ed pomoci a materi\u00e1l\u016f, kter\u00e9 by mohly poskytnout \u00fato\u010di\u0161t\u011b,\u201c uvedla tiskov\u00e1 kancel\u00e1\u0159 v p\u00e1te\u010dn\u00edm prohl\u00e1\u0161en\u00ed. \u201eTo zahrnuje blokov\u00e1n\u00ed vstupu 300 000 stan\u016f, prefabrikovan\u00fdch mobiln\u00edch dom\u016f a karavan\u016f.\u201c<\/span><\/p>\n<p><span dir=\"auto\">Mezi \u010dtvrtkem a p\u00e1tkem zem\u0159ely v d\u016fsledku chladu dva kojenci a dev\u00edtilet\u00e1 d\u00edvka, zat\u00edmco \u0161est dal\u0161\u00edch ob\u011bt\u00ed bylo zabito, kdy\u017e se na n\u011b v severn\u00ed Gaze z\u0159\u00edtil jejich d\u016fm. V Gaze zem\u0159eli dal\u0161\u00ed t\u0159i palestin\u0161t\u00ed obyvatel\u00e9, kdy\u017e se v d\u016fsledku v\u011btru a siln\u00fdch de\u0161\u0165\u016f z\u0159\u00edtily zdi budovy, kde hledali \u00fato\u010di\u0161t\u011b.<\/span><\/p>\n<p><span dir=\"auto\">Podle vl\u00e1dn\u00edho tiskov\u00e9ho \u00fa\u0159adu \u017eije v Gaze p\u0159ibli\u017en\u011b 1,5 milionu Palestinc\u016f v obno\u0161en\u00fdch stanech, kter\u00e9 je jen m\u00e1lo chr\u00e1n\u00ed p\u0159ed studen\u00fdmi frontami, bou\u0159kov\u00fdmi podm\u00ednkami a drsn\u00fdm po\u010das\u00edm.<\/span><\/p>\n<p><span dir=\"auto\">\u010cty\u0159iapades\u00e1tilet\u00e1 Karima Abed Rabbo se uprost\u0159ed noci probudila a zjistila, \u017ee matrace, na kter\u00e9 sp\u00ed ve sv\u00e9m stanu, je pono\u0159en\u00e1 ve vod\u011b. \u201eProbudila jsem se nap\u016fl pono\u0159en\u00e1,\u201c \u0159\u00edk\u00e1 Abed Rabbo pro\u00a0<\/span><em><span dir=\"auto\">Mondoweiss<\/span><\/em><span dir=\"auto\">\u00a0. \u201eAle nedalo se s t\u00edm nic d\u011blat. Nem\u011bla jsem jinou mo\u017enost, ne\u017e z\u016fstat tam, kde jsem, a plakat jako d\u00edt\u011b.\u201c\u00a0<\/span><\/p>\n<figure class=\"wp-block-image size-large\"><img decoding=\"async\" loading=\"lazy\" class=\"wp-image-320110 entered lazyloaded aligncenter\" src=\"https:\/\/mondoweiss.net\/wp-content\/uploads\/2025\/12\/111225_Nusairat_RA_0011-1024x683.jpg\" sizes=\"(max-width: 1024px) 100vw, 1024px\" srcset=\"https:\/\/mondoweiss.net\/wp-content\/uploads\/2025\/12\/111225_Nusairat_RA_0011-1024x683.jpg 1024w, https:\/\/mondoweiss.net\/wp-content\/uploads\/2025\/12\/111225_Nusairat_RA_0011-300x200.jpg 300w, https:\/\/mondoweiss.net\/wp-content\/uploads\/2025\/12\/111225_Nusairat_RA_0011-150x100.jpg 150w, https:\/\/mondoweiss.net\/wp-content\/uploads\/2025\/12\/111225_Nusairat_RA_0011-270x180.jpg 270w, https:\/\/mondoweiss.net\/wp-content\/uploads\/2025\/12\/111225_Nusairat_RA_0011-770x515.jpg 770w, https:\/\/mondoweiss.net\/wp-content\/uploads\/2025\/12\/111225_Nusairat_RA_0011-scaled.jpg 1280w\" alt=\"Palestinci se pot\u00fdkaj\u00ed se z\u00e1plavami po siln\u00fdch de\u0161t\u00edch v uprchlick\u00e9m t\u00e1bo\u0159e Nuseirat v centru Gazy, 11. prosince 2025. (Foto: Ramzi Abu Amer\/APA Images)\" width=\"827\" height=\"551\" data-lazy-srcset=\"https:\/\/mondoweiss.net\/wp-content\/uploads\/2025\/12\/111225_Nusairat_RA_0011-1024x683.jpg 1024w, https:\/\/mondoweiss.net\/wp-content\/uploads\/2025\/12\/111225_Nusairat_RA_0011-300x200.jpg 300w, https:\/\/mondoweiss.net\/wp-content\/uploads\/2025\/12\/111225_Nusairat_RA_0011-150x100.jpg 150w, https:\/\/mondoweiss.net\/wp-content\/uploads\/2025\/12\/111225_Nusairat_RA_0011-270x180.jpg 270w, https:\/\/mondoweiss.net\/wp-content\/uploads\/2025\/12\/111225_Nusairat_RA_0011-770x515.jpg 770w, https:\/\/mondoweiss.net\/wp-content\/uploads\/2025\/12\/111225_Nusairat_RA_0011-scaled.jpg 1280w\" data-lazy-sizes=\"(max-width: 1024px) 100vw, 1024px\" data-lazy-src=\"https:\/\/mondoweiss.net\/wp-content\/uploads\/2025\/12\/111225_Nusairat_RA_0011-1024x683.jpg\" data-ll-status=\"loaded\" \/><figcaption class=\"wp-element-caption\"><em><span dir=\"auto\">Palestinci se pot\u00fdkaj\u00ed se z\u00e1plavami po siln\u00fdch de\u0161t\u00edch v uprchlick\u00e9m t\u00e1bo\u0159e Nuseirat v centru Gazy, 11. prosince 2025. (Foto: Ramzi Abu Amer\/APA Images)<\/span><\/em><\/figcaption><\/figure>\n<p><span dir=\"auto\">Toto je u\u017e druh\u00e1 noc po sob\u011b, kdy Abed Rabbo a jej\u00ed rodina museli sn\u00e1\u0161et z\u00e1plavy ve sv\u00e9m stanu, promo\u010den\u00e9ho oble\u010den\u00edm, lo\u017en\u00edm pr\u00e1dlem a ve\u0161ker\u00fdm jejich majetkem. V\u0161ichni ostatn\u00ed v jej\u00edm stanov\u00e9m t\u00e1bo\u0159e \u017eij\u00ed ve stejn\u00fdch podm\u00ednk\u00e1ch.<\/span><\/p>\n<p><span dir=\"auto\">Abed Rabbo \u017eije ve stanu se dv\u011bma dosp\u011bl\u00fdmi syny a jejich man\u017eelkami a sedmi vnou\u010daty. \u0158\u00edk\u00e1, \u017ee se ob\u00e1v\u00e1, \u017ee by jedno z jej\u00edch vnou\u010dat, zejm\u00e9na to mlad\u0161\u00ed, mohlo nakonec umrznout. Vypr\u00e1v\u00ed, jak se prvn\u00ed noc bou\u0159e probudila a na\u0161la sv\u00e9ho vnuka \u00fapln\u011b promo\u010den\u00e9ho ve vod\u011b, jak st\u00e1le sp\u00ed. Vzbudila ho a sp\u011bchala do rohu stanu, kde m\u00e1 \u010dist\u00e9 a such\u00e9 oble\u010den\u00ed, jen aby zjistila, \u017ee je promo\u010den\u00e9 skrz naskrz. Sna\u017eila se ho osu\u0161it v\u0161\u00edm, co na\u0161la, a pokusila se ho znovu uspat, ale v\u0161echno bylo mokr\u00e9 \u2013 pol\u0161t\u00e1\u0159e, matrace, prost\u011bradla, deky.\u00a0<\/span><\/p>\n<p><span dir=\"auto\">\u201eStr\u00e1vila jsem hodiny, kdy\u017e jsem ho dr\u017eela v n\u00e1ru\u010d\u00ed, zat\u00edmco se nam\u00e1\u010del. \u010cekali jsme na r\u00e1no, abychom mohli j\u00edt ven a naj\u00edt n\u011bco, \u010d\u00edm bychom d\u00edt\u011b osu\u0161ili,\u201c \u0159ekla.<\/span><\/p>\n<p><span style=\"font-size: 10pt;\"><em><strong>\u00davodn\u00ed fotografie:<\/strong> T\u0159\u00edm\u011bs\u00ed\u010dn\u00ed d\u00edt\u011b Taym al-Khawaja zem\u0159elo 12. prosince 2025 zmrznut\u00edm ve stanu v uprchlick\u00e9m t\u00e1bo\u0159e Shati. (Foto: Omar Ashtawy\/APA Images)<\/em><\/span><\/p>\n<p><a href=\"https:\/\/mondoweiss.net\/2025\/12\/palestinians-in-gaza-are-dying-as-the-israeli-siege-turns-harsh-winter-weather-deadly\/\"><span class=\"post-author\"><span class=\"by\"><span dir=\"auto\">Od\u00a0<\/span><\/span><span dir=\"auto\">Tareqa S. Hajjaje<\/span><\/span>\u00a0<\/a><\/p>\n<p>&nbsp;<\/p>\n","protected":false},"excerpt":{"rendered":"<p>Kv\u016fli nep\u0159\u00edzniv\u00e9mu po\u010das\u00ed v Gaze zem\u0159elo 13 lid\u00ed, v\u010detn\u011b kojenc\u016f, kter\u00e9 zem\u0159ely umrznut\u00edm. Izrael nad\u00e1le&#8230;<\/p>\n","protected":false},"author":2,"featured_media":94696,"comment_status":"closed","ping_status":"closed","sticky":false,"template":"","format":"standard","meta":[],"categories":[7],"tags":[348,873,871,313],"_links":{"self":[{"href":"https:\/\/www.infokuryr.cz\/n\/wp-json\/wp\/v2\/posts\/94695"}],"collection":[{"href":"https:\/\/www.infokuryr.cz\/n\/wp-json\/wp\/v2\/posts"}],"about":[{"href":"https:\/\/www.infokuryr.cz\/n\/wp-json\/wp\/v2\/types\/post"}],"author":[{"embeddable":true,"href":"https:\/\/www.infokuryr.cz\/n\/wp-json\/wp\/v2\/users\/2"}],"replies":[{"embeddable":true,"href":"https:\/\/www.infokuryr.cz\/n\/wp-json\/wp\/v2\/comments?post=94695"}],"version-history":[{"count":1,"href":"https:\/\/www.infokuryr.cz\/n\/wp-json\/wp\/v2\/posts\/94695\/revisions"}],"predecessor-version":[{"id":94697,"href":"https:\/\/www.infokuryr.cz\/n\/wp-json\/wp\/v2\/posts\/94695\/revisions\/94697"}],"wp:featuredmedia":[{"embeddable":true,"href":"https:\/\/www.infokuryr.cz\/n\/wp-json\/wp\/v2\/media\/94696"}],"wp:attachment":[{"href":"https:\/\/www.infokuryr.cz\/n\/wp-json\/wp\/v2\/media?parent=94695"}],"wp:term":[{"taxonomy":"category","embeddable":true,"href":"https:\/\/www.infokuryr.cz\/n\/wp-json\/wp\/v2\/categories?post=94695"},{"taxonomy":"post_tag","embeddable":true,"href":"https:\/\/www.infokuryr.cz\/n\/wp-json\/wp\/v2\/tags?post=94695"}],"curies":[{"name":"wp","href":"https:\/\/api.w.org\/{rel}","templated":true}]}}