{"id":94685,"date":"2025-12-16T00:15:45","date_gmt":"2025-12-15T23:15:45","guid":{"rendered":"https:\/\/www.infokuryr.cz\/n\/?p=94685"},"modified":"2025-12-15T09:53:43","modified_gmt":"2025-12-15T08:53:43","slug":"brusel-prekracuje-rubikon-v-zaverecnem-aktu-sebezniceni-aby-zabavil-rusky-majetek","status":"publish","type":"post","link":"https:\/\/www.infokuryr.cz\/n\/2025\/12\/16\/brusel-prekracuje-rubikon-v-zaverecnem-aktu-sebezniceni-aby-zabavil-rusky-majetek\/","title":{"rendered":"Brusel \u201ep\u0159ekra\u010duje Rubikon\u201c v z\u00e1v\u011bre\u010dn\u00e9m aktu sebezni\u010den\u00ed, aby zabavil rusk\u00fd majetek"},"content":{"rendered":"<div id=\"fb-root\"><\/div>\n<p><span dir=\"auto\">Den za\u010dal dal\u0161\u00ed salvou popla\u0161n\u00fdch a hysterick\u00fdch projev\u016f totalitn\u00ed hydry NATO-EU. Rutte zachmu\u0159en\u00fdm t\u00f3nem prohl\u00e1sil, \u017ee Rusko p\u0159ineslo do Evropy v\u00e1lku a \u017ee by se Evropan\u00e9 m\u011bli p\u0159ipravit na v\u00e1lku v rozsahu srovnateln\u00e9m s tou, kterou za\u017eili jejich \u201eprarodi\u010de\u201c b\u011bhem druh\u00e9 sv\u011btov\u00e9 v\u00e1lky.<\/span><\/p>\n<figure class=\"wp-block-image size-large has-lightbox\"><a href=\"https:\/\/substack.com\/redirect\/286e2304-723f-41a3-8ba5-8242f9e526fa?j=eyJ1IjoiNGU2dW5qIn0.lfPRnOc3ZtdgqmcFnLBm63lHQnWJETbO1FnZZJWHA5g\" target=\"_blank\" rel=\"noreferrer noopener\"><img decoding=\"async\" loading=\"lazy\" class=\"wp-image-499932\" src=\"https:\/\/i0.wp.com\/reseauinternational.net\/wp-content\/uploads\/2025\/12\/image-146.png?resize=1024%2C575&amp;ssl=1\" sizes=\"auto, (max-width: 1024px) 100vw, 1024px\" srcset=\"https:\/\/i0.wp.com\/reseauinternational.net\/wp-content\/uploads\/2025\/12\/image-146.png?resize=1024%2C575&amp;ssl=1 1024w, https:\/\/i0.wp.com\/reseauinternational.net\/wp-content\/uploads\/2025\/12\/image-146.png?resize=300%2C169&amp;ssl=1 300w, https:\/\/i0.wp.com\/reseauinternational.net\/wp-content\/uploads\/2025\/12\/image-146.png?resize=768%2C431&amp;ssl=1 768w, https:\/\/i0.wp.com\/reseauinternational.net\/wp-content\/uploads\/2025\/12\/image-146.png?resize=320%2C180&amp;ssl=1 320w, https:\/\/i0.wp.com\/reseauinternational.net\/wp-content\/uploads\/2025\/12\/image-146.png?resize=990%2C556&amp;ssl=1 990w, https:\/\/i0.wp.com\/reseauinternational.net\/wp-content\/uploads\/2025\/12\/image-146.png?w=1100&amp;ssl=1 1100w\" alt=\"\" width=\"1024\" height=\"575\" data-recalc-dims=\"1\" \/><\/a><\/figure>\n<p><span dir=\"auto\">Po t\u011bchto pozn\u00e1mk\u00e1ch rychle n\u00e1sledovala r\u00e1zn\u00e1 prohl\u00e1\u0161en\u00ed dal\u0161\u00edch nevolen\u00fdch byrokrat\u016f:<\/span><\/p>\n<div class=\"wp-block-image\">\n<figure class=\"aligncenter size-full is-resized\"><a class=\"single-popup\" href=\"https:\/\/i0.wp.com\/reseauinternational.net\/wp-content\/uploads\/2025\/12\/image-147.png?ssl=1\"><img decoding=\"async\" loading=\"lazy\" class=\"wp-image-499933 aligncenter\" src=\"https:\/\/i0.wp.com\/reseauinternational.net\/wp-content\/uploads\/2025\/12\/image-147.png?resize=675%2C744&amp;ssl=1\" sizes=\"auto, (max-width: 675px) 100vw, 675px\" srcset=\"https:\/\/i0.wp.com\/reseauinternational.net\/wp-content\/uploads\/2025\/12\/image-147.png?w=675&amp;ssl=1 675w, https:\/\/i0.wp.com\/reseauinternational.net\/wp-content\/uploads\/2025\/12\/image-147.png?resize=272%2C300&amp;ssl=1 272w\" alt=\"\" width=\"604\" height=\"666\" data-recalc-dims=\"1\" \/><\/a><\/figure>\n<\/div>\n<div class=\"wp-block-spacer\" aria-hidden=\"true\"><\/div>\n<p><span dir=\"auto\">Ve stejn\u00fd den bruselsk\u00e1 mafie u\u010dinila posledn\u00ed krok ke sv\u00e9 sebezni\u010den\u00ed t\u00edm, \u017ee neleg\u00e1ln\u011b hlasovala o zm\u011bn\u011b po\u017eadavku jednomyslnosti pro navr\u00e1cen\u00ed rusk\u00fdch \u201ezmrazen\u00fdch aktiv\u201c, \u010d\u00edm\u017e je na dobu neur\u010ditou zmrazila a pou\u017eila je jako z\u00e1chrannou s\u00ed\u0165 pro ukrajinsk\u00e9 \u201ereparace\u201c. U\u010dinila tak s odvol\u00e1n\u00edm na klauzuli t\u00fdkaj\u00edc\u00ed se \u201eekonomick\u00fdch nouzov\u00fdch situac\u00ed\u201c, v n\u00ed\u017e v podstat\u011b tvrdila, \u017ee EU trp\u00ed v\u00e1\u017en\u00fdmi ekonomick\u00fdmi \u0161kodami v d\u016fsledku \u201ev\u00e1lky veden\u00e9 Ruskem\u201c.<\/span><\/p>\n<p><a title=\"\" href=\"https:\/\/x.com\/PM_ViktorOrban\/status\/1999358779763183953\" target=\"_blank\" rel=\"noopener\"><span dir=\"auto\">Viktor Orb\u00e1n<\/span><\/a><span dir=\"auto\">\u00a0\u00a0na to reagoval vehementn\u011b a \u2013 s pou\u017eit\u00edm obzvl\u00e1\u0161t\u011b jedovat\u00e9ho jazyka \u2013 ozna\u010dil tento \u010din za \u010dist\u00e9 a prost\u00e9 \u201eporu\u0161en\u00ed\u201c evropsk\u00e9ho pr\u00e1va:<\/span><\/p>\n<p><span dir=\"auto\">\u201e\u00a0<\/span><strong><em><span dir=\"auto\">Dnes obyvatel\u00e9 Bruselu p\u0159ekra\u010duj\u00ed Rubikon. V poledne se uskute\u010dn\u00ed p\u00edsemn\u00e9 hlasov\u00e1n\u00ed, kter\u00e9 by mohlo Unii zp\u016fsobit nenapraviteln\u00e9 \u0161kody.\u201c<\/span><\/em><\/strong><\/p>\n<p><em><span dir=\"auto\">P\u0159edm\u011bt hlasov\u00e1n\u00ed: zmrazen\u00ed rusk\u00fdch aktiv, o nich\u017e \u010dlensk\u00e9 st\u00e1ty EU dosud hlasovaly jednomysln\u011b ka\u017ed\u00fdch \u0161est m\u011bs\u00edc\u016f.\u00a0\u00a0<\/span><strong><span dir=\"auto\">Dne\u0161n\u00edm postupem Brusel \u0165uknut\u00edm pera ru\u0161\u00ed po\u017eadavek jednomyslnosti, co\u017e je zjevn\u011b nez\u00e1konn\u00e9.<\/span><\/strong><\/em><\/p>\n<p><strong><em><span dir=\"auto\">Toto rozhodnut\u00ed znamen\u00e1 konec pr\u00e1vn\u00edho st\u00e1tu v Evropsk\u00e9 unii<\/span><\/em><\/strong><em><span dir=\"auto\">\u00a0\u00a0a evrop\u0161t\u00ed l\u00edd\u0159i se stav\u00ed nad z\u00e1kon. M\u00edsto zaji\u0161t\u011bn\u00ed dodr\u017eov\u00e1n\u00ed evropsk\u00fdch smluv\u00a0\u00a0<\/span><strong><span dir=\"auto\">Evropsk\u00e1 komise systematicky ignoruje evropsk\u00e9 pr\u00e1vo.<\/span><\/strong><span dir=\"auto\">\u00a0\u00a0T\u00edmto zp\u016fsobem prodlu\u017euje v\u00e1lku na Ukrajin\u011b, v\u00e1lku, kter\u00e1 je od za\u010d\u00e1tku jasn\u011b prohran\u00e1. To v\u0161e se d\u011bje za b\u00edl\u00e9ho dne, necel\u00fd t\u00fdden p\u0159ed zased\u00e1n\u00edm Evropsk\u00e9 rady, hlavn\u00edho rozhodovac\u00edho org\u00e1nu Unie, kter\u00fd sdru\u017euje hlavy st\u00e1t\u016f a vl\u00e1d. Pr\u00e1vn\u00ed st\u00e1t v Evropsk\u00e9 unii tak ustupuje byrokracii. Jin\u00fdmi slovy, byla nastolena diktatura bruselsk\u00e9ho typu.<\/span><\/em><\/p>\n<p><em><span dir=\"auto\">Ma\u010farsko proti tomuto rozhodnut\u00ed protestuje a ud\u011bl\u00e1 v\u0161e pro to, aby obnovilo ve\u0159ejn\u00fd po\u0159\u00e1dek<\/span><\/em><span dir=\"auto\">\u00a0.<\/span><\/p>\n<p><span dir=\"auto\">Toto rozhodnut\u00ed p\u0159irozen\u011b \u201euv\u00edtali\u201c dva hlavn\u00ed globalisti\u010dt\u00ed mluv\u010d\u00ed, kte\u0159\u00ed organizuj\u00ed zni\u010den\u00ed EU:<\/span><\/p>\n<div class=\"wp-block-image\">\n<figure class=\"aligncenter size-large is-resized\"><a class=\"single-popup\" href=\"https:\/\/i0.wp.com\/reseauinternational.net\/wp-content\/uploads\/2025\/12\/image-148.png?ssl=1\"><img decoding=\"async\" loading=\"lazy\" class=\"wp-image-499934 aligncenter\" src=\"https:\/\/i0.wp.com\/reseauinternational.net\/wp-content\/uploads\/2025\/12\/image-148.png?resize=911%2C1024&amp;ssl=1\" sizes=\"auto, (max-width: 911px) 100vw, 911px\" srcset=\"https:\/\/i0.wp.com\/reseauinternational.net\/wp-content\/uploads\/2025\/12\/image-148.png?resize=911%2C1024&amp;ssl=1 911w, https:\/\/i0.wp.com\/reseauinternational.net\/wp-content\/uploads\/2025\/12\/image-148.png?resize=267%2C300&amp;ssl=1 267w, https:\/\/i0.wp.com\/reseauinternational.net\/wp-content\/uploads\/2025\/12\/image-148.png?resize=768%2C863&amp;ssl=1 768w, https:\/\/i0.wp.com\/reseauinternational.net\/wp-content\/uploads\/2025\/12\/image-148.png?resize=990%2C1113&amp;ssl=1 990w, https:\/\/i0.wp.com\/reseauinternational.net\/wp-content\/uploads\/2025\/12\/image-148.png?w=1256&amp;ssl=1 1256w\" alt=\"\" width=\"662\" height=\"744\" data-recalc-dims=\"1\" \/><\/a><\/figure>\n<\/div>\n<p><span dir=\"auto\">\u201e\u00a0<\/span><em><span dir=\"auto\">RADA EU DNES ROZHODLA DO\u010cASN\u011a ZAK\u00c1ZAT JAK\u00ddKOLI P\u0158EVOD AKTIV, KTER\u00c1 BYLA V EU OPRAVENA,\u00a0<\/span><\/em><em><span dir=\"auto\">DO\u00a0<\/span><\/em><em><span dir=\"auto\">CENTR\u00c1LN\u00cd BANKY RUSKA.\u201c<\/span><\/em><\/p>\n<p><em><span dir=\"auto\">Toto rozhodnut\u00ed bylo p\u0159ijato nal\u00e9hav\u011b, aby se omezily \u0161kody na ekonomice EU.<\/span><\/em><\/p>\n<p><em><span dir=\"auto\">\u2014 TISKOV\u00c1 ZPR\u00c1VA RADY EU<\/span><\/em><\/p>\n<p><em><span dir=\"auto\">EU nem\u00e1 v \u00famyslu vzd\u00e1t se rusk\u00fdch aktiv, zat\u00edmco Evropa \u010del\u00ed ekonomick\u00fdm pot\u00ed\u017e\u00edm<\/span><\/em><span dir=\"auto\">\u00a0.<\/span><\/p>\n<p><span dir=\"auto\">Probl\u00e9m, jak jsem nast\u00ednil ve sv\u00fdch dvou p\u0159edchoz\u00edch \u010dl\u00e1nc\u00edch, spo\u010d\u00edv\u00e1 v tom, \u017ee Spojen\u00e9 st\u00e1ty zintenzivnily svou ofenzivu proti sou\u010dasn\u00e9 nadstavb\u011b EU zp\u016fsobem, kter\u00fd je stejn\u011b p\u0159ekvapiv\u00fd jako logick\u00fd. Podle nov\u00fdch zpr\u00e1v USA zva\u017euj\u00ed vystoupen\u00ed Rakouska, Ma\u010farska, It\u00e1lie a Polska z EU, co\u017e by tento st\u00e1rnouc\u00ed blok v\u00fdrazn\u011b oslabilo.<\/span><\/p>\n<p><span dir=\"auto\">\u201e\u00a0<\/span><em><span dir=\"auto\">Spojen\u00e9 st\u00e1ty cht\u011bj\u00ed, aby Rakousko, Ma\u010farsko, It\u00e1lie a Polsko vystoupily z Evropsk\u00e9 unie.\u201c<\/span><\/em><\/p>\n<p><em><span dir=\"auto\">Tvrd\u00ed to publikace Defense One s odvol\u00e1n\u00edm na nezve\u0159ejn\u011bnou verzi americk\u00e9 strategie n\u00e1rodn\u00ed bezpe\u010dnosti, kter\u00e1 byla \u00fadajn\u011b soukrom\u011b zasl\u00e1na novin\u00e1\u0159\u016fm<\/span><\/em><span dir=\"auto\">\u00a0.<\/span><\/p>\n<div class=\"wp-block-image\">\n<figure class=\"aligncenter size-large is-resized\"><a class=\"single-popup\" href=\"https:\/\/i0.wp.com\/reseauinternational.net\/wp-content\/uploads\/2025\/12\/image-149.png?ssl=1\"><img decoding=\"async\" loading=\"lazy\" class=\"wp-image-499935 aligncenter\" src=\"https:\/\/i0.wp.com\/reseauinternational.net\/wp-content\/uploads\/2025\/12\/image-149.png?resize=1024%2C521&amp;ssl=1\" sizes=\"auto, (max-width: 1024px) 100vw, 1024px\" srcset=\"https:\/\/i0.wp.com\/reseauinternational.net\/wp-content\/uploads\/2025\/12\/image-149.png?resize=1024%2C521&amp;ssl=1 1024w, https:\/\/i0.wp.com\/reseauinternational.net\/wp-content\/uploads\/2025\/12\/image-149.png?resize=300%2C153&amp;ssl=1 300w, https:\/\/i0.wp.com\/reseauinternational.net\/wp-content\/uploads\/2025\/12\/image-149.png?resize=768%2C391&amp;ssl=1 768w, https:\/\/i0.wp.com\/reseauinternational.net\/wp-content\/uploads\/2025\/12\/image-149.png?resize=990%2C504&amp;ssl=1 990w, https:\/\/i0.wp.com\/reseauinternational.net\/wp-content\/uploads\/2025\/12\/image-149.png?w=1456&amp;ssl=1 1456w\" alt=\"\" width=\"635\" height=\"323\" data-recalc-dims=\"1\" \/><\/a><\/figure>\n<\/div>\n<p><span dir=\"auto\">Abychom pou\u017eili jinou analogii, je to ide\u00e1ln\u00ed zp\u016fsob, jak \u201erozvr\u00e1tit\u201c vazby EU a rozb\u00edt cel\u00fd tento o\u0161unt\u011bl\u00fd, moly pro\u017eran\u00fd projekt jeho rozbit\u00edm pod\u00e9l kl\u00ed\u010dov\u00fdch zlomov\u00fdch lini\u00ed.<\/span><\/p>\n<p><span dir=\"auto\">Ve skute\u010dnosti Trump\u016fv t\u00fdm v posledn\u00ed dob\u011b p\u0159i\u0161el s n\u011bkolika p\u0159ekvapiv\u00fdmi n\u00e1pady, jako je nap\u0159\u00edklad nov\u00e1 C5 (Core Five), kter\u00e1 m\u00e1 nahradit G7, je\u017e je pova\u017eov\u00e1na za zastaralou. Zem\u011b C5 by tvo\u0159ilo p\u011bt nejv\u011bt\u0161\u00edch ekonomick\u00fdch supervelmoc\u00ed: \u010c\u00edna, Spojen\u00e9 st\u00e1ty, Indie, Rusko a Japonsko. Pro N\u011bmecko je pon\u011bkud poni\u017euj\u00edc\u00ed b\u00fdt z takov\u00e9 skupiny vylou\u010deno, ale realita nen\u00ed ani \u201ezdvo\u0159il\u00e1\u201c, ani p\u0159\u00edjemn\u00e1.<\/span><\/p>\n<p><span dir=\"auto\">Podle n\u011bkter\u00fdch zdroj\u016f by Trump za\u0161el je\u0161t\u011b d\u00e1l:<\/span><\/p>\n<div class=\"wp-block-image\">\n<figure class=\"aligncenter size-large is-resized\"><a class=\"single-popup\" href=\"https:\/\/i0.wp.com\/reseauinternational.net\/wp-content\/uploads\/2025\/12\/image-150.png?ssl=1\"><img decoding=\"async\" loading=\"lazy\" class=\"wp-image-499936 aligncenter\" src=\"https:\/\/i0.wp.com\/reseauinternational.net\/wp-content\/uploads\/2025\/12\/image-150.png?resize=1024%2C1001&amp;ssl=1\" sizes=\"auto, (max-width: 1024px) 100vw, 1024px\" srcset=\"https:\/\/i0.wp.com\/reseauinternational.net\/wp-content\/uploads\/2025\/12\/image-150.png?resize=1024%2C1001&amp;ssl=1 1024w, https:\/\/i0.wp.com\/reseauinternational.net\/wp-content\/uploads\/2025\/12\/image-150.png?resize=300%2C293&amp;ssl=1 300w, https:\/\/i0.wp.com\/reseauinternational.net\/wp-content\/uploads\/2025\/12\/image-150.png?resize=768%2C751&amp;ssl=1 768w, https:\/\/i0.wp.com\/reseauinternational.net\/wp-content\/uploads\/2025\/12\/image-150.png?resize=990%2C968&amp;ssl=1 990w, https:\/\/i0.wp.com\/reseauinternational.net\/wp-content\/uploads\/2025\/12\/image-150.png?w=1280&amp;ssl=1 1280w\" alt=\"\" width=\"702\" height=\"686\" data-recalc-dims=\"1\" \/><\/a><\/figure>\n<\/div>\n<p><a href=\"https:\/\/www.wsj.com\/world\/europe\/us-blueprint-to-rewire-economies-of-russia-ukraine-sets-off-clash-with-europe-72484515\"><em><span dir=\"auto\">https:\/\/www.wsj.com\/world\/europe\/us-blueprint-to-rewire-economies-of-russia-ukraine-sets-off-clash-with-europe-72484515<\/span><\/em><\/a><\/p>\n<p><em><span dir=\"auto\">Dal\u0161\u00ed dodatek p\u0159edstavuje rozs\u00e1hlou vizi Spojen\u00fdch st\u00e1t\u016f, jak vyv\u00e9st ruskou ekonomiku z izolace, p\u0159i\u010dem\u017e americk\u00e9 spole\u010dnosti investuj\u00ed do strategick\u00fdch odv\u011btv\u00ed od t\u011b\u017eby vz\u00e1cn\u00fdch zemin a\u017e po t\u011b\u017ebu ropy v Arktid\u011b\u00a0\u00a0<\/span><strong><span dir=\"auto\">a pom\u00e1haj\u00ed obnovit toky rusk\u00e9 energie do z\u00e1padn\u00ed Evropy a zbytku sv\u011bta.<\/span><\/strong><\/em><\/p>\n<p><span dir=\"auto\">To p\u0159im\u011blo \u00fa\u0159ady k zah\u00e1jen\u00ed lahodn\u011b zu\u0159iv\u00e9 propagandistick\u00e9 kampan\u011b:<\/span><\/p>\n<div class=\"wp-block-image\">\n<figure class=\"aligncenter size-large is-resized\"><a class=\"single-popup\" href=\"https:\/\/i0.wp.com\/reseauinternational.net\/wp-content\/uploads\/2025\/12\/image-151.png?ssl=1\"><img decoding=\"async\" loading=\"lazy\" class=\"wp-image-499937 aligncenter\" src=\"https:\/\/i0.wp.com\/reseauinternational.net\/wp-content\/uploads\/2025\/12\/image-151.png?resize=1024%2C683&amp;ssl=1\" sizes=\"auto, (max-width: 1024px) 100vw, 1024px\" srcset=\"https:\/\/i0.wp.com\/reseauinternational.net\/wp-content\/uploads\/2025\/12\/image-151.png?resize=1024%2C683&amp;ssl=1 1024w, https:\/\/i0.wp.com\/reseauinternational.net\/wp-content\/uploads\/2025\/12\/image-151.png?resize=300%2C200&amp;ssl=1 300w, https:\/\/i0.wp.com\/reseauinternational.net\/wp-content\/uploads\/2025\/12\/image-151.png?resize=768%2C512&amp;ssl=1 768w, https:\/\/i0.wp.com\/reseauinternational.net\/wp-content\/uploads\/2025\/12\/image-151.png?resize=990%2C660&amp;ssl=1 990w, https:\/\/i0.wp.com\/reseauinternational.net\/wp-content\/uploads\/2025\/12\/image-151.png?w=1350&amp;ssl=1 1350w\" alt=\"\" width=\"747\" height=\"498\" data-recalc-dims=\"1\" \/><\/a><\/figure>\n<\/div>\n<p><span dir=\"auto\">Je pravda, \u017ee \u017e\u00e1dn\u00e9 z t\u011bchto opat\u0159en\u00ed pravd\u011bpodobn\u011b nebude provedeno, ale p\u0159edstavuj\u00ed z\u00e1sadn\u00ed nep\u0159\u00edm\u00e9 \u00fatoky proti evropsk\u00e9mu gigantovi. Pomohou ho jednou prov\u017edy srazit t\u00edm, \u017ee podn\u011bcuj\u00ed disent a naru\u0161uj\u00ed d\u016fv\u011bryhodnost bruselsk\u00fdch byrokrat\u016f, jejich\u017e po\u010det neust\u00e1le kles\u00e1.<\/span><\/p>\n<h2 class=\"wp-block-heading has-text-align-center\"><span dir=\"auto\">*<\/span><\/h2>\n<p><span dir=\"auto\">Mezit\u00edm jedn\u00e1n\u00ed mezi Ukrajinou a jej\u00edmi sponzory dos\u00e1hla surre\u00e1ln\u00fdch v\u00fd\u0161in.<\/span><\/p>\n<p><span dir=\"auto\">Skeptici dlouho zesm\u011b\u0161\u0148ovali spekulativn\u011bj\u0161\u00ed aspekty konspira\u010dn\u00edch teori\u00ed t\u00fdkaj\u00edc\u00edch se \u201eBlackRocku\u201c a Ukrajiny \u2013 teorie, \u017ee BlackRock hr\u00e1l kl\u00ed\u010dovou roli v prodeji a drancov\u00e1n\u00ed majetku zem\u011b atd. Dnes se zd\u00e1, \u017ee tyto f\u00e1my dosp\u011bly k absurdn\u00edmu konci, jeliko\u017e s\u00e1m Zelenskyj zve\u0159ejnil obsah sch\u016fzky s Witkoffem, Kushnerem a Larrym Finkem \u2013 prost\u0159ednictv\u00edm videokonference \u2013 o \u201erekonstrukci Ukrajiny\u201c:<\/span><\/p>\n<div class=\"wp-block-image\">\n<figure class=\"aligncenter size-large is-resized\"><a class=\"single-popup\" href=\"https:\/\/i0.wp.com\/reseauinternational.net\/wp-content\/uploads\/2025\/12\/image-152.png?ssl=1\"><img decoding=\"async\" loading=\"lazy\" class=\"wp-image-499938 aligncenter\" src=\"https:\/\/i0.wp.com\/reseauinternational.net\/wp-content\/uploads\/2025\/12\/image-152.png?resize=1024%2C433&amp;ssl=1\" sizes=\"auto, (max-width: 1024px) 100vw, 1024px\" srcset=\"https:\/\/i0.wp.com\/reseauinternational.net\/wp-content\/uploads\/2025\/12\/image-152.png?resize=1024%2C433&amp;ssl=1 1024w, https:\/\/i0.wp.com\/reseauinternational.net\/wp-content\/uploads\/2025\/12\/image-152.png?resize=300%2C127&amp;ssl=1 300w, https:\/\/i0.wp.com\/reseauinternational.net\/wp-content\/uploads\/2025\/12\/image-152.png?resize=768%2C325&amp;ssl=1 768w, https:\/\/i0.wp.com\/reseauinternational.net\/wp-content\/uploads\/2025\/12\/image-152.png?resize=990%2C419&amp;ssl=1 990w, https:\/\/i0.wp.com\/reseauinternational.net\/wp-content\/uploads\/2025\/12\/image-152.png?w=1456&amp;ssl=1 1456w\" alt=\"\" width=\"674\" height=\"285\" data-recalc-dims=\"1\" \/><\/a><\/figure>\n<\/div>\n<div class=\"wp-block-image\">\n<figure class=\"aligncenter size-full is-resized\"><a class=\"single-popup\" href=\"https:\/\/i0.wp.com\/reseauinternational.net\/wp-content\/uploads\/2025\/12\/image-153.png?ssl=1\"><img decoding=\"async\" loading=\"lazy\" class=\"wp-image-499939 aligncenter\" src=\"https:\/\/i0.wp.com\/reseauinternational.net\/wp-content\/uploads\/2025\/12\/image-153.png?resize=698%2C652&amp;ssl=1\" sizes=\"auto, (max-width: 698px) 100vw, 698px\" srcset=\"https:\/\/i0.wp.com\/reseauinternational.net\/wp-content\/uploads\/2025\/12\/image-153.png?w=698&amp;ssl=1 698w, https:\/\/i0.wp.com\/reseauinternational.net\/wp-content\/uploads\/2025\/12\/image-153.png?resize=300%2C280&amp;ssl=1 300w\" alt=\"\" width=\"544\" height=\"508\" data-recalc-dims=\"1\" \/><\/a><\/figure>\n<\/div>\n<p><a href=\"https:\/\/www.bloomberg.com\/news\/articles\/2025-12-10\/blackrock-s-larry-fink-joins-trump-team-talks-to-rebuild-ukraine\"><em><span dir=\"auto\">https:\/\/www.bloomberg.com\/news\/articles\/2025-12-10\/blackrock-s-larry-fink-joins-trump-team-talks-to-rebuild-ukraine<\/span><\/em><\/a><\/p>\n<p><span dir=\"auto\">Bloomberg p\u00ed\u0161e:<\/span><\/p>\n<p><span dir=\"auto\">\u201e\u00a0<\/span><strong><em><span dir=\"auto\">Larry Fink, gener\u00e1ln\u00ed \u0159editel spole\u010dnosti BlackRock Inc., se vrac\u00ed do diskus\u00ed o rekonstrukci Ukrajiny \u2013 tentokr\u00e1t s Trumpovou administrativou.\u201c<\/span><\/em><\/strong><\/p>\n<p><em><span dir=\"auto\">Finkova role v rozhovorech o budoucnosti Ukrajiny byla zve\u0159ejn\u011bna ve st\u0159edu, kdy prezident Volodymyr Zelenskij zve\u0159ejnil na soci\u00e1ln\u00edch s\u00edt\u00edch zpr\u00e1vu, v n\u00ed\u017e uvedl, \u017ee se p\u0159ipojil k ministru financ\u00ed Scottu Bessentovi a Jaredu Kushnerovi k diskus\u00edm o obnov\u011b ekonomiky zem\u011b.<\/span><\/em><\/p>\n<p><span dir=\"auto\">\u201e\u00a0<\/span><em><span dir=\"auto\">Toto je ve skute\u010dnosti prvn\u00ed setk\u00e1n\u00ed skupiny, kter\u00e1 bude pracovat na dokumentu t\u00fdkaj\u00edc\u00edm se rekonstrukce a ekonomick\u00e9ho o\u017eiven\u00ed Ukrajiny<\/span><\/em><span dir=\"auto\">\u00a0, \u201c\u00a0<\/span><em><span dir=\"auto\">napsal Zelenskyj.\u00a0\u00a0<\/span><strong><span dir=\"auto\">Fotografie doprov\u00e1zej\u00edc\u00ed p\u0159\u00edsp\u011bvek ukazuje Finka v m\u00edstnosti s Kushnerem, jak se \u00fa\u010dastn\u00ed videokonference<\/span><\/strong><\/em><span dir=\"auto\">\u00a0.<\/span><\/p>\n<p><span dir=\"auto\">Zde je doty\u010dn\u00e1 zpr\u00e1va, kterou Zelenskyj zve\u0159ejnil na soci\u00e1ln\u00edch s\u00edt\u00edch, p\u0159i\u010dem\u017e Fink dohl\u00ed\u017eel na videohovor:<\/span><\/p>\n<div class=\"wp-block-image\">\n<figure class=\"aligncenter size-full is-resized\"><a class=\"single-popup\" href=\"https:\/\/i0.wp.com\/reseauinternational.net\/wp-content\/uploads\/2025\/12\/image-154.png?ssl=1\"><img decoding=\"async\" loading=\"lazy\" class=\"wp-image-499940 aligncenter\" src=\"https:\/\/i0.wp.com\/reseauinternational.net\/wp-content\/uploads\/2025\/12\/image-154.png?resize=728%2C408&amp;ssl=1\" sizes=\"auto, (max-width: 728px) 100vw, 728px\" srcset=\"https:\/\/i0.wp.com\/reseauinternational.net\/wp-content\/uploads\/2025\/12\/image-154.png?w=728&amp;ssl=1 728w, https:\/\/i0.wp.com\/reseauinternational.net\/wp-content\/uploads\/2025\/12\/image-154.png?resize=300%2C168&amp;ssl=1 300w, https:\/\/i0.wp.com\/reseauinternational.net\/wp-content\/uploads\/2025\/12\/image-154.png?resize=320%2C180&amp;ssl=1 320w\" alt=\"\" width=\"608\" height=\"341\" data-recalc-dims=\"1\" \/><\/a><\/figure>\n<\/div>\n<div class=\"wp-block-image\">\n<figure class=\"aligncenter size-large is-resized\"><a class=\"single-popup\" href=\"https:\/\/i0.wp.com\/reseauinternational.net\/wp-content\/uploads\/2025\/12\/image-155.png?ssl=1\"><img decoding=\"async\" loading=\"lazy\" class=\"wp-image-499941 aligncenter\" src=\"https:\/\/i0.wp.com\/reseauinternational.net\/wp-content\/uploads\/2025\/12\/image-155.png?resize=1024%2C576&amp;ssl=1\" sizes=\"auto, (max-width: 1024px) 100vw, 1024px\" srcset=\"https:\/\/i0.wp.com\/reseauinternational.net\/wp-content\/uploads\/2025\/12\/image-155.png?resize=1024%2C576&amp;ssl=1 1024w, https:\/\/i0.wp.com\/reseauinternational.net\/wp-content\/uploads\/2025\/12\/image-155.png?resize=300%2C169&amp;ssl=1 300w, https:\/\/i0.wp.com\/reseauinternational.net\/wp-content\/uploads\/2025\/12\/image-155.png?resize=768%2C432&amp;ssl=1 768w, https:\/\/i0.wp.com\/reseauinternational.net\/wp-content\/uploads\/2025\/12\/image-155.png?resize=320%2C180&amp;ssl=1 320w, https:\/\/i0.wp.com\/reseauinternational.net\/wp-content\/uploads\/2025\/12\/image-155.png?resize=990%2C557&amp;ssl=1 990w, https:\/\/i0.wp.com\/reseauinternational.net\/wp-content\/uploads\/2025\/12\/image-155.png?w=1456&amp;ssl=1 1456w\" alt=\"\" width=\"699\" height=\"393\" data-recalc-dims=\"1\" \/><\/a><\/figure>\n<\/div>\n<p><span dir=\"auto\">Ti, kte\u0159\u00ed jsou skute\u010dn\u011b informovan\u00ed, samoz\u0159ejm\u011b v\u011bd\u00ed, \u017ee se nejedn\u00e1 o nic nov\u00e9ho. Zde je \u010dl\u00e1nek z ofici\u00e1ln\u00edch webov\u00fdch str\u00e1nek ukrajinsk\u00e9ho prezidenta z roku 2022:<\/span><\/p>\n<div class=\"wp-block-image\">\n<figure class=\"aligncenter size-full is-resized\"><a class=\"single-popup\" href=\"https:\/\/i0.wp.com\/reseauinternational.net\/wp-content\/uploads\/2025\/12\/image-156.png?ssl=1\"><img decoding=\"async\" loading=\"lazy\" class=\"wp-image-499942 aligncenter\" src=\"https:\/\/i0.wp.com\/reseauinternational.net\/wp-content\/uploads\/2025\/12\/image-156.png?resize=793%2C691&amp;ssl=1\" sizes=\"auto, (max-width: 793px) 100vw, 793px\" srcset=\"https:\/\/i0.wp.com\/reseauinternational.net\/wp-content\/uploads\/2025\/12\/image-156.png?w=793&amp;ssl=1 793w, https:\/\/i0.wp.com\/reseauinternational.net\/wp-content\/uploads\/2025\/12\/image-156.png?resize=300%2C261&amp;ssl=1 300w, https:\/\/i0.wp.com\/reseauinternational.net\/wp-content\/uploads\/2025\/12\/image-156.png?resize=768%2C669&amp;ssl=1 768w\" alt=\"\" width=\"520\" height=\"453\" data-recalc-dims=\"1\" \/><\/a><\/figure>\n<\/div>\n<p><a title=\"\" href=\"https:\/\/www.president.gov.ua\/en\/news\/prezident-obgovoriv-z-generalnim-direktorom-blackrock-koordi-80105\" target=\"_blank\" rel=\"noopener\"><em><span dir=\"auto\">https:\/\/www.president.gov.ua\/en\/news\/prezident-obgovoriv-z-generalnim-direktorom-blackrock-koordi-80105<\/span><\/em><\/a><\/p>\n<p><span dir=\"auto\">Zelenskij nyn\u00ed \u00fadajn\u011b zva\u017euje uspo\u0159\u00e1d\u00e1n\u00ed referenda o postoupen\u00ed Donbasu, aby uklidnil Trumpa a jeho nov\u00fd \u201em\u00edrov\u00fd pl\u00e1n\u201c. Probl\u00e9m je v tom, \u017ee ot\u00e1zka Donbasu je jen mal\u00fdm aspektem \u0161ir\u0161\u00edch neshod souvisej\u00edc\u00edch s rusk\u00fdmi po\u017eadavky. Mohlo by se v\u0161ak jednat o man\u00e9vr, jak donutit Rusko k p\u0159\u00edm\u011b\u0159\u00ed a pot\u00e9 dohodu zpe\u010detiti intervenc\u00ed NATO, vzhledem k tomu, \u017ee Putin prohl\u00e1sil, \u017ee ukon\u010d\u00ed nep\u0159\u00e1telstv\u00ed, pokud se Ukrajina st\u00e1hne ze zb\u00fdvaj\u00edc\u00edch \u00fazem\u00ed Donbasu. N\u011bkte\u0159\u00ed si mo\u017en\u00e1 vzpomenou, \u017ee jsem tento krok ozna\u010dil za Putin\u016fv mistrovsk\u00fd tah, ale Zelenskij zahnan\u00fd do kouta by mohl b\u00fdt v poku\u0161en\u00ed vz\u00edt mu za slovo a uspo\u0159\u00e1dat referendum.<\/span><\/p>\n<p><a title=\"\" href=\"https:\/\/x.com\/visegrad24\/status\/1999428112061231345\" target=\"_blank\" rel=\"noopener\"><span dir=\"auto\">Kreml<\/span><\/a><span dir=\"auto\">\u00a0v\u0161ak\u00a0 okam\u017eit\u011b reagoval\u00a0\u00a0prost\u0159ednictv\u00edm U\u0161akova, Putinova poradce:<\/span><\/p>\n<p><span dir=\"auto\">Kreml\u00a0<\/span><em><span dir=\"auto\">reagoval na Zelensk\u00e9ho v\u00fdroky ohledn\u011b kon\u00e1n\u00ed referenda o \u00fazemn\u00edch ot\u00e1zk\u00e1ch:<\/span><\/em><\/p>\n<p><strong><em><span dir=\"auto\">\u00a0\u201eDonbas je rusk\u00fd. Zcela. Je to zakotveno v \u00fastav\u011b,\u201c \u0159ekl Jurij U\u0161akov, Putin\u016fv poradce.<\/span><\/em><\/strong><\/p>\n<p><em><span dir=\"auto\">\u201eZelenskij se doposud stav\u011bl proti sta\u017een\u00ed sv\u00fdch vojsk z Donbasu a to je jeden z po\u017eadavk\u016f, kter\u00e9 mu Ameri\u010dan\u00e9 p\u0159edlo\u017eili. (&#8230;) V ka\u017ed\u00e9m p\u0159\u00edpad\u011b, a\u0165 u\u017e je situace jak\u00e1koli, toto \u00fazem\u00ed je sou\u010d\u00e1st\u00ed Rusk\u00e9 federace a d\u0159\u00edve \u010di pozd\u011bji bude spravov\u00e1no na\u0161imi \u00fa\u0159ady,\u201c \u0159ekl novin\u00e1\u0159\u016fm.<\/span><\/em><\/p>\n<p><em><span dir=\"auto\">Podle U\u0161akova se cel\u00e9 \u00fazem\u00ed Donbasu dostane pod \u00faplnou ruskou kontrolu, \u201ene-li prost\u0159ednictv\u00edm vyjedn\u00e1v\u00e1n\u00ed, tak silou<\/span><\/em><span dir=\"auto\">\u00a0\u201c.<\/span><\/p>\n<h2 class=\"wp-block-heading has-text-align-center\"><span dir=\"auto\">*<\/span><\/h2>\n<p><span dir=\"auto\">Poj\u010fme se nyn\u00ed pod\u00edvat na nejnov\u011bj\u0161\u00ed zpr\u00e1vy z fronty.<\/span><\/p>\n<p><span dir=\"auto\">Hlavn\u00ed zpr\u00e1vou dne je, \u017ee Seversk kone\u010dn\u011b padl zcela do rukou rusk\u00fdch sil.<\/span><\/p>\n<div class=\"wp-block-image\">\n<figure class=\"aligncenter size-large is-resized\"><a class=\"single-popup\" href=\"https:\/\/i0.wp.com\/reseauinternational.net\/wp-content\/uploads\/2025\/12\/image-157.png?ssl=1\"><img decoding=\"async\" loading=\"lazy\" class=\"wp-image-499943 aligncenter\" src=\"https:\/\/i0.wp.com\/reseauinternational.net\/wp-content\/uploads\/2025\/12\/image-157.png?resize=1024%2C691&amp;ssl=1\" sizes=\"auto, (max-width: 1024px) 100vw, 1024px\" srcset=\"https:\/\/i0.wp.com\/reseauinternational.net\/wp-content\/uploads\/2025\/12\/image-157.png?resize=1024%2C691&amp;ssl=1 1024w, https:\/\/i0.wp.com\/reseauinternational.net\/wp-content\/uploads\/2025\/12\/image-157.png?resize=300%2C202&amp;ssl=1 300w, https:\/\/i0.wp.com\/reseauinternational.net\/wp-content\/uploads\/2025\/12\/image-157.png?resize=768%2C518&amp;ssl=1 768w, https:\/\/i0.wp.com\/reseauinternational.net\/wp-content\/uploads\/2025\/12\/image-157.png?resize=990%2C668&amp;ssl=1 990w, https:\/\/i0.wp.com\/reseauinternational.net\/wp-content\/uploads\/2025\/12\/image-157.png?w=1284&amp;ssl=1 1284w\" alt=\"\" width=\"790\" height=\"533\" data-recalc-dims=\"1\" \/><\/a><\/figure>\n<\/div>\n<p><span dir=\"auto\">\u201e\u00a0<\/span><em><span dir=\"auto\">6., 7., 123. a 1102. gardov\u00e1 samostatn\u00e1 motost\u0159eleck\u00e1 brig\u00e1da 3. sm\u00ed\u0161en\u00e9 gardov\u00e9 arm\u00e1dy osvobodily m\u011bsto Seversk v Don\u011bck\u00e9 oblasti,\u201c uvedlo ministerstvo obrany RF.<\/span><\/em><\/p>\n<p><em><span dir=\"auto\">3. kombinovan\u00e1 gardov\u00e1 arm\u00e1da je b\u00fdval\u00e1 2. arm\u00e1da Ozbrojen\u00fdch sil Luhansk\u00e9 lidov\u00e9 republiky<\/span><\/em><span dir=\"auto\">\u00a0.<\/span><\/p>\n<p><span dir=\"auto\">Je t\u0159eba poznamenat, \u017ee na konci velitel uv\u00e1d\u00ed, \u017ee operace se \u00fa\u010dastnilo \u201e\u00a0<\/span><em><span dir=\"auto\">28 \u00fato\u010dn\u00fdch skupin o celkov\u00e9 s\u00edle 84 mu\u017e\u016f<\/span><\/em><span dir=\"auto\">\u00a0\u201c, co\u017e ukazuje, \u017ee rusk\u00e9 \u00fato\u010dn\u00e9 skupiny se nyn\u00ed skl\u00e1daj\u00ed p\u0159esn\u011b ze t\u0159\u00ed osob.<\/span><\/p>\n<p><span dir=\"auto\">V Guljajpole se rusk\u00fdm jednotk\u00e1m poda\u0159ilo prorazit nep\u0159\u00e1telsk\u00e9 linie do centra m\u011bsta a zd\u00e1 se, \u017ee dosud dobyly nejm\u00e9n\u011b 35 a\u017e 40 % m\u011bsta, mo\u017en\u00e1 i v\u00edce:<\/span><\/p>\n<div class=\"wp-block-image\">\n<figure class=\"aligncenter size-large is-resized\"><img decoding=\"async\" loading=\"lazy\" class=\"wp-image-499944 aligncenter\" src=\"https:\/\/i0.wp.com\/reseauinternational.net\/wp-content\/uploads\/2025\/12\/image-158.png?resize=1024%2C701&amp;ssl=1\" sizes=\"auto, (max-width: 1024px) 100vw, 1024px\" srcset=\"https:\/\/i0.wp.com\/reseauinternational.net\/wp-content\/uploads\/2025\/12\/image-158.png?resize=1024%2C701&amp;ssl=1 1024w, https:\/\/i0.wp.com\/reseauinternational.net\/wp-content\/uploads\/2025\/12\/image-158.png?resize=300%2C205&amp;ssl=1 300w, https:\/\/i0.wp.com\/reseauinternational.net\/wp-content\/uploads\/2025\/12\/image-158.png?resize=768%2C526&amp;ssl=1 768w, https:\/\/i0.wp.com\/reseauinternational.net\/wp-content\/uploads\/2025\/12\/image-158.png?resize=90%2C63&amp;ssl=1 90w, https:\/\/i0.wp.com\/reseauinternational.net\/wp-content\/uploads\/2025\/12\/image-158.png?resize=990%2C677&amp;ssl=1 990w, https:\/\/i0.wp.com\/reseauinternational.net\/wp-content\/uploads\/2025\/12\/image-158.png?w=1248&amp;ssl=1 1248w\" alt=\"\" width=\"798\" height=\"546\" data-recalc-dims=\"1\" \/><\/figure>\n<\/div>\n<p><span dir=\"auto\">Tento \u0161ir\u0161\u00ed pohled ukazuje vzd\u00e1lenost, kterou rusk\u00e9 s\u00edly urazily z Vugledaru a Marinky, kter\u00e9 se p\u0159esto zdaj\u00ed b\u00fdt tak bl\u00edzko:<\/span><\/p>\n<div class=\"wp-block-image\">\n<figure class=\"aligncenter size-large is-resized\"><a class=\"single-popup\" href=\"https:\/\/i0.wp.com\/reseauinternational.net\/wp-content\/uploads\/2025\/12\/image-159.png?ssl=1\"><img decoding=\"async\" loading=\"lazy\" class=\"wp-image-499945 aligncenter\" src=\"https:\/\/i0.wp.com\/reseauinternational.net\/wp-content\/uploads\/2025\/12\/image-159.png?resize=1024%2C694&amp;ssl=1\" sizes=\"auto, (max-width: 1024px) 100vw, 1024px\" srcset=\"https:\/\/i0.wp.com\/reseauinternational.net\/wp-content\/uploads\/2025\/12\/image-159.png?resize=1024%2C694&amp;ssl=1 1024w, https:\/\/i0.wp.com\/reseauinternational.net\/wp-content\/uploads\/2025\/12\/image-159.png?resize=300%2C203&amp;ssl=1 300w, https:\/\/i0.wp.com\/reseauinternational.net\/wp-content\/uploads\/2025\/12\/image-159.png?resize=768%2C521&amp;ssl=1 768w, https:\/\/i0.wp.com\/reseauinternational.net\/wp-content\/uploads\/2025\/12\/image-159.png?resize=990%2C671&amp;ssl=1 990w, https:\/\/i0.wp.com\/reseauinternational.net\/wp-content\/uploads\/2025\/12\/image-159.png?w=1224&amp;ssl=1 1224w\" alt=\"\" width=\"829\" height=\"562\" data-recalc-dims=\"1\" \/><\/a><\/figure>\n<\/div>\n<p><span dir=\"auto\">Parn\u00ed v\u00e1lec postupuje k Dn\u011bpru.<\/span><\/p>\n<p><a title=\"\" href=\"https:\/\/x.com\/NewRulesGeo\/status\/1999139444734214389\" target=\"_blank\" rel=\"noopener\"><span dir=\"auto\">Zpr\u00e1va na X situaci dob\u0159e shrnula<\/span><\/a><span dir=\"auto\">\u00a0:<\/span><\/p>\n<p><span dir=\"auto\">\u201e\u00a0<\/span><em><span dir=\"auto\">Fanou\u0161ci Ukrajiny se budou sna\u017eit tuto prohru zleh\u010dovat, ale fakta jsou n\u00e1sleduj\u00edc\u00ed:\u201c<\/span><\/em><\/p>\n<p><strong><em><span dir=\"auto\">Jen za posledn\u00ed m\u011bs\u00edc Ukrajina ztratila p\u011bt opevn\u011bn\u00fdch m\u011bst v Donbask\u00e9 a Charkovsk\u00e9 oblasti \u2013 Kupjansk, Pokrovsk, Mirnograd, Vol\u010dansk a nyn\u00ed Seversk.<\/span><\/em><\/strong><em><span dir=\"auto\">\u00a0\u00a0V p\u0159\u00edpad\u011b Seversku se rusk\u00e9 jednotky dok\u00e1zaly p\u0159esunout z okraje m\u011bsta pod jeho plnou kontrolu za n\u011bco m\u00e1lo p\u0159es t\u00fdden. Ukrajina si nyn\u00ed v Donbasu ponech\u00e1v\u00e1 pouze dv\u011b velk\u00e1 opevn\u011bn\u00e1 m\u011bsta \u2013 Slavjansk a Kramatorsk. Ztr\u00e1ta Seversku komplikuje logistiku mezi t\u011bmito m\u011bsty. Rusko nyn\u00ed vyu\u017eije svou vzdu\u0161nou p\u0159evahu, d\u011blost\u0159electvo a drony k ochromen\u00ed ukrajinsk\u00e9 logistiky v okol\u00ed t\u011bchto dvou pevnost\u00ed a vy\u010derp\u00e1n\u00ed ji\u017e tak vy\u010derpan\u00fdch ukrajinsk\u00fdch sil. Z\u00e1rove\u0148 to zv\u00fd\u0161\u00ed z\u00e1t\u011b\u017e ukrajinsk\u00e9 energetick\u00e9 s\u00edt\u011b. To se d\u011bje i v dob\u011b, kdy se Ukrajina sna\u017e\u00ed zajistit nov\u00e9 financov\u00e1n\u00ed jak od Spojen\u00fdch st\u00e1t\u016f, tak od samotn\u00e9 Ukrajiny. Vyvodte si vlastn\u00ed z\u00e1v\u011bry, ale je st\u00e1le jasn\u011bj\u0161\u00ed, \u017ee Ukrajina brzy ztrat\u00ed zbytek Donbasu<\/span><\/em><span dir=\"auto\">\u00a0.<\/span><\/p>\n<p><span dir=\"auto\">Je pravda, \u017ee je pon\u011bkud p\u0159ed\u010dasn\u00e9 vyvozovat z v\u00fd\u0161e uveden\u00e9ho z\u00e1v\u011bry ohledn\u011b Kupjanska, kde ukrajinsk\u00e9 s\u00edly zah\u00e1jily rozs\u00e1hl\u00fd proti\u00fatok, kter\u00fd jim umo\u017enil znovu dob\u00fdt od rusk\u00fdch sil zna\u010dnou \u010d\u00e1st m\u011bsta \u2013 by\u0165 jen do\u010dasn\u011b. Podle n\u011bkter\u00fdch zpr\u00e1v v\u0161ak bylo b\u011bhem t\u00e9to protiofenz\u00edvy, kter\u00e1 se shodovala se Zelensk\u00e9ho n\u00e1v\u0161t\u011bvou obl\u00e9han\u00e9ho m\u011bsta, mobilizov\u00e1no prakticky v\u0161e. Tato propagandistick\u00e1 operace m\u011bla za c\u00edl uk\u00e1zat, \u017ee Ukrajina dok\u00e1\u017ee \u201edob\u00fdt zp\u011bt\u201c alespo\u0148 jedno z t\u011bchto d\u016fle\u017eit\u00fdch m\u011bst, kter\u00e1 se t\u00e9m\u011b\u0159 dostala do rusk\u00fdch rukou.<\/span><\/p>\n<p><span dir=\"auto\">\u00dadaje o p\u0159esn\u00e9m rozsahu \u00fazem\u00ed, kter\u00e1 Ukrajina znovu dobyla, se li\u0161\u00ed, ale jak u\u017e to tak b\u00fdv\u00e1 \u2013 a jak bylo opakovan\u011b pozorov\u00e1no pobl\u00ed\u017e Pokrovska-Mirnogradu, zejm\u00e9na v sousedn\u00edch oblastech Rodynsk\u00e9 a Dobropilje \u2013 rusk\u00e9 s\u00edly b\u011bhem velk\u00fdch ukrajinsk\u00fdch proti\u00fatok\u016f \u010dasto prov\u00e1d\u011bj\u00ed strategick\u00e9 \u00fastupy, aby vt\u00e1hly ne\u0161\u0165astn\u00e9 Ukrajince k jak\u00e9si reconquist\u011b podobn\u00e9 Hannibalov\u011b ve slavn\u00e9 bitv\u011b u Kann, jen aby kr\u00e1tce po zni\u010den\u00ed p\u0159ehnan\u011b horliv\u00fdch jednotek Ukrajinsk\u00fdch ozbrojen\u00fdch sil (UAF) zah\u00e1jily dal\u0161\u00ed \u00fatok.\u00a0\u00a0<\/span><a title=\"\" href=\"https:\/\/news.ru\/society\/rossijskaya-aviaciya-unichtozhila-brazilskih-naemnikov-vsu\" target=\"_blank\" rel=\"noopener\"><span dir=\"auto\">Nap\u0159\u00edklad<\/span><\/a><span dir=\"auto\">\u00a0:<\/span><\/p>\n<p><span dir=\"auto\">\u201e\u00a0<\/span><em><span dir=\"auto\">Rusk\u00e9 letadlo podle telegramov\u00e9ho kan\u00e1lu SHOT neutralizovalo skupinu 40 brazilsk\u00fdch \u017eoldn\u00e9\u0159\u016f z ukrajinsk\u00fdch ozbrojen\u00fdch sil pobl\u00ed\u017e Kupjanska. Tento zdroj tvrd\u00ed, \u017ee 300 cizinc\u016f m\u011blo za \u00fakol znovu z\u00edskat kontrolu nad \u010d\u00e1st\u00ed m\u011bsta od rusk\u00fdch ozbrojen\u00fdch sil. Rusk\u00e9 ministerstvo obrany se k t\u00e9to informaci nevyj\u00e1d\u0159ilo<\/span><\/em><span dir=\"auto\">\u00a0.\u201c<\/span><\/p>\n<p><span dir=\"auto\">Dal\u0161\u00ed zpr\u00e1va od RvVoenkor:<\/span><\/p>\n<p><span dir=\"auto\">Krvav\u00e1\u00a0<\/span><em><span dir=\"auto\">protiofenz\u00edva na Kupiansk: nep\u0159\u00edtel vys\u00edl\u00e1 s\u00edly k proniknut\u00ed do m\u011bsta<\/span><\/em><\/p>\n<p><em><span dir=\"auto\">Na Zelensk\u00e9ho rozkaz nasadilo velen\u00ed ukrajinsk\u00fdch ozbrojen\u00fdch sil nov\u00e9 jednotky, aby vstoupily do Kupiansku a jeho p\u0159edm\u011bst\u00ed v nad\u011bji na medi\u00e1ln\u00ed v\u00edt\u011bzstv\u00ed. Jak jsme ji\u017e informovali, nep\u0159\u00edteli se sice nepoda\u0159ilo z\u00edskat v\u00fdznamn\u011bj\u0161\u00ed \u00fazem\u00ed, ale pokra\u010duje v \u00fatoc\u00edch.<\/span><\/em><\/p>\n<p><strong><em><span dir=\"auto\">\u2022\u00a0\u00a0<\/span><\/em><\/strong><em><span dir=\"auto\">Na videu se ukrajinsk\u00fdm ozbrojen\u00fdm bojovn\u00edk\u016fm poda\u0159ilo dostat do \u010dtvrti Jubilejnyj, ji\u017en\u011b od m\u011bsta. Dostali se k ruin\u00e1m budov, kde je \u010dekaly bojov\u00e9 drony.<\/span><\/em><\/p>\n<p><em><span dir=\"auto\">\u201eNacist\u00e9 zpravidla dlouho nevydr\u017e\u00ed. Nasazen\u00ed sabot\u00e1\u017en\u00edch skupin je p\u0159edem odhaleno, a to i v t\u011bch nejodlehlej\u0161\u00edch oblastech. Pot\u00e9 je zah\u00e1jen hon pomoc\u00ed dron\u016f a d\u011blost\u0159electva,\u201c \u0159\u00edkaj\u00ed na\u0161i vojen\u0161t\u00ed p\u0159edstavitel\u00e9.<\/span><\/em><\/p>\n<p><em><span dir=\"auto\">Bojovn\u00edci ukrajinsk\u00fdch ozbrojen\u00fdch sil, kte\u0159\u00ed pob\u00edhaj\u00ed ulicemi a schov\u00e1vaj\u00ed se v domech, maj\u00ed malou \u0161anci na p\u0159e\u017eit\u00ed. Jejich jedinou \u0161anc\u00ed na z\u00e1chranu je kapitulace.<\/span><\/em><\/p>\n<p><strong><em><span dir=\"auto\">\u2022 \u00a0<\/span><\/em><\/strong><em><span dir=\"auto\">\u00a0Z\u00e1rove\u0148 je situace napjat\u00e1, nep\u0159\u00edtel pokra\u010duje v \u00fatoc\u00edch ze sm\u011br\u016f Kupiansk-Uzlovoe a Blagodatovka, u Moskovky a Radkovky, nel\u00edtostn\u00e9 boje neust\u00e1vaj\u00ed<\/span><\/em><span dir=\"auto\">\u00a0.<\/span><\/p>\n<p><span dir=\"auto\">Ale uvid\u00edme v nadch\u00e1zej\u00edc\u00edch dnech, jak v\u00fdznamn\u00e9 jsou zisky Ukrajiny, nebo zda AFU pouze vytvo\u0159ila do\u010dasnou \u201e\u0161edou z\u00f3nu\u201c fantomov\u00fdch zajet\u00ed, jak tomu obvykle b\u00fdv\u00e1 b\u011bhem jej\u00edch kr\u00e1tkodob\u00fdch medi\u00e1ln\u00edch proti\u00fatok\u016f.<\/span><\/p>\n<p><span dir=\"auto\">Kone\u010dn\u011b, Mirnograd mluv\u00ed s\u00e1m za sebe, jak ukazuje situa\u010dn\u00ed mapa:<\/span><\/p>\n<div class=\"wp-block-image\">\n<figure class=\"aligncenter size-large is-resized\"><a class=\"single-popup\" href=\"https:\/\/i0.wp.com\/reseauinternational.net\/wp-content\/uploads\/2025\/12\/image-160.png?ssl=1\"><img decoding=\"async\" loading=\"lazy\" class=\"wp-image-499946 aligncenter\" src=\"https:\/\/i0.wp.com\/reseauinternational.net\/wp-content\/uploads\/2025\/12\/image-160.png?resize=1024%2C674&amp;ssl=1\" sizes=\"auto, (max-width: 1024px) 100vw, 1024px\" srcset=\"https:\/\/i0.wp.com\/reseauinternational.net\/wp-content\/uploads\/2025\/12\/image-160.png?resize=1024%2C674&amp;ssl=1 1024w, https:\/\/i0.wp.com\/reseauinternational.net\/wp-content\/uploads\/2025\/12\/image-160.png?resize=300%2C197&amp;ssl=1 300w, https:\/\/i0.wp.com\/reseauinternational.net\/wp-content\/uploads\/2025\/12\/image-160.png?resize=768%2C505&amp;ssl=1 768w, https:\/\/i0.wp.com\/reseauinternational.net\/wp-content\/uploads\/2025\/12\/image-160.png?resize=990%2C652&amp;ssl=1 990w, https:\/\/i0.wp.com\/reseauinternational.net\/wp-content\/uploads\/2025\/12\/image-160.png?w=1293&amp;ssl=1 1293w\" alt=\"\" width=\"805\" height=\"530\" data-recalc-dims=\"1\" \/><\/a><\/figure>\n<\/div>\n<p><span dir=\"auto\">Stru\u010dn\u011b \u0159e\u010deno, ru\u0161t\u00ed voj\u00e1ci prov\u00e1d\u011bj\u00ed z\u00e1v\u011bre\u010dn\u00e9 operace s c\u00edlem naj\u00edt ukrajinsk\u00e9 voj\u00e1ky uv\u011bzn\u011bn\u00e9 ve sklepech a jin\u00fdch krytech. Zajatci jsou zajati v mnoha nov\u00fdch zajatc\u00edch.<\/span><\/p>\n<h2 class=\"wp-block-heading has-text-align-center\"><span dir=\"auto\">*<\/span><\/h2>\n<p><span dir=\"auto\">Energetick\u00e1 situace Ukrajiny je nav\u00edc podle dostupn\u00fdch informac\u00ed nad\u00e1le katastrof\u00e1ln\u00ed:<\/span><\/p>\n<p><span dir=\"auto\">\u201e\u00a0<\/span><em><span dir=\"auto\">Podle m\u00fdch kontakt\u016f je situace v Kyjev\u011b katastrof\u00e1ln\u00ed. Elekt\u0159ina je vyp\u00ednan\u00e1 na \u010dty\u0159i hodiny denn\u011b, po\u010d\u00ednaje jednou r\u00e1no. V d\u016fsledku toho si mnoho lid\u00ed nem\u016f\u017ee mimo tyto \u010dasov\u00e9 \u00faseky spl\u00e1chnout toaletu nebo se osprchovat.\u201c<\/span><\/em><\/p>\n<p><em><span dir=\"auto\">\u010casov\u00e9 \u00faseky se li\u0161\u00ed, ale ka\u017ed\u00fd je omezen p\u0159ibli\u017en\u011b na 4 hodiny denn\u011b\u2026<\/span><\/em><span dir=\"auto\">\u00a0\u201c.<\/span><\/p>\n<p><span dir=\"auto\">V dob\u011b psan\u00ed tohoto \u010dl\u00e1nku \u00fadajn\u011b dal\u0161\u00ed \u00fatoky na Od\u011bsu vedly k 95% v\u00fdpadku elekt\u0159iny v regionu.<\/span><\/p>\n<p><span dir=\"auto\">Hlavn\u00ed tisk na druhou stranu uv\u00e1d\u00ed, \u017ee \u00fatoky Ukrajiny na ropn\u00e9 tankery rusk\u00e9 \u201eflotily duch\u016f\u201c neprok\u00e1zaly nic v\u00edc ne\u017e jejich vlastn\u00ed zoufalstv\u00ed:<\/span><\/p>\n<div class=\"wp-block-image\">\n<figure class=\"aligncenter size-full is-resized\"><a class=\"single-popup\" href=\"https:\/\/i0.wp.com\/reseauinternational.net\/wp-content\/uploads\/2025\/12\/image-161.png?ssl=1\"><img decoding=\"async\" loading=\"lazy\" class=\"wp-image-499947 aligncenter\" src=\"https:\/\/i0.wp.com\/reseauinternational.net\/wp-content\/uploads\/2025\/12\/image-161.png?resize=854%2C782&amp;ssl=1\" sizes=\"auto, (max-width: 854px) 100vw, 854px\" srcset=\"https:\/\/i0.wp.com\/reseauinternational.net\/wp-content\/uploads\/2025\/12\/image-161.png?w=854&amp;ssl=1 854w, https:\/\/i0.wp.com\/reseauinternational.net\/wp-content\/uploads\/2025\/12\/image-161.png?resize=300%2C275&amp;ssl=1 300w, https:\/\/i0.wp.com\/reseauinternational.net\/wp-content\/uploads\/2025\/12\/image-161.png?resize=768%2C703&amp;ssl=1 768w\" alt=\"\" width=\"644\" height=\"590\" data-recalc-dims=\"1\" \/><\/a><\/figure>\n<\/div>\n<p><a href=\"https:\/\/www.theatlantic.com\/national-security\/2025\/12\/russia-ukraine-war-putin-zelensky-oil\/685194\"><em><span dir=\"auto\">https:\/\/www.theatlantic.com\/national-security\/2025\/12\/russia-ukraine-war-putin-zelensky-oil\/685194<\/span><\/em><\/a><\/p>\n<h2 class=\"wp-block-heading has-text-align-center\"><span dir=\"auto\">*<\/span><\/h2>\n<p><span dir=\"auto\">Kone\u010dn\u011b vhodn\u00fd plak\u00e1t z Ma\u010farska:<\/span><\/p>\n<div class=\"wp-block-image\">\n<figure class=\"aligncenter size-full is-resized\"><a class=\"single-popup\" href=\"https:\/\/i0.wp.com\/reseauinternational.net\/wp-content\/uploads\/2025\/12\/image-162.png?ssl=1\"><img decoding=\"async\" loading=\"lazy\" class=\"wp-image-499948 aligncenter\" src=\"https:\/\/i0.wp.com\/reseauinternational.net\/wp-content\/uploads\/2025\/12\/image-162.png?resize=510%2C680&amp;ssl=1\" sizes=\"auto, (max-width: 510px) 100vw, 510px\" srcset=\"https:\/\/i0.wp.com\/reseauinternational.net\/wp-content\/uploads\/2025\/12\/image-162.png?w=510&amp;ssl=1 510w, https:\/\/i0.wp.com\/reseauinternational.net\/wp-content\/uploads\/2025\/12\/image-162.png?resize=225%2C300&amp;ssl=1 225w\" alt=\"\" width=\"510\" height=\"680\" data-recalc-dims=\"1\" \/><\/a><\/figure>\n<\/div>\n<p><span dir=\"auto\">Zdroj: <\/span><a title=\"\" href=\"https:\/\/simplicius76.substack.com\/p\/brussels-crosses-rubicon-in-final?utm_source=post-email-title&amp;publication_id=1351274&amp;post_id=181165850&amp;utm_campaign=email-post-title&amp;isFreemail=true&amp;r=4e6unj&amp;triedRedirect=true&amp;utm_medium=email\" target=\"_blank\" rel=\"noopener\"><span dir=\"auto\">Simplicius<\/span><\/a><span dir=\"auto\">\u00a0<\/span><\/p>\n<p>&nbsp;<\/p>\n","protected":false},"excerpt":{"rendered":"<p>Den za\u010dal dal\u0161\u00ed salvou popla\u0161n\u00fdch a hysterick\u00fdch projev\u016f totalitn\u00ed hydry NATO-EU. Rutte zachmu\u0159en\u00fdm t\u00f3nem prohl\u00e1sil,&#8230;<\/p>\n","protected":false},"author":2,"featured_media":94686,"comment_status":"closed","ping_status":"closed","sticky":false,"template":"","format":"standard","meta":[],"categories":[7],"tags":[1042,640,41,45,158,22,26],"_links":{"self":[{"href":"https:\/\/www.infokuryr.cz\/n\/wp-json\/wp\/v2\/posts\/94685"}],"collection":[{"href":"https:\/\/www.infokuryr.cz\/n\/wp-json\/wp\/v2\/posts"}],"about":[{"href":"https:\/\/www.infokuryr.cz\/n\/wp-json\/wp\/v2\/types\/post"}],"author":[{"embeddable":true,"href":"https:\/\/www.infokuryr.cz\/n\/wp-json\/wp\/v2\/users\/2"}],"replies":[{"embeddable":true,"href":"https:\/\/www.infokuryr.cz\/n\/wp-json\/wp\/v2\/comments?post=94685"}],"version-history":[{"count":1,"href":"https:\/\/www.infokuryr.cz\/n\/wp-json\/wp\/v2\/posts\/94685\/revisions"}],"predecessor-version":[{"id":94687,"href":"https:\/\/www.infokuryr.cz\/n\/wp-json\/wp\/v2\/posts\/94685\/revisions\/94687"}],"wp:featuredmedia":[{"embeddable":true,"href":"https:\/\/www.infokuryr.cz\/n\/wp-json\/wp\/v2\/media\/94686"}],"wp:attachment":[{"href":"https:\/\/www.infokuryr.cz\/n\/wp-json\/wp\/v2\/media?parent=94685"}],"wp:term":[{"taxonomy":"category","embeddable":true,"href":"https:\/\/www.infokuryr.cz\/n\/wp-json\/wp\/v2\/categories?post=94685"},{"taxonomy":"post_tag","embeddable":true,"href":"https:\/\/www.infokuryr.cz\/n\/wp-json\/wp\/v2\/tags?post=94685"}],"curies":[{"name":"wp","href":"https:\/\/api.w.org\/{rel}","templated":true}]}}