{"id":94681,"date":"2025-12-16T00:12:57","date_gmt":"2025-12-15T23:12:57","guid":{"rendered":"https:\/\/www.infokuryr.cz\/n\/?p=94681"},"modified":"2025-12-15T10:40:36","modified_gmt":"2025-12-15T09:40:36","slug":"maly-stat-vychodni-timor-se-zameruje-spise-na-hospodarsky-rust-nez-na-klimatickou-hysterii","status":"publish","type":"post","link":"https:\/\/www.infokuryr.cz\/n\/2025\/12\/16\/maly-stat-vychodni-timor-se-zameruje-spise-na-hospodarsky-rust-nez-na-klimatickou-hysterii\/","title":{"rendered":"Mal\u00fd st\u00e1t V\u00fdchodn\u00ed Timor se zam\u011b\u0159uje sp\u00ed\u0161e na hospod\u00e1\u0159sk\u00fd r\u016fst ne\u017e na klimatickou hysterii"},"content":{"rendered":"<div id=\"fb-root\"><\/div>\n<p><strong><span dir=\"auto\">Zat\u00edmco ostatn\u00ed tichomo\u0159sk\u00e9 ostrovn\u00ed st\u00e1ty se vezou na vln\u011b klimatick\u00e9 hysterie, aby si zajistily finan\u010dn\u00ed pomoc, Timor-Leste (V\u00fdchodn\u00ed Timor) vol\u00ed zcela jin\u00fd p\u0159\u00edstup. Hlavn\u00ed prioritou je hospod\u00e1\u0159sk\u00fd rozvoj.<\/span><\/strong><\/p>\n<p><span dir=\"auto\">V\u00fdchodn\u00ed Timor, zn\u00e1m\u00fd tak\u00e9 jako V\u00fdchodn\u00ed Timor, b\u00fdval\u00e1 portugalsk\u00e1 kolonie dlouho okupovan\u00e1 Indon\u00e9si\u00ed, z\u016fst\u00e1v\u00e1 relativn\u011b chudou zem\u00ed. Hospod\u00e1\u0159sk\u00fd rozvoj je proto pro vl\u00e1du tohoto n\u00e1roda s 1,3 miliony obyvatel prvo\u0159ad\u00fd. Pat\u0159\u00ed sem bohat\u00e9 z\u00e1soby ropy a plynu a dal\u0161\u00ed d\u016fle\u017eit\u00e9 nerosty.<\/span><\/p>\n<p><a href=\"https:\/\/pjmedia.com\/vijay-jayaraj\/2025\/12\/08\/timor-leste-rejects-climate-hysteria-embraces-development-n4946815\"><span dir=\"auto\">Podle ned\u00e1vn\u00e9 zpr\u00e1vy<\/span><\/a><span dir=\"auto\">\u00a0m\u00e1\u00a0b\u00fdt do ekonomick\u00e9 transformace zalo\u017een\u00e9 na vyu\u017e\u00edv\u00e1n\u00ed bohat\u00fdch p\u0159\u00edrodn\u00edch zdroj\u016f regionu investov\u00e1na jedna miliarda dolar\u016f. Levn\u00e1, doma vyroben\u00e1 energie, sp\u00ed\u0161e ne\u017e v\u011btrn\u00e9 turb\u00edny a sol\u00e1rn\u00ed elektr\u00e1rny, m\u00e1 generovat rostouc\u00ed prosperitu. Klimatick\u00e1 hysterie, kter\u00e1 je v regionu jinak tak roz\u0161\u00ed\u0159en\u00e1, pro vl\u00e1du nehraje \u017e\u00e1dnou roli.<\/span><\/p>\n<figure class=\"wp-block-embed is-type-rich is-provider-twitter wp-block-embed-twitter\">\n<div class=\"wp-block-embed__wrapper\">\n<div class=\"twitter-tweet twitter-tweet-rendered\"><iframe id=\"twitter-widget-0\" class=\"\" title=\"X P\u0159\u00edsp\u011bvek\" src=\"https:\/\/platform.twitter.com\/embed\/Tweet.html?dnt=true&amp;embedId=twitter-widget-0&amp;features=eyJ0ZndfdGltZWxpbmVfbGlzdCI6eyJidWNrZXQiOltdLCJ2ZXJzaW9uIjpudWxsfSwidGZ3X2ZvbGxvd2VyX2NvdW50X3N1bnNldCI6eyJidWNrZXQiOnRydWUsInZlcnNpb24iOm51bGx9LCJ0ZndfdHdlZXRfZWRpdF9iYWNrZW5kIjp7ImJ1Y2tldCI6Im9uIiwidmVyc2lvbiI6bnVsbH0sInRmd19yZWZzcmNfc2Vzc2lvbiI6eyJidWNrZXQiOiJvbiIsInZlcnNpb24iOm51bGx9LCJ0ZndfZm9zbnJfc29mdF9pbnRlcnZlbnRpb25zX2VuYWJsZWQiOnsiYnVja2V0Ijoib24iLCJ2ZXJzaW9uIjpudWxsfSwidGZ3X21peGVkX21lZGlhXzE1ODk3Ijp7ImJ1Y2tldCI6InRyZWF0bWVudCIsInZlcnNpb24iOm51bGx9LCJ0ZndfZXhwZXJpbWVudHNfY29va2llX2V4cGlyYXRpb24iOnsiYnVja2V0IjoxMjA5NjAwLCJ2ZXJzaW9uIjpudWxsfSwidGZ3X3Nob3dfYmlyZHdhdGNoX3Bpdm90c19lbmFibGVkIjp7ImJ1Y2tldCI6Im9uIiwidmVyc2lvbiI6bnVsbH0sInRmd19kdXBsaWNhdGVfc2NyaWJlc190b19zZXR0aW5ncyI6eyJidWNrZXQiOiJvbiIsInZlcnNpb24iOm51bGx9LCJ0ZndfdXNlX3Byb2ZpbGVfaW1hZ2Vfc2hhcGVfZW5hYmxlZCI6eyJidWNrZXQiOiJvbiIsInZlcnNpb24iOm51bGx9LCJ0ZndfdmlkZW9faGxzX2R5bmFtaWNfbWFuaWZlc3RzXzE1MDgyIjp7ImJ1Y2tldCI6InRydWVfYml0cmF0ZSIsInZlcnNpb24iOm51bGx9LCJ0ZndfbGVnYWN5X3RpbWVsaW5lX3N1bnNldCI6eyJidWNrZXQiOnRydWUsInZlcnNpb24iOm51bGx9LCJ0ZndfdHdlZXRfZWRpdF9mcm9udGVuZCI6eyJidWNrZXQiOiJvbiIsInZlcnNpb24iOm51bGx9fQ%3D%3D&amp;frame=false&amp;hideCard=false&amp;hideThread=false&amp;id=1978038108009513423&amp;lang=cs&amp;origin=https%3A%2F%2Freport24.news%2Fkleine-nation-timor-leste-setzt-auf-wirtschaftswachstum-statt-klimawahn%2F&amp;sessionId=149dc811e971b42ab170ca18ba2102cda76e44c5&amp;theme=light&amp;widgetsVersion=2615f7e52b7e0%3A1702314776716&amp;width=550px\" frameborder=\"0\" scrolling=\"no\" allowfullscreen=\"allowfullscreen\" data-tweet-id=\"1978038108009513423\" data-mce-fragment=\"1\"><\/iframe><\/div>\n<\/div>\n<\/figure>\n<p><span dir=\"auto\">Pr\u016fzkum nerostn\u00fdch z\u00e1sob V\u00fdchodn\u00edho Timoru je tak\u00e9 prioritou vl\u00e1dy. Zam\u011b\u0159uje se na m\u011b\u010f, zlato, mangan, chromit, zinek, st\u0159\u00edbro, v\u00e1penec, mramor, kaolin a mo\u017en\u00e1 i fosf\u00e1t. To by zemi mohlo umo\u017enit st\u00e1t se d\u016fle\u017eitou sou\u010d\u00e1st\u00ed glob\u00e1ln\u00edch dodavatelsk\u00fdch \u0159et\u011bzc\u016f a tak\u00e9 pomoci sn\u00ed\u017eit jej\u00ed z\u00e1vislost na \u010c\u00edn\u011b.<\/span><\/p>\n<figure class=\"wp-block-embed is-type-rich is-provider-twitter wp-block-embed-twitter\">\n<div class=\"wp-block-embed__wrapper\">\n<div class=\"twitter-tweet twitter-tweet-rendered\"><iframe id=\"twitter-widget-1\" class=\"\" title=\"X P\u0159\u00edsp\u011bvek\" src=\"https:\/\/platform.twitter.com\/embed\/Tweet.html?dnt=true&amp;embedId=twitter-widget-1&amp;features=eyJ0ZndfdGltZWxpbmVfbGlzdCI6eyJidWNrZXQiOltdLCJ2ZXJzaW9uIjpudWxsfSwidGZ3X2ZvbGxvd2VyX2NvdW50X3N1bnNldCI6eyJidWNrZXQiOnRydWUsInZlcnNpb24iOm51bGx9LCJ0ZndfdHdlZXRfZWRpdF9iYWNrZW5kIjp7ImJ1Y2tldCI6Im9uIiwidmVyc2lvbiI6bnVsbH0sInRmd19yZWZzcmNfc2Vzc2lvbiI6eyJidWNrZXQiOiJvbiIsInZlcnNpb24iOm51bGx9LCJ0ZndfZm9zbnJfc29mdF9pbnRlcnZlbnRpb25zX2VuYWJsZWQiOnsiYnVja2V0Ijoib24iLCJ2ZXJzaW9uIjpudWxsfSwidGZ3X21peGVkX21lZGlhXzE1ODk3Ijp7ImJ1Y2tldCI6InRyZWF0bWVudCIsInZlcnNpb24iOm51bGx9LCJ0ZndfZXhwZXJpbWVudHNfY29va2llX2V4cGlyYXRpb24iOnsiYnVja2V0IjoxMjA5NjAwLCJ2ZXJzaW9uIjpudWxsfSwidGZ3X3Nob3dfYmlyZHdhdGNoX3Bpdm90c19lbmFibGVkIjp7ImJ1Y2tldCI6Im9uIiwidmVyc2lvbiI6bnVsbH0sInRmd19kdXBsaWNhdGVfc2NyaWJlc190b19zZXR0aW5ncyI6eyJidWNrZXQiOiJvbiIsInZlcnNpb24iOm51bGx9LCJ0ZndfdXNlX3Byb2ZpbGVfaW1hZ2Vfc2hhcGVfZW5hYmxlZCI6eyJidWNrZXQiOiJvbiIsInZlcnNpb24iOm51bGx9LCJ0ZndfdmlkZW9faGxzX2R5bmFtaWNfbWFuaWZlc3RzXzE1MDgyIjp7ImJ1Y2tldCI6InRydWVfYml0cmF0ZSIsInZlcnNpb24iOm51bGx9LCJ0ZndfbGVnYWN5X3RpbWVsaW5lX3N1bnNldCI6eyJidWNrZXQiOnRydWUsInZlcnNpb24iOm51bGx9LCJ0ZndfdHdlZXRfZWRpdF9mcm9udGVuZCI6eyJidWNrZXQiOiJvbiIsInZlcnNpb24iOm51bGx9fQ%3D%3D&amp;frame=false&amp;hideCard=false&amp;hideThread=false&amp;id=1625769832649048064&amp;lang=cs&amp;origin=https%3A%2F%2Freport24.news%2Fkleine-nation-timor-leste-setzt-auf-wirtschaftswachstum-statt-klimawahn%2F&amp;sessionId=149dc811e971b42ab170ca18ba2102cda76e44c5&amp;theme=light&amp;widgetsVersion=2615f7e52b7e0%3A1702314776716&amp;width=550px\" frameborder=\"0\" scrolling=\"no\" allowfullscreen=\"allowfullscreen\" data-tweet-id=\"1625769832649048064\" data-mce-fragment=\"1\"><\/iframe><\/div>\n<\/div>\n<\/figure>\n<p><span dir=\"auto\">Vl\u00e1da tohoto mlad\u00e9ho n\u00e1roda, kter\u00fd se teprve v srpnu p\u0159ipojil k jihov\u00fdchodn\u00ed asijsk\u00e9 asociaci ASEAN, si nav\u00edc uv\u011bdomila, \u017ee skute\u010dnou hrozbou pro jeho obyvatele nen\u00ed vzestup hladiny mo\u0159\u00ed o n\u011bkolik milimetr\u016f ani o n\u011bkolik desetin stupn\u011b vy\u0161\u0161\u00ed teploty, ale sp\u00ed\u0161e neznalost p\u0159\u00edrodn\u00edch zdroj\u016f zem\u011b a hysterie kolem klimatick\u00fdch zm\u011bn. Zat\u00edmco Evropan\u00e9 ob\u011btuj\u00ed sv\u00e9 ekonomiky klimatick\u00e9 hysterii, V\u00fdchodn\u00ed Timor se zam\u011b\u0159uje na r\u016fst a v\u011bt\u0161\u00ed prosperitu pro vlastn\u00ed obyvatelstvo.<\/span><\/p>\n<p><img decoding=\"async\" loading=\"lazy\" class=\"alignnone size-full wp-image-1185\" src=\"http:\/\/www.infokuryr.cz\/n\/wp-content\/uploads\/2021\/04\/kuryr-podpis.png\" alt=\"\" width=\"84\" height=\"24\" \/><\/p>\n<p>&nbsp;<\/p>\n","protected":false},"excerpt":{"rendered":"<p>Zat\u00edmco ostatn\u00ed tichomo\u0159sk\u00e9 ostrovn\u00ed st\u00e1ty se vezou na vln\u011b klimatick\u00e9 hysterie, aby si zajistily finan\u010dn\u00ed&#8230;<\/p>\n","protected":false},"author":2,"featured_media":94682,"comment_status":"closed","ping_status":"closed","sticky":false,"template":"","format":"standard","meta":[],"categories":[7],"tags":[873,310,10264],"_links":{"self":[{"href":"https:\/\/www.infokuryr.cz\/n\/wp-json\/wp\/v2\/posts\/94681"}],"collection":[{"href":"https:\/\/www.infokuryr.cz\/n\/wp-json\/wp\/v2\/posts"}],"about":[{"href":"https:\/\/www.infokuryr.cz\/n\/wp-json\/wp\/v2\/types\/post"}],"author":[{"embeddable":true,"href":"https:\/\/www.infokuryr.cz\/n\/wp-json\/wp\/v2\/users\/2"}],"replies":[{"embeddable":true,"href":"https:\/\/www.infokuryr.cz\/n\/wp-json\/wp\/v2\/comments?post=94681"}],"version-history":[{"count":0,"href":"https:\/\/www.infokuryr.cz\/n\/wp-json\/wp\/v2\/posts\/94681\/revisions"}],"wp:featuredmedia":[{"embeddable":true,"href":"https:\/\/www.infokuryr.cz\/n\/wp-json\/wp\/v2\/media\/94682"}],"wp:attachment":[{"href":"https:\/\/www.infokuryr.cz\/n\/wp-json\/wp\/v2\/media?parent=94681"}],"wp:term":[{"taxonomy":"category","embeddable":true,"href":"https:\/\/www.infokuryr.cz\/n\/wp-json\/wp\/v2\/categories?post=94681"},{"taxonomy":"post_tag","embeddable":true,"href":"https:\/\/www.infokuryr.cz\/n\/wp-json\/wp\/v2\/tags?post=94681"}],"curies":[{"name":"wp","href":"https:\/\/api.w.org\/{rel}","templated":true}]}}