{"id":94675,"date":"2025-12-16T00:11:03","date_gmt":"2025-12-15T23:11:03","guid":{"rendered":"https:\/\/www.infokuryr.cz\/n\/?p=94675"},"modified":"2025-12-15T09:32:45","modified_gmt":"2025-12-15T08:32:45","slug":"thomas-roper-eu-planuje-pridat-na-sankcni-seznam-dalsi-proruske-propagandisty-z-evropy","status":"publish","type":"post","link":"https:\/\/www.infokuryr.cz\/n\/2025\/12\/16\/thomas-roper-eu-planuje-pridat-na-sankcni-seznam-dalsi-proruske-propagandisty-z-evropy\/","title":{"rendered":"Thomas R\u00f6per: EU pl\u00e1nuje p\u0159idat na sank\u010dn\u00ed seznam dal\u0161\u00ed \u201eprorusk\u00e9 propagandisty\u201c z Evropy"},"content":{"rendered":"<div id=\"fb-root\"><\/div>\n<p><strong><span dir=\"auto\">EU st\u00e1le \u010dast\u011bji za\u0159azuje na sv\u00e9 sank\u010dn\u00ed seznamy novin\u00e1\u0159e a experty, kte\u0159\u00ed kritizuj\u00ed politiku EU. Z\u00e1padn\u00ed st\u00e1tn\u00ed m\u00e9dia nyn\u00ed informuj\u00ed, \u017ee dal\u0161\u00ed sank\u010dn\u00ed bal\u00ed\u010dek bude zam\u011b\u0159en na je\u0161t\u011b v\u00edce kritik\u016f politiky EU.<\/span><\/strong><\/p>\n<p><span dir=\"auto\">Kdy\u017e EU na konci kv\u011btna zahrnula m\u011b a Alinu Lipp do sv\u00e9ho 17. sank\u010dn\u00edho bal\u00ed\u010dku, okam\u017eit\u011b jsem \u0159ekl, \u017ee to je jen za\u010d\u00e1tek. Nyn\u00ed se objevily zpr\u00e1vy, \u017ee EU pl\u00e1nuje ve sv\u00e9m dal\u0161\u00edm sank\u010dn\u00edm bal\u00ed\u010dku sankcionovat i dal\u0161\u00ed osoby, kter\u00e9 ozna\u010duje za \u201eprorusk\u00e9 propagandisty\u201c.<\/span><\/p>\n<p><span dir=\"auto\">Ne\u017e se dostaneme k detail\u016fm aktu\u00e1ln\u00ed zpr\u00e1vy, chci je\u0161t\u011b jednou vysv\u011btlit, co to vlastn\u011b znamen\u00e1, kdy\u017e je ob\u010dan EU sankcionov\u00e1n EU.<\/span><\/p>\n<h3 class=\"wp-block-heading\"><span dir=\"auto\">\u00dapln\u00e9 zbaven\u00ed volebn\u00edho pr\u00e1va<\/span><\/h3>\n<p><span dir=\"auto\">A\u010dkoli mnoho ob\u010dan\u016f zem\u00ed mimo EU ji\u017e bylo p\u0159ed Alinou Lipp a mnou sankcemi ze strany EU uvaleny, bylo pro EU bezprecedentn\u00ed uvalit sankce na osoby, kter\u00e9 maj\u00ed pouze ob\u010danstv\u00ed zem\u00ed EU. Koneckonc\u016f, v EU m\u00e1 platit pr\u00e1vn\u00ed st\u00e1t. Pokud se v\u0161ak EU uch\u00fdl\u00ed k trest\u00e1n\u00ed sv\u00fdch vlastn\u00edch ob\u010dan\u016f nikoli pr\u00e1vn\u00edm st\u00e1tem \u2013 tedy prost\u0159ednictv\u00edm st\u00e1tn\u00edch z\u00e1stupc\u016f a soud\u016f \u2013 ale zbaven\u00edm volebn\u00edho pr\u00e1va dekretem EU, pak je pr\u00e1vn\u00ed st\u00e1t v EU histori\u00ed.<\/span><\/p>\n<p><span dir=\"auto\">Sankce maj\u00ed v kone\u010dn\u00e9m d\u016fsledku obrovsk\u00e9 d\u016fsledky p\u0159ipom\u00ednaj\u00edc\u00ed st\u0159edov\u011bk, kdy se omezen\u00ed, kter\u00e1 dne\u0161n\u00ed sankce p\u0159edstavuj\u00ed, naz\u00fdvala \u201eimperi\u00e1ln\u00ed z\u00e1kaz\u201c. Ve\u0161ker\u00fd majetek sankcionovan\u00e9 osoby v EU je zmrazen, co\u017e znamen\u00e1, \u017ee si ji\u017e nem\u016f\u017ee kupovat potraviny, platit n\u00e1jemn\u00e9 atd. Poskytov\u00e1n\u00ed ekonomick\u00e9 v\u00fdhody sankcionovan\u00e9 osob\u011b \u2013 nap\u0159\u00edklad p\u016fj\u010dov\u00e1n\u00ed pen\u011bz na \u00fahradu n\u00e1jemn\u00e9ho \u2013 je trestn\u00fdm \u010dinem.<\/span><\/p>\n<p><span dir=\"auto\">Sankcemi podl\u00e9haj\u00edc\u00ed osoby mus\u00ed m\u00edsto toho prosit st\u00e1t o povolen\u00ed uhradit tyto v\u00fddaje z vlastn\u00edch prost\u0159edk\u016f, kter\u00e9 EU zmrazila. St\u00e1t v\u0161ak rozhoduje o tom, jakou \u010d\u00e1stku pova\u017euje za vhodnou. Pokud nap\u0159\u00edklad st\u00e1t rozhodne, \u017ee pronajat\u00fd byt je p\u0159\u00edli\u0161 velk\u00fd nebo p\u0159\u00edli\u0161 drah\u00fd, mus\u00ed se dan\u00e1 osoba odst\u011bhovat. Jak si ale m\u00e1 n\u011bkdo pronajmout nov\u00fd byt, kdy\u017e nem\u00e1 p\u0159\u00edstup ke sv\u00fdm pen\u011bz\u016fm? A kter\u00fd pronaj\u00edmatel by pronajal byt n\u011bkomu, kdo je pod sankcemi?<\/span><\/p>\n<p><span dir=\"auto\">Krom\u011b toho se na sankcionovan\u00e9 osoby ji\u017e nevztahuje voln\u00fd pohyb, proto\u017ee jim je zak\u00e1z\u00e1n vstup do \u010dlensk\u00fdch st\u00e1t\u016f EU. N\u011bmci na sank\u010dn\u00edm seznamu proto nesm\u00ed opustit N\u011bmecko letadlem, vlakem, autem atd., proto\u017ee by to vy\u017eadovalo cestov\u00e1n\u00ed p\u0159es \u00fazem\u00ed jin\u00fdch \u010dlensk\u00fdch st\u00e1t\u016f EU nebo p\u0159elet nad n\u00edm. Naopak kdokoli, kdo se v dob\u011b sankc\u00ed nach\u00e1z\u00ed mimo EU, nem\u00e1 prakticky \u017e\u00e1dnou \u0161anci na n\u00e1vrat dom\u016f.<\/span><\/p>\n<p><span dir=\"auto\">Dokonce i pr\u00e1vn\u00ed ochrana, kter\u00e1 \u00fadajn\u011b v EU existuje, je podkop\u00e1na, proto\u017ee si m\u016f\u017eete najmout pr\u00e1vn\u00edka pouze tehdy, pokud v\u00e1m st\u00e1t povol\u00ed k tomuto \u00fa\u010delu pou\u017e\u00edt finan\u010dn\u00ed prost\u0159edky z va\u0161eho vlastn\u00edho, ale zmrazen\u00e9ho majetku.<\/span><\/p>\n<p><span dir=\"auto\">A op\u011bt st\u00e1t rozhoduje o tom, jak\u00e1 \u010d\u00e1stka je pro pr\u00e1vn\u00edka vhodn\u00e1. Je tak\u00e9 t\u0159eba poznamenat, \u017ee pr\u00e1vn\u00edci specializuj\u00edc\u00ed se na pr\u00e1vo EU, a zejm\u00e9na na sank\u010dn\u00ed pr\u00e1vo, si \u00fa\u010dtuj\u00ed hodinov\u00e9 sazby 500 eur a v\u00edce.<\/span><\/p>\n<p><span dir=\"auto\">A i kdy\u017e, stejn\u011b jako j\u00e1 a Alina, najdete pr\u00e1vn\u00edka ochotn\u00e9ho v\u00e1s zastupovat a vy pro ni vyp\u00ed\u0161ete sb\u00edrku, aby alespo\u0148 dostala n\u011bjak\u00e9 pen\u00edze za svou pr\u00e1ci a p\u0159edev\u0161\u00edm zaplatila pr\u00e1vn\u00ed n\u00e1klady, kter\u00e9 mohou dos\u00e1hnout mnoha tis\u00edc eur, okam\u017eit\u011b nast\u00e1v\u00e1 dal\u0161\u00ed probl\u00e9m: Vypsali jsme takovou sb\u00edrku a jen o n\u011bkolik dn\u00ed pozd\u011bji banka pr\u00e1vni\u010dky zmrazila jej\u00ed \u00fa\u010det. N\u00e1sledovaly t\u00fddny korespondence mezi pr\u00e1vni\u010dkou a ECB.<\/span><\/p>\n<p><span dir=\"auto\">Sankce tak omezuj\u00ed n\u011bkolik \u00fadajn\u011b nezciziteln\u00fdch z\u00e1kladn\u00edch pr\u00e1v: pr\u00e1vo na ochranu majetku (\u010dl\u00e1nek 14 \u00dastavy) nebo pr\u00e1vo na \u00fa\u010dinnou pr\u00e1vn\u00ed ochranu (\u010dl\u00e1nek 19 odst. 4 \u00dastavy), abychom jmenovali alespo\u0148 dva p\u0159\u00edklady.<\/span><\/p>\n<p><span dir=\"auto\">A to, opakuji, bez poru\u0161en\u00ed jak\u00e9hokoli z\u00e1kona, bez vznesen\u00ed obvin\u011bn\u00ed, bez mo\u017enosti obhajoby nebo dokonce sly\u0161en\u00ed a bez soudn\u00edho rozhodnut\u00ed. Ale zcela sv\u00e9voln\u011b, na z\u00e1klad\u011b na\u0159\u00edzen\u00ed EU.<\/span><\/p>\n<p><span dir=\"auto\">Tolik k pr\u00e1vn\u00edmu st\u00e1tu v EU a v N\u011bmecku.<\/span><\/p>\n<h3 class=\"wp-block-heading\"><span dir=\"auto\">Nyn\u00ed se seznam roz\u0161i\u0159uje.<\/span><\/h3>\n<p><span dir=\"auto\">Jak jsem psal na za\u010d\u00e1tku, kdy\u017e EU v kv\u011btnu uvalila sankce na m\u011b a Alinu Lippovou, hned jsem \u0159ekl, \u017ee to je jen za\u010d\u00e1tek. Byli jsme tak\u0159\u00edkaj\u00edc testovac\u00edm bal\u00f3nkem, kter\u00fdm cht\u011bla EU otestovat, jak\u00e9 by byly reakce, kdyby EU sankcionovala nejen ob\u010dany zem\u00ed mimo EU, ale i sv\u00e9 vlastn\u00ed ob\u010dany.<\/span><\/p>\n<p><span dir=\"auto\">S Alinou jsme byly pro tohle ide\u00e1ln\u00ed kandid\u00e1tky, proto\u017ee \u017eijeme v Rusku, tak\u017ee jsme daleko. A sankce se n\u00e1s dot\u00fdkaj\u00ed mnohem m\u00e9n\u011b, ne\u017e by se dotkly lid\u00ed \u017eij\u00edc\u00edch v EU. Ano, ztr\u00e1ta dar\u016f byla bolestiv\u00e1, ale nebyla fat\u00e1ln\u00ed.<\/span><\/p>\n<p><span dir=\"auto\">Jinak na\u0161e \u017eivoty pokra\u010duj\u00ed jako obvykle; m\u00e1me p\u0159\u00edstup k na\u0161im rusk\u00fdm \u00fa\u010dt\u016fm atd. Pokud EU za\u0159ad\u00ed lidi \u017eij\u00edc\u00ed v EU na sank\u010dn\u00ed seznam, bude to pro n\u011b mnohem nep\u0159\u00edjemn\u011bj\u0161\u00ed.<\/span><\/p>\n<p><span dir=\"auto\">A p\u0159esn\u011b to se podle zpr\u00e1v n\u011bmeck\u00e9 ve\u0159ejnopr\u00e1vn\u00ed stanice Deutsche Welle a americk\u00e9 ve\u0159ejnopr\u00e1vn\u00ed stanice Radio Liberty zd\u00e1 b\u00fdt pr\u00e1v\u011b to, co se brzy stane.\u00a0<\/span><a href=\"https:\/\/www.dw.com\/ru\/clenov-kluba-valdaj-vnesut-v-sankcionnye-spiski-es\/a-75132772\"><u><span dir=\"auto\">Deutsche Welle p\u00ed\u0161e<\/span><\/u><\/a><span dir=\"auto\">\u00a0(mimochodem, ve sv\u00e9m rusk\u00e9m vyd\u00e1n\u00ed; na webov\u00fdch str\u00e1nk\u00e1ch Deutsche Welle jsem o tom v n\u011bm\u010din\u011b nic nena\u0161el):<\/span><\/p>\n<p><em><span dir=\"auto\">\u201eN\u011bkolik rusk\u00fdch propagandist\u016f, v\u010detn\u011b \u010dlen\u016f diskusn\u00edho klubu Valdaj, bude na setk\u00e1n\u00ed ministr\u016f zahrani\u010d\u00ed EU v pond\u011bl\u00ed 15. prosince p\u0159id\u00e1no na sank\u010dn\u00ed seznam EU,\u201c ozn\u00e1mil v p\u00e1tek 12. prosince v Bruselu \u00fa\u0159edn\u00edk EU. Na ot\u00e1zku korespondenta DW \u00fa\u0159edn\u00edk vysv\u011btlil: \u201eDiskusn\u00ed klub Valdaj byl zalo\u017een ruskou vl\u00e1dou. V\u00edme, \u017ee slou\u017e\u00ed jako sofistikovan\u00fd n\u00e1stroj k ovliv\u0148ov\u00e1n\u00ed mezin\u00e1rodn\u00edho vn\u00edm\u00e1n\u00ed a informov\u00e1n\u00ed o Rusku. Ji\u017e nyn\u00ed podl\u00e9h\u00e1 sankc\u00edm, kter\u00e9 pou\u017e\u00edv\u00e1me k boji proti destabilizuj\u00edc\u00edm aktivit\u00e1m Ruska. Na seznamu ji\u017e m\u00e1me p\u0159es 60 jmen a dal\u0161\u00ed budou p\u0159id\u00e1ny v pond\u011bl\u00ed.\u201c<\/span><\/em><\/p>\n<p><span dir=\"auto\">Mimochodem, Deutsche Welle byla v ned\u011bli\u00a0<\/span><a href=\"https:\/\/www.dw.com\/de\/russland-erklaert-die-dw-zur-unerwuenschten-organisation-deutsche-welle-pressefreiheit\/a-75151012\"><u><span dir=\"auto\">p\u0159id\u00e1na na rusk\u00fd seznam ne\u017e\u00e1douc\u00edch organizac\u00ed<\/span><\/u><\/a><span dir=\"auto\">\u00a0, co\u017e se dalo o\u010dek\u00e1vat vzhledem k tvrd\u00fdm z\u00e1sah\u016fm N\u011bmecka proti rusk\u00fdm st\u00e1tn\u00edm m\u00e9di\u00edm a jejich zam\u011bstnanc\u016fm v N\u011bmecku, jeliko\u017e Rusko opakovan\u011b varovalo, \u017ee nakonec podnikne odvetn\u00e9 kroky. O tom ale budu informovat samostatn\u011b.<\/span><\/p>\n<p><a href=\"https:\/\/www.rferl.org\/a\/eu-blacklist-russia-sanctions-shadow-fleet\/33619173.html\"><u><span dir=\"auto\">R\u00e1dio Liberty informuje<\/span><\/u><\/a><span dir=\"auto\">\u00a0o nov\u00fdch sankc\u00edch EU:<\/span><\/p>\n<p><em><span dir=\"auto\">\u201eVelvyslanci EU se rovn\u011b\u017e dohodli, \u017ee se zam\u011b\u0159\u00ed na osoby, kter\u00e9 podle jejich n\u00e1zoru prov\u00e1d\u011bly destabilizuj\u00edc\u00ed aktivity po cel\u00e9m sv\u011bt\u011b ve prosp\u011bch Ruska. (\u2026) Na seznamu je tak\u00e9 b\u00fdval\u00fd plukovn\u00edk \u0161v\u00fdcarsk\u00e9 arm\u00e1dy Jacques Baud, proto\u017ee \u201ejednal jako mluv\u010d\u00ed prorusk\u00e9 propagandy a \u0161\u00ed\u0159il konspira\u010dn\u00ed teorie, nap\u0159\u00edklad obvi\u0148oval Ukrajinu z zinscenov\u00e1n\u00ed vlastn\u00ed invaze za \u00fa\u010delem vstupu do NATO\u201c. Na seznamu je za podobn\u00e9 \u010diny i b\u00fdval\u00fd francouzsk\u00fd d\u016fstojn\u00edk Xavier Moreau. Mezi dal\u0161\u00ed sankcionovan\u00e9 osoby pat\u0159\u00ed Dmitrij Suslov, Fjodor Lukjanov a Andrej Su\u0161encov, kte\u0159\u00ed jsou v\u0161ichni popisov\u00e1ni jako analytici zahrani\u010dn\u00ed politiky s \u00fazk\u00fdmi vazbami na diskusn\u00ed klub Valdaj. Jsou obvin\u011bni ze \u0161\u00ed\u0159en\u00ed dezinformac\u00ed spojen\u00fdch s Kremlem.\u201c<\/span><\/em><\/p>\n<p><span dir=\"auto\">Pokud je to pravda, budou sankce uvaleny na nejm\u00e9n\u011b dva dal\u0161\u00ed evropsk\u00e9 ob\u010dany. A zat\u00edm nen\u00ed zn\u00e1mo, zda to byla v\u0161echna jm\u00e9na na seznamu. Pokud jsou tito dva st\u00e1le v Evrop\u011b, m\u00e1m mou up\u0159\u00edmnou soustrast s masivn\u00edmi omezen\u00edmi, kter\u00fdm nyn\u00ed \u010del\u00ed.<\/span><\/p>\n<p><a href=\"https:\/\/anti-spiegel.ru\/2025\/die-eu-will-weitere-pro-russische-propagandisten-aus-europa-auf-die-sanktionsliste-setzen\/\" target=\"_blank\" rel=\"noopener\">Thomas R\u00f6per<\/a><\/p>\n<p><img decoding=\"async\" loading=\"lazy\" class=\"alignnone  wp-image-22016\" src=\"http:\/\/www.infokuryr.cz\/n\/wp-content\/uploads\/2023\/01\/Thomas-Roper-298x300.jpg\" alt=\"\" width=\"126\" height=\"127\" srcset=\"https:\/\/www.infokuryr.cz\/n\/wp-content\/uploads\/2023\/01\/Thomas-Roper-298x300.jpg 298w, https:\/\/www.infokuryr.cz\/n\/wp-content\/uploads\/2023\/01\/Thomas-Roper-150x150.jpg 150w, https:\/\/www.infokuryr.cz\/n\/wp-content\/uploads\/2023\/01\/Thomas-Roper.jpg 596w\" sizes=\"(max-width: 126px) 100vw, 126px\" \/><\/p>\n<p>&nbsp;<\/p>\n","protected":false},"excerpt":{"rendered":"<p>EU st\u00e1le \u010dast\u011bji za\u0159azuje na sv\u00e9 sank\u010dn\u00ed seznamy novin\u00e1\u0159e a experty, kte\u0159\u00ed kritizuj\u00ed politiku EU&#8230;.<\/p>\n","protected":false},"author":2,"featured_media":94676,"comment_status":"closed","ping_status":"closed","sticky":false,"template":"","format":"standard","meta":[],"categories":[7],"tags":[41,125,553],"_links":{"self":[{"href":"https:\/\/www.infokuryr.cz\/n\/wp-json\/wp\/v2\/posts\/94675"}],"collection":[{"href":"https:\/\/www.infokuryr.cz\/n\/wp-json\/wp\/v2\/posts"}],"about":[{"href":"https:\/\/www.infokuryr.cz\/n\/wp-json\/wp\/v2\/types\/post"}],"author":[{"embeddable":true,"href":"https:\/\/www.infokuryr.cz\/n\/wp-json\/wp\/v2\/users\/2"}],"replies":[{"embeddable":true,"href":"https:\/\/www.infokuryr.cz\/n\/wp-json\/wp\/v2\/comments?post=94675"}],"version-history":[{"count":0,"href":"https:\/\/www.infokuryr.cz\/n\/wp-json\/wp\/v2\/posts\/94675\/revisions"}],"wp:featuredmedia":[{"embeddable":true,"href":"https:\/\/www.infokuryr.cz\/n\/wp-json\/wp\/v2\/media\/94676"}],"wp:attachment":[{"href":"https:\/\/www.infokuryr.cz\/n\/wp-json\/wp\/v2\/media?parent=94675"}],"wp:term":[{"taxonomy":"category","embeddable":true,"href":"https:\/\/www.infokuryr.cz\/n\/wp-json\/wp\/v2\/categories?post=94675"},{"taxonomy":"post_tag","embeddable":true,"href":"https:\/\/www.infokuryr.cz\/n\/wp-json\/wp\/v2\/tags?post=94675"}],"curies":[{"name":"wp","href":"https:\/\/api.w.org\/{rel}","templated":true}]}}