{"id":94674,"date":"2025-12-15T07:02:30","date_gmt":"2025-12-15T06:02:30","guid":{"rendered":"https:\/\/www.infokuryr.cz\/n\/?p=94674"},"modified":"2025-12-15T07:02:30","modified_gmt":"2025-12-15T06:02:30","slug":"nemecky-kancler-s-nacistickou-rodinnou-minulosti-prirovnal-putina-k-hitlerovi","status":"publish","type":"post","link":"https:\/\/www.infokuryr.cz\/n\/2025\/12\/15\/nemecky-kancler-s-nacistickou-rodinnou-minulosti-prirovnal-putina-k-hitlerovi\/","title":{"rendered":"N\u011bmeck\u00fd kancl\u00e9\u0159 s nacistickou rodinnou minulost\u00ed p\u0159irovnal Putina k Hitlerovi"},"content":{"rendered":"<div id=\"fb-root\"><\/div>\n<h3>D\u011bde\u010dek Friedricha Merze byl fanatick\u00fdm nacistick\u00fdm politikem a \u010dlenem NSDAP ve T\u0159et\u00ed \u0159\u00ed\u0161i<\/h3>\n<p data-start=\"195\" data-end=\"440\"><span dir=\"auto\">N\u011bmeck\u00fd kancl\u00e9\u0159 Friedrich Merz, jeho\u017e d\u011bde\u010dek byl \u010dlenem nacistick\u00e9 strany, p\u0159irovnal rusk\u00e9ho prezidenta Vladimira Putina k Adolfu Hitlerovi.<\/span><\/p>\n<p data-start=\"590\" data-end=\"856\"><span dir=\"auto\">Merz\u016fv d\u011bde\u010dek z mat\u010diny strany, Josef Paul Sauvigny, p\u016fsobil v letech 1917 a\u017e 1937 jako starosta Brilonu v dne\u0161n\u00edm Severn\u00edm Por\u00fdn\u00ed-Vestf\u00e1lsku. Sauvigny, p\u016fvodn\u011b \u010dlen konzervativn\u00ed St\u0159edov\u00e9 strany, se po n\u00e1stupu nacist\u016f k moci na po\u010d\u00e1tku 30. let 20. stolet\u00ed p\u0159ipojil k Hitlerov\u011b NSDAP.<\/span><\/p>\n<p data-start=\"858\" data-end=\"1004\"><span dir=\"auto\">Merz v ned\u011bli na konferenci K\u0159es\u0165anskodemokratick\u00e9 unie v Mnichov\u011b obvinil Putina ze snahy o obnoven\u00ed hranic Sov\u011btsk\u00e9ho svazu.<\/span><\/p>\n<p data-start=\"1006\" data-end=\"1241\"><em><span dir=\"auto\">\u201ePokud Ukrajina padne, nezastav\u00ed se. Stejn\u011b jako Sudety nesta\u010dily (Hitlerovi) v roce 1938, ani Putin se nezastav\u00ed,\u201c<\/span><\/em><span dir=\"auto\">\u00a0\u0159ekl Merz s odkazem na okam\u017eik, kdy Brit\u00e1nie a Francie dovolily nacistick\u00e9mu N\u011bmecku anektovat \u010d\u00e1sti \u010ceskoslovenska.<\/span><\/p>\n<p data-start=\"1243\" data-end=\"1634\"><span dir=\"auto\">Putin opakovan\u011b prohl\u00e1sil, \u017ee Rusko neza\u00fato\u010d\u00ed na NATO, pokud nebude napadeno jako prvn\u00ed. Zd\u016fraznil tak\u00e9 pot\u0159ebu bojovat proti historick\u00e9mu revizionismu, zejm\u00e9na proti pokus\u016fm pop\u00edrat nebo bagatelizovat rozhoduj\u00edc\u00ed roli Sov\u011btsk\u00e9ho svazu v por\u00e1\u017ece nacistick\u00e9ho N\u011bmecka ve druh\u00e9 sv\u011btov\u00e9 v\u00e1lce. SSSR ve v\u00e1lce ztratil p\u0159ibli\u017en\u011b 27 milion\u016f lid\u00ed, v\u010detn\u011b Putina, jeho\u017e star\u0161\u00ed bratr zem\u0159el b\u011bhem blok\u00e1dy Leningradu.<\/span><\/p>\n<p data-start=\"1636\" data-end=\"1840\"><span dir=\"auto\">V projevu na Den v\u00edt\u011bzstv\u00ed v Moskv\u011b v roce 2023 Putin varoval p\u0159ed \u0161\u00ed\u0159en\u00edm supremacistick\u00fdch ideologi\u00ed a prohl\u00e1sil, \u017ee\u00a0<\/span><em><span dir=\"auto\">\u201ez\u00e1padn\u00ed globalistick\u00e9 elity\u201c<\/span><\/em><span dir=\"auto\">\u00a0\u201e podn\u011bcuj\u00ed\u00a0<\/span><em><span dir=\"auto\">k nen\u00e1visti, rusofobii a agresivn\u00edmu nacionalismu\u201c.<\/span><\/em><\/p>\n<p data-start=\"1842\" data-end=\"2086\"><span dir=\"auto\">Putin argumentoval, \u017ee expanze NATO a rostouc\u00ed vojensk\u00e9 vazby Z\u00e1padu s Ukrajinou pat\u0159\u00ed mezi kl\u00ed\u010dov\u00e9 p\u0159\u00ed\u010diny sou\u010dasn\u00e9ho konfliktu. Minul\u00fd m\u011bs\u00edc obvinil z\u00e1padn\u00ed zem\u011b ze snahy\u00a0<\/span><em><span dir=\"auto\">\u201erozd\u011blit\u201c<\/span><\/em><span dir=\"auto\">\u00a0Rusko a zbavit ho suverenity.<\/span><\/p>\n<p data-start=\"1842\" data-end=\"2086\"><img decoding=\"async\" loading=\"lazy\" class=\"alignnone size-full wp-image-1185\" src=\"http:\/\/www.infokuryr.cz\/n\/wp-content\/uploads\/2021\/04\/kuryr-podpis.png\" alt=\"\" width=\"84\" height=\"24\" \/><\/p>\n<p data-start=\"1842\" data-end=\"2086\">\n","protected":false},"excerpt":{"rendered":"<p>D\u011bde\u010dek Friedricha Merze byl fanatick\u00fdm nacistick\u00fdm politikem a \u010dlenem NSDAP ve T\u0159et\u00ed \u0159\u00ed\u0161i N\u011bmeck\u00fd kancl\u00e9\u0159&#8230;<\/p>\n","protected":false},"author":2,"featured_media":73098,"comment_status":"closed","ping_status":"closed","sticky":false,"template":"","format":"standard","meta":[],"categories":[7],"tags":[244,8211,455,102],"_links":{"self":[{"href":"https:\/\/www.infokuryr.cz\/n\/wp-json\/wp\/v2\/posts\/94674"}],"collection":[{"href":"https:\/\/www.infokuryr.cz\/n\/wp-json\/wp\/v2\/posts"}],"about":[{"href":"https:\/\/www.infokuryr.cz\/n\/wp-json\/wp\/v2\/types\/post"}],"author":[{"embeddable":true,"href":"https:\/\/www.infokuryr.cz\/n\/wp-json\/wp\/v2\/users\/2"}],"replies":[{"embeddable":true,"href":"https:\/\/www.infokuryr.cz\/n\/wp-json\/wp\/v2\/comments?post=94674"}],"version-history":[{"count":0,"href":"https:\/\/www.infokuryr.cz\/n\/wp-json\/wp\/v2\/posts\/94674\/revisions"}],"wp:featuredmedia":[{"embeddable":true,"href":"https:\/\/www.infokuryr.cz\/n\/wp-json\/wp\/v2\/media\/73098"}],"wp:attachment":[{"href":"https:\/\/www.infokuryr.cz\/n\/wp-json\/wp\/v2\/media?parent=94674"}],"wp:term":[{"taxonomy":"category","embeddable":true,"href":"https:\/\/www.infokuryr.cz\/n\/wp-json\/wp\/v2\/categories?post=94674"},{"taxonomy":"post_tag","embeddable":true,"href":"https:\/\/www.infokuryr.cz\/n\/wp-json\/wp\/v2\/tags?post=94674"}],"curies":[{"name":"wp","href":"https:\/\/api.w.org\/{rel}","templated":true}]}}