{"id":94669,"date":"2025-12-15T06:41:10","date_gmt":"2025-12-15T05:41:10","guid":{"rendered":"https:\/\/www.infokuryr.cz\/n\/?p=94669"},"modified":"2025-12-15T06:41:10","modified_gmt":"2025-12-15T05:41:10","slug":"denis-rancourt-zakon-nadmerne-umrtnosti","status":"publish","type":"post","link":"https:\/\/www.infokuryr.cz\/n\/2025\/12\/15\/denis-rancourt-zakon-nadmerne-umrtnosti\/","title":{"rendered":"Denis Rancourt: Z\u00e1kon nadm\u011brn\u00e9 \u00famrtnosti"},"content":{"rendered":"<div id=\"fb-root\"><\/div>\n<p><strong><span dir=\"auto\">Denis Rancourt zkoum\u00e1 nadm\u011brnou \u00famrtnost od \u00e9ry covidu u\u017e p\u011bt let. Stru\u010dn\u011b \u0159e\u010deno, nadm\u011brn\u00e1 \u00famrt\u00ed od roku 2020 nebyla zp\u016fsobena pandemi\u00ed smrteln\u00e9ho viru, ale sp\u00ed\u0161e \u201ez\u00e1konem nadm\u011brn\u00e9 \u00famrtnosti\u201c.<\/span><\/strong><\/p>\n<p><span dir=\"auto\">Z\u00e1kon zn\u00ed asi takto: \u201eLid\u00e9, kte\u0159\u00ed ovl\u00e1daj\u00ed ekonomiku, kte\u0159\u00ed ji dok\u00e1\u017e\u00ed manipulovat ve sv\u016fj prosp\u011bch, zp\u016fsobuj\u00ed dramatick\u00fd r\u016fst cen a \u00fabytek zdroj\u016f, co\u017e vede k extr\u00e9mn\u00ed chudob\u011b, kter\u00e1 roste, a pak nastane katastrofa.\u201c<\/span><\/p>\n<p><span dir=\"auto\">Katastrofa \u201echronick\u00e9 podv\u00fd\u017eivy, toxick\u00fdch potravin, toxick\u00e9ho prost\u0159ed\u00ed a tak d\u00e1le\u2026 tedy vzniknou podm\u00ednky, kter\u00e9 jsou vhodn\u00e9 pro rozs\u00e1hl\u00e9 p\u0159\u00edpady nadm\u011brn\u00e9 \u00famrtnosti r\u016fzn\u00fdmi zp\u016fsoby.<\/span><\/p>\n<p><span dir=\"auto\">Koncem \u0159\u00edjna uspo\u0159\u00e1dala organizace Artsen Collectief (holandsk\u00e1 l\u00e9ka\u0159sk\u00e1 asociace) v nizozemsk\u00e9m Driebergenu konferenci s n\u00e1zvem \u201eN\u00e1vrat do budoucnosti\u201c.<\/span><\/p>\n<p><span dir=\"auto\">Mezi hlavn\u00edmi \u0159e\u010dn\u00edky byly Robert Malone (USA), Tess Lawrie (Brit\u00e1nie), Mattias Desmet (Belgie), Carla Peetersov\u00e1 (Nizozem\u00ed), Alexandra Henrion Caudeov\u00e1 (Francie), Shankara Chettyov\u00e1 (Ji\u017en\u00ed Afrika), Jessica Roseov\u00e1 (Izrael), Jessica Roseov\u00e1 (Izrael). (Nizozem\u00ed), Theo Schetters (Nizozem\u00ed) a Denis Rancourt (Kanada).<\/span><\/p>\n<p><span dir=\"auto\">Prvn\u00ed den konference mluvil Denis Rancourt, spolu\u0159editel a v\u00fdzkumn\u00edk ve spole\u010dnosti Correlation, o nadm\u011brn\u00e9 \u00famrtnosti. P\u0159edstavil p\u011btiletou d\u016fkladnou anal\u00fdzu nadm\u011brn\u00e9 \u00famrtnosti b\u011bhem \u00e9ry covidu, kterou spole\u010dnost Correlation provedla, a p\u0159edstavil to, co naz\u00fdv\u00e1 \u201ez\u00e1kon nadm\u011brn\u00e9 \u00famrtnosti\u201c.<\/span><\/p>\n<p><span dir=\"auto\">Za\u010dal vysv\u011btlen\u00edm, co to znamen\u00e1:<\/span><\/p>\n<p><em><span dir=\"auto\">\u201eJe dob\u0159e zn\u00e1mo, \u017ee v d\u011bjin\u00e1ch ji\u017e dlouhou dobu existuj\u00ed rozs\u00e1hl\u00e9 cykly, ve kter\u00fdch elita a lid\u00e9, kte\u0159\u00ed ovl\u00e1daj\u00ed ekonomiku a dok\u00e1\u017e\u00ed ji manipulovat ve sv\u016fj prosp\u011bch, zp\u016fsobuj\u00ed dramatick\u00fd r\u016fst cen a \u00fabytek zdroj\u016f, tak\u017ee doch\u00e1z\u00ed k extr\u00e9mn\u00ed chudob\u011b, kter\u00e1 roste, a pak nast\u00e1v\u00e1 katastrofa.<\/span><\/em><\/p>\n<p><em><span dir=\"auto\">St\u0159edov\u011bk\u00fd mor, naz\u00fdvan\u00fd tak\u00e9 \u010dern\u00e1 smrt, byla takovou katastrofou a dnes je to dob\u0159e zn\u00e1mo.<\/span><\/em><\/p>\n<p><em><span dir=\"auto\">V\u011bdci, DeWitt a Wood, pouk\u00e1zali na to, \u017ee pokud si prostudujete kostry lid\u00ed, kte\u0159\u00ed zem\u0159eli b\u011bhem moru, tak zjist\u00edte, \u017ee trp\u011bli dramatickou podv\u00fd\u017eivou, v\u0161emi druhy nedostatk\u016f atp.<\/span><\/em><\/p>\n<p><em><span dir=\"auto\">Toto byli lid\u00e9, kte\u0159\u00ed zem\u0159eli b\u011bhem moru. Je to typick\u00e9 pro tyto takzvan\u00e9 pandemie.<\/span><\/em><\/p>\n<p><em><span dir=\"auto\">To m\u011b vedlo ke zformulov\u00e1n\u00ed z\u00e1kona, kter\u00fd naz\u00fdv\u00e1m \u201ez\u00e1konem nadm\u011brn\u00e9 \u00famrtnosti\u201c. Jedn\u00e1 se o ekonomick\u00e9 vyko\u0159is\u0165ov\u00e1n\u00ed elitn\u00ed t\u0159\u00eddou, kter\u00e9 zp\u016fsobuje extr\u00e9mn\u00ed chudobu mnoha lid\u00ed, co\u017e vede k chronick\u00e9 podv\u00fd\u017eiv\u011b, toxick\u00fdm potravin\u00e1m, toxick\u00e9mu prost\u0159ed\u00ed a tak d\u00e1le.<\/span><\/em><\/p>\n<p><em><span dir=\"auto\">A to jsou podm\u00ednky, kter\u00e9 jsou vhodn\u00e9 pro rozs\u00e1hl\u00e9 p\u0159\u00edpady nadm\u011brn\u00e9 \u00famrtnosti r\u016fzn\u00fdmi zp\u016fsoby. S t\u00edmto konceptem jsem zde pracoval. A to ur\u010dit\u011b plat\u00ed i pro USA a EU b\u011bhem obdob\u00ed pandemie covidu. Vezmeme-li celkovou nadm\u011brnou \u00famrtnost, je p\u0159\u00edmo \u00fam\u011brn\u00e1 chudob\u011b v jednotliv\u00fdch st\u00e1tech. Toto jsme demonstrovali ji\u017e v roce 2022.<\/span><\/em><\/p>\n<p><em><span dir=\"auto\">Tot\u00e9\u017e se jist\u011b d\u011bje i nyn\u00ed, v dne\u0161n\u00ed dob\u011b, nap\u0159\u00edklad v Africe, kde je masivn\u00ed nadm\u011brn\u00e1 \u00famrtnost, co\u017e je opravdu velk\u00fd probl\u00e9m. A tito v\u00fdzkumn\u00edci zde (viz slide ve videu na konci \u010dl\u00e1nku v \u010dasov\u00e9m okam\u017eiku 5:08 minut) vyd\u00e1vaj\u00ed r\u016fzn\u00e9 \u010dl\u00e1nky.<\/span><\/em><\/p>\n<p><em><span dir=\"auto\">Uveden\u00e9 \u010dl\u00e1nky ukazuj\u00ed m\u00edru t\u00e9to nadm\u011brn\u00e9 \u00famrtnosti, kter\u00e1 je zcela nelidsk\u00e1 a abnorm\u00e1ln\u00ed, a je zp\u016fsobena vyko\u0159is\u0165ov\u00e1n\u00edm \u2013 systematick\u00fdm strukturovan\u00fdm ekonomick\u00fdm vyko\u0159is\u0165ov\u00e1n\u00edm. O tom nen\u00ed pochyb.\u201c<\/span><\/em><\/p>\n<p><span dir=\"auto\">Rancourt na p\u0159\u00edkladu \u00famrtnosti ze v\u0161ech p\u0159\u00ed\u010din v Nizozemsku uk\u00e1zal prudk\u00fd n\u00e1r\u016fst nadm\u011brn\u00e9 \u00famrtnosti od roku 1940. Potom se trochu hloub\u011bji pono\u0159il do nadm\u011brn\u00e9 \u00famrtnosti podle p\u0159\u00ed\u010diny. Pouk\u00e1zal na anom\u00e1lii v tom, co se klasifikuje jako \u201enehody\u201c, co\u017e zahrnuje nehody, jako jsou dopravn\u00ed nehody, jako\u017e i p\u0159\u00edrodn\u00ed katastrofy.<\/span><\/p>\n<p><em><span dir=\"auto\">\\&#8220;V Nizozemsku b\u011bhem obdob\u00ed pandemie Covidu-19 m\u016f\u017eete vid\u011bt v\u00edce nehod u star\u0161\u00edch lid\u00ed, ale ne u mlad\u0161\u00edch dosp\u011bl\u00fdch. Jedn\u00edm ze z\u00e1v\u011br\u016f by mohlo b\u00fdt, \u017ee zv\u00fd\u0161en\u00e1 p\u00e9\u010de o star\u0161\u00ed lidi je v podstat\u011b zab\u00edj\u00ed, \\&#8220;\u00a0<\/span><\/em><span dir=\"auto\">\u00a0\u0159ekl Rancour.<\/span><\/p>\n<p><span dir=\"auto\">Pak se v\u011bnoval \u00famrt\u00edm na sez\u00f3nn\u00ed nachlazen\u00ed a ch\u0159ipku.<\/span><\/p>\n<p><em><span dir=\"auto\">\u201ePod\u00edv\u00e1te-li se na p\u0159\u00ed\u010diny \u00famrt\u00ed na sez\u00f3nn\u00ed respira\u010dn\u00ed onemocn\u011bn\u00ed, pak tato \u00famrt\u00ed b\u011bhem obdob\u00ed pandemie magicky zmizela\u2026 A nahradili je mimo jin\u00e9 i \u00famrt\u00ed na covid.\u201c<\/span><\/em><\/p>\n<p><span dir=\"auto\">Tak\u00e9 prok\u00e1zal \u0161kodlivost \u201evakc\u00edn\u201c proti covidu.<\/span><\/p>\n<p><em><span dir=\"auto\">\u201eKationtov\u00e9 nano\u010d\u00e1stice v mRNA injekc\u00edch jsou obzvl\u00e1\u0161t\u011b nebezpe\u010dn\u00e9, jsou cytotoxick\u00e9 pro bu\u0148ky,\u201c<\/span><\/em><span dir=\"auto\">\u00a0\u0159ekl Rancour.\u00a0<\/span><em><span dir=\"auto\">\u201eJejich toxicita byla dob\u0159e zn\u00e1ma a\u017e do roku 2019 a pak jsme jednodu\u0161e zapomn\u011bli, \u017ee tyto v\u011bci jsou extr\u00e9mn\u011b toxick\u00e9.\u201c<\/span><\/em><\/p>\n<p><span dir=\"auto\">Rancourt tedy p\u0159edv\u00eddal probl\u00e9my s\u00a0<\/span><a href=\"https:\/\/www.badatel.net\/nova-nosova-vakcina-proti-covidu-je-zrejme-rovnako-smrtelna-ako-mrna-injekcie-nedajte-sa-znova-nachytat\/\"><span dir=\"auto\">mRNA injekcemi<\/span><\/a><span dir=\"auto\">\u00a0proti covidu, jako jsou nemoci krve, mo\u010dov\u00fdch cest a reproduk\u010dn\u00edho syst\u00e9mu, a uk\u00e1zal svou anal\u00fdzu \u00famrt\u00ed v d\u016fsledku t\u011bchto zdravotn\u00edch stav\u016f.<\/span><\/p>\n<p><em><span dir=\"auto\">\\&#8220;Hned po roce 2020, kdy byly zavedeny vakc\u00edny, za\u010dal n\u00e1r\u016fst t\u011bchto \u00famrt\u00ed (v d\u016fsledku onemocn\u011bn\u00ed krve). A to odpov\u00edd\u00e1 riziku 0,001% na injekci &#8230; Tak\u017ee vakc\u00edny jsou v podstat\u011b stejn\u011b toxick\u00e9 jako kontaminovan\u00e1 krev, \\&#8220;<\/span><\/em><span dir=\"auto\">\u00a0\u0159ekl.<\/span><\/p>\n<p><em><span dir=\"auto\">\\&#8220;Pokud se pod\u00edv\u00e1te na nemoci mo\u010dov\u00e9ho a reproduk\u010dn\u00edho syst\u00e9mu, op\u011bt zaznamen\u00e1te tento n\u00e1r\u016fst, ne v roce 2020, ale kdy\u017e za\u010daly b\u00fdt dostupn\u00e9 vakc\u00edny. A proto je riziko vy\u0161\u0161\u00ed, zde o n\u011bco vy\u0161\u0161\u00ed, konkr\u00e9tn\u011b 0,005%, co\u017e je srovnateln\u00e9 s t\u00edm, co byste na\u0161li v \u00fadaj\u00edch z datab\u00e1z\u00ed sleduj\u00edc\u00edch ne\u017e\u00e1douc\u00ed \u00fa\u010dinky vakc\u00ed.<\/span><\/em><\/p>\n<p><span dir=\"auto\">Tak\u00e9 prok\u00e1zal d\u016fkazy o nadm\u011brn\u00fdch \u00famrt\u00edch v datech, kter\u00e1 nazna\u010duj\u00ed \u201ezneu\u017e\u00edv\u00e1n\u00ed\u201c star\u0161\u00edch lid\u00ed vedouc\u00ed k jejich smrti.<\/span><\/p>\n<p><span dir=\"auto\">P\u0159esto\u017ee neuv\u00e1d\u00ed, jakou formu toto zneu\u017e\u00edv\u00e1n\u00ed m\u011blo, \u0159ekl, \u017ee \u0161lo o v\u011bkov\u00e9 skupiny, kter\u00e9 jsou s v\u011bt\u0161\u00ed pravd\u011bpodobnost\u00ed institucionalizovan\u00e9 v domovech soci\u00e1ln\u00edch slu\u017eeb, pe\u010dovatelsk\u00fdch domech, nemocnic\u00edch, atp.<\/span><\/p>\n<p><em><span dir=\"auto\">\\&#8220;V letech pandemie Covidu-19 m\u00e1te tuto vy\u0161\u0161\u00ed \u00famrtnost a ta do dne\u0161n\u00edch dob st\u00e1le p\u0159etrv\u00e1v\u00e1. A plat\u00ed to pro v\u0161echny v\u011bkov\u00e9 kategorie, po\u010d\u00ednaje p\u0159ibli\u017en\u011b 60. rokem \u017eivota; tedy v\u011bkem, kdy\u017e jste institucionalizov\u00e1ni, kdy doch\u00e1z\u00ed k t\u00e9to jasn\u00e9 zm\u011bn\u011b re\u017eimu sm\u011brem k vy\u0161\u0161\u00ed \u00famrtnosti. \\&#8220;Tato zm\u011bna re\u017eimu je v<\/span><\/em><span dir=\"auto\">\u00a0.<\/span><\/p>\n<p><span dir=\"auto\">Rancourt uk\u00e1zal graf t\u00fddenn\u00edch P-sk\u00f3re od roku 2015 do roku 2025 pro 80 a v\u00edce ro\u010dn\u00edch v Nizozemsku a \u0159ekl:<\/span><\/p>\n<p><em><span dir=\"auto\">\\&#8220;To je d\u016fkaz, \u017ee tyto velk\u00e9 vrcholy p\u0159edstavuj\u00ed zrychlen\u00e1 \u00famrt\u00ed star\u0161\u00edch lid\u00ed. Zem\u0159eli by pozd\u011bji v n\u00e1sleduj\u00edc\u00edch t\u00fddnech a m\u011bs\u00edc\u00edch, ale nezem\u0159eli. Tak\u017ee v porovn\u00e1n\u00ed s historick\u00fdm trendem jde o negativn\u00ed trend (viz \u010derven\u00e9 te\u010dky na obr\u00e1zku n\u00ed\u017ee). Jde o demonstraci zneu\u017e\u00edv\u00e1n\u00ed a n\u011b\u010deho, co se d\u011bje a co je p\u0159\u00edmo zam\u011b\u0159en\u00e9.<\/span><\/em><\/p>\n<p><span dir=\"auto\">Zde m\u016f\u017eete vid\u011bt graf nadm\u011brn\u00fdch \u00famrt\u00ed u lid\u00ed nad 80 let:<\/span><\/p>\n<p><img decoding=\"async\" loading=\"lazy\" class=\"aligncenter  wp-image-71221\" src=\"https:\/\/www.badatel.net\/wp-content\/uploads\/2025\/12\/graf-umrtnost.jpg\" sizes=\"(max-width: 902px) 100vw, 902px\" srcset=\"https:\/\/www.badatel.net\/wp-content\/uploads\/2025\/12\/graf-umrtnost.jpg 902w, https:\/\/www.badatel.net\/wp-content\/uploads\/2025\/12\/graf-umrtnost-300x219.jpg 300w, https:\/\/www.badatel.net\/wp-content\/uploads\/2025\/12\/graf-umrtnost-768x559.jpg 768w\" alt=\"\" width=\"577\" height=\"420\" \/><\/p>\n<p><strong><span dir=\"auto\">Co m\u016f\u017eeme z grafu vy\u010d\u00edst:<\/span><\/strong><\/p>\n<ul>\n<li><span dir=\"auto\">prvn\u00ed prudk\u00fd n\u00e1r\u016fst nadm\u011brn\u00e9 \u00famrtnosti nast\u00e1v\u00e1 b\u011bhem lockdown\u016f v roce 2020<\/span><\/li>\n<li><span dir=\"auto\">dal\u0161\u00ed n\u00e1r\u016fsty za\u010d\u00ednaj\u00ed u \u010derven\u00fdch te\u010dek, kdy se pod\u00e1vala 1., 2. a 3. d\u00e1vka vakc\u00edny<\/span><\/li>\n<li><span dir=\"auto\">pozd\u011bji se nadm\u011brn\u00e1 \u00famrtnost trvale ust\u00e1lila v rozmez\u00ed 10-20% oproti obdob\u00ed p\u0159ed pandemi\u00ed<\/span><\/li>\n<\/ul>\n<h2><span dir=\"auto\">Z\u00e1v\u011br<\/span><\/h2>\n<p><span dir=\"auto\">Po pou\u017eit\u00ed Nizozemska jako p\u0159\u00edkladu Rancourt n\u00e1sledn\u011b diskutoval o nadm\u011brn\u00e9 \u00famrtnosti na cel\u00e9m sv\u011bt\u011b s pou\u017eit\u00edm \u00fadaj\u016f ze 125 zem\u00ed.<\/span><\/p>\n<p><span dir=\"auto\">Rancourt ve sv\u00e9 prezentaci shrnul mno\u017estv\u00ed informac\u00ed, kter\u00e9 by nebylo mo\u017en\u00e9 popsat v souhrnn\u00e9m popisu. V\u0161em \u010dten\u00e1\u0159\u016fm doporu\u010dujeme, aby si prohl\u00e9dli celou jeho prezentaci ve videu n\u00ed\u017ee (v angli\u010dtin\u011b):<\/span><\/p>\n<p><span dir=\"auto\">Autor: Rhoda Wilsonov\u00e1, Zdroj:\u00a0<\/span><a href=\"https:\/\/expose-news.com\/2025\/12\/02\/denis-rancourt-the-law-of-excess-mortality\/\" target=\"_blank\" rel=\"noopener\"><span dir=\"auto\">expose-news.com<\/span><\/a><\/p>\n<p>&nbsp;<\/p>\n","protected":false},"excerpt":{"rendered":"<p>Denis Rancourt zkoum\u00e1 nadm\u011brnou \u00famrtnost od \u00e9ry covidu u\u017e p\u011bt let. Stru\u010dn\u011b \u0159e\u010deno, nadm\u011brn\u00e1 \u00famrt\u00ed&#8230;<\/p>\n","protected":false},"author":2,"featured_media":94670,"comment_status":"closed","ping_status":"closed","sticky":false,"template":"","format":"standard","meta":[],"categories":[7],"tags":[593,839,1569],"_links":{"self":[{"href":"https:\/\/www.infokuryr.cz\/n\/wp-json\/wp\/v2\/posts\/94669"}],"collection":[{"href":"https:\/\/www.infokuryr.cz\/n\/wp-json\/wp\/v2\/posts"}],"about":[{"href":"https:\/\/www.infokuryr.cz\/n\/wp-json\/wp\/v2\/types\/post"}],"author":[{"embeddable":true,"href":"https:\/\/www.infokuryr.cz\/n\/wp-json\/wp\/v2\/users\/2"}],"replies":[{"embeddable":true,"href":"https:\/\/www.infokuryr.cz\/n\/wp-json\/wp\/v2\/comments?post=94669"}],"version-history":[{"count":0,"href":"https:\/\/www.infokuryr.cz\/n\/wp-json\/wp\/v2\/posts\/94669\/revisions"}],"wp:featuredmedia":[{"embeddable":true,"href":"https:\/\/www.infokuryr.cz\/n\/wp-json\/wp\/v2\/media\/94670"}],"wp:attachment":[{"href":"https:\/\/www.infokuryr.cz\/n\/wp-json\/wp\/v2\/media?parent=94669"}],"wp:term":[{"taxonomy":"category","embeddable":true,"href":"https:\/\/www.infokuryr.cz\/n\/wp-json\/wp\/v2\/categories?post=94669"},{"taxonomy":"post_tag","embeddable":true,"href":"https:\/\/www.infokuryr.cz\/n\/wp-json\/wp\/v2\/tags?post=94669"}],"curies":[{"name":"wp","href":"https:\/\/api.w.org\/{rel}","templated":true}]}}