{"id":94665,"date":"2025-12-15T06:31:31","date_gmt":"2025-12-15T05:31:31","guid":{"rendered":"https:\/\/www.infokuryr.cz\/n\/?p=94665"},"modified":"2025-12-15T06:31:31","modified_gmt":"2025-12-15T05:31:31","slug":"otec-a-syn-byli-identifikovani-jako-podezreli-z-utoku-na-oslavu-chanuky-v-australii","status":"publish","type":"post","link":"https:\/\/www.infokuryr.cz\/n\/2025\/12\/15\/otec-a-syn-byli-identifikovani-jako-podezreli-z-utoku-na-oslavu-chanuky-v-australii\/","title":{"rendered":"Otec a syn byli identifikov\u00e1ni jako podez\u0159el\u00ed z \u00fatoku na oslavu Chanuky v Austr\u00e1lii"},"content":{"rendered":"<div id=\"fb-root\"><\/div>\n<h3>Dva ozbrojenci, kte\u0159\u00ed v ned\u011bli na pl\u00e1\u017ei Bondi Beach zabili nejm\u00e9n\u011b 16 lid\u00ed, \u00fadajn\u011b p\u0159\u00edsahali v\u011brnost teroristick\u00e9 skupin\u011b Isl\u00e1msk\u00fd st\u00e1t (IS).<\/h3>\n<p data-start=\"180\" data-end=\"436\"><span dir=\"auto\">Otec a syn byli identifikov\u00e1ni jako podez\u0159el\u00ed z \u00fatoku na \u010dleny \u017eidovsk\u00e9 komunity na pl\u00e1\u017ei Bondi Beach v Austr\u00e1lii, uvedla policie.<\/span><\/p>\n<p data-start=\"588\" data-end=\"812\"><span dir=\"auto\">V ned\u011bli oba \u00fato\u010dn\u00edci zah\u00e1jili palbu na lidi shrom\u00e1\u017ed\u011bn\u00e9 na p\u0159edm\u011bst\u00ed Sydney, aby si p\u0159ipomn\u011bli prvn\u00ed den Chanuky, p\u0159i\u010dem\u017e zabili nejm\u00e9n\u011b 16 lid\u00ed a des\u00edtky jich zranili. Policie Queenslandu uvedla, \u017ee \u00fatok je pova\u017eov\u00e1n za teroristick\u00fd \u010din.<\/span><\/p>\n<p data-start=\"814\" data-end=\"999\"><span dir=\"auto\">Policie identifikovala podez\u0159el\u00e9 jako Sajida Akrama a jeho syna Naveeda Akrama. Policejn\u00ed komisa\u0159 Nov\u00e9ho Ji\u017en\u00edho Walesu Mal Lanyon novin\u00e1\u0159\u016fm \u0159ekl, \u017ee Sajid Akram byl na m\u00edst\u011b zabit, zat\u00edmco jeho syn je v\u00a0<\/span><em><span dir=\"auto\">\u201ekritick\u00e9m, ale stabilizovan\u00e9m stavu\u201c<\/span><\/em><span dir=\"auto\">\u00a0a z\u016fst\u00e1v\u00e1 v nemocnici. Dodal, \u017ee Sajid Akram leg\u00e1ln\u011b vlastnil \u0161est st\u0159eln\u00fdch zbran\u00ed.<\/span><\/p>\n<p data-start=\"814\" data-end=\"999\"><em><span dir=\"auto\">\u201e\u00da\u0159ady o obou t\u011bchto mu\u017e\u00edch v\u011bd\u011bly jen m\u00e1lo,\u201c<\/span><\/em><span dir=\"auto\">\u00a0\u0159ekl Lanyon.<\/span><\/p>\n<p data-start=\"814\" data-end=\"999\"><span dir=\"auto\">Australsk\u00e1 ve\u0159ejnopr\u00e1vn\u00ed televize ABC uvedla, \u017ee vy\u0161et\u0159ovatel\u00e9 protiteroristick\u00e9ho odd\u011blen\u00ed se domn\u00edvaj\u00ed, \u017ee Akramovi p\u0159\u00edsahali v\u011brnost Isl\u00e1msk\u00e9mu st\u00e1tu (IS, d\u0159\u00edve ISIS\/ISIL). Vlajka t\u00e9to skupiny byla \u00fadajn\u011b nalezena v jejich aut\u011b.<\/span><\/p>\n<p data-start=\"814\" data-end=\"999\"><span dir=\"auto\">Podle s\u00edt\u011b australsk\u00e1 zpravodajsk\u00e1 agentura ASIO p\u0159ed \u0161esti lety vy\u0161et\u0159ovala Naveeda Akrama kv\u016fli jeho vazb\u00e1m na sympatizanta IS Isaaca El Matariho, kter\u00fd byl v roce 2019 zat\u010den za pl\u00e1nov\u00e1n\u00ed teroristick\u00e9ho \u00fatoku a pozd\u011bji odsouzen k trestu odn\u011bt\u00ed svobody.<\/span><\/p>\n<p data-start=\"814\" data-end=\"999\"><span dir=\"auto\">\u0160\u00e9f ASIO Mike Burgess potvrdil, \u017ee jeden z podez\u0159el\u00fdch byl agentu\u0159e zn\u00e1m, ale\u00a0<\/span><em><span dir=\"auto\">\u201ene z hlediska bezprost\u0159edn\u00ed hrozby\u201c.<\/span><\/em><\/p>\n<p data-start=\"814\" data-end=\"999\"><span dir=\"auto\">Premi\u00e9r Anthony Albanese st\u0159elbu odsoudil jako\u00a0<\/span><em><span dir=\"auto\">\u201ezl\u00fd akt antisemitismu a terorismu, kter\u00fd zas\u00e1hl srdce na\u0161eho n\u00e1roda\u201c.<\/span><\/em><\/p>\n<p data-start=\"814\" data-end=\"999\"><em><span dir=\"auto\">\u201e\u00datok na \u017eidovsk\u00e9 Australany je \u00fatokem na ka\u017ed\u00e9ho Australana,\u201c<\/span><\/em><span dir=\"auto\">\u00a0dodal.<\/span><\/p>\n<p data-start=\"814\" data-end=\"999\"><span dir=\"auto\">Izrael\u0161t\u00ed p\u0159edstavitel\u00e9 a \u017eidovsk\u00e9 skupiny ji\u017e d\u0159\u00edve obvinily Austr\u00e1lii z d\u00e9monizace Izraele kv\u016fli v\u00e1lce v Gaze a z toho, \u017ee ned\u011bl\u00e1 dost pro boj s antisemitismem.<\/span><\/p>\n<h2 class=\"article__heading\"><span dir=\"auto\">State\u010dn\u00fd kolemjdouc\u00ed odzbrojil st\u0159elce p\u0159i teroristick\u00e9m \u00fatoku v Sydney<\/span><\/h2>\n<p><img decoding=\"async\" loading=\"lazy\" class=\"aligncenter\" src=\"https:\/\/mf.b37mrtl.ru\/files\/2025.12\/xxs\/693ef27e2030275d2049a2fb.jpg\" alt=\"State\u010dn\u00fd kolemjdouc\u00ed odzbrojil st\u0159elce p\u0159i teroristick\u00e9m \u00fatoku v Sydney (VIDEO)\" width=\"597\" height=\"335\" \/><\/p>\n<h4>M\u00edstn\u00ed muslim naru\u0161il \u00fatok na \u017eidovskou komunitn\u00ed akci v Sydney a zabavil jednomu z \u00fato\u010dn\u00edk\u016f st\u0159elnou zbra\u0148.<\/h4>\n<p><span dir=\"auto\">Podle z\u00e1b\u011br\u016f koluj\u00edc\u00edch na internetu zas\u00e1hl v ned\u011bli p\u0159i smrt\u00edc\u00edm \u00fatoku na pl\u00e1\u017ei Bondi v Sydney neozbrojen\u00fd kolemjdouc\u00ed a odzbrojil jednoho z ozbrojenc\u016f.<\/span><\/p>\n<p><span dir=\"auto\">Dva ozbrojenci v ned\u011bli za\u00fato\u010dili na akci Chanuka u mo\u0159e a post\u0159elili n\u011bkolik \u010dlen\u016f m\u00edstn\u00ed \u017eidovsk\u00e9 komunity.<\/span><\/p>\n<p><span dir=\"auto\">Jeden z \u00fato\u010dn\u00edk\u016f byl zabit polici\u00ed a dal\u0161\u00ed byl v kritick\u00e9m stavu zadr\u017een. \u00datok si vy\u017e\u00e1dal nejm\u00e9n\u011b 12 mrtv\u00fdch a v\u00edce ne\u017e dv\u011b des\u00edtky zran\u011bn\u00fdch.<\/span><\/p>\n<p><span dir=\"auto\">Z\u00e1b\u011bry koluj\u00edc\u00ed na internetu ukazuj\u00ed mu\u017ee st\u0159edn\u00edho v\u011bku, kter\u00e9ho m\u00e9dia identifikovala jako Ahmeda al-Ahmeda, majitele obchodu s ovocem a \u010dlena m\u00edstn\u00ed muslimsk\u00e9 komunity, jak se pl\u00ed\u017e\u00ed k jednomu z \u00fato\u010dn\u00edk\u016f.<\/span><\/p>\n<p><span dir=\"auto\">Mu\u017e vyrval st\u0159elci zbra\u0148, kter\u00fd byl donucen ustoupit sv\u00e9mu komplici.<\/span><\/p>\n<p><span dir=\"auto\">Al-Ahmed utrp\u011bl nejm\u00e9n\u011b dv\u011b st\u0159eln\u00e1 zran\u011bn\u00ed a byl hospitalizov\u00e1n, a\u010dkoli podle p\u0159\u00edbuzn\u00fdch se p\u0159edpokl\u00e1d\u00e1, \u017ee jeho stav neohro\u017euje \u017eivot. Z\u00e1b\u011bry Al-Ahmenova state\u010dn\u00e9ho z\u00e1sahu se okam\u017eit\u011b staly vir\u00e1ln\u00edmi. Byl v\u0161eobecn\u011b oslavov\u00e1n jako hrdina, kter\u00e9mu se poda\u0159ilo zabr\u00e1nit dal\u0161\u00edmu krveprolit\u00ed.<\/span><\/p>\n<h2 class=\"article__heading\"><span dir=\"auto\">St\u0159elba v Sydney byla \u201eantisemitsk\u00fdm teroristick\u00fdm \u00fatokem\u201c, uvedl australsk\u00fd premi\u00e9r<\/span><\/h2>\n<p><img decoding=\"async\" loading=\"lazy\" class=\"aligncenter\" src=\"https:\/\/mf.b37mrtl.ru\/files\/2025.12\/xxs\/693ed2ee85f54004224c3999.jpg\" alt=\"St\u0159elba v Sydney byla \u201eantisemitsk\u00fdm teroristick\u00fdm \u00fatokem\u201c, uvedl australsk\u00fd premi\u00e9r.\" width=\"580\" height=\"325\" \/><\/p>\n<h4 data-start=\"814\" data-end=\"999\">Dva ozbrojenci za\u00fato\u010dili na oslavu Chanuky na pl\u00e1\u017ei Bondi a zabili nejm\u00e9n\u011b 16 lid\u00ed.<\/h4>\n<p><span dir=\"auto\">Australsk\u00fd premi\u00e9r Anthony Albanese odsoudil st\u0159elbu na pl\u00e1\u017ei Bondi Beach v Sydney jako\u00a0<\/span><em><span dir=\"auto\">\u201eakty zl\u00e9ho antisemitismu\u201c a<\/span><\/em><span dir=\"auto\"> sl\u00edbil rozhodnou reakci na \u00fatok. Incident si vy\u017e\u00e1dal nejm\u00e9n\u011b 16 mrtv\u00fdch a v\u00edce ne\u017e dv\u011b des\u00edtky zran\u011bn\u00fdch.<\/span><\/p>\n<p><span dir=\"auto\">\u00datok v ned\u011bli sp\u00e1chali dva ozbrojenci, kte\u0159\u00ed se zam\u011b\u0159ili na oslavu \u201eChanuky u mo\u0159e\u201c. Jeden z \u00fadajn\u00fdch \u00fato\u010dn\u00edk\u016f byl zabit v n\u00e1sledn\u00e9 p\u0159est\u0159elce s polici\u00ed; druh\u00fd byl v kritick\u00e9m stavu vzat do vazby.<\/span><\/p>\n<p><span dir=\"auto\">Policie uvedla, \u017ee st\u0159elbu vy\u0161et\u0159uje jako\u00a0<\/span><em><span dir=\"auto\">\u201eteroristick\u00fd incident\u201c.<\/span><\/em><span dir=\"auto\">\u00a0Z auta spojen\u00e9ho s \u00fato\u010dn\u00edky zaparkovan\u00e9ho pobl\u00ed\u017e pl\u00e1\u017ee byla zaji\u0161t\u011bna\u00a0\u0159ada\u00a0<\/span><em><span dir=\"auto\">\u201epodez\u0159el\u00fdch za\u0159\u00edzen\u00ed\u201c, o nich\u017e se p\u0159edpokl\u00e1d\u00e1, \u017ee jsou to improvizovan\u00e9 v\u00fdbu\u0161niny.<\/span><\/em><\/p>\n<p><span dir=\"auto\">Australsk\u00fd premi\u00e9r \u00fatok odsoudil a sl\u00edbil, \u017ee\u00a0<\/span><em><span dir=\"auto\">v na\u0161\u00ed zemi vym\u00fdt\u00ed \u201enen\u00e1vist, n\u00e1sil\u00ed a terorismus\u201c.<\/span><\/em><\/p>\n<p><em><span dir=\"auto\">\u201eV Bondi do\u0161lo k ni\u010div\u00e9mu teroristick\u00e9mu incidentu b\u011bhem oslav Chanuky u mo\u0159e. Jde o c\u00edlen\u00fd \u00fatok na \u017eidovsk\u00e9 Australany prvn\u00ed den Chanuky, kter\u00e1 by m\u011bla b\u00fdt dnem radosti, oslavou v\u00edry. [Tento \u00fatok je] aktem zl\u00e9ho antisemitismu, terorismu, kter\u00fd zas\u00e1hl srdce na\u0161eho n\u00e1roda,\u201c<\/span><\/em><span dir=\"auto\">\u00a0\u0159ekl Albanese.<\/span><\/p>\n<p><span dir=\"auto\">B\u011bhem \u00fatoku byl jeden z ozbrojenc\u016f p\u0159epaden kolemjdouc\u00edm, kter\u00fd mu podle vide\u00ed koluj\u00edc\u00edch na internetu vyrval zbra\u0148. Odzbrojen\u00fd \u00fato\u010dn\u00edk se st\u00e1hl ke sv\u00e9mu komplici a z\u0159ejm\u011b si od n\u011bj vzal z\u00e1lo\u017en\u00ed zbra\u0148. Podle z\u00e1b\u011br\u016f kolemjdouc\u00ed utrp\u011bl p\u0159i pokusu o \u00fat\u011bk nejm\u00e9n\u011b dv\u011b st\u0159eln\u00e1 zran\u011bn\u00ed.<\/span><\/p>\n<p><span dir=\"auto\">M\u00edstn\u00ed m\u00e9dia identifikovala mu\u017ee jako 43let\u00e9ho majitele obchodu s ovocem a \u010dlena m\u00edstn\u00ed muslimsk\u00e9 komunity. Byl hospitalizov\u00e1n se zran\u011bn\u00edmi, kter\u00e1 neohro\u017euj\u00ed \u017eivot.\u00a0<\/span><\/p>\n<p><span dir=\"auto\">P\u0159i \u00fatoku zem\u0159el Eli Schlanger, pomocn\u00fd rab\u00edna v hnut\u00ed Chabad v Bondi a jeden z organiz\u00e1tor\u016f akce. Schlanger byl siln\u00fdm zast\u00e1ncem Izraele b\u011bhem konfliktu v Gaze a opakovan\u011b tam cestoval, aby se setkal s izraelsk\u00fdmi jednotkami. Mezi zran\u011bn\u00fdmi bylo i n\u011bkolik dal\u0161\u00edch vyslanc\u016f Chabadu, potvrdil mluv\u010d\u00ed Chabadu Izrael.<\/span><\/p>\n<p><img decoding=\"async\" loading=\"lazy\" class=\"alignnone size-full wp-image-1185\" src=\"http:\/\/www.infokuryr.cz\/n\/wp-content\/uploads\/2021\/04\/kuryr-podpis.png\" alt=\"\" width=\"84\" height=\"24\" \/><\/p>\n<p>&nbsp;<\/p>\n","protected":false},"excerpt":{"rendered":"<p>Dva ozbrojenci, kte\u0159\u00ed v ned\u011bli na pl\u00e1\u017ei Bondi Beach zabili nejm\u00e9n\u011b 16 lid\u00ed, \u00fadajn\u011b p\u0159\u00edsahali&#8230;<\/p>\n","protected":false},"author":2,"featured_media":94666,"comment_status":"closed","ping_status":"closed","sticky":false,"template":"","format":"standard","meta":[],"categories":[7],"tags":[434,871,9249,10263],"_links":{"self":[{"href":"https:\/\/www.infokuryr.cz\/n\/wp-json\/wp\/v2\/posts\/94665"}],"collection":[{"href":"https:\/\/www.infokuryr.cz\/n\/wp-json\/wp\/v2\/posts"}],"about":[{"href":"https:\/\/www.infokuryr.cz\/n\/wp-json\/wp\/v2\/types\/post"}],"author":[{"embeddable":true,"href":"https:\/\/www.infokuryr.cz\/n\/wp-json\/wp\/v2\/users\/2"}],"replies":[{"embeddable":true,"href":"https:\/\/www.infokuryr.cz\/n\/wp-json\/wp\/v2\/comments?post=94665"}],"version-history":[{"count":0,"href":"https:\/\/www.infokuryr.cz\/n\/wp-json\/wp\/v2\/posts\/94665\/revisions"}],"wp:featuredmedia":[{"embeddable":true,"href":"https:\/\/www.infokuryr.cz\/n\/wp-json\/wp\/v2\/media\/94666"}],"wp:attachment":[{"href":"https:\/\/www.infokuryr.cz\/n\/wp-json\/wp\/v2\/media?parent=94665"}],"wp:term":[{"taxonomy":"category","embeddable":true,"href":"https:\/\/www.infokuryr.cz\/n\/wp-json\/wp\/v2\/categories?post=94665"},{"taxonomy":"post_tag","embeddable":true,"href":"https:\/\/www.infokuryr.cz\/n\/wp-json\/wp\/v2\/tags?post=94665"}],"curies":[{"name":"wp","href":"https:\/\/api.w.org\/{rel}","templated":true}]}}