{"id":94655,"date":"2025-12-15T00:22:56","date_gmt":"2025-12-14T23:22:56","guid":{"rendered":"https:\/\/www.infokuryr.cz\/n\/?p=94655"},"modified":"2025-12-14T15:43:52","modified_gmt":"2025-12-14T14:43:52","slug":"jiri-vyvadil-do-dna-mila-opozice-pekne-do-dna","status":"publish","type":"post","link":"https:\/\/www.infokuryr.cz\/n\/2025\/12\/15\/jiri-vyvadil-do-dna-mila-opozice-pekne-do-dna\/","title":{"rendered":"Ji\u0159\u00ed Vyvadil: Do dna, mil\u00e1 opozice, p\u011bkn\u011b do dna\u2026"},"content":{"rendered":"<div id=\"fb-root\"><\/div>\n<p><strong>Nov\u011b vznikaj\u00edc\u00ed opozice (dokonale bude doklepl\u00e1 v pond\u011bl\u00ed po jmenov\u00e1n\u00ed Babi\u0161ovy vl\u00e1dy) st\u00e1le je\u0161t\u011b nech\u00e1pe, vo co go.<\/strong><\/p>\n<p style=\"font-weight: 400;\">Anebo h\u016f\u0159 \u2013 ch\u00e1pe, ale,\u00a0 d\u011bl\u00e1 koninu za koninou, \u010d\u00edm\u017e v n\u00e1s, kte\u0159\u00ed jsme museli \u010dty\u0159i roky poslouchat nad\u00e1vky do dezol\u00e1t\u016f, dezinform\u00e1tor\u016f, extremist\u016f \u010di dokonce svin\u00ed, vzbuzuje pocity zadostiu\u010din\u011bn\u00ed a radosti.<\/p>\n<p style=\"font-weight: 400;\">V\u011bd\u011bli jsme, \u017ee to mus\u00ed p\u0159ij\u00edt. A p\u0159i\u0161lo to.<\/p>\n<p style=\"font-weight: 400;\">A je to sladk\u00e9.<\/p>\n<p style=\"font-weight: 400;\">Bylo roztomilou etudou, kdy\u017e delegace p\u0159edstavitel\u016f opozi\u010dn\u00edch klub\u016f dorazila na Slovensko, kdy\u017e p\u0159edt\u00edm \u010dty\u0159i roky ost\u0159e odm\u00edtala s\u00a0n\u00edm jednat pro nesouhlas s\u00a0politikou zejm\u00e9na Fica jednat a byla nemile p\u0159ekvapena, \u017ee je nikdo z\u00a0\u00fastavn\u00edch \u010dinitel\u016f nehodl\u00e1 p\u0159ijmout. Oni jsou fakt tup\u00ed\u2026<\/p>\n<p style=\"font-weight: 400;\">Sami\u00a0\u00a0o sob\u011b tvrd\u00ed, jak jsou proz\u00e1padn\u00ed a i kdy\u017e hlavn\u00ed z\u00e1sadou z\u00e1padn\u00edho modelu \u0159\u00edzen\u00ed spole\u010dnosti je st\u0159\u00edd\u00e1n\u00ed vl\u00e1d, nech\u00e1pou, \u017ee nov\u00e1 vl\u00e1da bude m\u00edt i novou politiku a to zahrnuje samoz\u0159ejm\u011b i tu zahrani\u010dn\u00ed.<\/p>\n<p style=\"font-weight: 400;\">To, \u017ee Fialova vsadila na nekone\u010dnou v\u00e1lku proti Rusku prost\u0159ednictv\u00edm Ukrajiny a za neust\u00e1l\u00e9 finan\u010dn\u00ed i muni\u010dn\u00ed podpory \u010ceska a hodlala by v\u00a0n\u00ed pokra\u010dovat i nad\u00e1le, pokud by nepadla, logicky vede k\u00a0tomu, \u017ee Babi\u0161ova nechce j\u00edt t\u00edmto sm\u011brem a nepochybn\u011b v\u00a0souladu s\u00a0m\u00edn\u011bn\u00edm sv\u00fdch voli\u010d\u016f.<\/p>\n<p style=\"font-weight: 400;\">M\u011bli v\u017edycky pln\u00e9 huby bl\u00e1bol\u016f o euroatlantismu, ale v\u00a0okam\u017eiku, kdy v\u016fdce Z\u00e1padu Donald Trump zcela novou revolu\u010dn\u00ed\u00a0\u00a0zahrani\u010dn\u00ed strategi\u00ed zavelel k\u00a0co nejrychlej\u0161\u00edmu prosazov\u00e1n\u00ed m\u00edru a narovn\u00e1n\u00ed s\u00a0Ruskem, je jim euroatlantismus najednou ciz\u00ed\u2026<\/p>\n<p style=\"font-weight: 400;\">\u201eOstuda a zbab\u011blost\u201c. Tak volala nov\u00e1 opozice zd\u011b\u0161en\u011b a \u00fato\u010d\u00ed na Babi\u0161e za jeho slova, \u017ee kasa je pr\u00e1zdn\u00e1 a \u017ee\u00a0\u00a0financovat Ukrajinu nebude.<\/p>\n<p style=\"font-weight: 400;\">Dosluhuj\u00edc\u00ed ministr pro\u00a0evropsk\u00e9 z\u00e1le\u017eitosti Martin Dvo\u0159\u00e1k, kter\u00fd sv\u00fdmi projevy tak odpuzoval z\u0159ejm\u011b i voli\u010de sv\u00e9 strany, \u017ee ho nezvolili ani poslancem a kter\u00fd u\u017e z\u00edtra kon\u010d\u00ed po z\u00e1sluze ve funkci a jeho\u017e \u010dist\u011b r\u00e9torick\u00e9 ministerstvo t\u00edm i zanikne, dramaticky pronesl , \u017ee se\u00a0to m\u016f\u017ee vymst\u00edt, a\u017e\u00a0se\u00a0pr\u00fd Putin p\u0159ibl\u00ed\u017e\u00ed k\u00a0\u010desk\u00e9 hranici.<\/p>\n<p style=\"font-weight: 400;\">Opakuje se : Podobn\u011b bl\u00e1bolil o tanc\u00edch v\u00a0Praze u\u017e Fiala.<\/p>\n<p style=\"font-weight: 400;\">Bohud\u00edk, to \u017ee Ursula von der Leyen, kter\u00e1 se sna\u017e\u00ed p\u0159em\u011bnit EU v\u00a0n\u00e1stroj v\u011b\u010dn\u00e9 v\u00e1lky proti Rusku nen\u00ed zase\u00a0\u00a0p\u0159ij\u00edm\u00e1no v\u0161emi hlasy sv\u011bd\u010d\u00ed, \u017ee Babi\u0161\u016fv\u00a0postoj ale nen\u00ed ojedin\u011bl\u00fd, vedle Belgie, Ma\u010farska a\u00a0Slovenska se\u00a0kriticky k\u00a0n\u00e1vrh\u016fm EK ohledn\u011b financov\u00e1n\u00ed Ukrajiny stav\u00ed It\u00e1lie, Bulharsko a\u00a0Malta.<\/p>\n<p style=\"font-weight: 400;\">Mimochodem Babi\u0161 hned prvn\u00ed den sv\u00e9 pracovn\u00ed n\u00e1v\u0161t\u011bvy v\u00a0Bruselu p\u0159itvrdil a ne sv\u00e9m \u00a0videu\u00a0na s\u00edti X\u00a0dnes \u0159ekl, \u017ee souhlas\u00ed s\u00a0belgick\u00fdm premi\u00e9rem Bartem De Weverem, se\u00a0kter\u00fdm se\u00a0ve\u00a0\u010dtvrtek setkal v\u00a0Bruselu. \u201eEvropsk\u00e1 komise mus\u00ed naj\u00edt jin\u00e9 zp\u016fsoby financov\u00e1n\u00ed Ukrajiny,\u201c uvedl. \u201eNem\u00e1me pen\u00edze\u00a0pro\u00a0jin\u00e9 st\u00e1ty a\u00a0to mus\u00ed vy\u0159e\u0161it Evropsk\u00e1 unie jin\u00fdm zp\u016fsobem, ale my j\u00ed nebudeme ru\u010dit za\u00a0nic, ani tam nebudeme d\u00e1vat pen\u00edze,\u201c dodal.<\/p>\n<p style=\"font-weight: 400;\">J\u00edzda za\u010d\u00edn\u00e1 a Andrej Babi\u0161 za\u010d\u00edn\u00e1 p\u011bkn\u011b zostra.<\/p>\n<p style=\"font-weight: 400;\">Bu\u010f zdr\u00e1vo, \u010cesko. Po \u010dty\u0159ech letech nesvobody. Kone\u010dn\u011b.<\/p>\n<p><a href=\"https:\/\/vasevec.info\/domaci-politika\/do-dna-mila-opozice-pekne-do-dna\">Ji\u0159\u00ed Vyvadil<\/a><\/p>\n<p><img decoding=\"async\" loading=\"lazy\" class=\"alignnone size-medium wp-image-16474\" src=\"http:\/\/www.infokuryr.cz\/n\/wp-content\/uploads\/2022\/10\/jiri-vyvadil-300x200.jpg\" alt=\"\" width=\"300\" height=\"200\" srcset=\"https:\/\/www.infokuryr.cz\/n\/wp-content\/uploads\/2022\/10\/jiri-vyvadil-300x200.jpg 300w, https:\/\/www.infokuryr.cz\/n\/wp-content\/uploads\/2022\/10\/jiri-vyvadil-768x512.jpg 768w, https:\/\/www.infokuryr.cz\/n\/wp-content\/uploads\/2022\/10\/jiri-vyvadil.jpg 800w\" sizes=\"(max-width: 300px) 100vw, 300px\" \/><\/p>\n","protected":false},"excerpt":{"rendered":"<p>Nov\u011b vznikaj\u00edc\u00ed opozice (dokonale bude doklepl\u00e1 v pond\u011bl\u00ed po jmenov\u00e1n\u00ed Babi\u0161ovy vl\u00e1dy) st\u00e1le je\u0161t\u011b nech\u00e1pe,&#8230;<\/p>\n","protected":false},"author":2,"featured_media":89228,"comment_status":"closed","ping_status":"closed","sticky":false,"template":"","format":"standard","meta":[],"categories":[6],"tags":[9369,1503,441,99],"_links":{"self":[{"href":"https:\/\/www.infokuryr.cz\/n\/wp-json\/wp\/v2\/posts\/94655"}],"collection":[{"href":"https:\/\/www.infokuryr.cz\/n\/wp-json\/wp\/v2\/posts"}],"about":[{"href":"https:\/\/www.infokuryr.cz\/n\/wp-json\/wp\/v2\/types\/post"}],"author":[{"embeddable":true,"href":"https:\/\/www.infokuryr.cz\/n\/wp-json\/wp\/v2\/users\/2"}],"replies":[{"embeddable":true,"href":"https:\/\/www.infokuryr.cz\/n\/wp-json\/wp\/v2\/comments?post=94655"}],"version-history":[{"count":0,"href":"https:\/\/www.infokuryr.cz\/n\/wp-json\/wp\/v2\/posts\/94655\/revisions"}],"wp:featuredmedia":[{"embeddable":true,"href":"https:\/\/www.infokuryr.cz\/n\/wp-json\/wp\/v2\/media\/89228"}],"wp:attachment":[{"href":"https:\/\/www.infokuryr.cz\/n\/wp-json\/wp\/v2\/media?parent=94655"}],"wp:term":[{"taxonomy":"category","embeddable":true,"href":"https:\/\/www.infokuryr.cz\/n\/wp-json\/wp\/v2\/categories?post=94655"},{"taxonomy":"post_tag","embeddable":true,"href":"https:\/\/www.infokuryr.cz\/n\/wp-json\/wp\/v2\/tags?post=94655"}],"curies":[{"name":"wp","href":"https:\/\/api.w.org\/{rel}","templated":true}]}}