{"id":94642,"date":"2025-12-15T00:23:57","date_gmt":"2025-12-14T23:23:57","guid":{"rendered":"https:\/\/www.infokuryr.cz\/n\/?p=94642"},"modified":"2025-12-14T15:15:27","modified_gmt":"2025-12-14T14:15:27","slug":"s-omezenymi-zdroji-se-obyvatele-gazy-snazi-chranit-pred-zimnimi-bouremi","status":"publish","type":"post","link":"https:\/\/www.infokuryr.cz\/n\/2025\/12\/15\/s-omezenymi-zdroji-se-obyvatele-gazy-snazi-chranit-pred-zimnimi-bouremi\/","title":{"rendered":"S omezen\u00fdmi zdroji se obyvatel\u00e9 Gazy sna\u017e\u00ed chr\u00e1nit p\u0159ed zimn\u00edmi bou\u0159emi"},"content":{"rendered":"<div id=\"fb-root\"><\/div>\n<p><strong><span dir=\"auto\">Pro 1,5 milionu Palestinc\u016f \u017eij\u00edc\u00edch uprost\u0159ed zimy pod plastov\u00fdmi plachtami p\u0159edstavuje bou\u0159e Byron mnohem v\u00edc ne\u017e jen nep\u0159\u00edzniv\u00e9 po\u010das\u00ed.<\/span><\/strong><\/p>\n<p><span dir=\"auto\">V rozlehl\u00fdch t\u00e1borech pro vys\u00eddlen\u00e9 osoby v Gaze se \u0159ady provizorn\u00edch stan\u016f t\u00e1hnou p\u0159es trosky, pr\u00e1zdn\u00e9 pozemky a zbytky srovnan\u00fdch \u010dtvrt\u00ed. S p\u0159\u00edchodem tropick\u00e9 bou\u0159e Byron do enkl\u00e1vy zachv\u00e1til teror obyvatelstvo ji\u017e tak vy\u010derpan\u00e9 dv\u011bma lety genocidn\u00ed v\u00e1lky veden\u00e9 Izraelem, kter\u00e1 se vyzna\u010dovala ne\u00faprosn\u00fdm bombardov\u00e1n\u00edm, hladomorem a chaosem.<\/span><\/p>\n<p><span dir=\"auto\">Pro 1,5 milionu Palestinc\u016f \u017eij\u00edc\u00edch pod plastov\u00fdmi f\u00f3liemi a roztrhan\u00fdmi plachtami p\u0159edstavuje bou\u0159e mnohem v\u00edc ne\u017e jen \u0161patn\u00e9 po\u010das\u00ed. Je to dal\u0161\u00ed nebezpe\u010d\u00ed, kter\u00e9 zhor\u0161uje st\u00e1vaj\u00edc\u00ed p\u0159ek\u00e1\u017eky jejich p\u0159e\u017eit\u00ed.<\/span><\/p>\n<p><span dir=\"auto\">Meteorologov\u00e9 ji\u017e n\u011bkolik dn\u00ed varuj\u00ed, \u017ee dnes, z\u00edtra a o v\u00edkendu by p\u00e1smo Gazy mohly zas\u00e1hnout siln\u00e9 de\u0161t\u011b a v\u00edtr, kter\u00e9 by mohly zp\u016fsobit bleskov\u00e9 povodn\u011b a zna\u010dn\u00e9 \u0161kody. P\u00e1smo Gazy nen\u00ed p\u0159ipraveno \u010delit bou\u0159i s odpov\u00eddaj\u00edc\u00ed infrastrukturou, odvod\u0148ovac\u00edmi syst\u00e9my a funk\u010dn\u00edmi kryty.<\/span><\/p>\n<div class=\"video-wrap thumb-wrap\"><iframe loading=\"lazy\" title=\"T\u00e1bory v Gaze se p\u0159ipravuj\u00ed na z\u00e1plavy, Izrael blokuje dod\u00e1vky kl\u00ed\u010dov\u00fdch p\u0159\u00edst\u0159e\u0161k\u016f | #ajshorts\" src=\"https:\/\/www.youtube.com\/embed\/HeHmzaazs-E\" width=\"678\" height=\"600\" frameborder=\"0\" allowfullscreen=\"allowfullscreen\" data-mce-fragment=\"1\"><\/iframe><\/div>\n<p><span dir=\"auto\">Gaza \u010del\u00ed bou\u0159i se stany spojen\u00fdmi pohromad\u011b kovov\u00fdm \u0161rotem, silnicemi, kter\u00e9 se p\u0159es noc prom\u011bn\u00ed v \u0159eky bahna, a rodinami, kter\u00e9 nemaj\u00ed nic.<\/span><\/p>\n<h3 class=\"wp-block-heading\"><strong><span dir=\"auto\">Solidarita, jedin\u00e9 \u0159e\u0161en\u00ed pro p\u0159e\u017eit\u00ed<\/span><\/strong><\/h3>\n<p><span dir=\"auto\">V t\u00e1borech v Gaze vl\u00e1dne b\u00edda, nejistota a bezmoc. V\u011bt\u0161ina stan\u016f je vyrobena z plachet z humanit\u00e1rn\u00ed pomoci, kus\u016f plastu vyloven\u00fdch z trosek a dek p\u0159iv\u00e1zan\u00fdch k recyklovan\u00fdm d\u0159ev\u011bn\u00fdm ty\u010d\u00edm. Mnoh\u00e9 se uprost\u0159ed proh\u00fdbaj\u00ed; jin\u00e9 jsou tak nestabiln\u00ed, \u017ee se p\u0159i sebemen\u0161\u00edm v\u00e1nku t\u0159esou a prudce se t\u0159esou.<\/span><\/p>\n<p><span dir=\"auto\">\u201e\u00a0<\/span><em><span dir=\"auto\">Kdy\u017e fouk\u00e1 v\u00edtr, dr\u017e\u00edme ty\u010de, abychom zabr\u00e1nili z\u0159\u00edcen\u00ed stanu<\/span><\/em><span dir=\"auto\">\u00a0,\u201c vysv\u011btluje Hani Ziara, otec, kter\u00fd se p\u0159ed n\u011bkolika m\u011bs\u00edci uch\u00fdlil do z\u00e1padn\u00ed \u010d\u00e1sti m\u011bsta Gaza pot\u00e9, co byl jeho d\u016fm zni\u010den.<\/span><\/p>\n<div class=\"wp-block-image\" style=\"text-align: center;\">\n<figure class=\"aligncenter size-full is-resized\"><img decoding=\"async\" loading=\"lazy\" class=\"wp-image-499857 aligncenter\" src=\"https:\/\/i0.wp.com\/reseauinternational.net\/wp-content\/uploads\/2025\/12\/image-142.png?resize=400%2C307&amp;ssl=1\" sizes=\"auto, (max-width: 400px) 100vw, 400px\" srcset=\"https:\/\/i0.wp.com\/reseauinternational.net\/wp-content\/uploads\/2025\/12\/image-142.png?w=400&amp;ssl=1 400w, https:\/\/i0.wp.com\/reseauinternational.net\/wp-content\/uploads\/2025\/12\/image-142.png?resize=300%2C230&amp;ssl=1 300w\" alt=\"\" width=\"506\" height=\"388\" data-recalc-dims=\"1\" \/><em><span dir=\"auto\">Hani Zaira, palestinsk\u00fd otec, kter\u00fd se uch\u00fdlil do <\/span><\/em><em><span dir=\"auto\">zni\u010den\u00e9 budovy v Gaze \u2013 Foto: Hani Mahmoud \/ Al Jazeera.<\/span><\/em><\/figure>\n<\/div>\n<p><span dir=\"auto\">Jeho stan byl v\u010dera v noci zaplaven siln\u00fdmi de\u0161ti a jeho d\u011bti musely z\u016fstat venku v chladu. Hani \u00fazkostliv\u011b p\u0159em\u00fd\u0161l\u00ed, co v\u00edc m\u016f\u017ee ud\u011blat pro to, aby sv\u00e9 d\u011bti ochr\u00e1nil p\u0159ed de\u0161t\u011bm a siln\u00fdm v\u011btrem.<\/span><\/p>\n<p><span dir=\"auto\">V mnoha t\u00e1borech je zem\u011b ji\u017e podm\u00e1\u010den\u00e1 od p\u0159edchoz\u00edch de\u0161\u0165\u016f. Mokr\u00fd p\u00edsek a bl\u00e1to se lep\u00ed na boty, p\u0159ikr\u00fdvky a hrnce, kdy\u017e se lid\u00e9 pohybuj\u00ed.<\/span><\/p>\n<p><span dir=\"auto\">P\u0159\u00edkopy vykopan\u00e9 dobrovoln\u00edky pro odveden\u00ed vody se \u010dasto zhrout\u00ed b\u011bhem n\u011bkolika hodin.<\/span><\/p>\n<p><span dir=\"auto\">Proto\u017ee nemaj\u00ed kam jinam j\u00edt, p\u0159ipravuj\u00ed se rodiny \u017eij\u00edc\u00ed v n\u00ed\u017ee polo\u017een\u00fdch oblastech na to nejhor\u0161\u00ed, tedy na okam\u017eik, kdy se jim povod\u0148ov\u00e1 voda val\u00ed p\u0159\u00edmo do stan\u016f.<\/span><\/p>\n<p><span dir=\"auto\">Z\u00e1soby potravin, pitn\u00e9 vody a zaji\u0161t\u011bn\u00ed p\u0159\u00edst\u0159e\u0161\u00ed jsou obvykle z\u00e1kladn\u00edmi opat\u0159en\u00edmi, kter\u00e1 je t\u0159eba v p\u0159\u00edpad\u011b bou\u0159e podniknout, ale v Gaze je to pova\u017eov\u00e1no za luxus.<\/span><\/p>\n<p><span dir=\"auto\">V\u011bt\u0161ina rodin dost\u00e1v\u00e1 skromn\u00e9 \u200b\u200bmno\u017estv\u00ed vody a \u010dasto j\u00ed nemaj\u00ed dost na va\u0159en\u00ed nebo myt\u00ed na n\u011bkolik dn\u00ed. Z\u00e1soby potravin jsou stejn\u011b omezen\u00e9 a a\u010dkoli sporadick\u00e1 humanit\u00e1rn\u00ed pomoc poskytuje n\u011bkter\u00e9 z\u00e1kladn\u00ed pot\u0159eby, jako je r\u00fd\u017ee nebo konzervovan\u00e9 fazole, distribuovan\u00e9 mno\u017estv\u00ed z\u0159\u00eddka vydr\u017e\u00ed d\u00e9le ne\u017e n\u011bkolik dn\u00ed.<\/span><\/p>\n<div class=\"wp-block-image\">\n<figure class=\"aligncenter size-full is-resized\"><a class=\"single-popup\" href=\"https:\/\/i0.wp.com\/reseauinternational.net\/wp-content\/uploads\/2025\/12\/image-143.png?ssl=1\"><img decoding=\"async\" loading=\"lazy\" class=\"wp-image-499858 aligncenter\" src=\"https:\/\/i0.wp.com\/reseauinternational.net\/wp-content\/uploads\/2025\/12\/image-143.png?resize=400%2C266&amp;ssl=1\" sizes=\"auto, (max-width: 400px) 100vw, 400px\" srcset=\"https:\/\/i0.wp.com\/reseauinternational.net\/wp-content\/uploads\/2025\/12\/image-143.png?w=400&amp;ssl=1 400w, https:\/\/i0.wp.com\/reseauinternational.net\/wp-content\/uploads\/2025\/12\/image-143.png?resize=300%2C200&amp;ssl=1 300w\" alt=\"\" width=\"683\" height=\"454\" data-recalc-dims=\"1\" \/><\/a><\/figure>\n<\/div>\n<p class=\"has-text-align-center\" style=\"text-align: center;\"><em><span dir=\"auto\">Mervit, vys\u00eddlen\u00e1 se sv\u00fdmi p\u011bti d\u011btmi pobl\u00ed\u017e p\u0159\u00edstavu v Gaze \u2013 <\/span><\/em><em><span dir=\"auto\">Foto: Hani Mahmoud \/ Al Jazeera<\/span><\/em><\/p>\n<p><span dir=\"auto\">Je prost\u011b nemo\u017en\u00e9 se na bou\u0159i p\u0159ipravit va\u0159en\u00edm p\u0159edem, shroma\u017e\u010fov\u00e1n\u00edm trvanliv\u00fdch potravin nebo vytv\u00e1\u0159en\u00edm z\u00e1sob paliva.<\/span><\/p>\n<p><span dir=\"auto\">\u201e\u00a0<\/span><em><span dir=\"auto\">V noci jsme nemohli sp\u00e1t. Stan n\u00e1m zaplavila de\u0161\u0165ov\u00e1 voda. V\u0161echno, co jsme m\u011bli, voda smetla. Chceme se p\u0159ipravit, ale jak?<\/span><\/em><span dir=\"auto\">\u00a0\u201c pt\u00e1 se Mervit, matka p\u011bti vys\u00eddlen\u00fdch d\u011bt\u00ed z bl\u00edzkosti p\u0159\u00edstavu v Gaze.<\/span><\/p>\n<p><span dir=\"auto\">Dodala: \u201e\u00a0<\/span><em><span dir=\"auto\">Sotva m\u00e1me dost j\u00eddla na dne\u0161n\u00ed ve\u010der. Nem\u016f\u017eeme \u0161et\u0159it na tom, co nem\u00e1me<\/span><\/em><span dir=\"auto\">\u00a0.\u201c<\/span><\/p>\n<p><span dir=\"auto\">Bez solidarity a vz\u00e1jemn\u00e9 pomoci by nikdo nemohl doufat v p\u0159e\u017eit\u00ed v naprost\u00e9 chudob\u011b Gazy. Soused\u00e9 p\u0159ich\u00e1zej\u00ed s \u010d\u00edmkoli, co maj\u00ed, aby pomohli s obnovou stan\u016f. Mlad\u00ed mu\u017ei se prohrabuj\u00ed v trosk\u00e1ch a hledaj\u00ed \u00falomky kovu a d\u0159eva, kter\u00e9 by mohly slou\u017eit jako vratk\u00e9 ty\u010de.<\/span><\/p>\n<p><span dir=\"auto\">\u017deny organizuj\u00ed spole\u010dnou kuchy\u0148, aby mohly co nejv\u00edce rozd\u00e1vat tepl\u00e1 j\u00eddla rodin\u00e1m v nouzi, zejm\u00e9na t\u011bm s mal\u00fdmi d\u011btmi nebo star\u0161\u00edmi lidmi v jejich p\u00e9\u010di.<\/span><\/p>\n<p><span dir=\"auto\">Tyto neform\u00e1ln\u00ed s\u00edt\u011b zintenziv\u0148uj\u00ed svou aktivitu s bl\u00ed\u017e\u00edc\u00ed se bou\u0159\u00ed. Dobrovoln\u00edci chod\u00ed od stanu ke stanu a pom\u00e1haj\u00ed rodin\u00e1m stav\u011bt m\u00edsta na span\u00ed, ut\u011bs\u0148ovat d\u00edry v placht\u00e1ch plastov\u00fdmi plachtami a kopat odvod\u0148ovac\u00ed kan\u00e1ly.<\/span><\/p>\n<p><span dir=\"auto\">Skupiny se sna\u017e\u00ed p\u0159esunout lidi z nebezpe\u010dn\u00fdch a extr\u00e9mn\u011b exponovan\u00fdch oblast\u00ed na jin\u00e1 m\u00edsta a sd\u00edlej\u00ed informace o bezpe\u010dn\u011bj\u0161\u00edch m\u00edstech.<\/span><\/p>\n<h3 class=\"wp-block-heading\"><strong><span dir=\"auto\">&#8222;Jsme vy\u010derpan\u00ed.&#8220;<\/span><\/strong><\/h3>\n<p><span dir=\"auto\">Krom\u011b fyzick\u00e9ho nebezpe\u010d\u00ed je hlubok\u00fd i psychologick\u00fd dopad. Po m\u011bs\u00edc\u00edch nucen\u00e9ho vys\u00eddlov\u00e1n\u00ed, ztr\u00e1t a str\u00e1d\u00e1n\u00ed se zd\u00e1 b\u00fdt nov\u00e1 krize \u2013 tentokr\u00e1t ne v\u00e1lka, ale s\u00edly p\u0159\u00edrody \u2013 nep\u0159ekonateln\u00e1.<\/span><\/p>\n<div class=\"wp-block-image\" style=\"text-align: center;\">\n<figure class=\"aligncenter size-full is-resized\"><img decoding=\"async\" loading=\"lazy\" class=\"wp-image-499859 aligncenter\" src=\"https:\/\/i0.wp.com\/reseauinternational.net\/wp-content\/uploads\/2025\/12\/image-144.png?resize=400%2C276&amp;ssl=1\" sizes=\"auto, (max-width: 400px) 100vw, 400px\" srcset=\"https:\/\/i0.wp.com\/reseauinternational.net\/wp-content\/uploads\/2025\/12\/image-144.png?w=400&amp;ssl=1 400w, https:\/\/i0.wp.com\/reseauinternational.net\/wp-content\/uploads\/2025\/12\/image-144.png?resize=300%2C207&amp;ssl=1 300w, https:\/\/i0.wp.com\/reseauinternational.net\/wp-content\/uploads\/2025\/12\/image-144.png?resize=90%2C63&amp;ssl=1 90w\" alt=\"\" width=\"703\" height=\"485\" data-recalc-dims=\"1\" \/><em><span dir=\"auto\">Wissam Naser, vys\u00eddlen\u00fd Palestinec, kter\u00fd se uch\u00fdlil do stanu <\/span><\/em><em><span dir=\"auto\">v Gaze \u2013 Foto: Hani Mahmoud \/ Al Jazeera<\/span><\/em><\/figure>\n<\/div>\n<p><span dir=\"auto\">\u201e\u00a0<\/span><em><span dir=\"auto\">Na\u0161e stany byly zni\u010den\u00e9. Jsme vy\u010derpan\u00ed<\/span><\/em><span dir=\"auto\">\u00a0,\u201c \u0159ekl Wissam Naser. \u201e\u00a0<\/span><em><span dir=\"auto\">Nem\u00e1me \u017e\u00e1dn\u00e9 s\u00edly. Ka\u017ed\u00fd den p\u0159in\u00e1\u0161\u00ed nov\u00e9 \u00fazkosti: hlad, zimu, nemoci a te\u010f i bou\u0159i<\/span><\/em><span dir=\"auto\">\u00a0.\u201c<\/span><\/p>\n<p><span dir=\"auto\">Mnoho obyvatel se c\u00edt\u00ed uv\u011bzn\u011bni mezi nebem a zem\u00ed, napadeni z obou stran a neschopni ochr\u00e1nit sv\u00e9 rodiny.<\/span><\/p>\n<p><span dir=\"auto\">Zat\u00edmco se na pob\u0159e\u017e\u00ed Gazy stahuj\u00ed mraky, rodiny se p\u0159ipravuj\u00ed na p\u0159e\u017eit\u00ed bou\u0159e. N\u011bkter\u00e9 si pokl\u00e1daj\u00ed kameny a pytle s p\u00edskem, aby si chr\u00e1nily stany p\u0159ed v\u011btrem.<\/span><\/p>\n<p><span dir=\"auto\">Jin\u00ed shroma\u017e\u010fuj\u00ed d\u011btsk\u00e9 deky v nejsu\u0161\u0161\u00edm rohu a doufaj\u00ed, \u017ee stan vydr\u017e\u00ed.<\/span><\/p>\n<p><span dir=\"auto\">V\u011bt\u0161ina lid\u00ed prost\u011b nev\u00ed, co d\u011blat. Jsou odsouzeni k \u010dek\u00e1n\u00ed.<\/span><\/p>\n<p><span dir=\"auto\">Bou\u0159e nebude jen dal\u0161\u00ed noc\u00ed utrpen\u00ed pro vys\u00eddlen\u00e9 obyvatele Gazy. Znovu jim p\u0159ipomene, \u017ee jejich \u017eivoty vis\u00ed na vl\u00e1sku a \u017ee jejich p\u0159e\u017eit\u00ed z\u00e1vis\u00ed m\u00e9n\u011b na jejich \u00farovni p\u0159ipravenosti ne\u017e na jejich vytrvalosti.<\/span><\/p>\n<p><span dir=\"auto\">\u010cekaj\u00ed, proto\u017ee nemohou d\u011blat nic jin\u00e9ho. P\u0159ipravuj\u00ed se s t\u00edm m\u00e1lem, co maj\u00ed. Modl\u00ed se, aby tentokr\u00e1t v\u00edtr byl laskav\u00fd.<\/span><\/p>\n<p><em><span dir=\"auto\">od\u00a0<\/span><strong><span dir=\"auto\">Hani Mahmouda<\/span><\/strong><\/em><\/p>\n<p><span dir=\"auto\">Zdroj:\u00a0<\/span><a title=\"\" href=\"https:\/\/www.chroniquepalestine.com\/avec-faibles-moyens-gazaouis-tentent-se-proteger-tempetes-hivernales\" target=\"_blank\" rel=\"noopener\"><span dir=\"auto\">Palestine Chronicle<\/span><\/a><\/p>\n<p>&nbsp;<\/p>\n","protected":false},"excerpt":{"rendered":"<p>Pro 1,5 milionu Palestinc\u016f \u017eij\u00edc\u00edch uprost\u0159ed zimy pod plastov\u00fdmi plachtami p\u0159edstavuje bou\u0159e Byron mnohem v\u00edc&#8230;<\/p>\n","protected":false},"author":2,"featured_media":94643,"comment_status":"closed","ping_status":"closed","sticky":false,"template":"","format":"standard","meta":[],"categories":[7],"tags":[348,178,313,438],"_links":{"self":[{"href":"https:\/\/www.infokuryr.cz\/n\/wp-json\/wp\/v2\/posts\/94642"}],"collection":[{"href":"https:\/\/www.infokuryr.cz\/n\/wp-json\/wp\/v2\/posts"}],"about":[{"href":"https:\/\/www.infokuryr.cz\/n\/wp-json\/wp\/v2\/types\/post"}],"author":[{"embeddable":true,"href":"https:\/\/www.infokuryr.cz\/n\/wp-json\/wp\/v2\/users\/2"}],"replies":[{"embeddable":true,"href":"https:\/\/www.infokuryr.cz\/n\/wp-json\/wp\/v2\/comments?post=94642"}],"version-history":[{"count":1,"href":"https:\/\/www.infokuryr.cz\/n\/wp-json\/wp\/v2\/posts\/94642\/revisions"}],"predecessor-version":[{"id":94644,"href":"https:\/\/www.infokuryr.cz\/n\/wp-json\/wp\/v2\/posts\/94642\/revisions\/94644"}],"wp:featuredmedia":[{"embeddable":true,"href":"https:\/\/www.infokuryr.cz\/n\/wp-json\/wp\/v2\/media\/94643"}],"wp:attachment":[{"href":"https:\/\/www.infokuryr.cz\/n\/wp-json\/wp\/v2\/media?parent=94642"}],"wp:term":[{"taxonomy":"category","embeddable":true,"href":"https:\/\/www.infokuryr.cz\/n\/wp-json\/wp\/v2\/categories?post=94642"},{"taxonomy":"post_tag","embeddable":true,"href":"https:\/\/www.infokuryr.cz\/n\/wp-json\/wp\/v2\/tags?post=94642"}],"curies":[{"name":"wp","href":"https:\/\/api.w.org\/{rel}","templated":true}]}}